{"id":726,"date":"2013-01-25T00:00:00","date_gmt":"2013-01-25T03:00:00","guid":{"rendered":"https:\/\/consolar.org\/2013\/01\/25\/vento-de-deus\/"},"modified":"2026-02-26T11:38:41","modified_gmt":"2026-02-26T14:38:41","slug":"vento-de-deus","status":"publish","type":"post","link":"https:\/\/consolar.org\/?p=726","title":{"rendered":"Vento de Deus"},"content":{"rendered":"\n<figure class=\"wp-block-image size-large\"><img loading=\"lazy\" decoding=\"async\" width=\"1024\" height=\"438\" src=\"https:\/\/consolar.org\/wp-content\/uploads\/2013\/01\/nascerdosol-1024x438.jpg\" alt=\"\" class=\"wp-image-1061\" srcset=\"https:\/\/consolar.org\/wp-content\/uploads\/2013\/01\/nascerdosol-1024x438.jpg 1024w, https:\/\/consolar.org\/wp-content\/uploads\/2013\/01\/nascerdosol-300x128.jpg 300w, https:\/\/consolar.org\/wp-content\/uploads\/2013\/01\/nascerdosol-768x328.jpg 768w, https:\/\/consolar.org\/wp-content\/uploads\/2013\/01\/nascerdosol.jpg 1200w\" sizes=\"auto, (max-width: 1024px) 100vw, 1024px\" \/><\/figure>\n\n\n\n<p class=\"has-text-align-center\">&#8220;As oportunidades s\u00e3o como o nascer do sol: se voc\u00ea esperar demais, vai perd\u00ea-las&#8221;. <\/p>\n\n\n\n<p class=\"has-text-align-center\">&#8220;O pessimista queixa-se do vento, o otimista espera que mude, o realista ajusta as velas&#8221;. <\/p>\n\n\n\n<p>As Frases acima s\u00e3o do escritor americano Willian Arthur Ward. Nos dias de final de ano e inicio de um novo tempo recebemos muitas mensagens. Destaco uma de muitas que recebi, e a todas sou grato e apaixonado, do Pastor Marcos Renam, Pastor da Igreja Batista Jardim Inha\u00fama no Rio de Janeiro com outro texto importante do mesmo autor. &#8220;PARA VENCER NA VIDA&#8221;: &#8220;Creia enquanto os outros est\u00e3o duvidando. Planeje enquanto os outros est\u00e3o brincando. Decida enquanto os outros est\u00e3o demorando. Prepare-se enquanto os outros est\u00e3o sonhando acordados. Comece enquanto os outros est\u00e3o procrastinando. Trabalhe enquanto os outros est\u00e3o desejando. Economize enquanto os outros est\u00e3o desperdi\u00e7ando. Ou\u00e7a enquanto os outros est\u00e3o falando. Sorria enquanto os outros franzindo a testa. Persista enquanto os outros est\u00e3o desistindo&#8221;. <\/p>\n\n\n\n<p>Creia em Jesus Cristo como seu suficiente Senhor e Salvador. Planeje seus dias, sabendo que eles a Deus pertencem. Decida a quem servir. Enquanto, a mim e a Josu\u00e9: <em>&#8220;Eu e a minha casa serviremos ao Senhor&#8221;<\/em>. Prepare-se, pois n\u00e3o adianta tentar construir um muro, sem condi\u00e7\u00f5es de termin\u00e1-lo. Para termin\u00e1-lo \u00e9 preciso preparar-se. Comece, e quando terminares ver\u00e1s o quanto Deus te ajudou. Por isso comece logo. N\u00e3o te demores. Comece a amar, perdoar, criar, sorrir, levantar, edificar, construir, obedecer, chorar com os que choram, vestir os que est\u00e3o nus, alimentar o que est\u00e1 com fome, marchar, continuar, prosseguir,&#8230; <\/p>\n\n\n\n<p>Apenas comece. Trabalhe, pois n\u00e3o \u00e9 de l\u00e1 que vir\u00e1 o sustento ou o sucesso. Por\u00e9m, tenha certeza que Deus aben\u00e7oa seu esfor\u00e7o e te dar\u00e1 todo sustento. Economize dinheiro, mas n\u00e3o economize amor. Desperdice de uma vez numa lata de lixo suas vontades e desejos que n\u00e3o agradam ao Pai, e n\u00e3o desperdice a oportunidade de se levantar. Ou\u00e7a a todos que est\u00e3o perto e aqueles que, inclusive est\u00e3o longe. Bons ouvidos s\u00e3o os ouvidos do Senhor. Quem sabe ser\u00e1s um anjo que ir\u00e1 escutar o socorro de algu\u00e9m que n\u00e3o consegue for\u00e7as nem mais para suspirar. Sorria, pois o teu sorriso \u00e9 a face de Deus. N\u00e3o desista! <\/p>\n\n\n\n<p>Em 2013 n\u00f3s do Consolar pedimos ao Pai que voc\u00ea, meu irm\u00e3o, continue a andar, mesmo que em vales, desertos e lugares apertados, nossa ora\u00e7\u00e3o \u00e9 que persistas, que n\u00e3o pares. E, Conhe\u00e7a a Deus que te d\u00e1 oportunidades em cada nascer do sol para at\u00e9 conhecer o vento: <em>&#8220;De repente veio do c\u00e9u um som, como de um vento veemente e impetuoso, e encheu toda casa&#8221;<\/em> (Atos 2.2). Vento do Senhor que te traz paz, traz vida e a todos alegra. Conhe\u00e7a a Jesus!<\/p>\n","protected":false},"excerpt":{"rendered":"<p>&#8220;As oportunidades s\u00e3o como o nascer do sol: se voc\u00ea esperar demais, vai perd\u00ea-las&#8221;. &#8220;O pessimista queixa-se do vento, o otimista espera que mude, o realista ajusta as velas&#8221;. As Frases acima s\u00e3o do escritor americano Willian Arthur Ward. Nos dias de final de ano e inicio de um novo tempo recebemos muitas mensagens. Destaco <a class=\"more-link\" href=\"https:\/\/consolar.org\/?p=726\">&hellip; Continue lendo&hellip; &rarr;<\/a><\/p>\n","protected":false},"author":2,"featured_media":1061,"comment_status":"closed","ping_status":"closed","sticky":false,"template":"","format":"standard","meta":{"_ayudawp_aiss_exclude":false,"footnotes":"","_wpscppro_dont_share_socialmedia":false,"_wpscppro_custom_social_share_image":0,"_facebook_share_type":"","_twitter_share_type":"","_linkedin_share_type":"","_pinterest_share_type":"","_linkedin_share_type_page":"","_instagram_share_type":"","_medium_share_type":"","_threads_share_type":"","_google_business_share_type":"","_selected_social_profile":[],"_wpsp_enable_custom_social_template":false,"_wpsp_social_scheduling":{"enabled":false,"datetime":null,"platforms":[],"status":"template_only","dateOption":"today","timeOption":"now","customDays":"","customHours":"","customDate":"","customTime":"","schedulingType":"absolute"},"_wpsp_active_default_template":true},"categories":[1],"tags":[],"class_list":["post-726","post","type-post","status-publish","format-standard","has-post-thumbnail","hentry","category-uncategorized"],"yoast_head":"<!-- This site is optimized with the Yoast SEO Premium plugin v27.3 (Yoast SEO v27.5) - https:\/\/yoast.com\/product\/yoast-seo-premium-wordpress\/ -->\n<title>Vento de Deus - Consolar.org<\/title>\n<meta name=\"robots\" content=\"index, follow, max-snippet:-1, max-image-preview:large, max-video-preview:-1\" \/>\n<link rel=\"canonical\" href=\"https:\/\/consolar.org\/?p=726\" \/>\n<meta property=\"og:locale\" content=\"pt_BR\" \/>\n<meta property=\"og:type\" content=\"article\" \/>\n<meta property=\"og:title\" content=\"Vento de Deus\" \/>\n<meta property=\"og:description\" content=\"&#8220;As oportunidades s\u00e3o como o nascer do sol: se voc\u00ea esperar demais, vai perd\u00ea-las&#8221;. &#8220;O pessimista queixa-se do vento, o otimista espera que mude, o realista ajusta as velas&#8221;. As Frases acima s\u00e3o do escritor americano Willian Arthur Ward. Nos dias de final de ano e inicio de um novo tempo recebemos muitas mensagens. Destaco &hellip; Continue lendo&hellip; &rarr;\" \/>\n<meta property=\"og:url\" content=\"https:\/\/consolar.org\/?p=726\" \/>\n<meta property=\"og:site_name\" content=\"Consolar.org\" \/>\n<meta property=\"article:publisher\" content=\"https:\/\/www.facebook.com\/consolar\" \/>\n<meta property=\"article:published_time\" content=\"2013-01-25T03:00:00+00:00\" \/>\n<meta property=\"article:modified_time\" content=\"2026-02-26T14:38:41+00:00\" \/>\n<meta property=\"og:image\" content=\"https:\/\/consolar.org\/wp-content\/uploads\/2013\/01\/nascerdosol.jpg\" \/>\n\t<meta property=\"og:image:width\" content=\"1200\" \/>\n\t<meta property=\"og:image:height\" content=\"513\" \/>\n\t<meta property=\"og:image:type\" content=\"image\/jpeg\" \/>\n<meta name=\"author\" content=\"Pr Luiz Rubem de Freitas\" \/>\n<meta name=\"twitter:card\" content=\"summary_large_image\" \/>\n<meta name=\"twitter:label1\" content=\"Escrito por\" \/>\n\t<meta name=\"twitter:data1\" content=\"Pr Luiz Rubem de Freitas\" \/>\n\t<meta name=\"twitter:label2\" content=\"Est. tempo de leitura\" \/>\n\t<meta name=\"twitter:data2\" content=\"2 minutos\" \/>\n<script type=\"application\/ld+json\" class=\"yoast-schema-graph\">{\"@context\":\"https:\\\/\\\/schema.org\",\"@graph\":[{\"@type\":\"Article\",\"@id\":\"https:\\\/\\\/consolar.org\\\/?p=726#article\",\"isPartOf\":{\"@id\":\"https:\\\/\\\/consolar.org\\\/?p=726\"},\"author\":{\"name\":\"Pr Luiz Rubem de Freitas\",\"@id\":\"https:\\\/\\\/consolar.org\\\/#\\\/schema\\\/person\\\/7b36e38187f2475e58065af654682d5d\"},\"headline\":\"Vento de Deus\",\"datePublished\":\"2013-01-25T03:00:00+00:00\",\"dateModified\":\"2026-02-26T14:38:41+00:00\",\"mainEntityOfPage\":{\"@id\":\"https:\\\/\\\/consolar.org\\\/?p=726\"},\"wordCount\":491,\"publisher\":{\"@id\":\"https:\\\/\\\/consolar.org\\\/#organization\"},\"image\":{\"@id\":\"https:\\\/\\\/consolar.org\\\/?p=726#primaryimage\"},\"thumbnailUrl\":\"https:\\\/\\\/consolar.org\\\/wp-content\\\/uploads\\\/2013\\\/01\\\/nascerdosol.jpg\",\"articleSection\":[\"Uncategorized\"],\"inLanguage\":\"pt-BR\"},{\"@type\":\"WebPage\",\"@id\":\"https:\\\/\\\/consolar.org\\\/?p=726\",\"url\":\"https:\\\/\\\/consolar.org\\\/?p=726\",\"name\":\"Vento de Deus - Consolar.org\",\"isPartOf\":{\"@id\":\"https:\\\/\\\/consolar.org\\\/#website\"},\"primaryImageOfPage\":{\"@id\":\"https:\\\/\\\/consolar.org\\\/?p=726#primaryimage\"},\"image\":{\"@id\":\"https:\\\/\\\/consolar.org\\\/?p=726#primaryimage\"},\"thumbnailUrl\":\"https:\\\/\\\/consolar.org\\\/wp-content\\\/uploads\\\/2013\\\/01\\\/nascerdosol.jpg\",\"datePublished\":\"2013-01-25T03:00:00+00:00\",\"dateModified\":\"2026-02-26T14:38:41+00:00\",\"breadcrumb\":{\"@id\":\"https:\\\/\\\/consolar.org\\\/?p=726#breadcrumb\"},\"inLanguage\":\"pt-BR\",\"potentialAction\":[{\"@type\":\"ReadAction\",\"target\":[\"https:\\\/\\\/consolar.org\\\/?p=726\"]}]},{\"@type\":\"ImageObject\",\"inLanguage\":\"pt-BR\",\"@id\":\"https:\\\/\\\/consolar.org\\\/?p=726#primaryimage\",\"url\":\"https:\\\/\\\/consolar.org\\\/wp-content\\\/uploads\\\/2013\\\/01\\\/nascerdosol.jpg\",\"contentUrl\":\"https:\\\/\\\/consolar.org\\\/wp-content\\\/uploads\\\/2013\\\/01\\\/nascerdosol.jpg\",\"width\":1200,\"height\":513},{\"@type\":\"BreadcrumbList\",\"@id\":\"https:\\\/\\\/consolar.org\\\/?p=726#breadcrumb\",\"itemListElement\":[{\"@type\":\"ListItem\",\"position\":1,\"name\":\"In\u00edcio\",\"item\":\"https:\\\/\\\/consolar.org\\\/\"},{\"@type\":\"ListItem\",\"position\":2,\"name\":\"Vento de Deus\"}]},{\"@type\":\"WebSite\",\"@id\":\"https:\\\/\\\/consolar.org\\\/#website\",\"url\":\"https:\\\/\\\/consolar.org\\\/\",\"name\":\"Consolar.org\",\"description\":\"Mensagens de conforto e esperan\u00e7a para cora\u00e7\u00f5es que precisam de paz.\",\"publisher\":{\"@id\":\"https:\\\/\\\/consolar.org\\\/#organization\"},\"potentialAction\":[{\"@type\":\"SearchAction\",\"target\":{\"@type\":\"EntryPoint\",\"urlTemplate\":\"https:\\\/\\\/consolar.org\\\/?s={search_term_string}\"},\"query-input\":{\"@type\":\"PropertyValueSpecification\",\"valueRequired\":true,\"valueName\":\"search_term_string\"}}],\"inLanguage\":\"pt-BR\"},{\"@type\":\"Organization\",\"@id\":\"https:\\\/\\\/consolar.org\\\/#organization\",\"name\":\"Consolar.org\",\"url\":\"https:\\\/\\\/consolar.org\\\/\",\"logo\":{\"@type\":\"ImageObject\",\"inLanguage\":\"pt-BR\",\"@id\":\"https:\\\/\\\/consolar.org\\\/#\\\/schema\\\/logo\\\/image\\\/\",\"url\":\"https:\\\/\\\/consolar.org\\\/wp-content\\\/uploads\\\/2026\\\/02\\\/cropped-logonovo03-small.png\",\"contentUrl\":\"https:\\\/\\\/consolar.org\\\/wp-content\\\/uploads\\\/2026\\\/02\\\/cropped-logonovo03-small.png\",\"width\":280,\"height\":142,\"caption\":\"Consolar.org\"},\"image\":{\"@id\":\"https:\\\/\\\/consolar.org\\\/#\\\/schema\\\/logo\\\/image\\\/\"},\"sameAs\":[\"https:\\\/\\\/www.facebook.com\\\/consolar\"]},{\"@type\":\"Person\",\"@id\":\"https:\\\/\\\/consolar.org\\\/#\\\/schema\\\/person\\\/7b36e38187f2475e58065af654682d5d\",\"name\":\"Pr Luiz Rubem de Freitas\",\"image\":{\"@type\":\"ImageObject\",\"inLanguage\":\"pt-BR\",\"@id\":\"https:\\\/\\\/secure.gravatar.com\\\/avatar\\\/fd59dc00fc4178aa1e085bf491d394e3f72afcd9b1944348dfcec2bbecdc5761?s=96&d=blank&r=g\",\"url\":\"https:\\\/\\\/secure.gravatar.com\\\/avatar\\\/fd59dc00fc4178aa1e085bf491d394e3f72afcd9b1944348dfcec2bbecdc5761?s=96&d=blank&r=g\",\"contentUrl\":\"https:\\\/\\\/secure.gravatar.com\\\/avatar\\\/fd59dc00fc4178aa1e085bf491d394e3f72afcd9b1944348dfcec2bbecdc5761?s=96&d=blank&r=g\",\"caption\":\"Pr Luiz Rubem de Freitas\"},\"url\":\"https:\\\/\\\/consolar.org\\\/?author=2\"}]}<\/script>\n<!-- \/ Yoast SEO Premium plugin. -->","yoast_head_json":{"title":"Vento de Deus - Consolar.org","robots":{"index":"index","follow":"follow","max-snippet":"max-snippet:-1","max-image-preview":"max-image-preview:large","max-video-preview":"max-video-preview:-1"},"canonical":"https:\/\/consolar.org\/?p=726","og_locale":"pt_BR","og_type":"article","og_title":"Vento de Deus","og_description":"&#8220;As oportunidades s\u00e3o como o nascer do sol: se voc\u00ea esperar demais, vai perd\u00ea-las&#8221;. &#8220;O pessimista queixa-se do vento, o otimista espera que mude, o realista ajusta as velas&#8221;. As Frases acima s\u00e3o do escritor americano Willian Arthur Ward. Nos dias de final de ano e inicio de um novo tempo recebemos muitas mensagens. Destaco &hellip; Continue lendo&hellip; &rarr;","og_url":"https:\/\/consolar.org\/?p=726","og_site_name":"Consolar.org","article_publisher":"https:\/\/www.facebook.com\/consolar","article_published_time":"2013-01-25T03:00:00+00:00","article_modified_time":"2026-02-26T14:38:41+00:00","og_image":[{"width":1200,"height":513,"url":"https:\/\/consolar.org\/wp-content\/uploads\/2013\/01\/nascerdosol.jpg","type":"image\/jpeg"}],"author":"Pr Luiz Rubem de Freitas","twitter_card":"summary_large_image","twitter_misc":{"Escrito por":"Pr Luiz Rubem de Freitas","Est. tempo de leitura":"2 minutos"},"schema":{"@context":"https:\/\/schema.org","@graph":[{"@type":"Article","@id":"https:\/\/consolar.org\/?p=726#article","isPartOf":{"@id":"https:\/\/consolar.org\/?p=726"},"author":{"name":"Pr Luiz Rubem de Freitas","@id":"https:\/\/consolar.org\/#\/schema\/person\/7b36e38187f2475e58065af654682d5d"},"headline":"Vento de Deus","datePublished":"2013-01-25T03:00:00+00:00","dateModified":"2026-02-26T14:38:41+00:00","mainEntityOfPage":{"@id":"https:\/\/consolar.org\/?p=726"},"wordCount":491,"publisher":{"@id":"https:\/\/consolar.org\/#organization"},"image":{"@id":"https:\/\/consolar.org\/?p=726#primaryimage"},"thumbnailUrl":"https:\/\/consolar.org\/wp-content\/uploads\/2013\/01\/nascerdosol.jpg","articleSection":["Uncategorized"],"inLanguage":"pt-BR"},{"@type":"WebPage","@id":"https:\/\/consolar.org\/?p=726","url":"https:\/\/consolar.org\/?p=726","name":"Vento de Deus - Consolar.org","isPartOf":{"@id":"https:\/\/consolar.org\/#website"},"primaryImageOfPage":{"@id":"https:\/\/consolar.org\/?p=726#primaryimage"},"image":{"@id":"https:\/\/consolar.org\/?p=726#primaryimage"},"thumbnailUrl":"https:\/\/consolar.org\/wp-content\/uploads\/2013\/01\/nascerdosol.jpg","datePublished":"2013-01-25T03:00:00+00:00","dateModified":"2026-02-26T14:38:41+00:00","breadcrumb":{"@id":"https:\/\/consolar.org\/?p=726#breadcrumb"},"inLanguage":"pt-BR","potentialAction":[{"@type":"ReadAction","target":["https:\/\/consolar.org\/?p=726"]}]},{"@type":"ImageObject","inLanguage":"pt-BR","@id":"https:\/\/consolar.org\/?p=726#primaryimage","url":"https:\/\/consolar.org\/wp-content\/uploads\/2013\/01\/nascerdosol.jpg","contentUrl":"https:\/\/consolar.org\/wp-content\/uploads\/2013\/01\/nascerdosol.jpg","width":1200,"height":513},{"@type":"BreadcrumbList","@id":"https:\/\/consolar.org\/?p=726#breadcrumb","itemListElement":[{"@type":"ListItem","position":1,"name":"In\u00edcio","item":"https:\/\/consolar.org\/"},{"@type":"ListItem","position":2,"name":"Vento de Deus"}]},{"@type":"WebSite","@id":"https:\/\/consolar.org\/#website","url":"https:\/\/consolar.org\/","name":"Consolar.org","description":"Mensagens de conforto e esperan\u00e7a para cora\u00e7\u00f5es que precisam de paz.","publisher":{"@id":"https:\/\/consolar.org\/#organization"},"potentialAction":[{"@type":"SearchAction","target":{"@type":"EntryPoint","urlTemplate":"https:\/\/consolar.org\/?s={search_term_string}"},"query-input":{"@type":"PropertyValueSpecification","valueRequired":true,"valueName":"search_term_string"}}],"inLanguage":"pt-BR"},{"@type":"Organization","@id":"https:\/\/consolar.org\/#organization","name":"Consolar.org","url":"https:\/\/consolar.org\/","logo":{"@type":"ImageObject","inLanguage":"pt-BR","@id":"https:\/\/consolar.org\/#\/schema\/logo\/image\/","url":"https:\/\/consolar.org\/wp-content\/uploads\/2026\/02\/cropped-logonovo03-small.png","contentUrl":"https:\/\/consolar.org\/wp-content\/uploads\/2026\/02\/cropped-logonovo03-small.png","width":280,"height":142,"caption":"Consolar.org"},"image":{"@id":"https:\/\/consolar.org\/#\/schema\/logo\/image\/"},"sameAs":["https:\/\/www.facebook.com\/consolar"]},{"@type":"Person","@id":"https:\/\/consolar.org\/#\/schema\/person\/7b36e38187f2475e58065af654682d5d","name":"Pr Luiz Rubem de Freitas","image":{"@type":"ImageObject","inLanguage":"pt-BR","@id":"https:\/\/secure.gravatar.com\/avatar\/fd59dc00fc4178aa1e085bf491d394e3f72afcd9b1944348dfcec2bbecdc5761?s=96&d=blank&r=g","url":"https:\/\/secure.gravatar.com\/avatar\/fd59dc00fc4178aa1e085bf491d394e3f72afcd9b1944348dfcec2bbecdc5761?s=96&d=blank&r=g","contentUrl":"https:\/\/secure.gravatar.com\/avatar\/fd59dc00fc4178aa1e085bf491d394e3f72afcd9b1944348dfcec2bbecdc5761?s=96&d=blank&r=g","caption":"Pr Luiz Rubem de Freitas"},"url":"https:\/\/consolar.org\/?author=2"}]}},"_links":{"self":[{"href":"https:\/\/consolar.org\/index.php?rest_route=\/wp\/v2\/posts\/726","targetHints":{"allow":["GET"]}}],"collection":[{"href":"https:\/\/consolar.org\/index.php?rest_route=\/wp\/v2\/posts"}],"about":[{"href":"https:\/\/consolar.org\/index.php?rest_route=\/wp\/v2\/types\/post"}],"author":[{"embeddable":true,"href":"https:\/\/consolar.org\/index.php?rest_route=\/wp\/v2\/users\/2"}],"replies":[{"embeddable":true,"href":"https:\/\/consolar.org\/index.php?rest_route=%2Fwp%2Fv2%2Fcomments&post=726"}],"version-history":[{"count":0,"href":"https:\/\/consolar.org\/index.php?rest_route=\/wp\/v2\/posts\/726\/revisions"}],"wp:featuredmedia":[{"embeddable":true,"href":"https:\/\/consolar.org\/index.php?rest_route=\/wp\/v2\/media\/1061"}],"wp:attachment":[{"href":"https:\/\/consolar.org\/index.php?rest_route=%2Fwp%2Fv2%2Fmedia&parent=726"}],"wp:term":[{"taxonomy":"category","embeddable":true,"href":"https:\/\/consolar.org\/index.php?rest_route=%2Fwp%2Fv2%2Fcategories&post=726"},{"taxonomy":"post_tag","embeddable":true,"href":"https:\/\/consolar.org\/index.php?rest_route=%2Fwp%2Fv2%2Ftags&post=726"}],"curies":[{"name":"wp","href":"https:\/\/api.w.org\/{rel}","templated":true}]}}