{"id":722,"date":"2012-03-02T00:00:00","date_gmt":"2012-03-02T03:00:00","guid":{"rendered":"https:\/\/consolar.org\/2012\/03\/02\/vada-festas-vada-rocha-mais-alta\/"},"modified":"2026-02-27T17:58:00","modified_gmt":"2026-02-27T20:58:00","slug":"vada-festas-vada-rocha-mais-alta","status":"publish","type":"post","link":"https:\/\/consolar.org\/?p=722","title":{"rendered":"Vada Festas! Vada Rocha Mais Alta!"},"content":{"rendered":"\n<figure class=\"wp-block-image size-large\"><img loading=\"lazy\" decoding=\"async\" width=\"1024\" height=\"457\" src=\"https:\/\/consolar.org\/wp-content\/uploads\/2012\/03\/vadarochamaisalta-1024x457.jpg\" alt=\"\" class=\"wp-image-1108\" srcset=\"https:\/\/consolar.org\/wp-content\/uploads\/2012\/03\/vadarochamaisalta-1024x457.jpg 1024w, https:\/\/consolar.org\/wp-content\/uploads\/2012\/03\/vadarochamaisalta-300x134.jpg 300w, https:\/\/consolar.org\/wp-content\/uploads\/2012\/03\/vadarochamaisalta-768x343.jpg 768w, https:\/\/consolar.org\/wp-content\/uploads\/2012\/03\/vadarochamaisalta.jpg 1200w\" sizes=\"auto, (max-width: 1024px) 100vw, 1024px\" \/><\/figure>\n\n\n\n<p class=\"has-text-align-center\"><em>&#8220;Tr\u00eas dias depois, houve um casamento em Cana da Galil\u00e9ia, achando-se ali a m\u00e3e de Jesus. <br>Jesus tamb\u00e9m foi convidado, com os seus disc\u00edpulos, para o casamento. <br>Tendo acabado o vinho, a m\u00e3e de Jesus lhe disse: Eles n\u00e3o tem mais vinho. <br>Mas, Jesus lhe disse: Mulher, que tenho eu contigo? Ainda n\u00e3o \u00e9 chegada a minha hora. <br>Ent\u00e3o, ela falou aos serventes: fazei tudo o que eles vos disser. <br>Estavam ali seis talhas de pedra, que os judeus usavam para purifica\u00e7\u00f5es. <br>Jesus lhes disse: Enchei de \u00e1guas as talhas. E eles as encheram totalmente. <br>Ent\u00e3o, lhes determinou: Tirai agora e levai ao mestre-sala. Eles o fizeram. <br>Tendo o mestre-sala provado a \u00e1gua transformada em vinho (n\u00e3o sabendo donde viera, <br>se bem que o sabiam is serventes que haviam tirado a \u00e1gua), chamou o noivo <br>e lhe disse: Todos costumam p\u00f4r primeiro o bom vinho e, quando j\u00e1 beberam fartamente, <br>servem o inferior; tu, por\u00e9m, guardaste o bom vinho at\u00e9 agora. Com este milagre, <br>deu Jesus princ\u00edpio a seus sinais em Cana da Galil\u00e9ia; manifestou a sua gl\u00f3ria, <br>e os seus disc\u00edpulos creram nele.&#8221; (Jo\u00e3o 2.1-11). <\/em><\/p>\n\n\n\n<p>O erro fatal do capit\u00e3o do navio Costa Concordia foi sair da rota prevista e segura. A colis\u00e3o com as rochas era assim previs\u00edvel. Quando sa\u00edmos do caminho tra\u00e7ado por Deus podemos ter certeza que ao batermos em rochas destruidoras no caminho n\u00e3o teremos um casco forte para nos proteger. Se existe o risco, o perigo eminente de afundarmos, porque mesmo assim sa\u00edmos do caminho de prote\u00e7\u00e3o e de seguran\u00e7a, de conforto e de amor, de paz e harmonia, de alegria e de sabedoria que nos leva o Senhor Jesus? Acredito que um dos motivos \u00e9 a vontade, o desejo incontrol\u00e1vel de curtir as alegrias desta &#8220;terra&#8221;. N\u00e3o foi por acaso que eles chegaram perto da terra, da ilha de Giglio. <\/p>\n\n\n\n<p>O Senhor Jesus era extremamente alegre. Ele fez quest\u00e3o de come\u00e7ar seu minist\u00e9rio numa festa de arromba, um casamento cuja festa durava uma semana. Os disc\u00edpulos de Jesus poderiam ter estranhado, pois acredito que eles e muitos de n\u00f3s esper\u00e1vamos do Mestre um come\u00e7o menos festivo e mais meditativo. Talvez esperassem a ida para o isolado deserto, a condu\u00e7\u00e3o aos mais altos montes, o esconderijo do sil\u00eancio ou a quatro paredes de um belo templo. Nada disso acontece. Jesus surpreende a todos indo para uma festa. Ir a festas da &#8220;terra&#8221; n\u00e3o deveria ser para mim e para ti motivo de condena\u00e7\u00e3o ou desgra\u00e7a. Ali\u00e1s, convido voc\u00ea que passa por momentos dif\u00edceis a festejar indo a lugares alegres. VADA FESTAS! Por\u00e9m enquanto l\u00e1 estiver, mantenha-se no caminho, firme-se na rota melhor que \u00e9 Cristo. <\/p>\n\n\n\n<p>Deus sonda os nossos cora\u00e7\u00f5es. Os seus e meus motivos s\u00e3o vistos pela lupa amorosa e justa do cora\u00e7\u00e3o do Pai. Deus deseja primeiro seu cora\u00e7\u00e3o no caminho, suas atitudes s\u00e3o consequ\u00eancia de terdes o sorriso de Deus, o cora\u00e7\u00e3o confortado e esperan\u00e7oso, a alma curada e a mente de Cristo, e Jesus n\u00e3o saiu do caminho planejado por Deus. Se fizeres assim: &#8211; Beber\u00e1s o vinho novo. O melhor de Deus preparado para o final da festa da sua vida; &#8211; Ver\u00e1s Jesus alegre; alegre contigo; &#8211; Dan\u00e7ar\u00e1s a dan\u00e7a irresist\u00edvel do amor de Deus; &#8211; Viver\u00e1s realizando o desejo mais profundo do ser humano, o desejo de conhecer a Deus como Ele \u00e9; &#8211; Assistir\u00e1s milagres em sua vida. Milagres de Jesus. <\/p>\n\n\n\n<p>Que grande privil\u00e9gio ser\u00e1 ver Jesus nos livrando de toda e qualquer rocha no caminho. N\u00e3o haver\u00e1 colis\u00e3o em pedras, pedregulhos ou rochas que nos afundar\u00e1 mesmo a mais dolorosa dor, a perda maior, o sofrimento mais insond\u00e1vel, o mais profundo abismo, o mais desgra\u00e7ado dos v\u00edcios, pois H\u00c1 UMA ROCHA MAIOR QUE EU E VOC\u00ca. JESUS \u00c9 A ROCHA! \u00c9 L\u00c1 QUE ESTAREMOS SE ESTIVERMOS NO CAMINHO. Se estiverdes rasgados pela dor da perda suba na Rocha l\u00e1 encontrar\u00e1s Jesus que te abra\u00e7ar\u00e1 em doce e maravilhosa festa. VADA ROCHA MAIS ALTA!<\/p>\n","protected":false},"excerpt":{"rendered":"<p>&#8220;Tr\u00eas dias depois, houve um casamento em Cana da Galil\u00e9ia, achando-se ali a m\u00e3e de Jesus. Jesus tamb\u00e9m foi convidado, com os seus disc\u00edpulos, para o casamento. Tendo acabado o vinho, a m\u00e3e de Jesus lhe disse: Eles n\u00e3o tem mais vinho. Mas, Jesus lhe disse: Mulher, que tenho eu contigo? Ainda n\u00e3o \u00e9 chegada <a class=\"more-link\" href=\"https:\/\/consolar.org\/?p=722\">&hellip; Continue lendo&hellip; &rarr;<\/a><\/p>\n","protected":false},"author":2,"featured_media":1108,"comment_status":"closed","ping_status":"closed","sticky":false,"template":"","format":"standard","meta":{"_ayudawp_aiss_exclude":false,"footnotes":"","_wpscppro_dont_share_socialmedia":false,"_wpscppro_custom_social_share_image":0,"_facebook_share_type":"","_twitter_share_type":"","_linkedin_share_type":"","_pinterest_share_type":"","_linkedin_share_type_page":"","_instagram_share_type":"","_medium_share_type":"","_threads_share_type":"","_google_business_share_type":"","_selected_social_profile":[],"_wpsp_enable_custom_social_template":false,"_wpsp_social_scheduling":{"enabled":false,"datetime":null,"platforms":[],"status":"template_only","dateOption":"today","timeOption":"now","customDays":"","customHours":"","customDate":"","customTime":"","schedulingType":"absolute"},"_wpsp_active_default_template":true},"categories":[1],"tags":[],"class_list":["post-722","post","type-post","status-publish","format-standard","has-post-thumbnail","hentry","category-uncategorized"],"yoast_head":"<!-- This site is optimized with the Yoast SEO Premium plugin v27.3 (Yoast SEO v27.5) - https:\/\/yoast.com\/product\/yoast-seo-premium-wordpress\/ -->\n<title>Vada Festas! Vada Rocha Mais Alta! - Consolar.org<\/title>\n<meta name=\"robots\" content=\"index, follow, max-snippet:-1, max-image-preview:large, max-video-preview:-1\" \/>\n<link rel=\"canonical\" href=\"https:\/\/consolar.org\/?p=722\" \/>\n<meta property=\"og:locale\" content=\"pt_BR\" \/>\n<meta property=\"og:type\" content=\"article\" \/>\n<meta property=\"og:title\" content=\"Vada Festas! Vada Rocha Mais Alta!\" \/>\n<meta property=\"og:description\" content=\"&#8220;Tr\u00eas dias depois, houve um casamento em Cana da Galil\u00e9ia, achando-se ali a m\u00e3e de Jesus. Jesus tamb\u00e9m foi convidado, com os seus disc\u00edpulos, para o casamento. Tendo acabado o vinho, a m\u00e3e de Jesus lhe disse: Eles n\u00e3o tem mais vinho. Mas, Jesus lhe disse: Mulher, que tenho eu contigo? Ainda n\u00e3o \u00e9 chegada &hellip; Continue lendo&hellip; &rarr;\" \/>\n<meta property=\"og:url\" content=\"https:\/\/consolar.org\/?p=722\" \/>\n<meta property=\"og:site_name\" content=\"Consolar.org\" \/>\n<meta property=\"article:publisher\" content=\"https:\/\/www.facebook.com\/consolar\" \/>\n<meta property=\"article:published_time\" content=\"2012-03-02T03:00:00+00:00\" \/>\n<meta property=\"article:modified_time\" content=\"2026-02-27T20:58:00+00:00\" \/>\n<meta property=\"og:image\" content=\"https:\/\/consolar.org\/wp-content\/uploads\/2012\/03\/vadarochamaisalta.jpg\" \/>\n\t<meta property=\"og:image:width\" content=\"1200\" \/>\n\t<meta property=\"og:image:height\" content=\"536\" \/>\n\t<meta property=\"og:image:type\" content=\"image\/jpeg\" \/>\n<meta name=\"author\" content=\"Pr Luiz Rubem de Freitas\" \/>\n<meta name=\"twitter:card\" content=\"summary_large_image\" \/>\n<meta name=\"twitter:label1\" content=\"Escrito por\" \/>\n\t<meta name=\"twitter:data1\" content=\"Pr Luiz Rubem de Freitas\" \/>\n\t<meta name=\"twitter:label2\" content=\"Est. tempo de leitura\" \/>\n\t<meta name=\"twitter:data2\" content=\"4 minutos\" \/>\n<script type=\"application\/ld+json\" class=\"yoast-schema-graph\">{\"@context\":\"https:\\\/\\\/schema.org\",\"@graph\":[{\"@type\":\"Article\",\"@id\":\"https:\\\/\\\/consolar.org\\\/?p=722#article\",\"isPartOf\":{\"@id\":\"https:\\\/\\\/consolar.org\\\/?p=722\"},\"author\":{\"name\":\"Pr Luiz Rubem de Freitas\",\"@id\":\"https:\\\/\\\/consolar.org\\\/#\\\/schema\\\/person\\\/7b36e38187f2475e58065af654682d5d\"},\"headline\":\"Vada Festas! Vada Rocha Mais Alta!\",\"datePublished\":\"2012-03-02T03:00:00+00:00\",\"dateModified\":\"2026-02-27T20:58:00+00:00\",\"mainEntityOfPage\":{\"@id\":\"https:\\\/\\\/consolar.org\\\/?p=722\"},\"wordCount\":728,\"publisher\":{\"@id\":\"https:\\\/\\\/consolar.org\\\/#organization\"},\"image\":{\"@id\":\"https:\\\/\\\/consolar.org\\\/?p=722#primaryimage\"},\"thumbnailUrl\":\"https:\\\/\\\/consolar.org\\\/wp-content\\\/uploads\\\/2012\\\/03\\\/vadarochamaisalta.jpg\",\"articleSection\":[\"Uncategorized\"],\"inLanguage\":\"pt-BR\"},{\"@type\":\"WebPage\",\"@id\":\"https:\\\/\\\/consolar.org\\\/?p=722\",\"url\":\"https:\\\/\\\/consolar.org\\\/?p=722\",\"name\":\"Vada Festas! Vada Rocha Mais Alta! - Consolar.org\",\"isPartOf\":{\"@id\":\"https:\\\/\\\/consolar.org\\\/#website\"},\"primaryImageOfPage\":{\"@id\":\"https:\\\/\\\/consolar.org\\\/?p=722#primaryimage\"},\"image\":{\"@id\":\"https:\\\/\\\/consolar.org\\\/?p=722#primaryimage\"},\"thumbnailUrl\":\"https:\\\/\\\/consolar.org\\\/wp-content\\\/uploads\\\/2012\\\/03\\\/vadarochamaisalta.jpg\",\"datePublished\":\"2012-03-02T03:00:00+00:00\",\"dateModified\":\"2026-02-27T20:58:00+00:00\",\"breadcrumb\":{\"@id\":\"https:\\\/\\\/consolar.org\\\/?p=722#breadcrumb\"},\"inLanguage\":\"pt-BR\",\"potentialAction\":[{\"@type\":\"ReadAction\",\"target\":[\"https:\\\/\\\/consolar.org\\\/?p=722\"]}]},{\"@type\":\"ImageObject\",\"inLanguage\":\"pt-BR\",\"@id\":\"https:\\\/\\\/consolar.org\\\/?p=722#primaryimage\",\"url\":\"https:\\\/\\\/consolar.org\\\/wp-content\\\/uploads\\\/2012\\\/03\\\/vadarochamaisalta.jpg\",\"contentUrl\":\"https:\\\/\\\/consolar.org\\\/wp-content\\\/uploads\\\/2012\\\/03\\\/vadarochamaisalta.jpg\",\"width\":1200,\"height\":536},{\"@type\":\"BreadcrumbList\",\"@id\":\"https:\\\/\\\/consolar.org\\\/?p=722#breadcrumb\",\"itemListElement\":[{\"@type\":\"ListItem\",\"position\":1,\"name\":\"In\u00edcio\",\"item\":\"https:\\\/\\\/consolar.org\\\/\"},{\"@type\":\"ListItem\",\"position\":2,\"name\":\"Vada Festas! Vada Rocha Mais Alta!\"}]},{\"@type\":\"WebSite\",\"@id\":\"https:\\\/\\\/consolar.org\\\/#website\",\"url\":\"https:\\\/\\\/consolar.org\\\/\",\"name\":\"Consolar.org\",\"description\":\"Mensagens de conforto e esperan\u00e7a para cora\u00e7\u00f5es que precisam de paz.\",\"publisher\":{\"@id\":\"https:\\\/\\\/consolar.org\\\/#organization\"},\"potentialAction\":[{\"@type\":\"SearchAction\",\"target\":{\"@type\":\"EntryPoint\",\"urlTemplate\":\"https:\\\/\\\/consolar.org\\\/?s={search_term_string}\"},\"query-input\":{\"@type\":\"PropertyValueSpecification\",\"valueRequired\":true,\"valueName\":\"search_term_string\"}}],\"inLanguage\":\"pt-BR\"},{\"@type\":\"Organization\",\"@id\":\"https:\\\/\\\/consolar.org\\\/#organization\",\"name\":\"Consolar.org\",\"url\":\"https:\\\/\\\/consolar.org\\\/\",\"logo\":{\"@type\":\"ImageObject\",\"inLanguage\":\"pt-BR\",\"@id\":\"https:\\\/\\\/consolar.org\\\/#\\\/schema\\\/logo\\\/image\\\/\",\"url\":\"https:\\\/\\\/consolar.org\\\/wp-content\\\/uploads\\\/2026\\\/02\\\/cropped-logonovo03-small.png\",\"contentUrl\":\"https:\\\/\\\/consolar.org\\\/wp-content\\\/uploads\\\/2026\\\/02\\\/cropped-logonovo03-small.png\",\"width\":280,\"height\":142,\"caption\":\"Consolar.org\"},\"image\":{\"@id\":\"https:\\\/\\\/consolar.org\\\/#\\\/schema\\\/logo\\\/image\\\/\"},\"sameAs\":[\"https:\\\/\\\/www.facebook.com\\\/consolar\"]},{\"@type\":\"Person\",\"@id\":\"https:\\\/\\\/consolar.org\\\/#\\\/schema\\\/person\\\/7b36e38187f2475e58065af654682d5d\",\"name\":\"Pr Luiz Rubem de Freitas\",\"image\":{\"@type\":\"ImageObject\",\"inLanguage\":\"pt-BR\",\"@id\":\"https:\\\/\\\/secure.gravatar.com\\\/avatar\\\/fd59dc00fc4178aa1e085bf491d394e3f72afcd9b1944348dfcec2bbecdc5761?s=96&d=blank&r=g\",\"url\":\"https:\\\/\\\/secure.gravatar.com\\\/avatar\\\/fd59dc00fc4178aa1e085bf491d394e3f72afcd9b1944348dfcec2bbecdc5761?s=96&d=blank&r=g\",\"contentUrl\":\"https:\\\/\\\/secure.gravatar.com\\\/avatar\\\/fd59dc00fc4178aa1e085bf491d394e3f72afcd9b1944348dfcec2bbecdc5761?s=96&d=blank&r=g\",\"caption\":\"Pr Luiz Rubem de Freitas\"},\"url\":\"https:\\\/\\\/consolar.org\\\/?author=2\"}]}<\/script>\n<!-- \/ Yoast SEO Premium plugin. -->","yoast_head_json":{"title":"Vada Festas! Vada Rocha Mais Alta! - Consolar.org","robots":{"index":"index","follow":"follow","max-snippet":"max-snippet:-1","max-image-preview":"max-image-preview:large","max-video-preview":"max-video-preview:-1"},"canonical":"https:\/\/consolar.org\/?p=722","og_locale":"pt_BR","og_type":"article","og_title":"Vada Festas! Vada Rocha Mais Alta!","og_description":"&#8220;Tr\u00eas dias depois, houve um casamento em Cana da Galil\u00e9ia, achando-se ali a m\u00e3e de Jesus. Jesus tamb\u00e9m foi convidado, com os seus disc\u00edpulos, para o casamento. Tendo acabado o vinho, a m\u00e3e de Jesus lhe disse: Eles n\u00e3o tem mais vinho. Mas, Jesus lhe disse: Mulher, que tenho eu contigo? Ainda n\u00e3o \u00e9 chegada &hellip; Continue lendo&hellip; &rarr;","og_url":"https:\/\/consolar.org\/?p=722","og_site_name":"Consolar.org","article_publisher":"https:\/\/www.facebook.com\/consolar","article_published_time":"2012-03-02T03:00:00+00:00","article_modified_time":"2026-02-27T20:58:00+00:00","og_image":[{"width":1200,"height":536,"url":"https:\/\/consolar.org\/wp-content\/uploads\/2012\/03\/vadarochamaisalta.jpg","type":"image\/jpeg"}],"author":"Pr Luiz Rubem de Freitas","twitter_card":"summary_large_image","twitter_misc":{"Escrito por":"Pr Luiz Rubem de Freitas","Est. tempo de leitura":"4 minutos"},"schema":{"@context":"https:\/\/schema.org","@graph":[{"@type":"Article","@id":"https:\/\/consolar.org\/?p=722#article","isPartOf":{"@id":"https:\/\/consolar.org\/?p=722"},"author":{"name":"Pr Luiz Rubem de Freitas","@id":"https:\/\/consolar.org\/#\/schema\/person\/7b36e38187f2475e58065af654682d5d"},"headline":"Vada Festas! Vada Rocha Mais Alta!","datePublished":"2012-03-02T03:00:00+00:00","dateModified":"2026-02-27T20:58:00+00:00","mainEntityOfPage":{"@id":"https:\/\/consolar.org\/?p=722"},"wordCount":728,"publisher":{"@id":"https:\/\/consolar.org\/#organization"},"image":{"@id":"https:\/\/consolar.org\/?p=722#primaryimage"},"thumbnailUrl":"https:\/\/consolar.org\/wp-content\/uploads\/2012\/03\/vadarochamaisalta.jpg","articleSection":["Uncategorized"],"inLanguage":"pt-BR"},{"@type":"WebPage","@id":"https:\/\/consolar.org\/?p=722","url":"https:\/\/consolar.org\/?p=722","name":"Vada Festas! Vada Rocha Mais Alta! - Consolar.org","isPartOf":{"@id":"https:\/\/consolar.org\/#website"},"primaryImageOfPage":{"@id":"https:\/\/consolar.org\/?p=722#primaryimage"},"image":{"@id":"https:\/\/consolar.org\/?p=722#primaryimage"},"thumbnailUrl":"https:\/\/consolar.org\/wp-content\/uploads\/2012\/03\/vadarochamaisalta.jpg","datePublished":"2012-03-02T03:00:00+00:00","dateModified":"2026-02-27T20:58:00+00:00","breadcrumb":{"@id":"https:\/\/consolar.org\/?p=722#breadcrumb"},"inLanguage":"pt-BR","potentialAction":[{"@type":"ReadAction","target":["https:\/\/consolar.org\/?p=722"]}]},{"@type":"ImageObject","inLanguage":"pt-BR","@id":"https:\/\/consolar.org\/?p=722#primaryimage","url":"https:\/\/consolar.org\/wp-content\/uploads\/2012\/03\/vadarochamaisalta.jpg","contentUrl":"https:\/\/consolar.org\/wp-content\/uploads\/2012\/03\/vadarochamaisalta.jpg","width":1200,"height":536},{"@type":"BreadcrumbList","@id":"https:\/\/consolar.org\/?p=722#breadcrumb","itemListElement":[{"@type":"ListItem","position":1,"name":"In\u00edcio","item":"https:\/\/consolar.org\/"},{"@type":"ListItem","position":2,"name":"Vada Festas! Vada Rocha Mais Alta!"}]},{"@type":"WebSite","@id":"https:\/\/consolar.org\/#website","url":"https:\/\/consolar.org\/","name":"Consolar.org","description":"Mensagens de conforto e esperan\u00e7a para cora\u00e7\u00f5es que precisam de paz.","publisher":{"@id":"https:\/\/consolar.org\/#organization"},"potentialAction":[{"@type":"SearchAction","target":{"@type":"EntryPoint","urlTemplate":"https:\/\/consolar.org\/?s={search_term_string}"},"query-input":{"@type":"PropertyValueSpecification","valueRequired":true,"valueName":"search_term_string"}}],"inLanguage":"pt-BR"},{"@type":"Organization","@id":"https:\/\/consolar.org\/#organization","name":"Consolar.org","url":"https:\/\/consolar.org\/","logo":{"@type":"ImageObject","inLanguage":"pt-BR","@id":"https:\/\/consolar.org\/#\/schema\/logo\/image\/","url":"https:\/\/consolar.org\/wp-content\/uploads\/2026\/02\/cropped-logonovo03-small.png","contentUrl":"https:\/\/consolar.org\/wp-content\/uploads\/2026\/02\/cropped-logonovo03-small.png","width":280,"height":142,"caption":"Consolar.org"},"image":{"@id":"https:\/\/consolar.org\/#\/schema\/logo\/image\/"},"sameAs":["https:\/\/www.facebook.com\/consolar"]},{"@type":"Person","@id":"https:\/\/consolar.org\/#\/schema\/person\/7b36e38187f2475e58065af654682d5d","name":"Pr Luiz Rubem de Freitas","image":{"@type":"ImageObject","inLanguage":"pt-BR","@id":"https:\/\/secure.gravatar.com\/avatar\/fd59dc00fc4178aa1e085bf491d394e3f72afcd9b1944348dfcec2bbecdc5761?s=96&d=blank&r=g","url":"https:\/\/secure.gravatar.com\/avatar\/fd59dc00fc4178aa1e085bf491d394e3f72afcd9b1944348dfcec2bbecdc5761?s=96&d=blank&r=g","contentUrl":"https:\/\/secure.gravatar.com\/avatar\/fd59dc00fc4178aa1e085bf491d394e3f72afcd9b1944348dfcec2bbecdc5761?s=96&d=blank&r=g","caption":"Pr Luiz Rubem de Freitas"},"url":"https:\/\/consolar.org\/?author=2"}]}},"_links":{"self":[{"href":"https:\/\/consolar.org\/index.php?rest_route=\/wp\/v2\/posts\/722","targetHints":{"allow":["GET"]}}],"collection":[{"href":"https:\/\/consolar.org\/index.php?rest_route=\/wp\/v2\/posts"}],"about":[{"href":"https:\/\/consolar.org\/index.php?rest_route=\/wp\/v2\/types\/post"}],"author":[{"embeddable":true,"href":"https:\/\/consolar.org\/index.php?rest_route=\/wp\/v2\/users\/2"}],"replies":[{"embeddable":true,"href":"https:\/\/consolar.org\/index.php?rest_route=%2Fwp%2Fv2%2Fcomments&post=722"}],"version-history":[{"count":0,"href":"https:\/\/consolar.org\/index.php?rest_route=\/wp\/v2\/posts\/722\/revisions"}],"wp:featuredmedia":[{"embeddable":true,"href":"https:\/\/consolar.org\/index.php?rest_route=\/wp\/v2\/media\/1108"}],"wp:attachment":[{"href":"https:\/\/consolar.org\/index.php?rest_route=%2Fwp%2Fv2%2Fmedia&parent=722"}],"wp:term":[{"taxonomy":"category","embeddable":true,"href":"https:\/\/consolar.org\/index.php?rest_route=%2Fwp%2Fv2%2Fcategories&post=722"},{"taxonomy":"post_tag","embeddable":true,"href":"https:\/\/consolar.org\/index.php?rest_route=%2Fwp%2Fv2%2Ftags&post=722"}],"curies":[{"name":"wp","href":"https:\/\/api.w.org\/{rel}","templated":true}]}}