{"id":717,"date":"2012-08-29T00:00:00","date_gmt":"2012-08-29T03:00:00","guid":{"rendered":"https:\/\/consolar.org\/2012\/08\/29\/tufao-ou-furacao\/"},"modified":"2026-02-26T20:19:53","modified_gmt":"2026-02-26T23:19:53","slug":"tufao-ou-furacao","status":"publish","type":"post","link":"https:\/\/consolar.org\/?p=717","title":{"rendered":"Tuf\u00e3o ou Furac\u00e3o"},"content":{"rendered":"\n<figure class=\"wp-block-image size-large\"><img loading=\"lazy\" decoding=\"async\" width=\"1024\" height=\"366\" src=\"https:\/\/consolar.org\/wp-content\/uploads\/2012\/08\/tufaooufuracao-1024x366.jpg\" alt=\"\" class=\"wp-image-1096\" srcset=\"https:\/\/consolar.org\/wp-content\/uploads\/2012\/08\/tufaooufuracao-1024x366.jpg 1024w, https:\/\/consolar.org\/wp-content\/uploads\/2012\/08\/tufaooufuracao-300x107.jpg 300w, https:\/\/consolar.org\/wp-content\/uploads\/2012\/08\/tufaooufuracao-768x275.jpg 768w, https:\/\/consolar.org\/wp-content\/uploads\/2012\/08\/tufaooufuracao.jpg 1536w\" sizes=\"auto, (max-width: 1024px) 100vw, 1024px\" \/><\/figure>\n\n\n\n<p class=\"has-text-align-center\"><em>&#8220;Ainda que eu ande pelo Vale da Sombra da morte, <br>n\u00e3o temerei mal algum, pois Tu est\u00e1s comigo.&#8221; (Salmos 23.4). <\/em><\/p>\n\n\n\n<p>Ontem pela manh\u00e3 ouvindo no r\u00e1dio o coment\u00e1rio sobre o furac\u00e3o Isaac fiquei sabendo que tuf\u00e3o e furac\u00e3o s\u00e3o as mesmas coisas. Tuf\u00e3o \u00e9 o furac\u00e3o nas \u00e1guas e terras do Oceano Pac\u00edfico e furac\u00e3o \u00e9 furac\u00e3o mesmo somente no Atl\u00e2ntico, fen\u00f4meno mais visto em \u00e1guas do Caribe e sul dos Estados Unidos. A profissional do clima enfatizou: Furac\u00e3o e Tuf\u00e3o s\u00e3o a mesma coisa. N\u00e3o acredito! Como podem ser a mesma coisa se a trag\u00e9dia, o vento forte e destruidor, quando chega, acolhe pessoas diferentes influenciadas pela cultura, pelo DNA familiar, pelas emo\u00e7\u00f5es, pela alma e pelo esp\u00edrito? N\u00e3o posso crer que o mesmo vento que abate v\u00e1rias pessoas pode ser &#8220;a mesma coisa&#8221;. Li recentemente, que experi\u00eancia n\u00e3o \u00e9 o que acontece com a gente, mas o que fazemos com o que acontece com a gente. Tuf\u00e3o e Furac\u00e3o n\u00e3o s\u00e3o experi\u00eancias, mas o que fazemos com na tempestade \u00e9 o que se transforma em nossa experi\u00eancia. <\/p>\n\n\n\n<p>Um amigo tem c\u00e2ncer e leva a vida com \u00e2nimo. Ele pode morrer, mas se alegra no Deus da sua salva\u00e7\u00e3o. Outro amigo tem uma d\u00edvida que parece impag\u00e1vel, ele se desespera e deseja saltar da mais alta ponte. Por mais, que sejam tempestades assoladoras e uma parecer pior que a outra \u00e9 necess\u00e1rio termos o cuidado e o respeito de entender que pessoas passam por vend\u00e1veis como s\u00e3o e reagem aos mesmos de forma diferente. Assim, num furac\u00e3o, um homem que teve sua casa devastada perdendo um bem muito precioso, sua esposa, pode apesar das circunst\u00e2ncias, da saudade e da dor ser grato a Deus pelos anos maravilhosos com ela, pelos filhos que foram salvos, pela alegria da salva\u00e7\u00e3o de sua amada esposa, pois um dia estar\u00e1 com ela no Para\u00edso. Seu vizinho pode ter perdido a casinha do cachorro e se desesperar contra Deus, trazendo para o seu lar a angustia de um homem que n\u00e3o conhece o Senhor. <\/p>\n\n\n\n<p>Furac\u00e3o e Tuf\u00e3o podem at\u00e9 ser a mesma coisa, mas o que fazemos quando ele passa em nossas vidas \u00e9 o que conta e o que nos distingue. Uns se alegram logo pela manh\u00e3, outros se entregam ao choro corrente e devastador. Uns se alimentam da verdade e da esperan\u00e7a, outros se alimentam da sua pr\u00f3pria desgra\u00e7a. Uns se levantam e outros se enterram. Uns constroem outros destroem. Uns caminham para outro tuf\u00e3o despreparados com o alicerce da sua casa na areia, outros firmam sua casa nas poderosas m\u00e3os de Deus. <\/p>\n\n\n\n<p>N\u00e3o sei o tamanho de seu tuf\u00e3o ou de seu furac\u00e3o, mas sei que podes passar por ele fazendo dele um dia melhor. Podes at\u00e9 chamar este dia de dia perfeito, pois v\u00eas Deus contigo. O Vale da Sombra da Morte \u00e9 lugar para passar andando, n\u00e3o ficar parado, n\u00e3o temer, pois o Pastor est\u00e1 contigo. <\/p>\n\n\n\n<p>Tuf\u00e3o, furac\u00e3o, tempestade, vales da morte e qualquer outra perda passe devem ser passadas caminhando. N\u00e3o desista: caminhe. Eles ser\u00e3o chamados por nomes diferentes, mas ser\u00e3o sempre, todos eles, lugares, situa\u00e7\u00f5es ou circunst\u00e2ncias menores que nosso Deus. Ande pelo Vale, Deus est\u00e1 contigo! <\/p>\n\n\n\n<p>Ora\u00e7\u00e3o: Paizinho, eu estou no tuf\u00e3o, como dizem no &#8220;olho do furac\u00e3o&#8221;. Mas, renovei minhas for\u00e7as em Ti, Senhor, que est\u00e1s comigo. N\u00e3o denominarei mais por nome tristes os dias de minha desonra, de minha dificuldade, de minha aparente derrota. Todos eles ser\u00e3o chamados de &#8220;n\u00e3o temerei mal algum, pois tu est\u00e1s comigo&#8221;. Obrigado Deus!<\/p>\n","protected":false},"excerpt":{"rendered":"<p>&#8220;Ainda que eu ande pelo Vale da Sombra da morte, n\u00e3o temerei mal algum, pois Tu est\u00e1s comigo.&#8221; (Salmos 23.4). Ontem pela manh\u00e3 ouvindo no r\u00e1dio o coment\u00e1rio sobre o furac\u00e3o Isaac fiquei sabendo que tuf\u00e3o e furac\u00e3o s\u00e3o as mesmas coisas. Tuf\u00e3o \u00e9 o furac\u00e3o nas \u00e1guas e terras do Oceano Pac\u00edfico e furac\u00e3o <a class=\"more-link\" href=\"https:\/\/consolar.org\/?p=717\">&hellip; Continue lendo&hellip; &rarr;<\/a><\/p>\n","protected":false},"author":2,"featured_media":1096,"comment_status":"closed","ping_status":"closed","sticky":false,"template":"","format":"standard","meta":{"_ayudawp_aiss_exclude":false,"footnotes":"","_wpscppro_dont_share_socialmedia":false,"_wpscppro_custom_social_share_image":0,"_facebook_share_type":"","_twitter_share_type":"","_linkedin_share_type":"","_pinterest_share_type":"","_linkedin_share_type_page":"","_instagram_share_type":"","_medium_share_type":"","_threads_share_type":"","_google_business_share_type":"","_selected_social_profile":[],"_wpsp_enable_custom_social_template":false,"_wpsp_social_scheduling":{"enabled":false,"datetime":null,"platforms":[],"status":"template_only","dateOption":"today","timeOption":"now","customDays":"","customHours":"","customDate":"","customTime":"","schedulingType":"absolute"},"_wpsp_active_default_template":true},"categories":[1],"tags":[],"class_list":["post-717","post","type-post","status-publish","format-standard","has-post-thumbnail","hentry","category-uncategorized"],"yoast_head":"<!-- This site is optimized with the Yoast SEO Premium plugin v27.3 (Yoast SEO v27.5) - https:\/\/yoast.com\/product\/yoast-seo-premium-wordpress\/ -->\n<title>Tuf\u00e3o ou Furac\u00e3o - Consolar.org<\/title>\n<meta name=\"robots\" content=\"index, follow, max-snippet:-1, max-image-preview:large, max-video-preview:-1\" \/>\n<link rel=\"canonical\" href=\"https:\/\/consolar.org\/?p=717\" \/>\n<meta property=\"og:locale\" content=\"pt_BR\" \/>\n<meta property=\"og:type\" content=\"article\" \/>\n<meta property=\"og:title\" content=\"Tuf\u00e3o ou Furac\u00e3o\" \/>\n<meta property=\"og:description\" content=\"&#8220;Ainda que eu ande pelo Vale da Sombra da morte, n\u00e3o temerei mal algum, pois Tu est\u00e1s comigo.&#8221; (Salmos 23.4). Ontem pela manh\u00e3 ouvindo no r\u00e1dio o coment\u00e1rio sobre o furac\u00e3o Isaac fiquei sabendo que tuf\u00e3o e furac\u00e3o s\u00e3o as mesmas coisas. Tuf\u00e3o \u00e9 o furac\u00e3o nas \u00e1guas e terras do Oceano Pac\u00edfico e furac\u00e3o &hellip; Continue lendo&hellip; &rarr;\" \/>\n<meta property=\"og:url\" content=\"https:\/\/consolar.org\/?p=717\" \/>\n<meta property=\"og:site_name\" content=\"Consolar.org\" \/>\n<meta property=\"article:publisher\" content=\"https:\/\/www.facebook.com\/consolar\" \/>\n<meta property=\"article:published_time\" content=\"2012-08-29T03:00:00+00:00\" \/>\n<meta property=\"article:modified_time\" content=\"2026-02-26T23:19:53+00:00\" \/>\n<meta property=\"og:image\" content=\"https:\/\/consolar.org\/wp-content\/uploads\/2012\/08\/tufaooufuracao.jpg\" \/>\n\t<meta property=\"og:image:width\" content=\"1536\" \/>\n\t<meta property=\"og:image:height\" content=\"549\" \/>\n\t<meta property=\"og:image:type\" content=\"image\/jpeg\" \/>\n<meta name=\"author\" content=\"Pr Luiz Rubem de Freitas\" \/>\n<meta name=\"twitter:card\" content=\"summary_large_image\" \/>\n<meta name=\"twitter:label1\" content=\"Escrito por\" \/>\n\t<meta name=\"twitter:data1\" content=\"Pr Luiz Rubem de Freitas\" \/>\n\t<meta name=\"twitter:label2\" content=\"Est. tempo de leitura\" \/>\n\t<meta name=\"twitter:data2\" content=\"3 minutos\" \/>\n<script type=\"application\/ld+json\" class=\"yoast-schema-graph\">{\"@context\":\"https:\\\/\\\/schema.org\",\"@graph\":[{\"@type\":\"Article\",\"@id\":\"https:\\\/\\\/consolar.org\\\/?p=717#article\",\"isPartOf\":{\"@id\":\"https:\\\/\\\/consolar.org\\\/?p=717\"},\"author\":{\"name\":\"Pr Luiz Rubem de Freitas\",\"@id\":\"https:\\\/\\\/consolar.org\\\/#\\\/schema\\\/person\\\/7b36e38187f2475e58065af654682d5d\"},\"headline\":\"Tuf\u00e3o ou Furac\u00e3o\",\"datePublished\":\"2012-08-29T03:00:00+00:00\",\"dateModified\":\"2026-02-26T23:19:53+00:00\",\"mainEntityOfPage\":{\"@id\":\"https:\\\/\\\/consolar.org\\\/?p=717\"},\"wordCount\":655,\"publisher\":{\"@id\":\"https:\\\/\\\/consolar.org\\\/#organization\"},\"image\":{\"@id\":\"https:\\\/\\\/consolar.org\\\/?p=717#primaryimage\"},\"thumbnailUrl\":\"https:\\\/\\\/consolar.org\\\/wp-content\\\/uploads\\\/2012\\\/08\\\/tufaooufuracao.jpg\",\"articleSection\":[\"Uncategorized\"],\"inLanguage\":\"pt-BR\"},{\"@type\":\"WebPage\",\"@id\":\"https:\\\/\\\/consolar.org\\\/?p=717\",\"url\":\"https:\\\/\\\/consolar.org\\\/?p=717\",\"name\":\"Tuf\u00e3o ou Furac\u00e3o - Consolar.org\",\"isPartOf\":{\"@id\":\"https:\\\/\\\/consolar.org\\\/#website\"},\"primaryImageOfPage\":{\"@id\":\"https:\\\/\\\/consolar.org\\\/?p=717#primaryimage\"},\"image\":{\"@id\":\"https:\\\/\\\/consolar.org\\\/?p=717#primaryimage\"},\"thumbnailUrl\":\"https:\\\/\\\/consolar.org\\\/wp-content\\\/uploads\\\/2012\\\/08\\\/tufaooufuracao.jpg\",\"datePublished\":\"2012-08-29T03:00:00+00:00\",\"dateModified\":\"2026-02-26T23:19:53+00:00\",\"breadcrumb\":{\"@id\":\"https:\\\/\\\/consolar.org\\\/?p=717#breadcrumb\"},\"inLanguage\":\"pt-BR\",\"potentialAction\":[{\"@type\":\"ReadAction\",\"target\":[\"https:\\\/\\\/consolar.org\\\/?p=717\"]}]},{\"@type\":\"ImageObject\",\"inLanguage\":\"pt-BR\",\"@id\":\"https:\\\/\\\/consolar.org\\\/?p=717#primaryimage\",\"url\":\"https:\\\/\\\/consolar.org\\\/wp-content\\\/uploads\\\/2012\\\/08\\\/tufaooufuracao.jpg\",\"contentUrl\":\"https:\\\/\\\/consolar.org\\\/wp-content\\\/uploads\\\/2012\\\/08\\\/tufaooufuracao.jpg\",\"width\":1536,\"height\":549},{\"@type\":\"BreadcrumbList\",\"@id\":\"https:\\\/\\\/consolar.org\\\/?p=717#breadcrumb\",\"itemListElement\":[{\"@type\":\"ListItem\",\"position\":1,\"name\":\"In\u00edcio\",\"item\":\"https:\\\/\\\/consolar.org\\\/\"},{\"@type\":\"ListItem\",\"position\":2,\"name\":\"Tuf\u00e3o ou Furac\u00e3o\"}]},{\"@type\":\"WebSite\",\"@id\":\"https:\\\/\\\/consolar.org\\\/#website\",\"url\":\"https:\\\/\\\/consolar.org\\\/\",\"name\":\"Consolar.org\",\"description\":\"Mensagens de conforto e esperan\u00e7a para cora\u00e7\u00f5es que precisam de paz.\",\"publisher\":{\"@id\":\"https:\\\/\\\/consolar.org\\\/#organization\"},\"potentialAction\":[{\"@type\":\"SearchAction\",\"target\":{\"@type\":\"EntryPoint\",\"urlTemplate\":\"https:\\\/\\\/consolar.org\\\/?s={search_term_string}\"},\"query-input\":{\"@type\":\"PropertyValueSpecification\",\"valueRequired\":true,\"valueName\":\"search_term_string\"}}],\"inLanguage\":\"pt-BR\"},{\"@type\":\"Organization\",\"@id\":\"https:\\\/\\\/consolar.org\\\/#organization\",\"name\":\"Consolar.org\",\"url\":\"https:\\\/\\\/consolar.org\\\/\",\"logo\":{\"@type\":\"ImageObject\",\"inLanguage\":\"pt-BR\",\"@id\":\"https:\\\/\\\/consolar.org\\\/#\\\/schema\\\/logo\\\/image\\\/\",\"url\":\"https:\\\/\\\/consolar.org\\\/wp-content\\\/uploads\\\/2026\\\/02\\\/cropped-logonovo03-small.png\",\"contentUrl\":\"https:\\\/\\\/consolar.org\\\/wp-content\\\/uploads\\\/2026\\\/02\\\/cropped-logonovo03-small.png\",\"width\":280,\"height\":142,\"caption\":\"Consolar.org\"},\"image\":{\"@id\":\"https:\\\/\\\/consolar.org\\\/#\\\/schema\\\/logo\\\/image\\\/\"},\"sameAs\":[\"https:\\\/\\\/www.facebook.com\\\/consolar\"]},{\"@type\":\"Person\",\"@id\":\"https:\\\/\\\/consolar.org\\\/#\\\/schema\\\/person\\\/7b36e38187f2475e58065af654682d5d\",\"name\":\"Pr Luiz Rubem de Freitas\",\"image\":{\"@type\":\"ImageObject\",\"inLanguage\":\"pt-BR\",\"@id\":\"https:\\\/\\\/secure.gravatar.com\\\/avatar\\\/fd59dc00fc4178aa1e085bf491d394e3f72afcd9b1944348dfcec2bbecdc5761?s=96&d=blank&r=g\",\"url\":\"https:\\\/\\\/secure.gravatar.com\\\/avatar\\\/fd59dc00fc4178aa1e085bf491d394e3f72afcd9b1944348dfcec2bbecdc5761?s=96&d=blank&r=g\",\"contentUrl\":\"https:\\\/\\\/secure.gravatar.com\\\/avatar\\\/fd59dc00fc4178aa1e085bf491d394e3f72afcd9b1944348dfcec2bbecdc5761?s=96&d=blank&r=g\",\"caption\":\"Pr Luiz Rubem de Freitas\"},\"url\":\"https:\\\/\\\/consolar.org\\\/?author=2\"}]}<\/script>\n<!-- \/ Yoast SEO Premium plugin. -->","yoast_head_json":{"title":"Tuf\u00e3o ou Furac\u00e3o - Consolar.org","robots":{"index":"index","follow":"follow","max-snippet":"max-snippet:-1","max-image-preview":"max-image-preview:large","max-video-preview":"max-video-preview:-1"},"canonical":"https:\/\/consolar.org\/?p=717","og_locale":"pt_BR","og_type":"article","og_title":"Tuf\u00e3o ou Furac\u00e3o","og_description":"&#8220;Ainda que eu ande pelo Vale da Sombra da morte, n\u00e3o temerei mal algum, pois Tu est\u00e1s comigo.&#8221; (Salmos 23.4). Ontem pela manh\u00e3 ouvindo no r\u00e1dio o coment\u00e1rio sobre o furac\u00e3o Isaac fiquei sabendo que tuf\u00e3o e furac\u00e3o s\u00e3o as mesmas coisas. Tuf\u00e3o \u00e9 o furac\u00e3o nas \u00e1guas e terras do Oceano Pac\u00edfico e furac\u00e3o &hellip; Continue lendo&hellip; &rarr;","og_url":"https:\/\/consolar.org\/?p=717","og_site_name":"Consolar.org","article_publisher":"https:\/\/www.facebook.com\/consolar","article_published_time":"2012-08-29T03:00:00+00:00","article_modified_time":"2026-02-26T23:19:53+00:00","og_image":[{"width":1536,"height":549,"url":"https:\/\/consolar.org\/wp-content\/uploads\/2012\/08\/tufaooufuracao.jpg","type":"image\/jpeg"}],"author":"Pr Luiz Rubem de Freitas","twitter_card":"summary_large_image","twitter_misc":{"Escrito por":"Pr Luiz Rubem de Freitas","Est. tempo de leitura":"3 minutos"},"schema":{"@context":"https:\/\/schema.org","@graph":[{"@type":"Article","@id":"https:\/\/consolar.org\/?p=717#article","isPartOf":{"@id":"https:\/\/consolar.org\/?p=717"},"author":{"name":"Pr Luiz Rubem de Freitas","@id":"https:\/\/consolar.org\/#\/schema\/person\/7b36e38187f2475e58065af654682d5d"},"headline":"Tuf\u00e3o ou Furac\u00e3o","datePublished":"2012-08-29T03:00:00+00:00","dateModified":"2026-02-26T23:19:53+00:00","mainEntityOfPage":{"@id":"https:\/\/consolar.org\/?p=717"},"wordCount":655,"publisher":{"@id":"https:\/\/consolar.org\/#organization"},"image":{"@id":"https:\/\/consolar.org\/?p=717#primaryimage"},"thumbnailUrl":"https:\/\/consolar.org\/wp-content\/uploads\/2012\/08\/tufaooufuracao.jpg","articleSection":["Uncategorized"],"inLanguage":"pt-BR"},{"@type":"WebPage","@id":"https:\/\/consolar.org\/?p=717","url":"https:\/\/consolar.org\/?p=717","name":"Tuf\u00e3o ou Furac\u00e3o - Consolar.org","isPartOf":{"@id":"https:\/\/consolar.org\/#website"},"primaryImageOfPage":{"@id":"https:\/\/consolar.org\/?p=717#primaryimage"},"image":{"@id":"https:\/\/consolar.org\/?p=717#primaryimage"},"thumbnailUrl":"https:\/\/consolar.org\/wp-content\/uploads\/2012\/08\/tufaooufuracao.jpg","datePublished":"2012-08-29T03:00:00+00:00","dateModified":"2026-02-26T23:19:53+00:00","breadcrumb":{"@id":"https:\/\/consolar.org\/?p=717#breadcrumb"},"inLanguage":"pt-BR","potentialAction":[{"@type":"ReadAction","target":["https:\/\/consolar.org\/?p=717"]}]},{"@type":"ImageObject","inLanguage":"pt-BR","@id":"https:\/\/consolar.org\/?p=717#primaryimage","url":"https:\/\/consolar.org\/wp-content\/uploads\/2012\/08\/tufaooufuracao.jpg","contentUrl":"https:\/\/consolar.org\/wp-content\/uploads\/2012\/08\/tufaooufuracao.jpg","width":1536,"height":549},{"@type":"BreadcrumbList","@id":"https:\/\/consolar.org\/?p=717#breadcrumb","itemListElement":[{"@type":"ListItem","position":1,"name":"In\u00edcio","item":"https:\/\/consolar.org\/"},{"@type":"ListItem","position":2,"name":"Tuf\u00e3o ou Furac\u00e3o"}]},{"@type":"WebSite","@id":"https:\/\/consolar.org\/#website","url":"https:\/\/consolar.org\/","name":"Consolar.org","description":"Mensagens de conforto e esperan\u00e7a para cora\u00e7\u00f5es que precisam de paz.","publisher":{"@id":"https:\/\/consolar.org\/#organization"},"potentialAction":[{"@type":"SearchAction","target":{"@type":"EntryPoint","urlTemplate":"https:\/\/consolar.org\/?s={search_term_string}"},"query-input":{"@type":"PropertyValueSpecification","valueRequired":true,"valueName":"search_term_string"}}],"inLanguage":"pt-BR"},{"@type":"Organization","@id":"https:\/\/consolar.org\/#organization","name":"Consolar.org","url":"https:\/\/consolar.org\/","logo":{"@type":"ImageObject","inLanguage":"pt-BR","@id":"https:\/\/consolar.org\/#\/schema\/logo\/image\/","url":"https:\/\/consolar.org\/wp-content\/uploads\/2026\/02\/cropped-logonovo03-small.png","contentUrl":"https:\/\/consolar.org\/wp-content\/uploads\/2026\/02\/cropped-logonovo03-small.png","width":280,"height":142,"caption":"Consolar.org"},"image":{"@id":"https:\/\/consolar.org\/#\/schema\/logo\/image\/"},"sameAs":["https:\/\/www.facebook.com\/consolar"]},{"@type":"Person","@id":"https:\/\/consolar.org\/#\/schema\/person\/7b36e38187f2475e58065af654682d5d","name":"Pr Luiz Rubem de Freitas","image":{"@type":"ImageObject","inLanguage":"pt-BR","@id":"https:\/\/secure.gravatar.com\/avatar\/fd59dc00fc4178aa1e085bf491d394e3f72afcd9b1944348dfcec2bbecdc5761?s=96&d=blank&r=g","url":"https:\/\/secure.gravatar.com\/avatar\/fd59dc00fc4178aa1e085bf491d394e3f72afcd9b1944348dfcec2bbecdc5761?s=96&d=blank&r=g","contentUrl":"https:\/\/secure.gravatar.com\/avatar\/fd59dc00fc4178aa1e085bf491d394e3f72afcd9b1944348dfcec2bbecdc5761?s=96&d=blank&r=g","caption":"Pr Luiz Rubem de Freitas"},"url":"https:\/\/consolar.org\/?author=2"}]}},"_links":{"self":[{"href":"https:\/\/consolar.org\/index.php?rest_route=\/wp\/v2\/posts\/717","targetHints":{"allow":["GET"]}}],"collection":[{"href":"https:\/\/consolar.org\/index.php?rest_route=\/wp\/v2\/posts"}],"about":[{"href":"https:\/\/consolar.org\/index.php?rest_route=\/wp\/v2\/types\/post"}],"author":[{"embeddable":true,"href":"https:\/\/consolar.org\/index.php?rest_route=\/wp\/v2\/users\/2"}],"replies":[{"embeddable":true,"href":"https:\/\/consolar.org\/index.php?rest_route=%2Fwp%2Fv2%2Fcomments&post=717"}],"version-history":[{"count":0,"href":"https:\/\/consolar.org\/index.php?rest_route=\/wp\/v2\/posts\/717\/revisions"}],"wp:featuredmedia":[{"embeddable":true,"href":"https:\/\/consolar.org\/index.php?rest_route=\/wp\/v2\/media\/1096"}],"wp:attachment":[{"href":"https:\/\/consolar.org\/index.php?rest_route=%2Fwp%2Fv2%2Fmedia&parent=717"}],"wp:term":[{"taxonomy":"category","embeddable":true,"href":"https:\/\/consolar.org\/index.php?rest_route=%2Fwp%2Fv2%2Fcategories&post=717"},{"taxonomy":"post_tag","embeddable":true,"href":"https:\/\/consolar.org\/index.php?rest_route=%2Fwp%2Fv2%2Ftags&post=717"}],"curies":[{"name":"wp","href":"https:\/\/api.w.org\/{rel}","templated":true}]}}