{"id":713,"date":"2009-04-09T00:00:00","date_gmt":"2009-04-09T03:00:00","guid":{"rendered":"https:\/\/consolar.org\/2009\/04\/09\/tomando-decisoes\/"},"modified":"2026-03-12T01:00:12","modified_gmt":"2026-03-12T04:00:12","slug":"tomando-decisoes","status":"publish","type":"post","link":"https:\/\/consolar.org\/?p=713","title":{"rendered":"Tomando Decis\u00f5es"},"content":{"rendered":"\n<figure class=\"wp-block-image size-large\"><img loading=\"lazy\" decoding=\"async\" width=\"1024\" height=\"523\" src=\"https:\/\/consolar.org\/wp-content\/uploads\/2009\/04\/tomandodecisoes2-1024x523.jpg\" alt=\"\" class=\"wp-image-1205\" srcset=\"https:\/\/consolar.org\/wp-content\/uploads\/2009\/04\/tomandodecisoes2-1024x523.jpg 1024w, https:\/\/consolar.org\/wp-content\/uploads\/2009\/04\/tomandodecisoes2-300x153.jpg 300w, https:\/\/consolar.org\/wp-content\/uploads\/2009\/04\/tomandodecisoes2-768x392.jpg 768w, https:\/\/consolar.org\/wp-content\/uploads\/2009\/04\/tomandodecisoes2.jpg 1200w\" sizes=\"auto, (max-width: 1024px) 100vw, 1024px\" \/><\/figure>\n\n\n\n<p class=\"has-text-align-center\"><em>&#8220;Como gostaria que o meu povo me ouvisse, que o povo de Israel me obedecesse! Eu derrotaria logo os seus inimigos e castigaria todos os seus advers\u00e1rios. Aqueles que me odeiam se curvariam diante de mim, e o castigo deles duraria para sempre. Mas a voc\u00eas eu daria o melhor trigo e os alimentaria com mel do campo, at\u00e9 que ficassem satisfeitos&#8221; (Salmos 81:13-16). <\/em><\/p>\n\n\n\n<p>&#8220;N\u00e3o tome decis\u00f5es em tempo de crise&#8221;. Este foi o conselho do meu pastor quando estava precisando resolver alguns problemas que estavam me trazendo muita ansiedade. Quando temos que fazer certas escolhas sentimos logo o peso da responsabilidade e, diante da din\u00e2mica deste mundo, somos for\u00e7ados e ensinados desde cedo a tomar decis\u00f5es r\u00e1pidas e sermos firmes. E assim, mesmo quando temos tempo para decidirmos, geralmente achamos que seremos vacilantes se demorarmos a escolher e neste mundo n\u00e3o h\u00e1 espa\u00e7o para hesitantes. A\u00ed \u00e9 que esquecemos que as consequ\u00eancias das nossas escolhas ter\u00e3o repercuss\u00e3o por muito tempo, trazendo consequ\u00eancias importantes para n\u00f3s e para aqueles que nos s\u00e3o mais pr\u00f3ximos. E se nos sentimos \u00e0 beira do abismo, basta um pequeno passo para o fracasso. Bem, devemos nos lembrar que estamos neste mundo din\u00e2mico, mas n\u00e3o devemos nos conformar com ele. <\/p>\n\n\n\n<p>O texto acima nos mostra qu\u00e3o grande \u00e9 o amor que Deus tem por n\u00f3s. Como um pai cheio de compaix\u00e3o, Ele fica de certa forma frustrado porque tomamos nossas decis\u00f5es sem consult\u00e1-lo. E ainda nos mostra o que aconteceria se d\u00e9ssemos ouvidos ao que Ele tem para nos dizer: livramento, fartura e satisfa\u00e7\u00e3o. Mas n\u00e3o apenas fartura em nossas mesas, mas fartura em nossos relacionamentos, fartura de paz, de \u00e2nimo, de coragem, de f\u00e9, de confian\u00e7a e de vit\u00f3rias. Tiraria de n\u00f3s qualquer sentimento de culpa que poder\u00edamos ter se escolh\u00eassemos sem a Sua ajuda, pois:<\/p>\n\n\n\n<p><em>&#8220;O Senhor Deus diz: Os meus pensamentos n\u00e3o s\u00e3o como os seus pensamentos, e eu n\u00e3o ajo como voc\u00eas. Assim como o c\u00e9u est\u00e1 muito acima da terra, assim os meus pensamentos e as minhas a\u00e7\u00f5es est\u00e3o muito acima dos seus.&#8221; (Isa\u00edas 55:8 e 9)<\/em><\/p>\n\n\n\n<p>Assim, antes de qualquer decis\u00e3o, mesmo nas mais urgentes, fa\u00e7a uma pequena ora\u00e7\u00e3o e pe\u00e7a que o Senhor o ajude a escolher. Experimente uma vida totalmente controlada por Deus e ver\u00e1 a Sua fidelidade nestas promessas pois Ele \u00e9 fiel e n\u00e3o pode negar a Si mesmo.<\/p>\n\n\n\n<p>Ora\u00e7\u00e3o: Pai eu quero tomar as decis\u00f5es certas, as tuas decis\u00f5es. Acima de tudo quero que minha vida seja controlada por Ti, pois sei que a Tua vontade \u00e9 perfeita.<\/p>\n","protected":false},"excerpt":{"rendered":"<p>&#8220;Como gostaria que o meu povo me ouvisse, que o povo de Israel me obedecesse! Eu derrotaria logo os seus inimigos e castigaria todos os seus advers\u00e1rios. Aqueles que me odeiam se curvariam diante de mim, e o castigo deles duraria para sempre. Mas a voc\u00eas eu daria o melhor trigo e os alimentaria com <a class=\"more-link\" href=\"https:\/\/consolar.org\/?p=713\">&hellip; Continue lendo&hellip; &rarr;<\/a><\/p>\n","protected":false},"author":3,"featured_media":1205,"comment_status":"closed","ping_status":"closed","sticky":false,"template":"","format":"standard","meta":{"_ayudawp_aiss_exclude":false,"footnotes":"","_wpscppro_dont_share_socialmedia":false,"_wpscppro_custom_social_share_image":0,"_facebook_share_type":"","_twitter_share_type":"","_linkedin_share_type":"","_pinterest_share_type":"","_linkedin_share_type_page":"","_instagram_share_type":"","_medium_share_type":"","_threads_share_type":"","_google_business_share_type":"","_selected_social_profile":[],"_wpsp_enable_custom_social_template":false,"_wpsp_social_scheduling":{"enabled":false,"datetime":null,"platforms":[],"status":"template_only","dateOption":"today","timeOption":"now","customDays":"","customHours":"","customDate":"","customTime":"","schedulingType":"absolute"},"_wpsp_active_default_template":true},"categories":[1],"tags":[],"class_list":["post-713","post","type-post","status-publish","format-standard","has-post-thumbnail","hentry","category-uncategorized"],"yoast_head":"<!-- This site is optimized with the Yoast SEO Premium plugin v27.3 (Yoast SEO v27.5) - https:\/\/yoast.com\/product\/yoast-seo-premium-wordpress\/ -->\n<title>Tomando Decis\u00f5es - Consolar.org<\/title>\n<meta name=\"robots\" content=\"index, follow, max-snippet:-1, max-image-preview:large, max-video-preview:-1\" \/>\n<link rel=\"canonical\" href=\"https:\/\/consolar.org\/?p=713\" \/>\n<meta property=\"og:locale\" content=\"pt_BR\" \/>\n<meta property=\"og:type\" content=\"article\" \/>\n<meta property=\"og:title\" content=\"Tomando Decis\u00f5es\" \/>\n<meta property=\"og:description\" content=\"&#8220;Como gostaria que o meu povo me ouvisse, que o povo de Israel me obedecesse! Eu derrotaria logo os seus inimigos e castigaria todos os seus advers\u00e1rios. Aqueles que me odeiam se curvariam diante de mim, e o castigo deles duraria para sempre. Mas a voc\u00eas eu daria o melhor trigo e os alimentaria com &hellip; Continue lendo&hellip; &rarr;\" \/>\n<meta property=\"og:url\" content=\"https:\/\/consolar.org\/?p=713\" \/>\n<meta property=\"og:site_name\" content=\"Consolar.org\" \/>\n<meta property=\"article:publisher\" content=\"https:\/\/www.facebook.com\/consolar\" \/>\n<meta property=\"article:published_time\" content=\"2009-04-09T03:00:00+00:00\" \/>\n<meta property=\"article:modified_time\" content=\"2026-03-12T04:00:12+00:00\" \/>\n<meta property=\"og:image\" content=\"https:\/\/consolar.org\/wp-content\/uploads\/2009\/04\/tomandodecisoes2.jpg\" \/>\n\t<meta property=\"og:image:width\" content=\"1200\" \/>\n\t<meta property=\"og:image:height\" content=\"613\" \/>\n\t<meta property=\"og:image:type\" content=\"image\/jpeg\" \/>\n<meta name=\"author\" content=\"Luiz Guilherme de Freitas\" \/>\n<meta name=\"twitter:card\" content=\"summary_large_image\" \/>\n<meta name=\"twitter:label1\" content=\"Escrito por\" \/>\n\t<meta name=\"twitter:data1\" content=\"Luiz Guilherme de Freitas\" \/>\n\t<meta name=\"twitter:label2\" content=\"Est. tempo de leitura\" \/>\n\t<meta name=\"twitter:data2\" content=\"2 minutos\" \/>\n<script type=\"application\/ld+json\" class=\"yoast-schema-graph\">{\"@context\":\"https:\\\/\\\/schema.org\",\"@graph\":[{\"@type\":\"Article\",\"@id\":\"https:\\\/\\\/consolar.org\\\/?p=713#article\",\"isPartOf\":{\"@id\":\"https:\\\/\\\/consolar.org\\\/?p=713\"},\"author\":{\"name\":\"Luiz Guilherme de Freitas\",\"@id\":\"https:\\\/\\\/consolar.org\\\/#\\\/schema\\\/person\\\/635d5bf6efb86fc008d03ec2c072c083\"},\"headline\":\"Tomando Decis\u00f5es\",\"datePublished\":\"2009-04-09T03:00:00+00:00\",\"dateModified\":\"2026-03-12T04:00:12+00:00\",\"mainEntityOfPage\":{\"@id\":\"https:\\\/\\\/consolar.org\\\/?p=713\"},\"wordCount\":468,\"publisher\":{\"@id\":\"https:\\\/\\\/consolar.org\\\/#organization\"},\"image\":{\"@id\":\"https:\\\/\\\/consolar.org\\\/?p=713#primaryimage\"},\"thumbnailUrl\":\"https:\\\/\\\/consolar.org\\\/wp-content\\\/uploads\\\/2009\\\/04\\\/tomandodecisoes2.jpg\",\"articleSection\":[\"Uncategorized\"],\"inLanguage\":\"pt-BR\"},{\"@type\":\"WebPage\",\"@id\":\"https:\\\/\\\/consolar.org\\\/?p=713\",\"url\":\"https:\\\/\\\/consolar.org\\\/?p=713\",\"name\":\"Tomando Decis\u00f5es - Consolar.org\",\"isPartOf\":{\"@id\":\"https:\\\/\\\/consolar.org\\\/#website\"},\"primaryImageOfPage\":{\"@id\":\"https:\\\/\\\/consolar.org\\\/?p=713#primaryimage\"},\"image\":{\"@id\":\"https:\\\/\\\/consolar.org\\\/?p=713#primaryimage\"},\"thumbnailUrl\":\"https:\\\/\\\/consolar.org\\\/wp-content\\\/uploads\\\/2009\\\/04\\\/tomandodecisoes2.jpg\",\"datePublished\":\"2009-04-09T03:00:00+00:00\",\"dateModified\":\"2026-03-12T04:00:12+00:00\",\"breadcrumb\":{\"@id\":\"https:\\\/\\\/consolar.org\\\/?p=713#breadcrumb\"},\"inLanguage\":\"pt-BR\",\"potentialAction\":[{\"@type\":\"ReadAction\",\"target\":[\"https:\\\/\\\/consolar.org\\\/?p=713\"]}]},{\"@type\":\"ImageObject\",\"inLanguage\":\"pt-BR\",\"@id\":\"https:\\\/\\\/consolar.org\\\/?p=713#primaryimage\",\"url\":\"https:\\\/\\\/consolar.org\\\/wp-content\\\/uploads\\\/2009\\\/04\\\/tomandodecisoes2.jpg\",\"contentUrl\":\"https:\\\/\\\/consolar.org\\\/wp-content\\\/uploads\\\/2009\\\/04\\\/tomandodecisoes2.jpg\",\"width\":1200,\"height\":613},{\"@type\":\"BreadcrumbList\",\"@id\":\"https:\\\/\\\/consolar.org\\\/?p=713#breadcrumb\",\"itemListElement\":[{\"@type\":\"ListItem\",\"position\":1,\"name\":\"In\u00edcio\",\"item\":\"https:\\\/\\\/consolar.org\\\/\"},{\"@type\":\"ListItem\",\"position\":2,\"name\":\"Tomando Decis\u00f5es\"}]},{\"@type\":\"WebSite\",\"@id\":\"https:\\\/\\\/consolar.org\\\/#website\",\"url\":\"https:\\\/\\\/consolar.org\\\/\",\"name\":\"Consolar.org\",\"description\":\"Mensagens de conforto e esperan\u00e7a para cora\u00e7\u00f5es que precisam de paz.\",\"publisher\":{\"@id\":\"https:\\\/\\\/consolar.org\\\/#organization\"},\"potentialAction\":[{\"@type\":\"SearchAction\",\"target\":{\"@type\":\"EntryPoint\",\"urlTemplate\":\"https:\\\/\\\/consolar.org\\\/?s={search_term_string}\"},\"query-input\":{\"@type\":\"PropertyValueSpecification\",\"valueRequired\":true,\"valueName\":\"search_term_string\"}}],\"inLanguage\":\"pt-BR\"},{\"@type\":\"Organization\",\"@id\":\"https:\\\/\\\/consolar.org\\\/#organization\",\"name\":\"Consolar.org\",\"url\":\"https:\\\/\\\/consolar.org\\\/\",\"logo\":{\"@type\":\"ImageObject\",\"inLanguage\":\"pt-BR\",\"@id\":\"https:\\\/\\\/consolar.org\\\/#\\\/schema\\\/logo\\\/image\\\/\",\"url\":\"https:\\\/\\\/consolar.org\\\/wp-content\\\/uploads\\\/2026\\\/02\\\/cropped-logonovo03-small.png\",\"contentUrl\":\"https:\\\/\\\/consolar.org\\\/wp-content\\\/uploads\\\/2026\\\/02\\\/cropped-logonovo03-small.png\",\"width\":280,\"height\":142,\"caption\":\"Consolar.org\"},\"image\":{\"@id\":\"https:\\\/\\\/consolar.org\\\/#\\\/schema\\\/logo\\\/image\\\/\"},\"sameAs\":[\"https:\\\/\\\/www.facebook.com\\\/consolar\"]},{\"@type\":\"Person\",\"@id\":\"https:\\\/\\\/consolar.org\\\/#\\\/schema\\\/person\\\/635d5bf6efb86fc008d03ec2c072c083\",\"name\":\"Luiz Guilherme de Freitas\",\"image\":{\"@type\":\"ImageObject\",\"inLanguage\":\"pt-BR\",\"@id\":\"https:\\\/\\\/secure.gravatar.com\\\/avatar\\\/fdd778759b54be5a08169f902f9b2202d04b69d9f2277951a3b2cb5995d3380c?s=96&d=blank&r=g\",\"url\":\"https:\\\/\\\/secure.gravatar.com\\\/avatar\\\/fdd778759b54be5a08169f902f9b2202d04b69d9f2277951a3b2cb5995d3380c?s=96&d=blank&r=g\",\"contentUrl\":\"https:\\\/\\\/secure.gravatar.com\\\/avatar\\\/fdd778759b54be5a08169f902f9b2202d04b69d9f2277951a3b2cb5995d3380c?s=96&d=blank&r=g\",\"caption\":\"Luiz Guilherme de Freitas\"},\"description\":\"Ipsum Lorem\",\"url\":\"https:\\\/\\\/consolar.org\\\/?author=3\"}]}<\/script>\n<!-- \/ Yoast SEO Premium plugin. -->","yoast_head_json":{"title":"Tomando Decis\u00f5es - Consolar.org","robots":{"index":"index","follow":"follow","max-snippet":"max-snippet:-1","max-image-preview":"max-image-preview:large","max-video-preview":"max-video-preview:-1"},"canonical":"https:\/\/consolar.org\/?p=713","og_locale":"pt_BR","og_type":"article","og_title":"Tomando Decis\u00f5es","og_description":"&#8220;Como gostaria que o meu povo me ouvisse, que o povo de Israel me obedecesse! Eu derrotaria logo os seus inimigos e castigaria todos os seus advers\u00e1rios. Aqueles que me odeiam se curvariam diante de mim, e o castigo deles duraria para sempre. Mas a voc\u00eas eu daria o melhor trigo e os alimentaria com &hellip; Continue lendo&hellip; &rarr;","og_url":"https:\/\/consolar.org\/?p=713","og_site_name":"Consolar.org","article_publisher":"https:\/\/www.facebook.com\/consolar","article_published_time":"2009-04-09T03:00:00+00:00","article_modified_time":"2026-03-12T04:00:12+00:00","og_image":[{"width":1200,"height":613,"url":"https:\/\/consolar.org\/wp-content\/uploads\/2009\/04\/tomandodecisoes2.jpg","type":"image\/jpeg"}],"author":"Luiz Guilherme de Freitas","twitter_card":"summary_large_image","twitter_misc":{"Escrito por":"Luiz Guilherme de Freitas","Est. tempo de leitura":"2 minutos"},"schema":{"@context":"https:\/\/schema.org","@graph":[{"@type":"Article","@id":"https:\/\/consolar.org\/?p=713#article","isPartOf":{"@id":"https:\/\/consolar.org\/?p=713"},"author":{"name":"Luiz Guilherme de Freitas","@id":"https:\/\/consolar.org\/#\/schema\/person\/635d5bf6efb86fc008d03ec2c072c083"},"headline":"Tomando Decis\u00f5es","datePublished":"2009-04-09T03:00:00+00:00","dateModified":"2026-03-12T04:00:12+00:00","mainEntityOfPage":{"@id":"https:\/\/consolar.org\/?p=713"},"wordCount":468,"publisher":{"@id":"https:\/\/consolar.org\/#organization"},"image":{"@id":"https:\/\/consolar.org\/?p=713#primaryimage"},"thumbnailUrl":"https:\/\/consolar.org\/wp-content\/uploads\/2009\/04\/tomandodecisoes2.jpg","articleSection":["Uncategorized"],"inLanguage":"pt-BR"},{"@type":"WebPage","@id":"https:\/\/consolar.org\/?p=713","url":"https:\/\/consolar.org\/?p=713","name":"Tomando Decis\u00f5es - Consolar.org","isPartOf":{"@id":"https:\/\/consolar.org\/#website"},"primaryImageOfPage":{"@id":"https:\/\/consolar.org\/?p=713#primaryimage"},"image":{"@id":"https:\/\/consolar.org\/?p=713#primaryimage"},"thumbnailUrl":"https:\/\/consolar.org\/wp-content\/uploads\/2009\/04\/tomandodecisoes2.jpg","datePublished":"2009-04-09T03:00:00+00:00","dateModified":"2026-03-12T04:00:12+00:00","breadcrumb":{"@id":"https:\/\/consolar.org\/?p=713#breadcrumb"},"inLanguage":"pt-BR","potentialAction":[{"@type":"ReadAction","target":["https:\/\/consolar.org\/?p=713"]}]},{"@type":"ImageObject","inLanguage":"pt-BR","@id":"https:\/\/consolar.org\/?p=713#primaryimage","url":"https:\/\/consolar.org\/wp-content\/uploads\/2009\/04\/tomandodecisoes2.jpg","contentUrl":"https:\/\/consolar.org\/wp-content\/uploads\/2009\/04\/tomandodecisoes2.jpg","width":1200,"height":613},{"@type":"BreadcrumbList","@id":"https:\/\/consolar.org\/?p=713#breadcrumb","itemListElement":[{"@type":"ListItem","position":1,"name":"In\u00edcio","item":"https:\/\/consolar.org\/"},{"@type":"ListItem","position":2,"name":"Tomando Decis\u00f5es"}]},{"@type":"WebSite","@id":"https:\/\/consolar.org\/#website","url":"https:\/\/consolar.org\/","name":"Consolar.org","description":"Mensagens de conforto e esperan\u00e7a para cora\u00e7\u00f5es que precisam de paz.","publisher":{"@id":"https:\/\/consolar.org\/#organization"},"potentialAction":[{"@type":"SearchAction","target":{"@type":"EntryPoint","urlTemplate":"https:\/\/consolar.org\/?s={search_term_string}"},"query-input":{"@type":"PropertyValueSpecification","valueRequired":true,"valueName":"search_term_string"}}],"inLanguage":"pt-BR"},{"@type":"Organization","@id":"https:\/\/consolar.org\/#organization","name":"Consolar.org","url":"https:\/\/consolar.org\/","logo":{"@type":"ImageObject","inLanguage":"pt-BR","@id":"https:\/\/consolar.org\/#\/schema\/logo\/image\/","url":"https:\/\/consolar.org\/wp-content\/uploads\/2026\/02\/cropped-logonovo03-small.png","contentUrl":"https:\/\/consolar.org\/wp-content\/uploads\/2026\/02\/cropped-logonovo03-small.png","width":280,"height":142,"caption":"Consolar.org"},"image":{"@id":"https:\/\/consolar.org\/#\/schema\/logo\/image\/"},"sameAs":["https:\/\/www.facebook.com\/consolar"]},{"@type":"Person","@id":"https:\/\/consolar.org\/#\/schema\/person\/635d5bf6efb86fc008d03ec2c072c083","name":"Luiz Guilherme de Freitas","image":{"@type":"ImageObject","inLanguage":"pt-BR","@id":"https:\/\/secure.gravatar.com\/avatar\/fdd778759b54be5a08169f902f9b2202d04b69d9f2277951a3b2cb5995d3380c?s=96&d=blank&r=g","url":"https:\/\/secure.gravatar.com\/avatar\/fdd778759b54be5a08169f902f9b2202d04b69d9f2277951a3b2cb5995d3380c?s=96&d=blank&r=g","contentUrl":"https:\/\/secure.gravatar.com\/avatar\/fdd778759b54be5a08169f902f9b2202d04b69d9f2277951a3b2cb5995d3380c?s=96&d=blank&r=g","caption":"Luiz Guilherme de Freitas"},"description":"Ipsum Lorem","url":"https:\/\/consolar.org\/?author=3"}]}},"_links":{"self":[{"href":"https:\/\/consolar.org\/index.php?rest_route=\/wp\/v2\/posts\/713","targetHints":{"allow":["GET"]}}],"collection":[{"href":"https:\/\/consolar.org\/index.php?rest_route=\/wp\/v2\/posts"}],"about":[{"href":"https:\/\/consolar.org\/index.php?rest_route=\/wp\/v2\/types\/post"}],"author":[{"embeddable":true,"href":"https:\/\/consolar.org\/index.php?rest_route=\/wp\/v2\/users\/3"}],"replies":[{"embeddable":true,"href":"https:\/\/consolar.org\/index.php?rest_route=%2Fwp%2Fv2%2Fcomments&post=713"}],"version-history":[{"count":1,"href":"https:\/\/consolar.org\/index.php?rest_route=\/wp\/v2\/posts\/713\/revisions"}],"predecessor-version":[{"id":1206,"href":"https:\/\/consolar.org\/index.php?rest_route=\/wp\/v2\/posts\/713\/revisions\/1206"}],"wp:featuredmedia":[{"embeddable":true,"href":"https:\/\/consolar.org\/index.php?rest_route=\/wp\/v2\/media\/1205"}],"wp:attachment":[{"href":"https:\/\/consolar.org\/index.php?rest_route=%2Fwp%2Fv2%2Fmedia&parent=713"}],"wp:term":[{"taxonomy":"category","embeddable":true,"href":"https:\/\/consolar.org\/index.php?rest_route=%2Fwp%2Fv2%2Fcategories&post=713"},{"taxonomy":"post_tag","embeddable":true,"href":"https:\/\/consolar.org\/index.php?rest_route=%2Fwp%2Fv2%2Ftags&post=713"}],"curies":[{"name":"wp","href":"https:\/\/api.w.org\/{rel}","templated":true}]}}