{"id":709,"date":"2012-09-21T00:00:00","date_gmt":"2012-09-21T03:00:00","guid":{"rendered":"https:\/\/consolar.org\/2012\/09\/21\/tempo-da-partida\/"},"modified":"2026-02-26T15:17:30","modified_gmt":"2026-02-26T18:17:30","slug":"tempo-da-partida","status":"publish","type":"post","link":"https:\/\/consolar.org\/?p=709","title":{"rendered":"Tempo da Partida"},"content":{"rendered":"\n<figure class=\"wp-block-image size-large\"><img loading=\"lazy\" decoding=\"async\" width=\"1024\" height=\"450\" src=\"https:\/\/consolar.org\/wp-content\/uploads\/2012\/09\/tempodapartida-1024x450.jpg\" alt=\"\" class=\"wp-image-1089\" srcset=\"https:\/\/consolar.org\/wp-content\/uploads\/2012\/09\/tempodapartida-1024x450.jpg 1024w, https:\/\/consolar.org\/wp-content\/uploads\/2012\/09\/tempodapartida-300x132.jpg 300w, https:\/\/consolar.org\/wp-content\/uploads\/2012\/09\/tempodapartida-768x337.jpg 768w, https:\/\/consolar.org\/wp-content\/uploads\/2012\/09\/tempodapartida.jpg 1198w\" sizes=\"auto, (max-width: 1024px) 100vw, 1024px\" \/><\/figure>\n\n\n\n<p>O pastor Hernandes Dias Lopes escrevendo sobre Paulo em seu livro &#8220;De Pastor A Pastor&#8221; afirma que a gra\u00e7a de Deus nos capacita a ter os valores de vida mais excelentes. Em meus tempos de consolo tenho crido que morrer \u00e9 viver. Viver \u00e9 saber morrer. No teatro da vida, morrer \u00e9 o \u00faltimo ato &#8211; \u00e9 aquele que acontece antes dos aplausos. Assim, \u00e9 preciso saber viver; sabendo viver morreremos na perspectiva de Deus. <\/p>\n\n\n\n<p>Segundo o mesmo autor a palavra grega analysis (partida), tem um rico significado: <strong>1.<\/strong> Descreve a a\u00e7\u00e3o de desatar um animal do jugo. A morte \u00e9 descanso do trabalho; \u00e9 deixar de carregar o fardo; <strong>2.<\/strong> \u00c9 a\u00e7\u00e3o que significa deixar soltos os la\u00e7os e as cadeias. Morrer \u00e9 estar livre. \u00c9 deixar as pris\u00f5es e masmorras frias da vida e ir para o Para\u00edso; <strong>3.<\/strong> Significa afrouxar as estacas de uma tenda. \u00c9 levantar acampamento. \u00c9 continuar andando. Mudan\u00e7a de endere\u00e7o, ir para casa do Pai; <strong>4. <\/strong>Tamb\u00e9m, segundo pastor Hernandes Dias Lopes, significa soltar as cordas de um barco. Equivale a singrar as \u00e1guas do mar da vida e chegar ao porto divinal. <\/p>\n\n\n\n<p>Ontem nasceu uma ovelhinha do Senhor, novo membro da Igreja Batista Zona Norte em Piabet\u00e1. O Paulo C\u00e9sar nasceu \u00e0s 05:45h. Grand\u00e3o e bonito ele chegou para alegrar a vida do Anderson, da Michelle e de sua irm\u00e3zinha Emanuele. Paulinho nasceu para viver muitos anos na presen\u00e7a do Pai. Ali\u00e1s, toda eternidade. Consagramos a vida dele a Deus e oramos para que ele viva muitos anos aben\u00e7oando esta terra. <\/p>\n\n\n\n<p>Nascer e morrer faz parte da vida. Em todos os momentos da vida, no passado, presente, futuro e na eternidade devemos viver os valores mais excelentes. Podemos encontr\u00e1-los durante nossa caminhada, quando entendemos ser necess\u00e1rio: desatar nossos la\u00e7os terreais (coisas, coisas e coisas), soltar as cadeias que nos prendem a uma vida sem esperan\u00e7a e f\u00e9; afrouxar as estacas para a mudan\u00e7a de endere\u00e7o tranquila e em paz; soltar as cordas do barco e navegar pelo rio, tendo Cristo como Senhor do Navio de nossa vida, o piloto melhor, o capit\u00e3o do navio chamado eu. Que Ele nos leve at\u00e9 o outro lado da margem, l\u00e1 encontremos face a face com o Pai. <\/p>\n\n\n\n<p>Se voc\u00ea est\u00e1 sofrendo por uma perda de um querido(a), amado(a) pe\u00e7a a Deus que O console e parta para o novo caminho. Jesus afirma, <em>&#8220;Eu sou o caminho, a verdade e a vida, ningu\u00e9m vai ao Pai a n\u00e3o ser por mim&#8221;<\/em>. V\u00e1 para Jesus, Ele est\u00e1 perto e trar\u00e1 consolo, paz, conforto, esperan\u00e7a e vida. Pe\u00e7a para que ele te retire os fardos pesados, cadeias amargas, tendas antigas e portos inseguros. V\u00e1 para Jesus! Ele te chama! Tenha certeza que o melhor de Deus ainda estar por vir em sua vida. Viva a paz, a harmonia, a alegria, a esperan\u00e7a, a nova vida com Deus. Viva sempre na Gra\u00e7a do Pai.<\/p>\n","protected":false},"excerpt":{"rendered":"<p>O pastor Hernandes Dias Lopes escrevendo sobre Paulo em seu livro &#8220;De Pastor A Pastor&#8221; afirma que a gra\u00e7a de Deus nos capacita a ter os valores de vida mais excelentes. Em meus tempos de consolo tenho crido que morrer \u00e9 viver. Viver \u00e9 saber morrer. No teatro da vida, morrer \u00e9 o \u00faltimo ato <a class=\"more-link\" href=\"https:\/\/consolar.org\/?p=709\">&hellip; Continue lendo&hellip; &rarr;<\/a><\/p>\n","protected":false},"author":2,"featured_media":1089,"comment_status":"closed","ping_status":"closed","sticky":false,"template":"","format":"standard","meta":{"_ayudawp_aiss_exclude":false,"footnotes":"","_wpscppro_dont_share_socialmedia":false,"_wpscppro_custom_social_share_image":0,"_facebook_share_type":"","_twitter_share_type":"","_linkedin_share_type":"","_pinterest_share_type":"","_linkedin_share_type_page":"","_instagram_share_type":"","_medium_share_type":"","_threads_share_type":"","_google_business_share_type":"","_selected_social_profile":[],"_wpsp_enable_custom_social_template":false,"_wpsp_social_scheduling":{"enabled":false,"datetime":null,"platforms":[],"status":"template_only","dateOption":"today","timeOption":"now","customDays":"","customHours":"","customDate":"","customTime":"","schedulingType":"absolute"},"_wpsp_active_default_template":true},"categories":[1],"tags":[],"class_list":["post-709","post","type-post","status-publish","format-standard","has-post-thumbnail","hentry","category-uncategorized"],"yoast_head":"<!-- This site is optimized with the Yoast SEO Premium plugin v27.3 (Yoast SEO v27.5) - https:\/\/yoast.com\/product\/yoast-seo-premium-wordpress\/ -->\n<title>Tempo da Partida - Consolar.org<\/title>\n<meta name=\"robots\" content=\"index, follow, max-snippet:-1, max-image-preview:large, max-video-preview:-1\" \/>\n<link rel=\"canonical\" href=\"https:\/\/consolar.org\/?p=709\" \/>\n<meta property=\"og:locale\" content=\"pt_BR\" \/>\n<meta property=\"og:type\" content=\"article\" \/>\n<meta property=\"og:title\" content=\"Tempo da Partida\" \/>\n<meta property=\"og:description\" content=\"O pastor Hernandes Dias Lopes escrevendo sobre Paulo em seu livro &#8220;De Pastor A Pastor&#8221; afirma que a gra\u00e7a de Deus nos capacita a ter os valores de vida mais excelentes. Em meus tempos de consolo tenho crido que morrer \u00e9 viver. Viver \u00e9 saber morrer. No teatro da vida, morrer \u00e9 o \u00faltimo ato &hellip; Continue lendo&hellip; &rarr;\" \/>\n<meta property=\"og:url\" content=\"https:\/\/consolar.org\/?p=709\" \/>\n<meta property=\"og:site_name\" content=\"Consolar.org\" \/>\n<meta property=\"article:publisher\" content=\"https:\/\/www.facebook.com\/consolar\" \/>\n<meta property=\"article:published_time\" content=\"2012-09-21T03:00:00+00:00\" \/>\n<meta property=\"article:modified_time\" content=\"2026-02-26T18:17:30+00:00\" \/>\n<meta property=\"og:image\" content=\"https:\/\/consolar.org\/wp-content\/uploads\/2012\/09\/tempodapartida.jpg\" \/>\n\t<meta property=\"og:image:width\" content=\"1198\" \/>\n\t<meta property=\"og:image:height\" content=\"526\" \/>\n\t<meta property=\"og:image:type\" content=\"image\/jpeg\" \/>\n<meta name=\"author\" content=\"Pr Luiz Rubem de Freitas\" \/>\n<meta name=\"twitter:card\" content=\"summary_large_image\" \/>\n<meta name=\"twitter:label1\" content=\"Escrito por\" \/>\n\t<meta name=\"twitter:data1\" content=\"Pr Luiz Rubem de Freitas\" \/>\n\t<meta name=\"twitter:label2\" content=\"Est. tempo de leitura\" \/>\n\t<meta name=\"twitter:data2\" content=\"3 minutos\" \/>\n<script type=\"application\/ld+json\" class=\"yoast-schema-graph\">{\"@context\":\"https:\\\/\\\/schema.org\",\"@graph\":[{\"@type\":\"Article\",\"@id\":\"https:\\\/\\\/consolar.org\\\/?p=709#article\",\"isPartOf\":{\"@id\":\"https:\\\/\\\/consolar.org\\\/?p=709\"},\"author\":{\"name\":\"Pr Luiz Rubem de Freitas\",\"@id\":\"https:\\\/\\\/consolar.org\\\/#\\\/schema\\\/person\\\/7b36e38187f2475e58065af654682d5d\"},\"headline\":\"Tempo da Partida\",\"datePublished\":\"2012-09-21T03:00:00+00:00\",\"dateModified\":\"2026-02-26T18:17:30+00:00\",\"mainEntityOfPage\":{\"@id\":\"https:\\\/\\\/consolar.org\\\/?p=709\"},\"wordCount\":503,\"publisher\":{\"@id\":\"https:\\\/\\\/consolar.org\\\/#organization\"},\"image\":{\"@id\":\"https:\\\/\\\/consolar.org\\\/?p=709#primaryimage\"},\"thumbnailUrl\":\"https:\\\/\\\/consolar.org\\\/wp-content\\\/uploads\\\/2012\\\/09\\\/tempodapartida.jpg\",\"articleSection\":[\"Uncategorized\"],\"inLanguage\":\"pt-BR\"},{\"@type\":\"WebPage\",\"@id\":\"https:\\\/\\\/consolar.org\\\/?p=709\",\"url\":\"https:\\\/\\\/consolar.org\\\/?p=709\",\"name\":\"Tempo da Partida - Consolar.org\",\"isPartOf\":{\"@id\":\"https:\\\/\\\/consolar.org\\\/#website\"},\"primaryImageOfPage\":{\"@id\":\"https:\\\/\\\/consolar.org\\\/?p=709#primaryimage\"},\"image\":{\"@id\":\"https:\\\/\\\/consolar.org\\\/?p=709#primaryimage\"},\"thumbnailUrl\":\"https:\\\/\\\/consolar.org\\\/wp-content\\\/uploads\\\/2012\\\/09\\\/tempodapartida.jpg\",\"datePublished\":\"2012-09-21T03:00:00+00:00\",\"dateModified\":\"2026-02-26T18:17:30+00:00\",\"breadcrumb\":{\"@id\":\"https:\\\/\\\/consolar.org\\\/?p=709#breadcrumb\"},\"inLanguage\":\"pt-BR\",\"potentialAction\":[{\"@type\":\"ReadAction\",\"target\":[\"https:\\\/\\\/consolar.org\\\/?p=709\"]}]},{\"@type\":\"ImageObject\",\"inLanguage\":\"pt-BR\",\"@id\":\"https:\\\/\\\/consolar.org\\\/?p=709#primaryimage\",\"url\":\"https:\\\/\\\/consolar.org\\\/wp-content\\\/uploads\\\/2012\\\/09\\\/tempodapartida.jpg\",\"contentUrl\":\"https:\\\/\\\/consolar.org\\\/wp-content\\\/uploads\\\/2012\\\/09\\\/tempodapartida.jpg\",\"width\":1198,\"height\":526},{\"@type\":\"BreadcrumbList\",\"@id\":\"https:\\\/\\\/consolar.org\\\/?p=709#breadcrumb\",\"itemListElement\":[{\"@type\":\"ListItem\",\"position\":1,\"name\":\"In\u00edcio\",\"item\":\"https:\\\/\\\/consolar.org\\\/\"},{\"@type\":\"ListItem\",\"position\":2,\"name\":\"Tempo da Partida\"}]},{\"@type\":\"WebSite\",\"@id\":\"https:\\\/\\\/consolar.org\\\/#website\",\"url\":\"https:\\\/\\\/consolar.org\\\/\",\"name\":\"Consolar.org\",\"description\":\"Mensagens de conforto e esperan\u00e7a para cora\u00e7\u00f5es que precisam de paz.\",\"publisher\":{\"@id\":\"https:\\\/\\\/consolar.org\\\/#organization\"},\"potentialAction\":[{\"@type\":\"SearchAction\",\"target\":{\"@type\":\"EntryPoint\",\"urlTemplate\":\"https:\\\/\\\/consolar.org\\\/?s={search_term_string}\"},\"query-input\":{\"@type\":\"PropertyValueSpecification\",\"valueRequired\":true,\"valueName\":\"search_term_string\"}}],\"inLanguage\":\"pt-BR\"},{\"@type\":\"Organization\",\"@id\":\"https:\\\/\\\/consolar.org\\\/#organization\",\"name\":\"Consolar.org\",\"url\":\"https:\\\/\\\/consolar.org\\\/\",\"logo\":{\"@type\":\"ImageObject\",\"inLanguage\":\"pt-BR\",\"@id\":\"https:\\\/\\\/consolar.org\\\/#\\\/schema\\\/logo\\\/image\\\/\",\"url\":\"https:\\\/\\\/consolar.org\\\/wp-content\\\/uploads\\\/2026\\\/02\\\/cropped-logonovo03-small.png\",\"contentUrl\":\"https:\\\/\\\/consolar.org\\\/wp-content\\\/uploads\\\/2026\\\/02\\\/cropped-logonovo03-small.png\",\"width\":280,\"height\":142,\"caption\":\"Consolar.org\"},\"image\":{\"@id\":\"https:\\\/\\\/consolar.org\\\/#\\\/schema\\\/logo\\\/image\\\/\"},\"sameAs\":[\"https:\\\/\\\/www.facebook.com\\\/consolar\"]},{\"@type\":\"Person\",\"@id\":\"https:\\\/\\\/consolar.org\\\/#\\\/schema\\\/person\\\/7b36e38187f2475e58065af654682d5d\",\"name\":\"Pr Luiz Rubem de Freitas\",\"image\":{\"@type\":\"ImageObject\",\"inLanguage\":\"pt-BR\",\"@id\":\"https:\\\/\\\/secure.gravatar.com\\\/avatar\\\/fd59dc00fc4178aa1e085bf491d394e3f72afcd9b1944348dfcec2bbecdc5761?s=96&d=blank&r=g\",\"url\":\"https:\\\/\\\/secure.gravatar.com\\\/avatar\\\/fd59dc00fc4178aa1e085bf491d394e3f72afcd9b1944348dfcec2bbecdc5761?s=96&d=blank&r=g\",\"contentUrl\":\"https:\\\/\\\/secure.gravatar.com\\\/avatar\\\/fd59dc00fc4178aa1e085bf491d394e3f72afcd9b1944348dfcec2bbecdc5761?s=96&d=blank&r=g\",\"caption\":\"Pr Luiz Rubem de Freitas\"},\"url\":\"https:\\\/\\\/consolar.org\\\/?author=2\"}]}<\/script>\n<!-- \/ Yoast SEO Premium plugin. -->","yoast_head_json":{"title":"Tempo da Partida - Consolar.org","robots":{"index":"index","follow":"follow","max-snippet":"max-snippet:-1","max-image-preview":"max-image-preview:large","max-video-preview":"max-video-preview:-1"},"canonical":"https:\/\/consolar.org\/?p=709","og_locale":"pt_BR","og_type":"article","og_title":"Tempo da Partida","og_description":"O pastor Hernandes Dias Lopes escrevendo sobre Paulo em seu livro &#8220;De Pastor A Pastor&#8221; afirma que a gra\u00e7a de Deus nos capacita a ter os valores de vida mais excelentes. Em meus tempos de consolo tenho crido que morrer \u00e9 viver. Viver \u00e9 saber morrer. No teatro da vida, morrer \u00e9 o \u00faltimo ato &hellip; Continue lendo&hellip; &rarr;","og_url":"https:\/\/consolar.org\/?p=709","og_site_name":"Consolar.org","article_publisher":"https:\/\/www.facebook.com\/consolar","article_published_time":"2012-09-21T03:00:00+00:00","article_modified_time":"2026-02-26T18:17:30+00:00","og_image":[{"width":1198,"height":526,"url":"https:\/\/consolar.org\/wp-content\/uploads\/2012\/09\/tempodapartida.jpg","type":"image\/jpeg"}],"author":"Pr Luiz Rubem de Freitas","twitter_card":"summary_large_image","twitter_misc":{"Escrito por":"Pr Luiz Rubem de Freitas","Est. tempo de leitura":"3 minutos"},"schema":{"@context":"https:\/\/schema.org","@graph":[{"@type":"Article","@id":"https:\/\/consolar.org\/?p=709#article","isPartOf":{"@id":"https:\/\/consolar.org\/?p=709"},"author":{"name":"Pr Luiz Rubem de Freitas","@id":"https:\/\/consolar.org\/#\/schema\/person\/7b36e38187f2475e58065af654682d5d"},"headline":"Tempo da Partida","datePublished":"2012-09-21T03:00:00+00:00","dateModified":"2026-02-26T18:17:30+00:00","mainEntityOfPage":{"@id":"https:\/\/consolar.org\/?p=709"},"wordCount":503,"publisher":{"@id":"https:\/\/consolar.org\/#organization"},"image":{"@id":"https:\/\/consolar.org\/?p=709#primaryimage"},"thumbnailUrl":"https:\/\/consolar.org\/wp-content\/uploads\/2012\/09\/tempodapartida.jpg","articleSection":["Uncategorized"],"inLanguage":"pt-BR"},{"@type":"WebPage","@id":"https:\/\/consolar.org\/?p=709","url":"https:\/\/consolar.org\/?p=709","name":"Tempo da Partida - Consolar.org","isPartOf":{"@id":"https:\/\/consolar.org\/#website"},"primaryImageOfPage":{"@id":"https:\/\/consolar.org\/?p=709#primaryimage"},"image":{"@id":"https:\/\/consolar.org\/?p=709#primaryimage"},"thumbnailUrl":"https:\/\/consolar.org\/wp-content\/uploads\/2012\/09\/tempodapartida.jpg","datePublished":"2012-09-21T03:00:00+00:00","dateModified":"2026-02-26T18:17:30+00:00","breadcrumb":{"@id":"https:\/\/consolar.org\/?p=709#breadcrumb"},"inLanguage":"pt-BR","potentialAction":[{"@type":"ReadAction","target":["https:\/\/consolar.org\/?p=709"]}]},{"@type":"ImageObject","inLanguage":"pt-BR","@id":"https:\/\/consolar.org\/?p=709#primaryimage","url":"https:\/\/consolar.org\/wp-content\/uploads\/2012\/09\/tempodapartida.jpg","contentUrl":"https:\/\/consolar.org\/wp-content\/uploads\/2012\/09\/tempodapartida.jpg","width":1198,"height":526},{"@type":"BreadcrumbList","@id":"https:\/\/consolar.org\/?p=709#breadcrumb","itemListElement":[{"@type":"ListItem","position":1,"name":"In\u00edcio","item":"https:\/\/consolar.org\/"},{"@type":"ListItem","position":2,"name":"Tempo da Partida"}]},{"@type":"WebSite","@id":"https:\/\/consolar.org\/#website","url":"https:\/\/consolar.org\/","name":"Consolar.org","description":"Mensagens de conforto e esperan\u00e7a para cora\u00e7\u00f5es que precisam de paz.","publisher":{"@id":"https:\/\/consolar.org\/#organization"},"potentialAction":[{"@type":"SearchAction","target":{"@type":"EntryPoint","urlTemplate":"https:\/\/consolar.org\/?s={search_term_string}"},"query-input":{"@type":"PropertyValueSpecification","valueRequired":true,"valueName":"search_term_string"}}],"inLanguage":"pt-BR"},{"@type":"Organization","@id":"https:\/\/consolar.org\/#organization","name":"Consolar.org","url":"https:\/\/consolar.org\/","logo":{"@type":"ImageObject","inLanguage":"pt-BR","@id":"https:\/\/consolar.org\/#\/schema\/logo\/image\/","url":"https:\/\/consolar.org\/wp-content\/uploads\/2026\/02\/cropped-logonovo03-small.png","contentUrl":"https:\/\/consolar.org\/wp-content\/uploads\/2026\/02\/cropped-logonovo03-small.png","width":280,"height":142,"caption":"Consolar.org"},"image":{"@id":"https:\/\/consolar.org\/#\/schema\/logo\/image\/"},"sameAs":["https:\/\/www.facebook.com\/consolar"]},{"@type":"Person","@id":"https:\/\/consolar.org\/#\/schema\/person\/7b36e38187f2475e58065af654682d5d","name":"Pr Luiz Rubem de Freitas","image":{"@type":"ImageObject","inLanguage":"pt-BR","@id":"https:\/\/secure.gravatar.com\/avatar\/fd59dc00fc4178aa1e085bf491d394e3f72afcd9b1944348dfcec2bbecdc5761?s=96&d=blank&r=g","url":"https:\/\/secure.gravatar.com\/avatar\/fd59dc00fc4178aa1e085bf491d394e3f72afcd9b1944348dfcec2bbecdc5761?s=96&d=blank&r=g","contentUrl":"https:\/\/secure.gravatar.com\/avatar\/fd59dc00fc4178aa1e085bf491d394e3f72afcd9b1944348dfcec2bbecdc5761?s=96&d=blank&r=g","caption":"Pr Luiz Rubem de Freitas"},"url":"https:\/\/consolar.org\/?author=2"}]}},"_links":{"self":[{"href":"https:\/\/consolar.org\/index.php?rest_route=\/wp\/v2\/posts\/709","targetHints":{"allow":["GET"]}}],"collection":[{"href":"https:\/\/consolar.org\/index.php?rest_route=\/wp\/v2\/posts"}],"about":[{"href":"https:\/\/consolar.org\/index.php?rest_route=\/wp\/v2\/types\/post"}],"author":[{"embeddable":true,"href":"https:\/\/consolar.org\/index.php?rest_route=\/wp\/v2\/users\/2"}],"replies":[{"embeddable":true,"href":"https:\/\/consolar.org\/index.php?rest_route=%2Fwp%2Fv2%2Fcomments&post=709"}],"version-history":[{"count":0,"href":"https:\/\/consolar.org\/index.php?rest_route=\/wp\/v2\/posts\/709\/revisions"}],"wp:featuredmedia":[{"embeddable":true,"href":"https:\/\/consolar.org\/index.php?rest_route=\/wp\/v2\/media\/1089"}],"wp:attachment":[{"href":"https:\/\/consolar.org\/index.php?rest_route=%2Fwp%2Fv2%2Fmedia&parent=709"}],"wp:term":[{"taxonomy":"category","embeddable":true,"href":"https:\/\/consolar.org\/index.php?rest_route=%2Fwp%2Fv2%2Fcategories&post=709"},{"taxonomy":"post_tag","embeddable":true,"href":"https:\/\/consolar.org\/index.php?rest_route=%2Fwp%2Fv2%2Ftags&post=709"}],"curies":[{"name":"wp","href":"https:\/\/api.w.org\/{rel}","templated":true}]}}