{"id":686,"date":"2013-01-17T00:00:00","date_gmt":"2013-01-17T03:00:00","guid":{"rendered":"https:\/\/consolar.org\/2013\/01\/17\/pratos-quebrados\/"},"modified":"2026-02-26T12:04:16","modified_gmt":"2026-02-26T15:04:16","slug":"pratos-quebrados","status":"publish","type":"post","link":"https:\/\/consolar.org\/?p=686","title":{"rendered":"Pratos Quebrados"},"content":{"rendered":"\n<figure class=\"wp-block-image size-large\"><img loading=\"lazy\" decoding=\"async\" width=\"1024\" height=\"466\" src=\"https:\/\/consolar.org\/wp-content\/uploads\/2013\/01\/pratosquebrados-1024x466.jpg\" alt=\"\" class=\"wp-image-1065\" srcset=\"https:\/\/consolar.org\/wp-content\/uploads\/2013\/01\/pratosquebrados-1024x466.jpg 1024w, https:\/\/consolar.org\/wp-content\/uploads\/2013\/01\/pratosquebrados-300x137.jpg 300w, https:\/\/consolar.org\/wp-content\/uploads\/2013\/01\/pratosquebrados-768x349.jpg 768w, https:\/\/consolar.org\/wp-content\/uploads\/2013\/01\/pratosquebrados.jpg 1200w\" sizes=\"auto, (max-width: 1024px) 100vw, 1024px\" \/><\/figure>\n\n\n\n<p>Hoje no almo\u00e7o, no refeit\u00f3rio da empresa que trabalho, um colaborador ao colocar o prato na \u00e1rea de recolhimento perdeu o mesmo e ele se quebrou no ch\u00e3o. O barulho foi enorme. Todos pararam de comer e conversar. O sil\u00eancio foi sepulcral. Todos olharam em dire\u00e7\u00e3o ao grande ru\u00eddo para saber QUEM QUEBROU o prato. Como os desastres, pecados e erros dos outros chamam nossa aten\u00e7\u00e3o. <\/p>\n\n\n\n<p>Na verdade o problema n\u00e3o \u00e9 o prato quebrado. \u00c9 quem quebrou o prato. A gente espera respostas de quem quebra. Ca\u00edmos e quebramos por causa de nossos conceitos e experi\u00eancias. Esperamos respostas, como se todos, respondessem da mesma forma e do mesmo jeito. Como fossem todos iguais. Assim: Imagine se fosse um policial: Quebrei mesmo, algu\u00e9m tem algo contra? Ei voc\u00ea a\u00ed! Me d\u00e1 teu prato! Se fosse um m\u00e9dico: quebrei, mas n\u00e3o est\u00e3o pagando um sal\u00e1rio justo, vou continuar a quebrar e faltar ao trabalho. Se fosse um socialista: quebrei, mas foi por uma boa a\u00e7\u00e3o. Ningu\u00e9m mais vai ter que limpar o prato. Se fosse um pol\u00edtico: quebrei mesmo! Podem abrir uma CPI, mas encomendem logo um prato novo para pizza. Um cantor de Funk: quebra! quebra! quebra! at\u00e9 embaixo! quebra! quebra! quebra! at\u00e9 embaixo! Quebrando sem parar! e quebra! e requebra! e quebra e requebra! e cai e n\u00e3o se levanta&#8230;.. quebra! E quebra!&#8230;. Um jogador de futebol: quebrei, mas ganhamos o jogo! Um pastor, padre ou outro religioso enganado e\/ou enganador: Vamos orar pelo prato! Um milagre acontecer\u00e1 em breve. Haver\u00e1 o milagre do prato se me derem uma oferta especial de &#8230;&#8230; Um soci\u00f3logo: Quebrei um prato, n\u00e3o se importem. Voc\u00eas sabem quantos est\u00e3o sem comida, sem prato? Melhor pergunta: Algu\u00e9m est\u00e1 disposto a catar os caquinhos do Prato? E abra\u00e7ar quem derrubou o prato? Mesmo que tenham derrubado por \u00f3dio, rancor, m\u00e1goas, tristeza, doen\u00e7a, depress\u00e3o, inveja, religiosidade, decep\u00e7\u00f5es, ressentimentos, &#8230;.? <\/p>\n\n\n\n<p>A melhor posi\u00e7\u00e3o \u00e9 n\u00e3o aprisionar as institui\u00e7\u00f5es e as pessoas em nossos pr\u00f3prios conceitos ou pr\u00e9-conceitos nascidos de experi\u00eancias de vida. Nossa experi\u00eancia deveria ser a experi\u00eancia de Cristo que deveria reinar e viver em n\u00f3s. \u00c9 por isso, que um filho maltratado pelo pai, vai ter muitas dificuldades de entender o ensinamento de Cristo, quando nos ensinou a chamar e tratar Deus como Pai. O prato j\u00e1 est\u00e1 quebrado, a fam\u00edlia desestruturada, as emo\u00e7\u00f5es esfrangalhadas, o esp\u00edrito desanimado e a alma doente. <\/p>\n\n\n\n<p>Deus \u00e9 o Deus que apesar dos pratos quebrados transforma, cura, santifica, limpa, perdoa, ama os quebradores de prato. Deus que \u00e9 Pai tem poder de at\u00e9 consertar os pratos, mas Ele quer primeiro que saibas que Ele ama voc\u00ea e a mim &#8211; n\u00f3s os quebradores de prato. Pensei e orei por mim e por voc\u00ea. Pois somos os maiores quebradores de pratos, e mesmo assim, Ele nos amou! Vamos olhar nossos pratos e n\u00e3o os do outros, mesmo porque, h\u00e1 pratos de pl\u00e1stico e pratos de porcelana real. H\u00e1 todos tipos de prato, onde cabe todo tipo de comida. Por\u00e9m, Deus nos quer dar um banquete, mesmo com pratos quebrados. Ele j\u00e1 nos deu o P\u00e3o da Vida &#8211; Jesus Cristo.<\/p>\n","protected":false},"excerpt":{"rendered":"<p>Hoje no almo\u00e7o, no refeit\u00f3rio da empresa que trabalho, um colaborador ao colocar o prato na \u00e1rea de recolhimento perdeu o mesmo e ele se quebrou no ch\u00e3o. O barulho foi enorme. Todos pararam de comer e conversar. O sil\u00eancio foi sepulcral. Todos olharam em dire\u00e7\u00e3o ao grande ru\u00eddo para saber QUEM QUEBROU o prato. <a class=\"more-link\" href=\"https:\/\/consolar.org\/?p=686\">&hellip; Continue lendo&hellip; &rarr;<\/a><\/p>\n","protected":false},"author":2,"featured_media":1065,"comment_status":"closed","ping_status":"closed","sticky":false,"template":"","format":"standard","meta":{"_ayudawp_aiss_exclude":false,"footnotes":"","_wpscppro_dont_share_socialmedia":false,"_wpscppro_custom_social_share_image":0,"_facebook_share_type":"","_twitter_share_type":"","_linkedin_share_type":"","_pinterest_share_type":"","_linkedin_share_type_page":"","_instagram_share_type":"","_medium_share_type":"","_threads_share_type":"","_google_business_share_type":"","_selected_social_profile":[],"_wpsp_enable_custom_social_template":false,"_wpsp_social_scheduling":{"enabled":false,"datetime":null,"platforms":[],"status":"template_only","dateOption":"today","timeOption":"now","customDays":"","customHours":"","customDate":"","customTime":"","schedulingType":"absolute"},"_wpsp_active_default_template":true},"categories":[1],"tags":[],"class_list":["post-686","post","type-post","status-publish","format-standard","has-post-thumbnail","hentry","category-uncategorized"],"yoast_head":"<!-- This site is optimized with the Yoast SEO Premium plugin v27.3 (Yoast SEO v27.5) - https:\/\/yoast.com\/product\/yoast-seo-premium-wordpress\/ -->\n<title>Pratos Quebrados - Consolar.org<\/title>\n<meta name=\"robots\" content=\"index, follow, max-snippet:-1, max-image-preview:large, max-video-preview:-1\" \/>\n<link rel=\"canonical\" href=\"https:\/\/consolar.org\/?p=686\" \/>\n<meta property=\"og:locale\" content=\"pt_BR\" \/>\n<meta property=\"og:type\" content=\"article\" \/>\n<meta property=\"og:title\" content=\"Pratos Quebrados\" \/>\n<meta property=\"og:description\" content=\"Hoje no almo\u00e7o, no refeit\u00f3rio da empresa que trabalho, um colaborador ao colocar o prato na \u00e1rea de recolhimento perdeu o mesmo e ele se quebrou no ch\u00e3o. O barulho foi enorme. Todos pararam de comer e conversar. O sil\u00eancio foi sepulcral. Todos olharam em dire\u00e7\u00e3o ao grande ru\u00eddo para saber QUEM QUEBROU o prato. &hellip; Continue lendo&hellip; &rarr;\" \/>\n<meta property=\"og:url\" content=\"https:\/\/consolar.org\/?p=686\" \/>\n<meta property=\"og:site_name\" content=\"Consolar.org\" \/>\n<meta property=\"article:publisher\" content=\"https:\/\/www.facebook.com\/consolar\" \/>\n<meta property=\"article:published_time\" content=\"2013-01-17T03:00:00+00:00\" \/>\n<meta property=\"article:modified_time\" content=\"2026-02-26T15:04:16+00:00\" \/>\n<meta property=\"og:image\" content=\"https:\/\/consolar.org\/wp-content\/uploads\/2013\/01\/pratosquebrados.jpg\" \/>\n\t<meta property=\"og:image:width\" content=\"1200\" \/>\n\t<meta property=\"og:image:height\" content=\"546\" \/>\n\t<meta property=\"og:image:type\" content=\"image\/jpeg\" \/>\n<meta name=\"author\" content=\"Pr Luiz Rubem de Freitas\" \/>\n<meta name=\"twitter:card\" content=\"summary_large_image\" \/>\n<meta name=\"twitter:label1\" content=\"Escrito por\" \/>\n\t<meta name=\"twitter:data1\" content=\"Pr Luiz Rubem de Freitas\" \/>\n\t<meta name=\"twitter:label2\" content=\"Est. tempo de leitura\" \/>\n\t<meta name=\"twitter:data2\" content=\"3 minutos\" \/>\n<script type=\"application\/ld+json\" class=\"yoast-schema-graph\">{\"@context\":\"https:\\\/\\\/schema.org\",\"@graph\":[{\"@type\":\"Article\",\"@id\":\"https:\\\/\\\/consolar.org\\\/?p=686#article\",\"isPartOf\":{\"@id\":\"https:\\\/\\\/consolar.org\\\/?p=686\"},\"author\":{\"name\":\"Pr Luiz Rubem de Freitas\",\"@id\":\"https:\\\/\\\/consolar.org\\\/#\\\/schema\\\/person\\\/7b36e38187f2475e58065af654682d5d\"},\"headline\":\"Pratos Quebrados\",\"datePublished\":\"2013-01-17T03:00:00+00:00\",\"dateModified\":\"2026-02-26T15:04:16+00:00\",\"mainEntityOfPage\":{\"@id\":\"https:\\\/\\\/consolar.org\\\/?p=686\"},\"wordCount\":561,\"publisher\":{\"@id\":\"https:\\\/\\\/consolar.org\\\/#organization\"},\"image\":{\"@id\":\"https:\\\/\\\/consolar.org\\\/?p=686#primaryimage\"},\"thumbnailUrl\":\"https:\\\/\\\/consolar.org\\\/wp-content\\\/uploads\\\/2013\\\/01\\\/pratosquebrados.jpg\",\"articleSection\":[\"Uncategorized\"],\"inLanguage\":\"pt-BR\"},{\"@type\":\"WebPage\",\"@id\":\"https:\\\/\\\/consolar.org\\\/?p=686\",\"url\":\"https:\\\/\\\/consolar.org\\\/?p=686\",\"name\":\"Pratos Quebrados - Consolar.org\",\"isPartOf\":{\"@id\":\"https:\\\/\\\/consolar.org\\\/#website\"},\"primaryImageOfPage\":{\"@id\":\"https:\\\/\\\/consolar.org\\\/?p=686#primaryimage\"},\"image\":{\"@id\":\"https:\\\/\\\/consolar.org\\\/?p=686#primaryimage\"},\"thumbnailUrl\":\"https:\\\/\\\/consolar.org\\\/wp-content\\\/uploads\\\/2013\\\/01\\\/pratosquebrados.jpg\",\"datePublished\":\"2013-01-17T03:00:00+00:00\",\"dateModified\":\"2026-02-26T15:04:16+00:00\",\"breadcrumb\":{\"@id\":\"https:\\\/\\\/consolar.org\\\/?p=686#breadcrumb\"},\"inLanguage\":\"pt-BR\",\"potentialAction\":[{\"@type\":\"ReadAction\",\"target\":[\"https:\\\/\\\/consolar.org\\\/?p=686\"]}]},{\"@type\":\"ImageObject\",\"inLanguage\":\"pt-BR\",\"@id\":\"https:\\\/\\\/consolar.org\\\/?p=686#primaryimage\",\"url\":\"https:\\\/\\\/consolar.org\\\/wp-content\\\/uploads\\\/2013\\\/01\\\/pratosquebrados.jpg\",\"contentUrl\":\"https:\\\/\\\/consolar.org\\\/wp-content\\\/uploads\\\/2013\\\/01\\\/pratosquebrados.jpg\",\"width\":1200,\"height\":546},{\"@type\":\"BreadcrumbList\",\"@id\":\"https:\\\/\\\/consolar.org\\\/?p=686#breadcrumb\",\"itemListElement\":[{\"@type\":\"ListItem\",\"position\":1,\"name\":\"In\u00edcio\",\"item\":\"https:\\\/\\\/consolar.org\\\/\"},{\"@type\":\"ListItem\",\"position\":2,\"name\":\"Pratos Quebrados\"}]},{\"@type\":\"WebSite\",\"@id\":\"https:\\\/\\\/consolar.org\\\/#website\",\"url\":\"https:\\\/\\\/consolar.org\\\/\",\"name\":\"Consolar.org\",\"description\":\"Mensagens de conforto e esperan\u00e7a para cora\u00e7\u00f5es que precisam de paz.\",\"publisher\":{\"@id\":\"https:\\\/\\\/consolar.org\\\/#organization\"},\"potentialAction\":[{\"@type\":\"SearchAction\",\"target\":{\"@type\":\"EntryPoint\",\"urlTemplate\":\"https:\\\/\\\/consolar.org\\\/?s={search_term_string}\"},\"query-input\":{\"@type\":\"PropertyValueSpecification\",\"valueRequired\":true,\"valueName\":\"search_term_string\"}}],\"inLanguage\":\"pt-BR\"},{\"@type\":\"Organization\",\"@id\":\"https:\\\/\\\/consolar.org\\\/#organization\",\"name\":\"Consolar.org\",\"url\":\"https:\\\/\\\/consolar.org\\\/\",\"logo\":{\"@type\":\"ImageObject\",\"inLanguage\":\"pt-BR\",\"@id\":\"https:\\\/\\\/consolar.org\\\/#\\\/schema\\\/logo\\\/image\\\/\",\"url\":\"https:\\\/\\\/consolar.org\\\/wp-content\\\/uploads\\\/2026\\\/02\\\/cropped-logonovo03-small.png\",\"contentUrl\":\"https:\\\/\\\/consolar.org\\\/wp-content\\\/uploads\\\/2026\\\/02\\\/cropped-logonovo03-small.png\",\"width\":280,\"height\":142,\"caption\":\"Consolar.org\"},\"image\":{\"@id\":\"https:\\\/\\\/consolar.org\\\/#\\\/schema\\\/logo\\\/image\\\/\"},\"sameAs\":[\"https:\\\/\\\/www.facebook.com\\\/consolar\"]},{\"@type\":\"Person\",\"@id\":\"https:\\\/\\\/consolar.org\\\/#\\\/schema\\\/person\\\/7b36e38187f2475e58065af654682d5d\",\"name\":\"Pr Luiz Rubem de Freitas\",\"image\":{\"@type\":\"ImageObject\",\"inLanguage\":\"pt-BR\",\"@id\":\"https:\\\/\\\/secure.gravatar.com\\\/avatar\\\/fd59dc00fc4178aa1e085bf491d394e3f72afcd9b1944348dfcec2bbecdc5761?s=96&d=blank&r=g\",\"url\":\"https:\\\/\\\/secure.gravatar.com\\\/avatar\\\/fd59dc00fc4178aa1e085bf491d394e3f72afcd9b1944348dfcec2bbecdc5761?s=96&d=blank&r=g\",\"contentUrl\":\"https:\\\/\\\/secure.gravatar.com\\\/avatar\\\/fd59dc00fc4178aa1e085bf491d394e3f72afcd9b1944348dfcec2bbecdc5761?s=96&d=blank&r=g\",\"caption\":\"Pr Luiz Rubem de Freitas\"},\"url\":\"https:\\\/\\\/consolar.org\\\/?author=2\"}]}<\/script>\n<!-- \/ Yoast SEO Premium plugin. -->","yoast_head_json":{"title":"Pratos Quebrados - Consolar.org","robots":{"index":"index","follow":"follow","max-snippet":"max-snippet:-1","max-image-preview":"max-image-preview:large","max-video-preview":"max-video-preview:-1"},"canonical":"https:\/\/consolar.org\/?p=686","og_locale":"pt_BR","og_type":"article","og_title":"Pratos Quebrados","og_description":"Hoje no almo\u00e7o, no refeit\u00f3rio da empresa que trabalho, um colaborador ao colocar o prato na \u00e1rea de recolhimento perdeu o mesmo e ele se quebrou no ch\u00e3o. O barulho foi enorme. Todos pararam de comer e conversar. O sil\u00eancio foi sepulcral. Todos olharam em dire\u00e7\u00e3o ao grande ru\u00eddo para saber QUEM QUEBROU o prato. &hellip; Continue lendo&hellip; &rarr;","og_url":"https:\/\/consolar.org\/?p=686","og_site_name":"Consolar.org","article_publisher":"https:\/\/www.facebook.com\/consolar","article_published_time":"2013-01-17T03:00:00+00:00","article_modified_time":"2026-02-26T15:04:16+00:00","og_image":[{"width":1200,"height":546,"url":"https:\/\/consolar.org\/wp-content\/uploads\/2013\/01\/pratosquebrados.jpg","type":"image\/jpeg"}],"author":"Pr Luiz Rubem de Freitas","twitter_card":"summary_large_image","twitter_misc":{"Escrito por":"Pr Luiz Rubem de Freitas","Est. tempo de leitura":"3 minutos"},"schema":{"@context":"https:\/\/schema.org","@graph":[{"@type":"Article","@id":"https:\/\/consolar.org\/?p=686#article","isPartOf":{"@id":"https:\/\/consolar.org\/?p=686"},"author":{"name":"Pr Luiz Rubem de Freitas","@id":"https:\/\/consolar.org\/#\/schema\/person\/7b36e38187f2475e58065af654682d5d"},"headline":"Pratos Quebrados","datePublished":"2013-01-17T03:00:00+00:00","dateModified":"2026-02-26T15:04:16+00:00","mainEntityOfPage":{"@id":"https:\/\/consolar.org\/?p=686"},"wordCount":561,"publisher":{"@id":"https:\/\/consolar.org\/#organization"},"image":{"@id":"https:\/\/consolar.org\/?p=686#primaryimage"},"thumbnailUrl":"https:\/\/consolar.org\/wp-content\/uploads\/2013\/01\/pratosquebrados.jpg","articleSection":["Uncategorized"],"inLanguage":"pt-BR"},{"@type":"WebPage","@id":"https:\/\/consolar.org\/?p=686","url":"https:\/\/consolar.org\/?p=686","name":"Pratos Quebrados - Consolar.org","isPartOf":{"@id":"https:\/\/consolar.org\/#website"},"primaryImageOfPage":{"@id":"https:\/\/consolar.org\/?p=686#primaryimage"},"image":{"@id":"https:\/\/consolar.org\/?p=686#primaryimage"},"thumbnailUrl":"https:\/\/consolar.org\/wp-content\/uploads\/2013\/01\/pratosquebrados.jpg","datePublished":"2013-01-17T03:00:00+00:00","dateModified":"2026-02-26T15:04:16+00:00","breadcrumb":{"@id":"https:\/\/consolar.org\/?p=686#breadcrumb"},"inLanguage":"pt-BR","potentialAction":[{"@type":"ReadAction","target":["https:\/\/consolar.org\/?p=686"]}]},{"@type":"ImageObject","inLanguage":"pt-BR","@id":"https:\/\/consolar.org\/?p=686#primaryimage","url":"https:\/\/consolar.org\/wp-content\/uploads\/2013\/01\/pratosquebrados.jpg","contentUrl":"https:\/\/consolar.org\/wp-content\/uploads\/2013\/01\/pratosquebrados.jpg","width":1200,"height":546},{"@type":"BreadcrumbList","@id":"https:\/\/consolar.org\/?p=686#breadcrumb","itemListElement":[{"@type":"ListItem","position":1,"name":"In\u00edcio","item":"https:\/\/consolar.org\/"},{"@type":"ListItem","position":2,"name":"Pratos Quebrados"}]},{"@type":"WebSite","@id":"https:\/\/consolar.org\/#website","url":"https:\/\/consolar.org\/","name":"Consolar.org","description":"Mensagens de conforto e esperan\u00e7a para cora\u00e7\u00f5es que precisam de paz.","publisher":{"@id":"https:\/\/consolar.org\/#organization"},"potentialAction":[{"@type":"SearchAction","target":{"@type":"EntryPoint","urlTemplate":"https:\/\/consolar.org\/?s={search_term_string}"},"query-input":{"@type":"PropertyValueSpecification","valueRequired":true,"valueName":"search_term_string"}}],"inLanguage":"pt-BR"},{"@type":"Organization","@id":"https:\/\/consolar.org\/#organization","name":"Consolar.org","url":"https:\/\/consolar.org\/","logo":{"@type":"ImageObject","inLanguage":"pt-BR","@id":"https:\/\/consolar.org\/#\/schema\/logo\/image\/","url":"https:\/\/consolar.org\/wp-content\/uploads\/2026\/02\/cropped-logonovo03-small.png","contentUrl":"https:\/\/consolar.org\/wp-content\/uploads\/2026\/02\/cropped-logonovo03-small.png","width":280,"height":142,"caption":"Consolar.org"},"image":{"@id":"https:\/\/consolar.org\/#\/schema\/logo\/image\/"},"sameAs":["https:\/\/www.facebook.com\/consolar"]},{"@type":"Person","@id":"https:\/\/consolar.org\/#\/schema\/person\/7b36e38187f2475e58065af654682d5d","name":"Pr Luiz Rubem de Freitas","image":{"@type":"ImageObject","inLanguage":"pt-BR","@id":"https:\/\/secure.gravatar.com\/avatar\/fd59dc00fc4178aa1e085bf491d394e3f72afcd9b1944348dfcec2bbecdc5761?s=96&d=blank&r=g","url":"https:\/\/secure.gravatar.com\/avatar\/fd59dc00fc4178aa1e085bf491d394e3f72afcd9b1944348dfcec2bbecdc5761?s=96&d=blank&r=g","contentUrl":"https:\/\/secure.gravatar.com\/avatar\/fd59dc00fc4178aa1e085bf491d394e3f72afcd9b1944348dfcec2bbecdc5761?s=96&d=blank&r=g","caption":"Pr Luiz Rubem de Freitas"},"url":"https:\/\/consolar.org\/?author=2"}]}},"_links":{"self":[{"href":"https:\/\/consolar.org\/index.php?rest_route=\/wp\/v2\/posts\/686","targetHints":{"allow":["GET"]}}],"collection":[{"href":"https:\/\/consolar.org\/index.php?rest_route=\/wp\/v2\/posts"}],"about":[{"href":"https:\/\/consolar.org\/index.php?rest_route=\/wp\/v2\/types\/post"}],"author":[{"embeddable":true,"href":"https:\/\/consolar.org\/index.php?rest_route=\/wp\/v2\/users\/2"}],"replies":[{"embeddable":true,"href":"https:\/\/consolar.org\/index.php?rest_route=%2Fwp%2Fv2%2Fcomments&post=686"}],"version-history":[{"count":0,"href":"https:\/\/consolar.org\/index.php?rest_route=\/wp\/v2\/posts\/686\/revisions"}],"wp:featuredmedia":[{"embeddable":true,"href":"https:\/\/consolar.org\/index.php?rest_route=\/wp\/v2\/media\/1065"}],"wp:attachment":[{"href":"https:\/\/consolar.org\/index.php?rest_route=%2Fwp%2Fv2%2Fmedia&parent=686"}],"wp:term":[{"taxonomy":"category","embeddable":true,"href":"https:\/\/consolar.org\/index.php?rest_route=%2Fwp%2Fv2%2Fcategories&post=686"},{"taxonomy":"post_tag","embeddable":true,"href":"https:\/\/consolar.org\/index.php?rest_route=%2Fwp%2Fv2%2Ftags&post=686"}],"curies":[{"name":"wp","href":"https:\/\/api.w.org\/{rel}","templated":true}]}}