{"id":668,"date":"2011-12-01T00:00:00","date_gmt":"2011-12-01T03:00:00","guid":{"rendered":"https:\/\/consolar.org\/2011\/12\/01\/o-sol-e-a-lua-nao-sao-maiores-que-deus\/"},"modified":"2026-02-28T00:15:41","modified_gmt":"2026-02-28T03:15:41","slug":"o-sol-e-a-lua-nao-sao-maiores-que-deus","status":"publish","type":"post","link":"https:\/\/consolar.org\/?p=668","title":{"rendered":"O Sol e a Lua N\u00e3o S\u00e3o Maiores Que Deus"},"content":{"rendered":"\n<figure class=\"wp-block-image size-large\"><img loading=\"lazy\" decoding=\"async\" width=\"1024\" height=\"459\" src=\"https:\/\/consolar.org\/wp-content\/uploads\/2011\/12\/solluanaosaomaioresqueDeus-1024x459.jpg\" alt=\"\" class=\"wp-image-1117\" srcset=\"https:\/\/consolar.org\/wp-content\/uploads\/2011\/12\/solluanaosaomaioresqueDeus-1024x459.jpg 1024w, https:\/\/consolar.org\/wp-content\/uploads\/2011\/12\/solluanaosaomaioresqueDeus-300x135.jpg 300w, https:\/\/consolar.org\/wp-content\/uploads\/2011\/12\/solluanaosaomaioresqueDeus-768x344.jpg 768w, https:\/\/consolar.org\/wp-content\/uploads\/2011\/12\/solluanaosaomaioresqueDeus.jpg 1200w\" sizes=\"auto, (max-width: 1024px) 100vw, 1024px\" \/><\/figure>\n\n\n\n<p class=\"has-text-align-center\"><em>&#8220;O sol n\u00e3o te molestar\u00e1 de dia nem a lua de noite&#8221; (Salmos 121.6)<\/em> <\/p>\n\n\n\n<p>Quando estamos com Deus, nem as maiores estrelas nem os menores luminares do c\u00e9u nos molestar\u00e3o. N\u00e3o sei o tamanho de seu problema, mas ele n\u00e3o \u00e9 maior do que o nosso Deus. Por isso, n\u00e3o se apavore com as adversidades e mol\u00e9stias deste dia, mesmo que elas sejam t\u00e3o grandes a ponto de parecerem te queimar durante o dia ou te congelar de frio e de medo durante a longa noite. <\/p>\n\n\n\n<p>Viver \u00e0 sombra de Deus significa estar em lugar seguro. O sol, estrela da manh\u00e3, objeto da poesia e da vida, se mesmo ele desejar te molestar, estar\u00e1s seguro nas sombras do Criador dos c\u00e9us e da terra. E mesmo que a lua e as estrelas, desejo de poetas e amantes, cantada em lindas melodias, desejarem te destruir, n\u00e3o haver\u00e1 lugar melhor para ficar do que na Luz da Vida, que \u00e9 Jesus. <\/p>\n\n\n\n<p>O salmista que perdeu quatro de seus filhos, que viu seus ossos quebrados, amigos morrendo em batalhas, esposas sendo sequestradas e filhos amados o traindo. Mesmo assim Ele canta: <em>&#8220;[c\u00e2ntico dos degraus] Levantarei os meus olhos para os montes, de onde vem o meu socorro.O meu socorro vem do SENHOR que fez o c\u00e9u e a terra.N\u00e3o deixar\u00e1 vacilar o teu p\u00e9; aquele que te guarda n\u00e3o tosquenejar\u00e1. Eis que n\u00e3o tosquenejar\u00e1 nem dormir\u00e1 o guarda de Israel.O SENHOR \u00e9 quem te guarda; o SENHOR \u00e9 a tua sombra \u00e0 tua direita. O sol n\u00e3o te molestar\u00e1 de dia nem a lua de noite. O SENHOR te guardar\u00e1 de todo o mal; guardar\u00e1 a tua alma. O SENHOR guardar\u00e1 a tua entrada e a tua sa\u00edda, desde agora e para sempre&#8221;<\/em> (Salmos 121). <\/p>\n\n\n\n<p>Este c\u00e2ntico dos degraus alerta que mesmo que as tenta\u00e7\u00f5es e prova\u00e7\u00f5es, sina dos moradores da terra, se abatam sobre ti, a calma, a tranquilidade e a paz prevalecer\u00e3o. Todo aquele que est\u00e1 subindo os degraus, que \u00e9 peregrino aqui na terra, que anda para os montes, que olha para o alto, descansar\u00e1, pois encontrar\u00e1 logo seu socorro e, sabendo que sua esperan\u00e7a est\u00e1 no Senhor. Sabe porque ele canta assim? Porque Davi sabia de onde viria o socorro, o sustento, as for\u00e7as, a vit\u00f3ria. Olhava para os montes, pois \u00e9 de l\u00e1 que vem o socorro. \u00c9 o Deus de perto e n\u00e3o de longe, que n\u00e3o deixa a gente vacilar, que n\u00e3o esquece de n\u00f3s nem de dia nem de noite, que guarda nossa direita e a nossa esquerda, que guarda nossa alma de todo mal. Que guarda a nossa entrada e a nossa sa\u00edda, e que nos livra da dor maior de sermos queimados pelo sol da tristeza, da angustia, da desist\u00eancia, do desespero, da decep\u00e7\u00e3o e da morte eterna. Que nos livra da dor maior de sermos inutilizados pelo ataque da noite mais tenebrosa. Ele est\u00e1 contigo no escuro da noite e no raiar de um novo dia.<\/p>\n","protected":false},"excerpt":{"rendered":"<p>&#8220;O sol n\u00e3o te molestar\u00e1 de dia nem a lua de noite&#8221; (Salmos 121.6) Quando estamos com Deus, nem as maiores estrelas nem os menores luminares do c\u00e9u nos molestar\u00e3o. N\u00e3o sei o tamanho de seu problema, mas ele n\u00e3o \u00e9 maior do que o nosso Deus. Por isso, n\u00e3o se apavore com as adversidades <a class=\"more-link\" href=\"https:\/\/consolar.org\/?p=668\">&hellip; Continue lendo&hellip; &rarr;<\/a><\/p>\n","protected":false},"author":2,"featured_media":1117,"comment_status":"closed","ping_status":"closed","sticky":false,"template":"","format":"standard","meta":{"_ayudawp_aiss_exclude":false,"footnotes":"","_wpscppro_dont_share_socialmedia":false,"_wpscppro_custom_social_share_image":0,"_facebook_share_type":"","_twitter_share_type":"","_linkedin_share_type":"","_pinterest_share_type":"","_linkedin_share_type_page":"","_instagram_share_type":"","_medium_share_type":"","_threads_share_type":"","_google_business_share_type":"","_selected_social_profile":[],"_wpsp_enable_custom_social_template":false,"_wpsp_social_scheduling":{"enabled":false,"datetime":null,"platforms":[],"status":"template_only","dateOption":"today","timeOption":"now","customDays":"","customHours":"","customDate":"","customTime":"","schedulingType":"absolute"},"_wpsp_active_default_template":true},"categories":[1],"tags":[],"class_list":["post-668","post","type-post","status-publish","format-standard","has-post-thumbnail","hentry","category-uncategorized"],"yoast_head":"<!-- This site is optimized with the Yoast SEO Premium plugin v27.3 (Yoast SEO v27.5) - https:\/\/yoast.com\/product\/yoast-seo-premium-wordpress\/ -->\n<title>O Sol e a Lua N\u00e3o S\u00e3o Maiores Que Deus - Consolar.org<\/title>\n<meta name=\"robots\" content=\"index, follow, max-snippet:-1, max-image-preview:large, max-video-preview:-1\" \/>\n<link rel=\"canonical\" href=\"https:\/\/consolar.org\/?p=668\" \/>\n<meta property=\"og:locale\" content=\"pt_BR\" \/>\n<meta property=\"og:type\" content=\"article\" \/>\n<meta property=\"og:title\" content=\"O Sol e a Lua N\u00e3o S\u00e3o Maiores Que Deus\" \/>\n<meta property=\"og:description\" content=\"&#8220;O sol n\u00e3o te molestar\u00e1 de dia nem a lua de noite&#8221; (Salmos 121.6) Quando estamos com Deus, nem as maiores estrelas nem os menores luminares do c\u00e9u nos molestar\u00e3o. N\u00e3o sei o tamanho de seu problema, mas ele n\u00e3o \u00e9 maior do que o nosso Deus. Por isso, n\u00e3o se apavore com as adversidades &hellip; Continue lendo&hellip; &rarr;\" \/>\n<meta property=\"og:url\" content=\"https:\/\/consolar.org\/?p=668\" \/>\n<meta property=\"og:site_name\" content=\"Consolar.org\" \/>\n<meta property=\"article:publisher\" content=\"https:\/\/www.facebook.com\/consolar\" \/>\n<meta property=\"article:published_time\" content=\"2011-12-01T03:00:00+00:00\" \/>\n<meta property=\"article:modified_time\" content=\"2026-02-28T03:15:41+00:00\" \/>\n<meta property=\"og:image\" content=\"https:\/\/consolar.org\/wp-content\/uploads\/2011\/12\/solluanaosaomaioresqueDeus.jpg\" \/>\n\t<meta property=\"og:image:width\" content=\"1200\" \/>\n\t<meta property=\"og:image:height\" content=\"538\" \/>\n\t<meta property=\"og:image:type\" content=\"image\/jpeg\" \/>\n<meta name=\"author\" content=\"Pr Luiz Rubem de Freitas\" \/>\n<meta name=\"twitter:card\" content=\"summary_large_image\" \/>\n<meta name=\"twitter:label1\" content=\"Escrito por\" \/>\n\t<meta name=\"twitter:data1\" content=\"Pr Luiz Rubem de Freitas\" \/>\n\t<meta name=\"twitter:label2\" content=\"Est. tempo de leitura\" \/>\n\t<meta name=\"twitter:data2\" content=\"3 minutos\" \/>\n<script type=\"application\/ld+json\" class=\"yoast-schema-graph\">{\"@context\":\"https:\\\/\\\/schema.org\",\"@graph\":[{\"@type\":\"Article\",\"@id\":\"https:\\\/\\\/consolar.org\\\/?p=668#article\",\"isPartOf\":{\"@id\":\"https:\\\/\\\/consolar.org\\\/?p=668\"},\"author\":{\"name\":\"Pr Luiz Rubem de Freitas\",\"@id\":\"https:\\\/\\\/consolar.org\\\/#\\\/schema\\\/person\\\/7b36e38187f2475e58065af654682d5d\"},\"headline\":\"O Sol e a Lua N\u00e3o S\u00e3o Maiores Que Deus\",\"datePublished\":\"2011-12-01T03:00:00+00:00\",\"dateModified\":\"2026-02-28T03:15:41+00:00\",\"mainEntityOfPage\":{\"@id\":\"https:\\\/\\\/consolar.org\\\/?p=668\"},\"wordCount\":530,\"publisher\":{\"@id\":\"https:\\\/\\\/consolar.org\\\/#organization\"},\"image\":{\"@id\":\"https:\\\/\\\/consolar.org\\\/?p=668#primaryimage\"},\"thumbnailUrl\":\"https:\\\/\\\/consolar.org\\\/wp-content\\\/uploads\\\/2011\\\/12\\\/solluanaosaomaioresqueDeus.jpg\",\"articleSection\":[\"Uncategorized\"],\"inLanguage\":\"pt-BR\"},{\"@type\":\"WebPage\",\"@id\":\"https:\\\/\\\/consolar.org\\\/?p=668\",\"url\":\"https:\\\/\\\/consolar.org\\\/?p=668\",\"name\":\"O Sol e a Lua N\u00e3o S\u00e3o Maiores Que Deus - Consolar.org\",\"isPartOf\":{\"@id\":\"https:\\\/\\\/consolar.org\\\/#website\"},\"primaryImageOfPage\":{\"@id\":\"https:\\\/\\\/consolar.org\\\/?p=668#primaryimage\"},\"image\":{\"@id\":\"https:\\\/\\\/consolar.org\\\/?p=668#primaryimage\"},\"thumbnailUrl\":\"https:\\\/\\\/consolar.org\\\/wp-content\\\/uploads\\\/2011\\\/12\\\/solluanaosaomaioresqueDeus.jpg\",\"datePublished\":\"2011-12-01T03:00:00+00:00\",\"dateModified\":\"2026-02-28T03:15:41+00:00\",\"breadcrumb\":{\"@id\":\"https:\\\/\\\/consolar.org\\\/?p=668#breadcrumb\"},\"inLanguage\":\"pt-BR\",\"potentialAction\":[{\"@type\":\"ReadAction\",\"target\":[\"https:\\\/\\\/consolar.org\\\/?p=668\"]}]},{\"@type\":\"ImageObject\",\"inLanguage\":\"pt-BR\",\"@id\":\"https:\\\/\\\/consolar.org\\\/?p=668#primaryimage\",\"url\":\"https:\\\/\\\/consolar.org\\\/wp-content\\\/uploads\\\/2011\\\/12\\\/solluanaosaomaioresqueDeus.jpg\",\"contentUrl\":\"https:\\\/\\\/consolar.org\\\/wp-content\\\/uploads\\\/2011\\\/12\\\/solluanaosaomaioresqueDeus.jpg\",\"width\":1200,\"height\":538},{\"@type\":\"BreadcrumbList\",\"@id\":\"https:\\\/\\\/consolar.org\\\/?p=668#breadcrumb\",\"itemListElement\":[{\"@type\":\"ListItem\",\"position\":1,\"name\":\"In\u00edcio\",\"item\":\"https:\\\/\\\/consolar.org\\\/\"},{\"@type\":\"ListItem\",\"position\":2,\"name\":\"O Sol e a Lua N\u00e3o S\u00e3o Maiores Que Deus\"}]},{\"@type\":\"WebSite\",\"@id\":\"https:\\\/\\\/consolar.org\\\/#website\",\"url\":\"https:\\\/\\\/consolar.org\\\/\",\"name\":\"Consolar.org\",\"description\":\"Mensagens de conforto e esperan\u00e7a para cora\u00e7\u00f5es que precisam de paz.\",\"publisher\":{\"@id\":\"https:\\\/\\\/consolar.org\\\/#organization\"},\"potentialAction\":[{\"@type\":\"SearchAction\",\"target\":{\"@type\":\"EntryPoint\",\"urlTemplate\":\"https:\\\/\\\/consolar.org\\\/?s={search_term_string}\"},\"query-input\":{\"@type\":\"PropertyValueSpecification\",\"valueRequired\":true,\"valueName\":\"search_term_string\"}}],\"inLanguage\":\"pt-BR\"},{\"@type\":\"Organization\",\"@id\":\"https:\\\/\\\/consolar.org\\\/#organization\",\"name\":\"Consolar.org\",\"url\":\"https:\\\/\\\/consolar.org\\\/\",\"logo\":{\"@type\":\"ImageObject\",\"inLanguage\":\"pt-BR\",\"@id\":\"https:\\\/\\\/consolar.org\\\/#\\\/schema\\\/logo\\\/image\\\/\",\"url\":\"https:\\\/\\\/consolar.org\\\/wp-content\\\/uploads\\\/2026\\\/02\\\/cropped-logonovo03-small.png\",\"contentUrl\":\"https:\\\/\\\/consolar.org\\\/wp-content\\\/uploads\\\/2026\\\/02\\\/cropped-logonovo03-small.png\",\"width\":280,\"height\":142,\"caption\":\"Consolar.org\"},\"image\":{\"@id\":\"https:\\\/\\\/consolar.org\\\/#\\\/schema\\\/logo\\\/image\\\/\"},\"sameAs\":[\"https:\\\/\\\/www.facebook.com\\\/consolar\"]},{\"@type\":\"Person\",\"@id\":\"https:\\\/\\\/consolar.org\\\/#\\\/schema\\\/person\\\/7b36e38187f2475e58065af654682d5d\",\"name\":\"Pr Luiz Rubem de Freitas\",\"image\":{\"@type\":\"ImageObject\",\"inLanguage\":\"pt-BR\",\"@id\":\"https:\\\/\\\/secure.gravatar.com\\\/avatar\\\/fd59dc00fc4178aa1e085bf491d394e3f72afcd9b1944348dfcec2bbecdc5761?s=96&d=blank&r=g\",\"url\":\"https:\\\/\\\/secure.gravatar.com\\\/avatar\\\/fd59dc00fc4178aa1e085bf491d394e3f72afcd9b1944348dfcec2bbecdc5761?s=96&d=blank&r=g\",\"contentUrl\":\"https:\\\/\\\/secure.gravatar.com\\\/avatar\\\/fd59dc00fc4178aa1e085bf491d394e3f72afcd9b1944348dfcec2bbecdc5761?s=96&d=blank&r=g\",\"caption\":\"Pr Luiz Rubem de Freitas\"},\"url\":\"https:\\\/\\\/consolar.org\\\/?author=2\"}]}<\/script>\n<!-- \/ Yoast SEO Premium plugin. -->","yoast_head_json":{"title":"O Sol e a Lua N\u00e3o S\u00e3o Maiores Que Deus - Consolar.org","robots":{"index":"index","follow":"follow","max-snippet":"max-snippet:-1","max-image-preview":"max-image-preview:large","max-video-preview":"max-video-preview:-1"},"canonical":"https:\/\/consolar.org\/?p=668","og_locale":"pt_BR","og_type":"article","og_title":"O Sol e a Lua N\u00e3o S\u00e3o Maiores Que Deus","og_description":"&#8220;O sol n\u00e3o te molestar\u00e1 de dia nem a lua de noite&#8221; (Salmos 121.6) Quando estamos com Deus, nem as maiores estrelas nem os menores luminares do c\u00e9u nos molestar\u00e3o. N\u00e3o sei o tamanho de seu problema, mas ele n\u00e3o \u00e9 maior do que o nosso Deus. Por isso, n\u00e3o se apavore com as adversidades &hellip; Continue lendo&hellip; &rarr;","og_url":"https:\/\/consolar.org\/?p=668","og_site_name":"Consolar.org","article_publisher":"https:\/\/www.facebook.com\/consolar","article_published_time":"2011-12-01T03:00:00+00:00","article_modified_time":"2026-02-28T03:15:41+00:00","og_image":[{"width":1200,"height":538,"url":"https:\/\/consolar.org\/wp-content\/uploads\/2011\/12\/solluanaosaomaioresqueDeus.jpg","type":"image\/jpeg"}],"author":"Pr Luiz Rubem de Freitas","twitter_card":"summary_large_image","twitter_misc":{"Escrito por":"Pr Luiz Rubem de Freitas","Est. tempo de leitura":"3 minutos"},"schema":{"@context":"https:\/\/schema.org","@graph":[{"@type":"Article","@id":"https:\/\/consolar.org\/?p=668#article","isPartOf":{"@id":"https:\/\/consolar.org\/?p=668"},"author":{"name":"Pr Luiz Rubem de Freitas","@id":"https:\/\/consolar.org\/#\/schema\/person\/7b36e38187f2475e58065af654682d5d"},"headline":"O Sol e a Lua N\u00e3o S\u00e3o Maiores Que Deus","datePublished":"2011-12-01T03:00:00+00:00","dateModified":"2026-02-28T03:15:41+00:00","mainEntityOfPage":{"@id":"https:\/\/consolar.org\/?p=668"},"wordCount":530,"publisher":{"@id":"https:\/\/consolar.org\/#organization"},"image":{"@id":"https:\/\/consolar.org\/?p=668#primaryimage"},"thumbnailUrl":"https:\/\/consolar.org\/wp-content\/uploads\/2011\/12\/solluanaosaomaioresqueDeus.jpg","articleSection":["Uncategorized"],"inLanguage":"pt-BR"},{"@type":"WebPage","@id":"https:\/\/consolar.org\/?p=668","url":"https:\/\/consolar.org\/?p=668","name":"O Sol e a Lua N\u00e3o S\u00e3o Maiores Que Deus - Consolar.org","isPartOf":{"@id":"https:\/\/consolar.org\/#website"},"primaryImageOfPage":{"@id":"https:\/\/consolar.org\/?p=668#primaryimage"},"image":{"@id":"https:\/\/consolar.org\/?p=668#primaryimage"},"thumbnailUrl":"https:\/\/consolar.org\/wp-content\/uploads\/2011\/12\/solluanaosaomaioresqueDeus.jpg","datePublished":"2011-12-01T03:00:00+00:00","dateModified":"2026-02-28T03:15:41+00:00","breadcrumb":{"@id":"https:\/\/consolar.org\/?p=668#breadcrumb"},"inLanguage":"pt-BR","potentialAction":[{"@type":"ReadAction","target":["https:\/\/consolar.org\/?p=668"]}]},{"@type":"ImageObject","inLanguage":"pt-BR","@id":"https:\/\/consolar.org\/?p=668#primaryimage","url":"https:\/\/consolar.org\/wp-content\/uploads\/2011\/12\/solluanaosaomaioresqueDeus.jpg","contentUrl":"https:\/\/consolar.org\/wp-content\/uploads\/2011\/12\/solluanaosaomaioresqueDeus.jpg","width":1200,"height":538},{"@type":"BreadcrumbList","@id":"https:\/\/consolar.org\/?p=668#breadcrumb","itemListElement":[{"@type":"ListItem","position":1,"name":"In\u00edcio","item":"https:\/\/consolar.org\/"},{"@type":"ListItem","position":2,"name":"O Sol e a Lua N\u00e3o S\u00e3o Maiores Que Deus"}]},{"@type":"WebSite","@id":"https:\/\/consolar.org\/#website","url":"https:\/\/consolar.org\/","name":"Consolar.org","description":"Mensagens de conforto e esperan\u00e7a para cora\u00e7\u00f5es que precisam de paz.","publisher":{"@id":"https:\/\/consolar.org\/#organization"},"potentialAction":[{"@type":"SearchAction","target":{"@type":"EntryPoint","urlTemplate":"https:\/\/consolar.org\/?s={search_term_string}"},"query-input":{"@type":"PropertyValueSpecification","valueRequired":true,"valueName":"search_term_string"}}],"inLanguage":"pt-BR"},{"@type":"Organization","@id":"https:\/\/consolar.org\/#organization","name":"Consolar.org","url":"https:\/\/consolar.org\/","logo":{"@type":"ImageObject","inLanguage":"pt-BR","@id":"https:\/\/consolar.org\/#\/schema\/logo\/image\/","url":"https:\/\/consolar.org\/wp-content\/uploads\/2026\/02\/cropped-logonovo03-small.png","contentUrl":"https:\/\/consolar.org\/wp-content\/uploads\/2026\/02\/cropped-logonovo03-small.png","width":280,"height":142,"caption":"Consolar.org"},"image":{"@id":"https:\/\/consolar.org\/#\/schema\/logo\/image\/"},"sameAs":["https:\/\/www.facebook.com\/consolar"]},{"@type":"Person","@id":"https:\/\/consolar.org\/#\/schema\/person\/7b36e38187f2475e58065af654682d5d","name":"Pr Luiz Rubem de Freitas","image":{"@type":"ImageObject","inLanguage":"pt-BR","@id":"https:\/\/secure.gravatar.com\/avatar\/fd59dc00fc4178aa1e085bf491d394e3f72afcd9b1944348dfcec2bbecdc5761?s=96&d=blank&r=g","url":"https:\/\/secure.gravatar.com\/avatar\/fd59dc00fc4178aa1e085bf491d394e3f72afcd9b1944348dfcec2bbecdc5761?s=96&d=blank&r=g","contentUrl":"https:\/\/secure.gravatar.com\/avatar\/fd59dc00fc4178aa1e085bf491d394e3f72afcd9b1944348dfcec2bbecdc5761?s=96&d=blank&r=g","caption":"Pr Luiz Rubem de Freitas"},"url":"https:\/\/consolar.org\/?author=2"}]}},"_links":{"self":[{"href":"https:\/\/consolar.org\/index.php?rest_route=\/wp\/v2\/posts\/668","targetHints":{"allow":["GET"]}}],"collection":[{"href":"https:\/\/consolar.org\/index.php?rest_route=\/wp\/v2\/posts"}],"about":[{"href":"https:\/\/consolar.org\/index.php?rest_route=\/wp\/v2\/types\/post"}],"author":[{"embeddable":true,"href":"https:\/\/consolar.org\/index.php?rest_route=\/wp\/v2\/users\/2"}],"replies":[{"embeddable":true,"href":"https:\/\/consolar.org\/index.php?rest_route=%2Fwp%2Fv2%2Fcomments&post=668"}],"version-history":[{"count":0,"href":"https:\/\/consolar.org\/index.php?rest_route=\/wp\/v2\/posts\/668\/revisions"}],"wp:featuredmedia":[{"embeddable":true,"href":"https:\/\/consolar.org\/index.php?rest_route=\/wp\/v2\/media\/1117"}],"wp:attachment":[{"href":"https:\/\/consolar.org\/index.php?rest_route=%2Fwp%2Fv2%2Fmedia&parent=668"}],"wp:term":[{"taxonomy":"category","embeddable":true,"href":"https:\/\/consolar.org\/index.php?rest_route=%2Fwp%2Fv2%2Fcategories&post=668"},{"taxonomy":"post_tag","embeddable":true,"href":"https:\/\/consolar.org\/index.php?rest_route=%2Fwp%2Fv2%2Ftags&post=668"}],"curies":[{"name":"wp","href":"https:\/\/api.w.org\/{rel}","templated":true}]}}