{"id":660,"date":"2011-10-28T00:00:00","date_gmt":"2011-10-28T03:00:00","guid":{"rendered":"https:\/\/consolar.org\/2011\/10\/28\/o-senhor-provera-parte-2\/"},"modified":"2026-02-28T17:15:57","modified_gmt":"2026-02-28T20:15:57","slug":"o-senhor-provera-parte-2","status":"publish","type":"post","link":"https:\/\/consolar.org\/?p=660","title":{"rendered":"O Senhor Prover\u00e1 &#8211; Parte 2"},"content":{"rendered":"\n<figure class=\"wp-block-image size-large\"><img loading=\"lazy\" decoding=\"async\" width=\"1024\" height=\"496\" src=\"https:\/\/consolar.org\/wp-content\/uploads\/2011\/10\/osenhorprovera2-1024x496.jpg\" alt=\"\" class=\"wp-image-1130\" srcset=\"https:\/\/consolar.org\/wp-content\/uploads\/2011\/10\/osenhorprovera2-1024x496.jpg 1024w, https:\/\/consolar.org\/wp-content\/uploads\/2011\/10\/osenhorprovera2-300x145.jpg 300w, https:\/\/consolar.org\/wp-content\/uploads\/2011\/10\/osenhorprovera2-768x372.jpg 768w, https:\/\/consolar.org\/wp-content\/uploads\/2011\/10\/osenhorprovera2.jpg 1200w\" sizes=\"auto, (max-width: 1024px) 100vw, 1024px\" \/><\/figure>\n\n\n\n<p class=\"has-text-align-center\"><em>&#8220;Ao terceiro dia levantou Abra\u00e3o os seus olhos, e viu o lugar de longe&#8221;<\/em> (G\u00eanesis 22:4,-12).<\/p>\n\n\n\n<p>Como mencionei na publica\u00e7\u00e3o anterior, uma das hist\u00f3rias b\u00edblicas mais importantes e interessantes para mim e citada sempre quando se fala sobre a f\u00e9 est\u00e1 registrada em G\u00eanesis, no capitulo 22. A f\u00e9 de Abra\u00e3o \u00e9 testada naquilo que \u00e9 considerado mais extremo. Deus ordena Abra\u00e3o a sacrificar seu \u00fanico filho Isaque. A segunda coisa que me chama a aten\u00e7\u00e3o no texto \u00e9 que o tempo dessa prova\u00e7\u00e3o. Deus pede que sacrifique seu filho em um local que Ele vai determinar e Abra\u00e3o sai a caminho de tr\u00eas dias at\u00e9 ver \u00e0 dist\u00e2ncia o monte onde seu filho ser\u00e1 sacrificado. <\/p>\n\n\n\n<p>Certamente foram dias de dor para Abra\u00e3o ter seu filho durante todos aqueles dias, brincando, correndo, conversando e sem saber o que esperava. Dias de ang\u00fatia para aquele pai. Depois daquele longo per\u00edodo de viagem, quando pai e filho est\u00e3o subindo o monte para o sacrif\u00edcio, Isaque questiona:<em> &#8220;Eis aqui o fogo e a lenha, mas onde est\u00e1 o cordeiro para o holocausto?&#8221;<\/em> (G\u00eanesis 22:7). Abra\u00e3o responde: <em>&#8220;Deus prover\u00e1 para si o cordeiro para o holocausto, meu filho&#8221;<\/em> (G\u00eanesis 22:8). <\/p>\n\n\n\n<p>Algu\u00e9m j\u00e1 escreveu sobre isso e gosto de imaginar a cena: enquanto Abra\u00e3o e Isaque subiam o monte por uma face, do outro lado estava subindo um cordeiro. Um cordeiro que Deus j\u00e1 havia preparado para aquele terceiro dia. Hoje voc\u00ea pode estar subindo o monte do sacrif\u00edcio. A ang\u00fastia, a dor, a antecipa\u00e7\u00e3o e o medo do que vai acontecer daqui a instantes tomam o seu cora\u00e7\u00e3o. Talvez tenham se passado dias de afli\u00e7\u00e3o at\u00e9 esse momento. <\/p>\n\n\n\n<p>Voc\u00ea n\u00e3o v\u00ea a outra face do monte, mas Deus j\u00e1 fez a provis\u00e3o para o sacrif\u00edcio. Acima de tudo observo a obedi\u00eancia e f\u00e9 de Abra\u00e3o. Foram tr\u00eas dias de viagem. Tr\u00eas dias em que ele teve tempo para pensar. Podia ter voltado atr\u00e1s, mas n\u00e3o o fez. Ele obedeceu. N\u00f3s sempre queremos que Deus resolva nossos problemas de imediato. N\u00e3o aguentamos esperar pelo tempo de Deus e desperdi\u00e7amos nosso tempo e esfor\u00e7os tentando de todas as maneiras ajudar a Deus. N\u00e3o \u00e9 isso o que Ele quer. Deus n\u00e3o quer que a gente d\u00ea um jeito. O que Deus quer \u00e9 que confiemos nEle, somente nEle. N\u00e3o com nossos l\u00e1bios apenas, mas com nossas vidas, nossas a\u00e7\u00f5es. <\/p>\n\n\n\n<p>Abra\u00e3o amarrou seu filho, colocou-o no altar, pegou sua faca e levantou. Atos de obedi\u00eancia! Vida de obedi\u00eancia e confian\u00e7a em Deus. Deus n\u00e3o permitiu o sacrif\u00edcio de Isaque. Ele mesmo providenciou um cordeiro para o sacrif\u00edcio. N\u00e3o foi um acidente o fato de o cordeiro estar preso aos ramos. Deus tamb\u00e9m providenciou seu sacrif\u00edcio por n\u00f3s ao enviar Jesus. Esse foi o sacrif\u00edcio de Deus. Essa foi a maior prova de seu amor por n\u00f3s. <em>&#8220;Mas Deus prova o seu amor para conosco, em que Cristo morreu por n\u00f3s [&#8230;]<\/em>&#8221; (Romanos 5.8). <em>&#8220;Acaso tem o Senhor tanto prazer em holocaustos e em sacrif\u00edcios quanto em que se obede\u00e7a \u00e0 sua palavra? A obedi\u00eancia \u00e9 melhor do que o sacrif\u00edcio, e a submiss\u00e3o \u00e9 melhor do que a gordura de carneiros&#8221;<\/em> (1 Samuel 15.22 &#8211; NVI) <\/p>\n\n\n\n<p>N\u00e3o importa qual o sacrif\u00edcio que tenha que fazer hoje. Fa\u00e7a como Abra\u00e3o. Continue obedecendo e confiando enquanto a viagem prossegue at\u00e9 o monte. Mesmo que as circunst\u00e2ncias indiquem o contr\u00e1rio. Mesmo que n\u00e3o haja qualquer movimento ao seu redor at\u00e9 que levante seu cutelo. Confie em Deus e obede\u00e7a. Ele prover\u00e1. Enquanto voc\u00ea sobre o monte da dor, a provis\u00e3o de Deus est\u00e1 subindo pelo outro lado. Ele sempre tem a solu\u00e7\u00e3o, mesmo que n\u00e3o a estejamos vendo e especialmente quando n\u00e3o podemos v\u00ea-la.<\/p>\n\n\n\n<p><a href=\"https:\/\/consolar.org\/?p=659\">Veja a parte 1 desta mensagem clicando aqui.<\/a><\/p>\n\n\n\n<p><\/p>\n","protected":false},"excerpt":{"rendered":"<p>&#8220;Ao terceiro dia levantou Abra\u00e3o os seus olhos, e viu o lugar de longe&#8221; (G\u00eanesis 22:4,-12). Como mencionei na publica\u00e7\u00e3o anterior, uma das hist\u00f3rias b\u00edblicas mais importantes e interessantes para mim e citada sempre quando se fala sobre a f\u00e9 est\u00e1 registrada em G\u00eanesis, no capitulo 22. A f\u00e9 de Abra\u00e3o \u00e9 testada naquilo que <a class=\"more-link\" href=\"https:\/\/consolar.org\/?p=660\">&hellip; Continue lendo&hellip; &rarr;<\/a><\/p>\n","protected":false},"author":1,"featured_media":1130,"comment_status":"closed","ping_status":"closed","sticky":false,"template":"","format":"standard","meta":{"_ayudawp_aiss_exclude":false,"footnotes":"","_wpscppro_dont_share_socialmedia":false,"_wpscppro_custom_social_share_image":0,"_facebook_share_type":"","_twitter_share_type":"","_linkedin_share_type":"","_pinterest_share_type":"","_linkedin_share_type_page":"","_instagram_share_type":"","_medium_share_type":"","_threads_share_type":"","_google_business_share_type":"","_selected_social_profile":[],"_wpsp_enable_custom_social_template":false,"_wpsp_social_scheduling":{"enabled":false,"datetime":null,"platforms":[],"status":"template_only","dateOption":"today","timeOption":"now","customDays":"","customHours":"","customDate":"","customTime":"","schedulingType":"absolute"},"_wpsp_active_default_template":true},"categories":[1],"tags":[],"class_list":["post-660","post","type-post","status-publish","format-standard","has-post-thumbnail","hentry","category-uncategorized"],"yoast_head":"<!-- This site is optimized with the Yoast SEO Premium plugin v27.3 (Yoast SEO v27.5) - https:\/\/yoast.com\/product\/yoast-seo-premium-wordpress\/ -->\n<title>O Senhor Prover\u00e1 - Parte 2 - Consolar.org<\/title>\n<meta name=\"robots\" content=\"index, follow, max-snippet:-1, max-image-preview:large, max-video-preview:-1\" \/>\n<link rel=\"canonical\" href=\"https:\/\/consolar.org\/?p=660\" \/>\n<meta property=\"og:locale\" content=\"pt_BR\" \/>\n<meta property=\"og:type\" content=\"article\" \/>\n<meta property=\"og:title\" content=\"O Senhor Prover\u00e1 - Parte 2\" \/>\n<meta property=\"og:description\" content=\"&#8220;Ao terceiro dia levantou Abra\u00e3o os seus olhos, e viu o lugar de longe&#8221; (G\u00eanesis 22:4,-12). Como mencionei na publica\u00e7\u00e3o anterior, uma das hist\u00f3rias b\u00edblicas mais importantes e interessantes para mim e citada sempre quando se fala sobre a f\u00e9 est\u00e1 registrada em G\u00eanesis, no capitulo 22. A f\u00e9 de Abra\u00e3o \u00e9 testada naquilo que &hellip; Continue lendo&hellip; &rarr;\" \/>\n<meta property=\"og:url\" content=\"https:\/\/consolar.org\/?p=660\" \/>\n<meta property=\"og:site_name\" content=\"Consolar.org\" \/>\n<meta property=\"article:publisher\" content=\"https:\/\/www.facebook.com\/consolar\" \/>\n<meta property=\"article:published_time\" content=\"2011-10-28T03:00:00+00:00\" \/>\n<meta property=\"article:modified_time\" content=\"2026-02-28T20:15:57+00:00\" \/>\n<meta property=\"og:image\" content=\"https:\/\/consolar.org\/wp-content\/uploads\/2011\/10\/osenhorprovera2.jpg\" \/>\n\t<meta property=\"og:image:width\" content=\"1200\" \/>\n\t<meta property=\"og:image:height\" content=\"581\" \/>\n\t<meta property=\"og:image:type\" content=\"image\/jpeg\" \/>\n<meta name=\"author\" content=\"Luiz Eduardo de Freitas\" \/>\n<meta name=\"twitter:card\" content=\"summary_large_image\" \/>\n<meta name=\"twitter:label1\" content=\"Escrito por\" \/>\n\t<meta name=\"twitter:data1\" content=\"Luiz Eduardo de Freitas\" \/>\n\t<meta name=\"twitter:label2\" content=\"Est. tempo de leitura\" \/>\n\t<meta name=\"twitter:data2\" content=\"3 minutos\" \/>\n<script type=\"application\/ld+json\" class=\"yoast-schema-graph\">{\"@context\":\"https:\\\/\\\/schema.org\",\"@graph\":[{\"@type\":\"Article\",\"@id\":\"https:\\\/\\\/consolar.org\\\/?p=660#article\",\"isPartOf\":{\"@id\":\"https:\\\/\\\/consolar.org\\\/?p=660\"},\"author\":{\"name\":\"Luiz Eduardo de Freitas\",\"@id\":\"https:\\\/\\\/consolar.org\\\/#\\\/schema\\\/person\\\/018df0c77d26ffae15541a8db82a8d29\"},\"headline\":\"O Senhor Prover\u00e1 &#8211; Parte 2\",\"datePublished\":\"2011-10-28T03:00:00+00:00\",\"dateModified\":\"2026-02-28T20:15:57+00:00\",\"mainEntityOfPage\":{\"@id\":\"https:\\\/\\\/consolar.org\\\/?p=660\"},\"wordCount\":688,\"publisher\":{\"@id\":\"https:\\\/\\\/consolar.org\\\/#organization\"},\"image\":{\"@id\":\"https:\\\/\\\/consolar.org\\\/?p=660#primaryimage\"},\"thumbnailUrl\":\"https:\\\/\\\/consolar.org\\\/wp-content\\\/uploads\\\/2011\\\/10\\\/osenhorprovera2.jpg\",\"articleSection\":[\"Uncategorized\"],\"inLanguage\":\"pt-BR\"},{\"@type\":\"WebPage\",\"@id\":\"https:\\\/\\\/consolar.org\\\/?p=660\",\"url\":\"https:\\\/\\\/consolar.org\\\/?p=660\",\"name\":\"O Senhor Prover\u00e1 - Parte 2 - Consolar.org\",\"isPartOf\":{\"@id\":\"https:\\\/\\\/consolar.org\\\/#website\"},\"primaryImageOfPage\":{\"@id\":\"https:\\\/\\\/consolar.org\\\/?p=660#primaryimage\"},\"image\":{\"@id\":\"https:\\\/\\\/consolar.org\\\/?p=660#primaryimage\"},\"thumbnailUrl\":\"https:\\\/\\\/consolar.org\\\/wp-content\\\/uploads\\\/2011\\\/10\\\/osenhorprovera2.jpg\",\"datePublished\":\"2011-10-28T03:00:00+00:00\",\"dateModified\":\"2026-02-28T20:15:57+00:00\",\"breadcrumb\":{\"@id\":\"https:\\\/\\\/consolar.org\\\/?p=660#breadcrumb\"},\"inLanguage\":\"pt-BR\",\"potentialAction\":[{\"@type\":\"ReadAction\",\"target\":[\"https:\\\/\\\/consolar.org\\\/?p=660\"]}]},{\"@type\":\"ImageObject\",\"inLanguage\":\"pt-BR\",\"@id\":\"https:\\\/\\\/consolar.org\\\/?p=660#primaryimage\",\"url\":\"https:\\\/\\\/consolar.org\\\/wp-content\\\/uploads\\\/2011\\\/10\\\/osenhorprovera2.jpg\",\"contentUrl\":\"https:\\\/\\\/consolar.org\\\/wp-content\\\/uploads\\\/2011\\\/10\\\/osenhorprovera2.jpg\",\"width\":1200,\"height\":581},{\"@type\":\"BreadcrumbList\",\"@id\":\"https:\\\/\\\/consolar.org\\\/?p=660#breadcrumb\",\"itemListElement\":[{\"@type\":\"ListItem\",\"position\":1,\"name\":\"In\u00edcio\",\"item\":\"https:\\\/\\\/consolar.org\\\/\"},{\"@type\":\"ListItem\",\"position\":2,\"name\":\"O Senhor Prover\u00e1 &#8211; Parte 2\"}]},{\"@type\":\"WebSite\",\"@id\":\"https:\\\/\\\/consolar.org\\\/#website\",\"url\":\"https:\\\/\\\/consolar.org\\\/\",\"name\":\"Consolar.org\",\"description\":\"Mensagens de conforto e esperan\u00e7a para cora\u00e7\u00f5es que precisam de paz.\",\"publisher\":{\"@id\":\"https:\\\/\\\/consolar.org\\\/#organization\"},\"potentialAction\":[{\"@type\":\"SearchAction\",\"target\":{\"@type\":\"EntryPoint\",\"urlTemplate\":\"https:\\\/\\\/consolar.org\\\/?s={search_term_string}\"},\"query-input\":{\"@type\":\"PropertyValueSpecification\",\"valueRequired\":true,\"valueName\":\"search_term_string\"}}],\"inLanguage\":\"pt-BR\"},{\"@type\":\"Organization\",\"@id\":\"https:\\\/\\\/consolar.org\\\/#organization\",\"name\":\"Consolar.org\",\"url\":\"https:\\\/\\\/consolar.org\\\/\",\"logo\":{\"@type\":\"ImageObject\",\"inLanguage\":\"pt-BR\",\"@id\":\"https:\\\/\\\/consolar.org\\\/#\\\/schema\\\/logo\\\/image\\\/\",\"url\":\"https:\\\/\\\/consolar.org\\\/wp-content\\\/uploads\\\/2026\\\/02\\\/cropped-logonovo03-small.png\",\"contentUrl\":\"https:\\\/\\\/consolar.org\\\/wp-content\\\/uploads\\\/2026\\\/02\\\/cropped-logonovo03-small.png\",\"width\":280,\"height\":142,\"caption\":\"Consolar.org\"},\"image\":{\"@id\":\"https:\\\/\\\/consolar.org\\\/#\\\/schema\\\/logo\\\/image\\\/\"},\"sameAs\":[\"https:\\\/\\\/www.facebook.com\\\/consolar\"]},{\"@type\":\"Person\",\"@id\":\"https:\\\/\\\/consolar.org\\\/#\\\/schema\\\/person\\\/018df0c77d26ffae15541a8db82a8d29\",\"name\":\"Luiz Eduardo de Freitas\",\"image\":{\"@type\":\"ImageObject\",\"inLanguage\":\"pt-BR\",\"@id\":\"https:\\\/\\\/secure.gravatar.com\\\/avatar\\\/4f93769b3d958c559cd38414383290f7d6ab7800bf3f9a38e99e29e582b96cda?s=96&d=blank&r=g\",\"url\":\"https:\\\/\\\/secure.gravatar.com\\\/avatar\\\/4f93769b3d958c559cd38414383290f7d6ab7800bf3f9a38e99e29e582b96cda?s=96&d=blank&r=g\",\"contentUrl\":\"https:\\\/\\\/secure.gravatar.com\\\/avatar\\\/4f93769b3d958c559cd38414383290f7d6ab7800bf3f9a38e99e29e582b96cda?s=96&d=blank&r=g\",\"caption\":\"Luiz Eduardo de Freitas\"},\"description\":\"Ipsum Lorem\",\"sameAs\":[\"https:\\\/\\\/consolar.org\"],\"url\":\"https:\\\/\\\/consolar.org\\\/?author=1\"}]}<\/script>\n<!-- \/ Yoast SEO Premium plugin. -->","yoast_head_json":{"title":"O Senhor Prover\u00e1 - Parte 2 - Consolar.org","robots":{"index":"index","follow":"follow","max-snippet":"max-snippet:-1","max-image-preview":"max-image-preview:large","max-video-preview":"max-video-preview:-1"},"canonical":"https:\/\/consolar.org\/?p=660","og_locale":"pt_BR","og_type":"article","og_title":"O Senhor Prover\u00e1 - Parte 2","og_description":"&#8220;Ao terceiro dia levantou Abra\u00e3o os seus olhos, e viu o lugar de longe&#8221; (G\u00eanesis 22:4,-12). Como mencionei na publica\u00e7\u00e3o anterior, uma das hist\u00f3rias b\u00edblicas mais importantes e interessantes para mim e citada sempre quando se fala sobre a f\u00e9 est\u00e1 registrada em G\u00eanesis, no capitulo 22. A f\u00e9 de Abra\u00e3o \u00e9 testada naquilo que &hellip; Continue lendo&hellip; &rarr;","og_url":"https:\/\/consolar.org\/?p=660","og_site_name":"Consolar.org","article_publisher":"https:\/\/www.facebook.com\/consolar","article_published_time":"2011-10-28T03:00:00+00:00","article_modified_time":"2026-02-28T20:15:57+00:00","og_image":[{"width":1200,"height":581,"url":"https:\/\/consolar.org\/wp-content\/uploads\/2011\/10\/osenhorprovera2.jpg","type":"image\/jpeg"}],"author":"Luiz Eduardo de Freitas","twitter_card":"summary_large_image","twitter_misc":{"Escrito por":"Luiz Eduardo de Freitas","Est. tempo de leitura":"3 minutos"},"schema":{"@context":"https:\/\/schema.org","@graph":[{"@type":"Article","@id":"https:\/\/consolar.org\/?p=660#article","isPartOf":{"@id":"https:\/\/consolar.org\/?p=660"},"author":{"name":"Luiz Eduardo de Freitas","@id":"https:\/\/consolar.org\/#\/schema\/person\/018df0c77d26ffae15541a8db82a8d29"},"headline":"O Senhor Prover\u00e1 &#8211; Parte 2","datePublished":"2011-10-28T03:00:00+00:00","dateModified":"2026-02-28T20:15:57+00:00","mainEntityOfPage":{"@id":"https:\/\/consolar.org\/?p=660"},"wordCount":688,"publisher":{"@id":"https:\/\/consolar.org\/#organization"},"image":{"@id":"https:\/\/consolar.org\/?p=660#primaryimage"},"thumbnailUrl":"https:\/\/consolar.org\/wp-content\/uploads\/2011\/10\/osenhorprovera2.jpg","articleSection":["Uncategorized"],"inLanguage":"pt-BR"},{"@type":"WebPage","@id":"https:\/\/consolar.org\/?p=660","url":"https:\/\/consolar.org\/?p=660","name":"O Senhor Prover\u00e1 - Parte 2 - Consolar.org","isPartOf":{"@id":"https:\/\/consolar.org\/#website"},"primaryImageOfPage":{"@id":"https:\/\/consolar.org\/?p=660#primaryimage"},"image":{"@id":"https:\/\/consolar.org\/?p=660#primaryimage"},"thumbnailUrl":"https:\/\/consolar.org\/wp-content\/uploads\/2011\/10\/osenhorprovera2.jpg","datePublished":"2011-10-28T03:00:00+00:00","dateModified":"2026-02-28T20:15:57+00:00","breadcrumb":{"@id":"https:\/\/consolar.org\/?p=660#breadcrumb"},"inLanguage":"pt-BR","potentialAction":[{"@type":"ReadAction","target":["https:\/\/consolar.org\/?p=660"]}]},{"@type":"ImageObject","inLanguage":"pt-BR","@id":"https:\/\/consolar.org\/?p=660#primaryimage","url":"https:\/\/consolar.org\/wp-content\/uploads\/2011\/10\/osenhorprovera2.jpg","contentUrl":"https:\/\/consolar.org\/wp-content\/uploads\/2011\/10\/osenhorprovera2.jpg","width":1200,"height":581},{"@type":"BreadcrumbList","@id":"https:\/\/consolar.org\/?p=660#breadcrumb","itemListElement":[{"@type":"ListItem","position":1,"name":"In\u00edcio","item":"https:\/\/consolar.org\/"},{"@type":"ListItem","position":2,"name":"O Senhor Prover\u00e1 &#8211; Parte 2"}]},{"@type":"WebSite","@id":"https:\/\/consolar.org\/#website","url":"https:\/\/consolar.org\/","name":"Consolar.org","description":"Mensagens de conforto e esperan\u00e7a para cora\u00e7\u00f5es que precisam de paz.","publisher":{"@id":"https:\/\/consolar.org\/#organization"},"potentialAction":[{"@type":"SearchAction","target":{"@type":"EntryPoint","urlTemplate":"https:\/\/consolar.org\/?s={search_term_string}"},"query-input":{"@type":"PropertyValueSpecification","valueRequired":true,"valueName":"search_term_string"}}],"inLanguage":"pt-BR"},{"@type":"Organization","@id":"https:\/\/consolar.org\/#organization","name":"Consolar.org","url":"https:\/\/consolar.org\/","logo":{"@type":"ImageObject","inLanguage":"pt-BR","@id":"https:\/\/consolar.org\/#\/schema\/logo\/image\/","url":"https:\/\/consolar.org\/wp-content\/uploads\/2026\/02\/cropped-logonovo03-small.png","contentUrl":"https:\/\/consolar.org\/wp-content\/uploads\/2026\/02\/cropped-logonovo03-small.png","width":280,"height":142,"caption":"Consolar.org"},"image":{"@id":"https:\/\/consolar.org\/#\/schema\/logo\/image\/"},"sameAs":["https:\/\/www.facebook.com\/consolar"]},{"@type":"Person","@id":"https:\/\/consolar.org\/#\/schema\/person\/018df0c77d26ffae15541a8db82a8d29","name":"Luiz Eduardo de Freitas","image":{"@type":"ImageObject","inLanguage":"pt-BR","@id":"https:\/\/secure.gravatar.com\/avatar\/4f93769b3d958c559cd38414383290f7d6ab7800bf3f9a38e99e29e582b96cda?s=96&d=blank&r=g","url":"https:\/\/secure.gravatar.com\/avatar\/4f93769b3d958c559cd38414383290f7d6ab7800bf3f9a38e99e29e582b96cda?s=96&d=blank&r=g","contentUrl":"https:\/\/secure.gravatar.com\/avatar\/4f93769b3d958c559cd38414383290f7d6ab7800bf3f9a38e99e29e582b96cda?s=96&d=blank&r=g","caption":"Luiz Eduardo de Freitas"},"description":"Ipsum Lorem","sameAs":["https:\/\/consolar.org"],"url":"https:\/\/consolar.org\/?author=1"}]}},"_links":{"self":[{"href":"https:\/\/consolar.org\/index.php?rest_route=\/wp\/v2\/posts\/660","targetHints":{"allow":["GET"]}}],"collection":[{"href":"https:\/\/consolar.org\/index.php?rest_route=\/wp\/v2\/posts"}],"about":[{"href":"https:\/\/consolar.org\/index.php?rest_route=\/wp\/v2\/types\/post"}],"author":[{"embeddable":true,"href":"https:\/\/consolar.org\/index.php?rest_route=\/wp\/v2\/users\/1"}],"replies":[{"embeddable":true,"href":"https:\/\/consolar.org\/index.php?rest_route=%2Fwp%2Fv2%2Fcomments&post=660"}],"version-history":[{"count":0,"href":"https:\/\/consolar.org\/index.php?rest_route=\/wp\/v2\/posts\/660\/revisions"}],"wp:featuredmedia":[{"embeddable":true,"href":"https:\/\/consolar.org\/index.php?rest_route=\/wp\/v2\/media\/1130"}],"wp:attachment":[{"href":"https:\/\/consolar.org\/index.php?rest_route=%2Fwp%2Fv2%2Fmedia&parent=660"}],"wp:term":[{"taxonomy":"category","embeddable":true,"href":"https:\/\/consolar.org\/index.php?rest_route=%2Fwp%2Fv2%2Fcategories&post=660"},{"taxonomy":"post_tag","embeddable":true,"href":"https:\/\/consolar.org\/index.php?rest_route=%2Fwp%2Fv2%2Ftags&post=660"}],"curies":[{"name":"wp","href":"https:\/\/api.w.org\/{rel}","templated":true}]}}