{"id":659,"date":"2011-10-20T00:00:00","date_gmt":"2011-10-20T03:00:00","guid":{"rendered":"https:\/\/consolar.org\/2011\/10\/20\/o-senhor-provera-parte-1\/"},"modified":"2026-02-28T17:18:31","modified_gmt":"2026-02-28T20:18:31","slug":"o-senhor-provera-parte-1","status":"publish","type":"post","link":"https:\/\/consolar.org\/?p=659","title":{"rendered":"O Senhor Prover\u00e1 &#8211; Parte 1"},"content":{"rendered":"\n<figure class=\"wp-block-image size-large\"><img loading=\"lazy\" decoding=\"async\" width=\"1024\" height=\"509\" src=\"https:\/\/consolar.org\/wp-content\/uploads\/2011\/10\/osenhorprovera2melhor-1024x509.jpg\" alt=\"\" class=\"wp-image-1134\" srcset=\"https:\/\/consolar.org\/wp-content\/uploads\/2011\/10\/osenhorprovera2melhor-1024x509.jpg 1024w, https:\/\/consolar.org\/wp-content\/uploads\/2011\/10\/osenhorprovera2melhor-300x149.jpg 300w, https:\/\/consolar.org\/wp-content\/uploads\/2011\/10\/osenhorprovera2melhor-768x381.jpg 768w, https:\/\/consolar.org\/wp-content\/uploads\/2011\/10\/osenhorprovera2melhor.jpg 1200w\" sizes=\"auto, (max-width: 1024px) 100vw, 1024px\" \/><\/figure>\n\n\n\n<p class=\"has-text-align-center\"><em>&#8220;Abra\u00e3o! Abra\u00e3o!&#8221; &#8230; &#8220;N\u00e3o estendas a tua m\u00e3o sobre o mo\u00e7o, <br>e n\u00e3o lhe fa\u00e7as nada; porquanto agora sei que temes a Deus, <br>e n\u00e3o me negaste o teu filho, o teu \u00fanico filho&#8221; (G\u00eanesis 22:11a-12).<\/em><\/p>\n\n\n\n<p>Uma das hist\u00f3rias b\u00edblicas mais importantes e interessantes para mim e citada sempre quando se fala sobre a f\u00e9 est\u00e1 registrada em G\u00eanesis, no capitulo 22. A f\u00e9 de Abra\u00e3o \u00e9 testada naquilo que \u00e9 considerado mais extremo: Deus ordena Abra\u00e3o a sacrificar seu \u00fanico filho Isaque. <\/p>\n\n\n\n<p>Agora que sou pai, posso entender a enormidade do esfor\u00e7o, da dor e do sofrimento de Abra\u00e3o. Primeiro no momento em que Deus o ordena a fazer o sacrif\u00edcio. Mais ainda na antecipa\u00e7\u00e3o do momento durante a viagem para o local de sacrif\u00edcio. Isaque chega a perguntar: <em>&#8220;Eis aqui o fogo e a lenha, mas onde est\u00e1 o cordeiro para o holocausto?&#8221;<\/em> (G\u00eanesis 22:7). Abra\u00e3o responde: <em>&#8220;Deus prover\u00e1 para si o cordeiro para o holocausto, meu filho&#8221;<\/em> (G\u00eanesis 22:8). <\/p>\n\n\n\n<p>Apesar de todas as discuss\u00f5es sobre o que estava acontecendo na mente de Abra\u00e3o, pois pela f\u00e9 ele j\u00e1 tinha certeza de que Isaque seria devolvido vivo (Hebreus 11.19) ou de que Deus providenciaria um cordeiro para substitu\u00ed-lo, n\u00e3o posso deixar de pensar na dor que ele sentia s\u00f3 pela possibilidade de ele mesmo fazer seu filho sofrer ao ter uma faca enfiada em seu corpo. Imagino a cena de Abra\u00e3o ao amarrar seu filho e colocar sobre o altar. O suor descendo pelas t\u00eamporas, os olhos cheios de l\u00e1grimas ao levantar o cutelo, as m\u00e3os tremendo, o cora\u00e7\u00e3o em dor ao olhar nos olhos do filho assustado por n\u00e3o entender o que estava acontecendo. \u00c9 a\u00ed que Abra\u00e3o ouve um brado: <em><strong>&#8220;Abra\u00e3o! Abra\u00e3o!&#8221;<\/strong><\/em> e a ordem para parar. Imediatamente, a tens\u00e3o e a dor se transformam em al\u00edvio e alegria. O cutelo cai batendo sobre as rochas e as l\u00e1grimas agora s\u00e3o de alegria. Abra\u00e3o abra\u00e7a o seu filho e o beija repetidamente louvando a Deus: &#8220;Obrigado, Senhor! Obrigado!&#8221;. <\/p>\n\n\n\n<p>Vamos considerar duas coisas nessa hist\u00f3ria em dois dias diferentes. Em primeiro lugar a ordem de Deus para o sacrif\u00edcio de Isaque. Isso deve ter causado uma dor enorme no cora\u00e7\u00e3o de Abra\u00e3o. Talvez voc\u00ea hoje esteja sentindo uma dor enorme em seu cora\u00e7\u00e3o trazido pela possibilidade da perda de algo ou algu\u00e9m e tudo parece estar se desfazendo: &#8211; Voc\u00ea se esfor\u00e7a para seu um bom marido ou esposa, mas seu casamento est\u00e1 se desfazendo. &#8211; Seu trabalho e economia de muitos anos se desfazem na crise financeira. &#8211; Voc\u00ea se esfor\u00e7a para ajudar uma pessoa e, quando voc\u00ea precisa dela, simplesmente \u00e9 rejeitado. &#8211; Apesar de ensinar seu filho ou filha durante anos no caminho de Cristo, ele ou ela se afasta da igreja. <\/p>\n\n\n\n<p>Parece que todos os dias, temos que sacrificar as coisas mais queridas de nossas vidas. Isso acontece n\u00e3o porque Deus tem a inten\u00e7\u00e3o de que tudo sempre d\u00ea errado em nossas vidas, mas porque ele quer que coloquemos TODA a nossa confian\u00e7a nele. N\u00e3o importa o que esteja acontecendo \u00e0 nossa volta. Mesmo que o cordeiro n\u00e3o apare\u00e7a antes de levantarmos o cutelo. Deus prover\u00e1 e no momento certo. <\/p>\n\n\n\n<p>Abra\u00e3o tinha tal confian\u00e7a, tal f\u00e9 em Deus porque ele confiou na promessa de Deus. Antes de Isaque nascer, Deus havia prometido que Abra\u00e3o teria uma descend\u00eancia incont\u00e1vel atrav\u00e9s de seu filho. Deus cumpriria sua promessa. Essa f\u00e9 era tal que em G\u00eanesis 22.5 est\u00e1 registrado: <em>&#8220;E disse Abra\u00e3o a seus mo\u00e7os: Ficai-vos aqui com o jumento, e eu e o mo\u00e7o iremos at\u00e9 ali; e havendo adorado, <u>tornaremos<\/u> a v\u00f3s&#8221;<\/em>. Abra\u00e3o tinha certeza de que n\u00e3o voltaria s\u00f3. Ele tinha a certeza de que Deus tem o controle sobre todas as coisas e cumpriria sua promessa. <\/p>\n\n\n\n<p>Nos momentos mais dif\u00edceis de nossas vidas, podemos ter a mesma confian\u00e7a de Abra\u00e3o. Confian\u00e7a nas promessas de Deus. Seja o que for que esteja sendo sacrificado hoje, Deus transformar\u00e1 tudo para o bem. Atrav\u00e9s da ressurrei\u00e7\u00e3o ou de algo totalmente novo. Basta termos toda a nossa confian\u00e7a depositada somente nEle, n\u00e3o importa o que aconte\u00e7a. <\/p>\n\n\n\n<p><a href=\"https:\/\/consolar.org\/?p=660\">Veja a parte 2 desta mensagem clicando aqui.<\/a><\/p>\n","protected":false},"excerpt":{"rendered":"<p>&#8220;Abra\u00e3o! Abra\u00e3o!&#8221; &#8230; &#8220;N\u00e3o estendas a tua m\u00e3o sobre o mo\u00e7o, e n\u00e3o lhe fa\u00e7as nada; porquanto agora sei que temes a Deus, e n\u00e3o me negaste o teu filho, o teu \u00fanico filho&#8221; (G\u00eanesis 22:11a-12). Uma das hist\u00f3rias b\u00edblicas mais importantes e interessantes para mim e citada sempre quando se fala sobre a f\u00e9 <a class=\"more-link\" href=\"https:\/\/consolar.org\/?p=659\">&hellip; Continue lendo&hellip; &rarr;<\/a><\/p>\n","protected":false},"author":1,"featured_media":1134,"comment_status":"closed","ping_status":"closed","sticky":false,"template":"","format":"standard","meta":{"_ayudawp_aiss_exclude":false,"footnotes":"","_wpscppro_dont_share_socialmedia":false,"_wpscppro_custom_social_share_image":0,"_facebook_share_type":"","_twitter_share_type":"","_linkedin_share_type":"","_pinterest_share_type":"","_linkedin_share_type_page":"","_instagram_share_type":"","_medium_share_type":"","_threads_share_type":"","_google_business_share_type":"","_selected_social_profile":[],"_wpsp_enable_custom_social_template":false,"_wpsp_social_scheduling":{"enabled":false,"datetime":null,"platforms":[],"status":"template_only","dateOption":"today","timeOption":"now","customDays":"","customHours":"","customDate":"","customTime":"","schedulingType":"absolute"},"_wpsp_active_default_template":true},"categories":[1],"tags":[],"class_list":["post-659","post","type-post","status-publish","format-standard","has-post-thumbnail","hentry","category-uncategorized"],"yoast_head":"<!-- This site is optimized with the Yoast SEO Premium plugin v27.3 (Yoast SEO v27.5) - https:\/\/yoast.com\/product\/yoast-seo-premium-wordpress\/ -->\n<title>O Senhor Prover\u00e1 - Parte 1 - Consolar.org<\/title>\n<meta name=\"robots\" content=\"index, follow, max-snippet:-1, max-image-preview:large, max-video-preview:-1\" \/>\n<link rel=\"canonical\" href=\"https:\/\/consolar.org\/?p=659\" \/>\n<meta property=\"og:locale\" content=\"pt_BR\" \/>\n<meta property=\"og:type\" content=\"article\" \/>\n<meta property=\"og:title\" content=\"O Senhor Prover\u00e1 - Parte 1\" \/>\n<meta property=\"og:description\" content=\"&#8220;Abra\u00e3o! Abra\u00e3o!&#8221; &#8230; &#8220;N\u00e3o estendas a tua m\u00e3o sobre o mo\u00e7o, e n\u00e3o lhe fa\u00e7as nada; porquanto agora sei que temes a Deus, e n\u00e3o me negaste o teu filho, o teu \u00fanico filho&#8221; (G\u00eanesis 22:11a-12). Uma das hist\u00f3rias b\u00edblicas mais importantes e interessantes para mim e citada sempre quando se fala sobre a f\u00e9 &hellip; Continue lendo&hellip; &rarr;\" \/>\n<meta property=\"og:url\" content=\"https:\/\/consolar.org\/?p=659\" \/>\n<meta property=\"og:site_name\" content=\"Consolar.org\" \/>\n<meta property=\"article:publisher\" content=\"https:\/\/www.facebook.com\/consolar\" \/>\n<meta property=\"article:published_time\" content=\"2011-10-20T03:00:00+00:00\" \/>\n<meta property=\"article:modified_time\" content=\"2026-02-28T20:18:31+00:00\" \/>\n<meta property=\"og:image\" content=\"https:\/\/consolar.org\/wp-content\/uploads\/2011\/10\/osenhorprovera2melhor.jpg\" \/>\n\t<meta property=\"og:image:width\" content=\"1200\" \/>\n\t<meta property=\"og:image:height\" content=\"596\" \/>\n\t<meta property=\"og:image:type\" content=\"image\/jpeg\" \/>\n<meta name=\"author\" content=\"Luiz Eduardo de Freitas\" \/>\n<meta name=\"twitter:card\" content=\"summary_large_image\" \/>\n<meta name=\"twitter:label1\" content=\"Escrito por\" \/>\n\t<meta name=\"twitter:data1\" content=\"Luiz Eduardo de Freitas\" \/>\n\t<meta name=\"twitter:label2\" content=\"Est. tempo de leitura\" \/>\n\t<meta name=\"twitter:data2\" content=\"4 minutos\" \/>\n<script type=\"application\/ld+json\" class=\"yoast-schema-graph\">{\"@context\":\"https:\\\/\\\/schema.org\",\"@graph\":[{\"@type\":\"Article\",\"@id\":\"https:\\\/\\\/consolar.org\\\/?p=659#article\",\"isPartOf\":{\"@id\":\"https:\\\/\\\/consolar.org\\\/?p=659\"},\"author\":{\"name\":\"Luiz Eduardo de Freitas\",\"@id\":\"https:\\\/\\\/consolar.org\\\/#\\\/schema\\\/person\\\/018df0c77d26ffae15541a8db82a8d29\"},\"headline\":\"O Senhor Prover\u00e1 &#8211; Parte 1\",\"datePublished\":\"2011-10-20T03:00:00+00:00\",\"dateModified\":\"2026-02-28T20:18:31+00:00\",\"mainEntityOfPage\":{\"@id\":\"https:\\\/\\\/consolar.org\\\/?p=659\"},\"wordCount\":758,\"publisher\":{\"@id\":\"https:\\\/\\\/consolar.org\\\/#organization\"},\"image\":{\"@id\":\"https:\\\/\\\/consolar.org\\\/?p=659#primaryimage\"},\"thumbnailUrl\":\"https:\\\/\\\/consolar.org\\\/wp-content\\\/uploads\\\/2011\\\/10\\\/osenhorprovera2melhor.jpg\",\"articleSection\":[\"Uncategorized\"],\"inLanguage\":\"pt-BR\"},{\"@type\":\"WebPage\",\"@id\":\"https:\\\/\\\/consolar.org\\\/?p=659\",\"url\":\"https:\\\/\\\/consolar.org\\\/?p=659\",\"name\":\"O Senhor Prover\u00e1 - Parte 1 - Consolar.org\",\"isPartOf\":{\"@id\":\"https:\\\/\\\/consolar.org\\\/#website\"},\"primaryImageOfPage\":{\"@id\":\"https:\\\/\\\/consolar.org\\\/?p=659#primaryimage\"},\"image\":{\"@id\":\"https:\\\/\\\/consolar.org\\\/?p=659#primaryimage\"},\"thumbnailUrl\":\"https:\\\/\\\/consolar.org\\\/wp-content\\\/uploads\\\/2011\\\/10\\\/osenhorprovera2melhor.jpg\",\"datePublished\":\"2011-10-20T03:00:00+00:00\",\"dateModified\":\"2026-02-28T20:18:31+00:00\",\"breadcrumb\":{\"@id\":\"https:\\\/\\\/consolar.org\\\/?p=659#breadcrumb\"},\"inLanguage\":\"pt-BR\",\"potentialAction\":[{\"@type\":\"ReadAction\",\"target\":[\"https:\\\/\\\/consolar.org\\\/?p=659\"]}]},{\"@type\":\"ImageObject\",\"inLanguage\":\"pt-BR\",\"@id\":\"https:\\\/\\\/consolar.org\\\/?p=659#primaryimage\",\"url\":\"https:\\\/\\\/consolar.org\\\/wp-content\\\/uploads\\\/2011\\\/10\\\/osenhorprovera2melhor.jpg\",\"contentUrl\":\"https:\\\/\\\/consolar.org\\\/wp-content\\\/uploads\\\/2011\\\/10\\\/osenhorprovera2melhor.jpg\",\"width\":1200,\"height\":596},{\"@type\":\"BreadcrumbList\",\"@id\":\"https:\\\/\\\/consolar.org\\\/?p=659#breadcrumb\",\"itemListElement\":[{\"@type\":\"ListItem\",\"position\":1,\"name\":\"In\u00edcio\",\"item\":\"https:\\\/\\\/consolar.org\\\/\"},{\"@type\":\"ListItem\",\"position\":2,\"name\":\"O Senhor Prover\u00e1 &#8211; Parte 1\"}]},{\"@type\":\"WebSite\",\"@id\":\"https:\\\/\\\/consolar.org\\\/#website\",\"url\":\"https:\\\/\\\/consolar.org\\\/\",\"name\":\"Consolar.org\",\"description\":\"Mensagens de conforto e esperan\u00e7a para cora\u00e7\u00f5es que precisam de paz.\",\"publisher\":{\"@id\":\"https:\\\/\\\/consolar.org\\\/#organization\"},\"potentialAction\":[{\"@type\":\"SearchAction\",\"target\":{\"@type\":\"EntryPoint\",\"urlTemplate\":\"https:\\\/\\\/consolar.org\\\/?s={search_term_string}\"},\"query-input\":{\"@type\":\"PropertyValueSpecification\",\"valueRequired\":true,\"valueName\":\"search_term_string\"}}],\"inLanguage\":\"pt-BR\"},{\"@type\":\"Organization\",\"@id\":\"https:\\\/\\\/consolar.org\\\/#organization\",\"name\":\"Consolar.org\",\"url\":\"https:\\\/\\\/consolar.org\\\/\",\"logo\":{\"@type\":\"ImageObject\",\"inLanguage\":\"pt-BR\",\"@id\":\"https:\\\/\\\/consolar.org\\\/#\\\/schema\\\/logo\\\/image\\\/\",\"url\":\"https:\\\/\\\/consolar.org\\\/wp-content\\\/uploads\\\/2026\\\/02\\\/cropped-logonovo03-small.png\",\"contentUrl\":\"https:\\\/\\\/consolar.org\\\/wp-content\\\/uploads\\\/2026\\\/02\\\/cropped-logonovo03-small.png\",\"width\":280,\"height\":142,\"caption\":\"Consolar.org\"},\"image\":{\"@id\":\"https:\\\/\\\/consolar.org\\\/#\\\/schema\\\/logo\\\/image\\\/\"},\"sameAs\":[\"https:\\\/\\\/www.facebook.com\\\/consolar\"]},{\"@type\":\"Person\",\"@id\":\"https:\\\/\\\/consolar.org\\\/#\\\/schema\\\/person\\\/018df0c77d26ffae15541a8db82a8d29\",\"name\":\"Luiz Eduardo de Freitas\",\"image\":{\"@type\":\"ImageObject\",\"inLanguage\":\"pt-BR\",\"@id\":\"https:\\\/\\\/secure.gravatar.com\\\/avatar\\\/4f93769b3d958c559cd38414383290f7d6ab7800bf3f9a38e99e29e582b96cda?s=96&d=blank&r=g\",\"url\":\"https:\\\/\\\/secure.gravatar.com\\\/avatar\\\/4f93769b3d958c559cd38414383290f7d6ab7800bf3f9a38e99e29e582b96cda?s=96&d=blank&r=g\",\"contentUrl\":\"https:\\\/\\\/secure.gravatar.com\\\/avatar\\\/4f93769b3d958c559cd38414383290f7d6ab7800bf3f9a38e99e29e582b96cda?s=96&d=blank&r=g\",\"caption\":\"Luiz Eduardo de Freitas\"},\"description\":\"Ipsum Lorem\",\"sameAs\":[\"https:\\\/\\\/consolar.org\"],\"url\":\"https:\\\/\\\/consolar.org\\\/?author=1\"}]}<\/script>\n<!-- \/ Yoast SEO Premium plugin. -->","yoast_head_json":{"title":"O Senhor Prover\u00e1 - Parte 1 - Consolar.org","robots":{"index":"index","follow":"follow","max-snippet":"max-snippet:-1","max-image-preview":"max-image-preview:large","max-video-preview":"max-video-preview:-1"},"canonical":"https:\/\/consolar.org\/?p=659","og_locale":"pt_BR","og_type":"article","og_title":"O Senhor Prover\u00e1 - Parte 1","og_description":"&#8220;Abra\u00e3o! Abra\u00e3o!&#8221; &#8230; &#8220;N\u00e3o estendas a tua m\u00e3o sobre o mo\u00e7o, e n\u00e3o lhe fa\u00e7as nada; porquanto agora sei que temes a Deus, e n\u00e3o me negaste o teu filho, o teu \u00fanico filho&#8221; (G\u00eanesis 22:11a-12). Uma das hist\u00f3rias b\u00edblicas mais importantes e interessantes para mim e citada sempre quando se fala sobre a f\u00e9 &hellip; Continue lendo&hellip; &rarr;","og_url":"https:\/\/consolar.org\/?p=659","og_site_name":"Consolar.org","article_publisher":"https:\/\/www.facebook.com\/consolar","article_published_time":"2011-10-20T03:00:00+00:00","article_modified_time":"2026-02-28T20:18:31+00:00","og_image":[{"width":1200,"height":596,"url":"https:\/\/consolar.org\/wp-content\/uploads\/2011\/10\/osenhorprovera2melhor.jpg","type":"image\/jpeg"}],"author":"Luiz Eduardo de Freitas","twitter_card":"summary_large_image","twitter_misc":{"Escrito por":"Luiz Eduardo de Freitas","Est. tempo de leitura":"4 minutos"},"schema":{"@context":"https:\/\/schema.org","@graph":[{"@type":"Article","@id":"https:\/\/consolar.org\/?p=659#article","isPartOf":{"@id":"https:\/\/consolar.org\/?p=659"},"author":{"name":"Luiz Eduardo de Freitas","@id":"https:\/\/consolar.org\/#\/schema\/person\/018df0c77d26ffae15541a8db82a8d29"},"headline":"O Senhor Prover\u00e1 &#8211; Parte 1","datePublished":"2011-10-20T03:00:00+00:00","dateModified":"2026-02-28T20:18:31+00:00","mainEntityOfPage":{"@id":"https:\/\/consolar.org\/?p=659"},"wordCount":758,"publisher":{"@id":"https:\/\/consolar.org\/#organization"},"image":{"@id":"https:\/\/consolar.org\/?p=659#primaryimage"},"thumbnailUrl":"https:\/\/consolar.org\/wp-content\/uploads\/2011\/10\/osenhorprovera2melhor.jpg","articleSection":["Uncategorized"],"inLanguage":"pt-BR"},{"@type":"WebPage","@id":"https:\/\/consolar.org\/?p=659","url":"https:\/\/consolar.org\/?p=659","name":"O Senhor Prover\u00e1 - Parte 1 - Consolar.org","isPartOf":{"@id":"https:\/\/consolar.org\/#website"},"primaryImageOfPage":{"@id":"https:\/\/consolar.org\/?p=659#primaryimage"},"image":{"@id":"https:\/\/consolar.org\/?p=659#primaryimage"},"thumbnailUrl":"https:\/\/consolar.org\/wp-content\/uploads\/2011\/10\/osenhorprovera2melhor.jpg","datePublished":"2011-10-20T03:00:00+00:00","dateModified":"2026-02-28T20:18:31+00:00","breadcrumb":{"@id":"https:\/\/consolar.org\/?p=659#breadcrumb"},"inLanguage":"pt-BR","potentialAction":[{"@type":"ReadAction","target":["https:\/\/consolar.org\/?p=659"]}]},{"@type":"ImageObject","inLanguage":"pt-BR","@id":"https:\/\/consolar.org\/?p=659#primaryimage","url":"https:\/\/consolar.org\/wp-content\/uploads\/2011\/10\/osenhorprovera2melhor.jpg","contentUrl":"https:\/\/consolar.org\/wp-content\/uploads\/2011\/10\/osenhorprovera2melhor.jpg","width":1200,"height":596},{"@type":"BreadcrumbList","@id":"https:\/\/consolar.org\/?p=659#breadcrumb","itemListElement":[{"@type":"ListItem","position":1,"name":"In\u00edcio","item":"https:\/\/consolar.org\/"},{"@type":"ListItem","position":2,"name":"O Senhor Prover\u00e1 &#8211; Parte 1"}]},{"@type":"WebSite","@id":"https:\/\/consolar.org\/#website","url":"https:\/\/consolar.org\/","name":"Consolar.org","description":"Mensagens de conforto e esperan\u00e7a para cora\u00e7\u00f5es que precisam de paz.","publisher":{"@id":"https:\/\/consolar.org\/#organization"},"potentialAction":[{"@type":"SearchAction","target":{"@type":"EntryPoint","urlTemplate":"https:\/\/consolar.org\/?s={search_term_string}"},"query-input":{"@type":"PropertyValueSpecification","valueRequired":true,"valueName":"search_term_string"}}],"inLanguage":"pt-BR"},{"@type":"Organization","@id":"https:\/\/consolar.org\/#organization","name":"Consolar.org","url":"https:\/\/consolar.org\/","logo":{"@type":"ImageObject","inLanguage":"pt-BR","@id":"https:\/\/consolar.org\/#\/schema\/logo\/image\/","url":"https:\/\/consolar.org\/wp-content\/uploads\/2026\/02\/cropped-logonovo03-small.png","contentUrl":"https:\/\/consolar.org\/wp-content\/uploads\/2026\/02\/cropped-logonovo03-small.png","width":280,"height":142,"caption":"Consolar.org"},"image":{"@id":"https:\/\/consolar.org\/#\/schema\/logo\/image\/"},"sameAs":["https:\/\/www.facebook.com\/consolar"]},{"@type":"Person","@id":"https:\/\/consolar.org\/#\/schema\/person\/018df0c77d26ffae15541a8db82a8d29","name":"Luiz Eduardo de Freitas","image":{"@type":"ImageObject","inLanguage":"pt-BR","@id":"https:\/\/secure.gravatar.com\/avatar\/4f93769b3d958c559cd38414383290f7d6ab7800bf3f9a38e99e29e582b96cda?s=96&d=blank&r=g","url":"https:\/\/secure.gravatar.com\/avatar\/4f93769b3d958c559cd38414383290f7d6ab7800bf3f9a38e99e29e582b96cda?s=96&d=blank&r=g","contentUrl":"https:\/\/secure.gravatar.com\/avatar\/4f93769b3d958c559cd38414383290f7d6ab7800bf3f9a38e99e29e582b96cda?s=96&d=blank&r=g","caption":"Luiz Eduardo de Freitas"},"description":"Ipsum Lorem","sameAs":["https:\/\/consolar.org"],"url":"https:\/\/consolar.org\/?author=1"}]}},"_links":{"self":[{"href":"https:\/\/consolar.org\/index.php?rest_route=\/wp\/v2\/posts\/659","targetHints":{"allow":["GET"]}}],"collection":[{"href":"https:\/\/consolar.org\/index.php?rest_route=\/wp\/v2\/posts"}],"about":[{"href":"https:\/\/consolar.org\/index.php?rest_route=\/wp\/v2\/types\/post"}],"author":[{"embeddable":true,"href":"https:\/\/consolar.org\/index.php?rest_route=\/wp\/v2\/users\/1"}],"replies":[{"embeddable":true,"href":"https:\/\/consolar.org\/index.php?rest_route=%2Fwp%2Fv2%2Fcomments&post=659"}],"version-history":[{"count":0,"href":"https:\/\/consolar.org\/index.php?rest_route=\/wp\/v2\/posts\/659\/revisions"}],"wp:featuredmedia":[{"embeddable":true,"href":"https:\/\/consolar.org\/index.php?rest_route=\/wp\/v2\/media\/1134"}],"wp:attachment":[{"href":"https:\/\/consolar.org\/index.php?rest_route=%2Fwp%2Fv2%2Fmedia&parent=659"}],"wp:term":[{"taxonomy":"category","embeddable":true,"href":"https:\/\/consolar.org\/index.php?rest_route=%2Fwp%2Fv2%2Fcategories&post=659"},{"taxonomy":"post_tag","embeddable":true,"href":"https:\/\/consolar.org\/index.php?rest_route=%2Fwp%2Fv2%2Ftags&post=659"}],"curies":[{"name":"wp","href":"https:\/\/api.w.org\/{rel}","templated":true}]}}