{"id":657,"date":"2012-05-04T00:00:00","date_gmt":"2012-05-04T03:00:00","guid":{"rendered":"https:\/\/consolar.org\/2012\/05\/04\/o-senhor-consola-seu-povo\/"},"modified":"2026-02-26T23:08:56","modified_gmt":"2026-02-27T02:08:56","slug":"o-senhor-consola-seu-povo","status":"publish","type":"post","link":"https:\/\/consolar.org\/?p=657","title":{"rendered":"O Senhor Consola Seu Povo"},"content":{"rendered":"\n<figure class=\"wp-block-image size-large\"><img loading=\"lazy\" decoding=\"async\" width=\"1024\" height=\"477\" src=\"https:\/\/consolar.org\/wp-content\/uploads\/2012\/05\/osenhorconsolaseupovo-1024x477.jpg\" alt=\"\" class=\"wp-image-1102\" srcset=\"https:\/\/consolar.org\/wp-content\/uploads\/2012\/05\/osenhorconsolaseupovo-1024x477.jpg 1024w, https:\/\/consolar.org\/wp-content\/uploads\/2012\/05\/osenhorconsolaseupovo-300x140.jpg 300w, https:\/\/consolar.org\/wp-content\/uploads\/2012\/05\/osenhorconsolaseupovo-768x358.jpg 768w, https:\/\/consolar.org\/wp-content\/uploads\/2012\/05\/osenhorconsolaseupovo.jpg 1200w\" sizes=\"auto, (max-width: 1024px) 100vw, 1024px\" \/><\/figure>\n\n\n\n<p class=\"has-text-align-center\"><em>&#8220;Gritem de alegria, \u00f3 c\u00e9us, regozije-se, \u00f3 terra; irrompam em can\u00e7\u00e3o, \u00f3 montes! <br>Pois o Senhor consola o seu povo e ter\u00e1 compaix\u00e3o de seus afligidos&#8221; (Isa\u00edas 49.13). <\/em><\/p>\n\n\n\n<p>Voc\u00ea j\u00e1 se sentiu abandonado e esquecido? Um dos grandes temores que as pessoas t\u00eam \u00e9 de ficarem completamente sozinhas e afastadas da fam\u00edlia ou mesmo de Deus. Diante das in\u00fameras mensagens de ajuda que recebemos no Consolar h\u00e1 pessoas que perderam tudo. Seja o casamento, o emprego, o neg\u00f3cio, os filhos ou a morte. O relacionamento com Deus est\u00e1 um caos, muito mais ainda com os seus filhos, parentes ou pr\u00f3ximos. Para piorar ainda h\u00e1 aqueles dias em que tudo d\u00e1 errado. N\u00e3o faz diferen\u00e7a o quanto tentamos tudo parece conspirar contra. Quanto mais tentamos, pior fica. <\/p>\n\n\n\n<p>H\u00e1 intensos momentos na vida quando parece que Deus est\u00e1 bem longe, bem distante. O pastor Paul Gerhardt e sua fam\u00edlia precisaram fugir de casa durante a Guerra dos Trinta Anos no s\u00e9culo 17. Uma noite, enquanto estavam em uma pequena vila, sem um lar e cheios de medo, sua esposa Anna se desmanchou em um choro de desespero. Para confort\u00e1-la, Gerhardt lembrou-a de promessas b\u00edblicas sobre o cuidado e provis\u00e3o de Deus. Algum tempo depois ele foi ao jardim para ficar s\u00f3. Ali ele tamb\u00e9m se quebrantou e chorou. Sentiu ter chegado seu pior momento. Mas logo o pastor sentiu seu fardo ficar mais leve e tamb\u00e9m a presen\u00e7a de Deus. Logo ele escreveu um hino de conforto: &#8220;D\u00ea ao vento seus medos; Tenha esperan\u00e7a e seja refeito; Deus ouve seus gemidos e conta suas l\u00e1grimas; Deus levantar\u00e1 sua cabe\u00e7a. Atrav\u00e9s das ondas, nuvens e tempestades, Ele gentilmente limpa o caminho. Espere, pois no tempo dEle essa noite findar\u00e1 e a alegria vir\u00e1 no final de tudo&#8221;.<\/p>\n\n\n\n<p>Deus consola o seu povo. E o seu consolo transforma o louvor est\u00e1tico em gritos de alegria e exalta\u00e7\u00e3o. \u00c9 uma alegria tal que se transforma tamb\u00e9m na alegria dos c\u00e9us e da terra. A salva\u00e7\u00e3o e a vit\u00f3ria que Deus nos d\u00e1 \u00e9 tal que o universo se regozija. Porque o senhor conforta, tem compaix\u00e3o. Deus se compadece e conforta seu povo aflito. Ele consola aqueles que O seguem e precisam de sua ajuda. O profeta Isa\u00edas estava avisando ao povo de Jud\u00e1 sobre a imin\u00eancia do cativeiro Babil\u00f4nico. Mas ele tamb\u00e9m apresentou palavras de conforto ao povo antes mesmo de serem derrotados. Para ilustrar esse cuidado de Deus, mostrando que n\u00e3o seriam abandonados, Isa\u00edas usa o exemplo da m\u00e3e: <em>&#8220;Haver\u00e1 m\u00e3e que possa esquecer seu beb\u00ea que ainda mama e n\u00e3o ter compaix\u00e3o do filho que gerou? Embora ela possa esquec\u00ea-lo, eu n\u00e3o me esquecerei de voc\u00ea!&#8221;<\/em> (Isa\u00edas 49.15). <\/p>\n\n\n\n<p>O Senhor te Console e transforme a sua dor em m\u00fasica.<\/p>\n","protected":false},"excerpt":{"rendered":"<p>&#8220;Gritem de alegria, \u00f3 c\u00e9us, regozije-se, \u00f3 terra; irrompam em can\u00e7\u00e3o, \u00f3 montes! Pois o Senhor consola o seu povo e ter\u00e1 compaix\u00e3o de seus afligidos&#8221; (Isa\u00edas 49.13). Voc\u00ea j\u00e1 se sentiu abandonado e esquecido? Um dos grandes temores que as pessoas t\u00eam \u00e9 de ficarem completamente sozinhas e afastadas da fam\u00edlia ou mesmo de <a class=\"more-link\" href=\"https:\/\/consolar.org\/?p=657\">&hellip; Continue lendo&hellip; &rarr;<\/a><\/p>\n","protected":false},"author":1,"featured_media":1102,"comment_status":"closed","ping_status":"closed","sticky":false,"template":"","format":"standard","meta":{"_ayudawp_aiss_exclude":false,"footnotes":"","_wpscppro_dont_share_socialmedia":false,"_wpscppro_custom_social_share_image":0,"_facebook_share_type":"","_twitter_share_type":"","_linkedin_share_type":"","_pinterest_share_type":"","_linkedin_share_type_page":"","_instagram_share_type":"","_medium_share_type":"","_threads_share_type":"","_google_business_share_type":"","_selected_social_profile":[],"_wpsp_enable_custom_social_template":false,"_wpsp_social_scheduling":{"enabled":false,"datetime":null,"platforms":[],"status":"template_only","dateOption":"today","timeOption":"now","customDays":"","customHours":"","customDate":"","customTime":"","schedulingType":"absolute"},"_wpsp_active_default_template":true},"categories":[1],"tags":[],"class_list":["post-657","post","type-post","status-publish","format-standard","has-post-thumbnail","hentry","category-uncategorized"],"yoast_head":"<!-- This site is optimized with the Yoast SEO Premium plugin v27.3 (Yoast SEO v27.5) - https:\/\/yoast.com\/product\/yoast-seo-premium-wordpress\/ -->\n<title>O Senhor Consola Seu Povo - Consolar.org<\/title>\n<meta name=\"robots\" content=\"index, follow, max-snippet:-1, max-image-preview:large, max-video-preview:-1\" \/>\n<link rel=\"canonical\" href=\"https:\/\/consolar.org\/?p=657\" \/>\n<meta property=\"og:locale\" content=\"pt_BR\" \/>\n<meta property=\"og:type\" content=\"article\" \/>\n<meta property=\"og:title\" content=\"O Senhor Consola Seu Povo\" \/>\n<meta property=\"og:description\" content=\"&#8220;Gritem de alegria, \u00f3 c\u00e9us, regozije-se, \u00f3 terra; irrompam em can\u00e7\u00e3o, \u00f3 montes! Pois o Senhor consola o seu povo e ter\u00e1 compaix\u00e3o de seus afligidos&#8221; (Isa\u00edas 49.13). Voc\u00ea j\u00e1 se sentiu abandonado e esquecido? Um dos grandes temores que as pessoas t\u00eam \u00e9 de ficarem completamente sozinhas e afastadas da fam\u00edlia ou mesmo de &hellip; Continue lendo&hellip; &rarr;\" \/>\n<meta property=\"og:url\" content=\"https:\/\/consolar.org\/?p=657\" \/>\n<meta property=\"og:site_name\" content=\"Consolar.org\" \/>\n<meta property=\"article:publisher\" content=\"https:\/\/www.facebook.com\/consolar\" \/>\n<meta property=\"article:published_time\" content=\"2012-05-04T03:00:00+00:00\" \/>\n<meta property=\"article:modified_time\" content=\"2026-02-27T02:08:56+00:00\" \/>\n<meta property=\"og:image\" content=\"https:\/\/consolar.org\/wp-content\/uploads\/2012\/05\/osenhorconsolaseupovo.jpg\" \/>\n\t<meta property=\"og:image:width\" content=\"1200\" \/>\n\t<meta property=\"og:image:height\" content=\"559\" \/>\n\t<meta property=\"og:image:type\" content=\"image\/jpeg\" \/>\n<meta name=\"author\" content=\"Luiz Eduardo de Freitas\" \/>\n<meta name=\"twitter:card\" content=\"summary_large_image\" \/>\n<meta name=\"twitter:label1\" content=\"Escrito por\" \/>\n\t<meta name=\"twitter:data1\" content=\"Luiz Eduardo de Freitas\" \/>\n\t<meta name=\"twitter:label2\" content=\"Est. tempo de leitura\" \/>\n\t<meta name=\"twitter:data2\" content=\"2 minutos\" \/>\n<script type=\"application\/ld+json\" class=\"yoast-schema-graph\">{\"@context\":\"https:\\\/\\\/schema.org\",\"@graph\":[{\"@type\":\"Article\",\"@id\":\"https:\\\/\\\/consolar.org\\\/?p=657#article\",\"isPartOf\":{\"@id\":\"https:\\\/\\\/consolar.org\\\/?p=657\"},\"author\":{\"name\":\"Luiz Eduardo de Freitas\",\"@id\":\"https:\\\/\\\/consolar.org\\\/#\\\/schema\\\/person\\\/018df0c77d26ffae15541a8db82a8d29\"},\"headline\":\"O Senhor Consola Seu Povo\",\"datePublished\":\"2012-05-04T03:00:00+00:00\",\"dateModified\":\"2026-02-27T02:08:56+00:00\",\"mainEntityOfPage\":{\"@id\":\"https:\\\/\\\/consolar.org\\\/?p=657\"},\"wordCount\":496,\"publisher\":{\"@id\":\"https:\\\/\\\/consolar.org\\\/#organization\"},\"image\":{\"@id\":\"https:\\\/\\\/consolar.org\\\/?p=657#primaryimage\"},\"thumbnailUrl\":\"https:\\\/\\\/consolar.org\\\/wp-content\\\/uploads\\\/2012\\\/05\\\/osenhorconsolaseupovo.jpg\",\"articleSection\":[\"Uncategorized\"],\"inLanguage\":\"pt-BR\"},{\"@type\":\"WebPage\",\"@id\":\"https:\\\/\\\/consolar.org\\\/?p=657\",\"url\":\"https:\\\/\\\/consolar.org\\\/?p=657\",\"name\":\"O Senhor Consola Seu Povo - Consolar.org\",\"isPartOf\":{\"@id\":\"https:\\\/\\\/consolar.org\\\/#website\"},\"primaryImageOfPage\":{\"@id\":\"https:\\\/\\\/consolar.org\\\/?p=657#primaryimage\"},\"image\":{\"@id\":\"https:\\\/\\\/consolar.org\\\/?p=657#primaryimage\"},\"thumbnailUrl\":\"https:\\\/\\\/consolar.org\\\/wp-content\\\/uploads\\\/2012\\\/05\\\/osenhorconsolaseupovo.jpg\",\"datePublished\":\"2012-05-04T03:00:00+00:00\",\"dateModified\":\"2026-02-27T02:08:56+00:00\",\"breadcrumb\":{\"@id\":\"https:\\\/\\\/consolar.org\\\/?p=657#breadcrumb\"},\"inLanguage\":\"pt-BR\",\"potentialAction\":[{\"@type\":\"ReadAction\",\"target\":[\"https:\\\/\\\/consolar.org\\\/?p=657\"]}]},{\"@type\":\"ImageObject\",\"inLanguage\":\"pt-BR\",\"@id\":\"https:\\\/\\\/consolar.org\\\/?p=657#primaryimage\",\"url\":\"https:\\\/\\\/consolar.org\\\/wp-content\\\/uploads\\\/2012\\\/05\\\/osenhorconsolaseupovo.jpg\",\"contentUrl\":\"https:\\\/\\\/consolar.org\\\/wp-content\\\/uploads\\\/2012\\\/05\\\/osenhorconsolaseupovo.jpg\",\"width\":1200,\"height\":559},{\"@type\":\"BreadcrumbList\",\"@id\":\"https:\\\/\\\/consolar.org\\\/?p=657#breadcrumb\",\"itemListElement\":[{\"@type\":\"ListItem\",\"position\":1,\"name\":\"In\u00edcio\",\"item\":\"https:\\\/\\\/consolar.org\\\/\"},{\"@type\":\"ListItem\",\"position\":2,\"name\":\"O Senhor Consola Seu Povo\"}]},{\"@type\":\"WebSite\",\"@id\":\"https:\\\/\\\/consolar.org\\\/#website\",\"url\":\"https:\\\/\\\/consolar.org\\\/\",\"name\":\"Consolar.org\",\"description\":\"Mensagens de conforto e esperan\u00e7a para cora\u00e7\u00f5es que precisam de paz.\",\"publisher\":{\"@id\":\"https:\\\/\\\/consolar.org\\\/#organization\"},\"potentialAction\":[{\"@type\":\"SearchAction\",\"target\":{\"@type\":\"EntryPoint\",\"urlTemplate\":\"https:\\\/\\\/consolar.org\\\/?s={search_term_string}\"},\"query-input\":{\"@type\":\"PropertyValueSpecification\",\"valueRequired\":true,\"valueName\":\"search_term_string\"}}],\"inLanguage\":\"pt-BR\"},{\"@type\":\"Organization\",\"@id\":\"https:\\\/\\\/consolar.org\\\/#organization\",\"name\":\"Consolar.org\",\"url\":\"https:\\\/\\\/consolar.org\\\/\",\"logo\":{\"@type\":\"ImageObject\",\"inLanguage\":\"pt-BR\",\"@id\":\"https:\\\/\\\/consolar.org\\\/#\\\/schema\\\/logo\\\/image\\\/\",\"url\":\"https:\\\/\\\/consolar.org\\\/wp-content\\\/uploads\\\/2026\\\/02\\\/cropped-logonovo03-small.png\",\"contentUrl\":\"https:\\\/\\\/consolar.org\\\/wp-content\\\/uploads\\\/2026\\\/02\\\/cropped-logonovo03-small.png\",\"width\":280,\"height\":142,\"caption\":\"Consolar.org\"},\"image\":{\"@id\":\"https:\\\/\\\/consolar.org\\\/#\\\/schema\\\/logo\\\/image\\\/\"},\"sameAs\":[\"https:\\\/\\\/www.facebook.com\\\/consolar\"]},{\"@type\":\"Person\",\"@id\":\"https:\\\/\\\/consolar.org\\\/#\\\/schema\\\/person\\\/018df0c77d26ffae15541a8db82a8d29\",\"name\":\"Luiz Eduardo de Freitas\",\"image\":{\"@type\":\"ImageObject\",\"inLanguage\":\"pt-BR\",\"@id\":\"https:\\\/\\\/secure.gravatar.com\\\/avatar\\\/4f93769b3d958c559cd38414383290f7d6ab7800bf3f9a38e99e29e582b96cda?s=96&d=blank&r=g\",\"url\":\"https:\\\/\\\/secure.gravatar.com\\\/avatar\\\/4f93769b3d958c559cd38414383290f7d6ab7800bf3f9a38e99e29e582b96cda?s=96&d=blank&r=g\",\"contentUrl\":\"https:\\\/\\\/secure.gravatar.com\\\/avatar\\\/4f93769b3d958c559cd38414383290f7d6ab7800bf3f9a38e99e29e582b96cda?s=96&d=blank&r=g\",\"caption\":\"Luiz Eduardo de Freitas\"},\"description\":\"Ipsum Lorem\",\"sameAs\":[\"https:\\\/\\\/consolar.org\"],\"url\":\"https:\\\/\\\/consolar.org\\\/?author=1\"}]}<\/script>\n<!-- \/ Yoast SEO Premium plugin. -->","yoast_head_json":{"title":"O Senhor Consola Seu Povo - Consolar.org","robots":{"index":"index","follow":"follow","max-snippet":"max-snippet:-1","max-image-preview":"max-image-preview:large","max-video-preview":"max-video-preview:-1"},"canonical":"https:\/\/consolar.org\/?p=657","og_locale":"pt_BR","og_type":"article","og_title":"O Senhor Consola Seu Povo","og_description":"&#8220;Gritem de alegria, \u00f3 c\u00e9us, regozije-se, \u00f3 terra; irrompam em can\u00e7\u00e3o, \u00f3 montes! Pois o Senhor consola o seu povo e ter\u00e1 compaix\u00e3o de seus afligidos&#8221; (Isa\u00edas 49.13). Voc\u00ea j\u00e1 se sentiu abandonado e esquecido? Um dos grandes temores que as pessoas t\u00eam \u00e9 de ficarem completamente sozinhas e afastadas da fam\u00edlia ou mesmo de &hellip; Continue lendo&hellip; &rarr;","og_url":"https:\/\/consolar.org\/?p=657","og_site_name":"Consolar.org","article_publisher":"https:\/\/www.facebook.com\/consolar","article_published_time":"2012-05-04T03:00:00+00:00","article_modified_time":"2026-02-27T02:08:56+00:00","og_image":[{"width":1200,"height":559,"url":"https:\/\/consolar.org\/wp-content\/uploads\/2012\/05\/osenhorconsolaseupovo.jpg","type":"image\/jpeg"}],"author":"Luiz Eduardo de Freitas","twitter_card":"summary_large_image","twitter_misc":{"Escrito por":"Luiz Eduardo de Freitas","Est. tempo de leitura":"2 minutos"},"schema":{"@context":"https:\/\/schema.org","@graph":[{"@type":"Article","@id":"https:\/\/consolar.org\/?p=657#article","isPartOf":{"@id":"https:\/\/consolar.org\/?p=657"},"author":{"name":"Luiz Eduardo de Freitas","@id":"https:\/\/consolar.org\/#\/schema\/person\/018df0c77d26ffae15541a8db82a8d29"},"headline":"O Senhor Consola Seu Povo","datePublished":"2012-05-04T03:00:00+00:00","dateModified":"2026-02-27T02:08:56+00:00","mainEntityOfPage":{"@id":"https:\/\/consolar.org\/?p=657"},"wordCount":496,"publisher":{"@id":"https:\/\/consolar.org\/#organization"},"image":{"@id":"https:\/\/consolar.org\/?p=657#primaryimage"},"thumbnailUrl":"https:\/\/consolar.org\/wp-content\/uploads\/2012\/05\/osenhorconsolaseupovo.jpg","articleSection":["Uncategorized"],"inLanguage":"pt-BR"},{"@type":"WebPage","@id":"https:\/\/consolar.org\/?p=657","url":"https:\/\/consolar.org\/?p=657","name":"O Senhor Consola Seu Povo - Consolar.org","isPartOf":{"@id":"https:\/\/consolar.org\/#website"},"primaryImageOfPage":{"@id":"https:\/\/consolar.org\/?p=657#primaryimage"},"image":{"@id":"https:\/\/consolar.org\/?p=657#primaryimage"},"thumbnailUrl":"https:\/\/consolar.org\/wp-content\/uploads\/2012\/05\/osenhorconsolaseupovo.jpg","datePublished":"2012-05-04T03:00:00+00:00","dateModified":"2026-02-27T02:08:56+00:00","breadcrumb":{"@id":"https:\/\/consolar.org\/?p=657#breadcrumb"},"inLanguage":"pt-BR","potentialAction":[{"@type":"ReadAction","target":["https:\/\/consolar.org\/?p=657"]}]},{"@type":"ImageObject","inLanguage":"pt-BR","@id":"https:\/\/consolar.org\/?p=657#primaryimage","url":"https:\/\/consolar.org\/wp-content\/uploads\/2012\/05\/osenhorconsolaseupovo.jpg","contentUrl":"https:\/\/consolar.org\/wp-content\/uploads\/2012\/05\/osenhorconsolaseupovo.jpg","width":1200,"height":559},{"@type":"BreadcrumbList","@id":"https:\/\/consolar.org\/?p=657#breadcrumb","itemListElement":[{"@type":"ListItem","position":1,"name":"In\u00edcio","item":"https:\/\/consolar.org\/"},{"@type":"ListItem","position":2,"name":"O Senhor Consola Seu Povo"}]},{"@type":"WebSite","@id":"https:\/\/consolar.org\/#website","url":"https:\/\/consolar.org\/","name":"Consolar.org","description":"Mensagens de conforto e esperan\u00e7a para cora\u00e7\u00f5es que precisam de paz.","publisher":{"@id":"https:\/\/consolar.org\/#organization"},"potentialAction":[{"@type":"SearchAction","target":{"@type":"EntryPoint","urlTemplate":"https:\/\/consolar.org\/?s={search_term_string}"},"query-input":{"@type":"PropertyValueSpecification","valueRequired":true,"valueName":"search_term_string"}}],"inLanguage":"pt-BR"},{"@type":"Organization","@id":"https:\/\/consolar.org\/#organization","name":"Consolar.org","url":"https:\/\/consolar.org\/","logo":{"@type":"ImageObject","inLanguage":"pt-BR","@id":"https:\/\/consolar.org\/#\/schema\/logo\/image\/","url":"https:\/\/consolar.org\/wp-content\/uploads\/2026\/02\/cropped-logonovo03-small.png","contentUrl":"https:\/\/consolar.org\/wp-content\/uploads\/2026\/02\/cropped-logonovo03-small.png","width":280,"height":142,"caption":"Consolar.org"},"image":{"@id":"https:\/\/consolar.org\/#\/schema\/logo\/image\/"},"sameAs":["https:\/\/www.facebook.com\/consolar"]},{"@type":"Person","@id":"https:\/\/consolar.org\/#\/schema\/person\/018df0c77d26ffae15541a8db82a8d29","name":"Luiz Eduardo de Freitas","image":{"@type":"ImageObject","inLanguage":"pt-BR","@id":"https:\/\/secure.gravatar.com\/avatar\/4f93769b3d958c559cd38414383290f7d6ab7800bf3f9a38e99e29e582b96cda?s=96&d=blank&r=g","url":"https:\/\/secure.gravatar.com\/avatar\/4f93769b3d958c559cd38414383290f7d6ab7800bf3f9a38e99e29e582b96cda?s=96&d=blank&r=g","contentUrl":"https:\/\/secure.gravatar.com\/avatar\/4f93769b3d958c559cd38414383290f7d6ab7800bf3f9a38e99e29e582b96cda?s=96&d=blank&r=g","caption":"Luiz Eduardo de Freitas"},"description":"Ipsum Lorem","sameAs":["https:\/\/consolar.org"],"url":"https:\/\/consolar.org\/?author=1"}]}},"_links":{"self":[{"href":"https:\/\/consolar.org\/index.php?rest_route=\/wp\/v2\/posts\/657","targetHints":{"allow":["GET"]}}],"collection":[{"href":"https:\/\/consolar.org\/index.php?rest_route=\/wp\/v2\/posts"}],"about":[{"href":"https:\/\/consolar.org\/index.php?rest_route=\/wp\/v2\/types\/post"}],"author":[{"embeddable":true,"href":"https:\/\/consolar.org\/index.php?rest_route=\/wp\/v2\/users\/1"}],"replies":[{"embeddable":true,"href":"https:\/\/consolar.org\/index.php?rest_route=%2Fwp%2Fv2%2Fcomments&post=657"}],"version-history":[{"count":0,"href":"https:\/\/consolar.org\/index.php?rest_route=\/wp\/v2\/posts\/657\/revisions"}],"wp:featuredmedia":[{"embeddable":true,"href":"https:\/\/consolar.org\/index.php?rest_route=\/wp\/v2\/media\/1102"}],"wp:attachment":[{"href":"https:\/\/consolar.org\/index.php?rest_route=%2Fwp%2Fv2%2Fmedia&parent=657"}],"wp:term":[{"taxonomy":"category","embeddable":true,"href":"https:\/\/consolar.org\/index.php?rest_route=%2Fwp%2Fv2%2Fcategories&post=657"},{"taxonomy":"post_tag","embeddable":true,"href":"https:\/\/consolar.org\/index.php?rest_route=%2Fwp%2Fv2%2Ftags&post=657"}],"curies":[{"name":"wp","href":"https:\/\/api.w.org\/{rel}","templated":true}]}}