{"id":652,"date":"2011-06-01T00:00:00","date_gmt":"2011-06-01T03:00:00","guid":{"rendered":"https:\/\/consolar.org\/2011\/06\/01\/o-natal-foi-assim\/"},"modified":"2026-03-11T16:56:11","modified_gmt":"2026-03-11T19:56:11","slug":"o-natal-foi-assim","status":"publish","type":"post","link":"https:\/\/consolar.org\/?p=652","title":{"rendered":"O Natal Foi Assim"},"content":{"rendered":"\n<figure class=\"wp-block-image size-large\"><img loading=\"lazy\" decoding=\"async\" width=\"1024\" height=\"503\" src=\"https:\/\/consolar.org\/wp-content\/uploads\/2011\/06\/onatalfoiassim-1024x503.jpg\" alt=\"\" class=\"wp-image-1163\" srcset=\"https:\/\/consolar.org\/wp-content\/uploads\/2011\/06\/onatalfoiassim-1024x503.jpg 1024w, https:\/\/consolar.org\/wp-content\/uploads\/2011\/06\/onatalfoiassim-300x147.jpg 300w, https:\/\/consolar.org\/wp-content\/uploads\/2011\/06\/onatalfoiassim-768x377.jpg 768w, https:\/\/consolar.org\/wp-content\/uploads\/2011\/06\/onatalfoiassim.jpg 1200w\" sizes=\"auto, (max-width: 1024px) 100vw, 1024px\" \/><\/figure>\n\n\n\n<p>Em Recife, o sonho de uma noiva terminou em pesadelo, pelos planos concretizados do noivo. Na madrugada de domingo (19.12.10 d.C.), Renata celebrava a realiza\u00e7\u00e3o do sonho de seu casamento com Rog\u00e9rio quando, o pr\u00f3prio novel esposo sacou de uma arma matando a noiva, o padrinho Marcelo para, finalmente, atirar contra a pr\u00f3pria cabe\u00e7a. De acordo com a an\u00e1lise inicial da pol\u00edcia, o crime foi premeditado pelo pr\u00f3prio noivo. <\/p>\n\n\n\n<p>Em Nazar\u00e9 da Jud\u00e9ia, o sonho de uma noiva, depois de frustrado, terminou em exitosa realiza\u00e7\u00e3o. H\u00e1 mais de dois mil anos atr\u00e1s (6 a.C.), Maria tinha o casamento tratado com Jos\u00e9 (Mateus 1: 18), uma esp\u00e9cie de noivado. Ter filhos seria uma consequ\u00eancia natural e ansiosamente esperada, j\u00e1 que n\u00e3o ter filhos naquela \u00e9poca significava carregar uma esp\u00e9cie de maldi\u00e7\u00e3o divina e ser, por isso, alvo de zombaria. <\/p>\n\n\n\n<p>Os sonhos leg\u00edtimos dessa noiva s\u00e3o de repente e de forma inexplic\u00e1vel e involunt\u00e1ria invadidos pelas circunst\u00e2ncias de uma gravidez inesperada e inexplic\u00e1vel; determinada que fora pelo pr\u00f3prio Deus. O sonho, apesar da b\u00ean\u00e7\u00e3o da gravidez, come\u00e7a a delinear um pesadelo. O noivo, presumidamente tra\u00eddo, poderia denunciar publicamente a noiva, difamando-a. \u00c0 noiva restaria n\u00e3o apenas a vergonha p\u00fablica, mas talvez a morte por apedrejamento. <\/p>\n\n\n\n<p>Entra em a\u00e7\u00e3o o plano do homem justo. Para n\u00e3o difamar a sua noiva, ele resolve assumir a responsabilidade pelo rompimento do noivado. Ele planeja deix\u00e1-la secretamente e assim evitar, pelo menos por hora, a exposi\u00e7\u00e3o p\u00fablica. Pode-se inferir os coment\u00e1rios quando Maria come\u00e7asse a ganhar peso&#8230; Jos\u00e9, chamado justo (Mateus 1: 19), n\u00e3o exigiria a puni\u00e7\u00e3o, mas tamb\u00e9m n\u00e3o procuraria a reden\u00e7\u00e3o e a absolvi\u00e7\u00e3o da noiva. <\/p>\n\n\n\n<p>Os sonhos da noiva e os planos do noivo s\u00e3o novamente invadidos pelos prop\u00f3sitos divinos. Em sonhos (Mateus 18: 20), Deus revela os Seus sonhos para Maria e Jos\u00e9: o sonho de Deus n\u00e3o significaria a nega\u00e7\u00e3o dos melhores sonhos dos noivos, talvez apenas de um jeito divino, e n\u00e3o humano, o sonho de Deus tinha como prop\u00f3sito dar vit\u00f3ria sobre o medo quanto ao futuro, o sonho de Deus visava a cura e a salva\u00e7\u00e3o, o sonho de Deus era o cumprimento das promessas divinas, o sonho de Deus intensificaria a sua presen\u00e7a na vida de todos os homens, o sonho de Deus produziria um milagre (a concep\u00e7\u00e3o virginal). Contudo, o sonho de Deus exigiria obedi\u00eancia do ser humano. <\/p>\n\n\n\n<p>A nossa vida \u00e9 assim: sonhamos, planejamos tudo do nosso jeito. N\u00e3o raro, circunst\u00e2ncias inesperadas e inexplic\u00e1veis invadem os nossos sonhos. Por vezes, essas circunst\u00e2ncias s\u00e3o determinadas pelo pr\u00f3prio Deus. Experimentamos medo e tentamos resolver tudo do nosso jeito, contudo, o melhor mesmo \u00e9 sonhar os sonhos de Deus, \u00e9 deixar que os sonhos gloriosos de Deus dirijam a nossa hist\u00f3ria. <\/p>\n\n\n\n<p>O Natal de Nazar\u00e9 foi assim! O Natal de Recife n\u00e3o foi assim! A diferen\u00e7a entre ambos, \u00e9 que naquele prevaleceu o sonho de Deus; nesse, os planos do noivo! Que, como foi o Natal em Nazar\u00e9, seja o nosso Natal hoje e sempre! <\/p>\n\n\n\n<p>Pr. Josu\u00e9 Mello Salgado<\/p>\n","protected":false},"excerpt":{"rendered":"<p>Em Recife, o sonho de uma noiva terminou em pesadelo, pelos planos concretizados do noivo. Na madrugada de domingo (19.12.10 d.C.), Renata celebrava a realiza\u00e7\u00e3o do sonho de seu casamento com Rog\u00e9rio quando, o pr\u00f3prio novel esposo sacou de uma arma matando a noiva, o padrinho Marcelo para, finalmente, atirar contra a pr\u00f3pria cabe\u00e7a. De <a class=\"more-link\" href=\"https:\/\/consolar.org\/?p=652\">&hellip; Continue lendo&hellip; &rarr;<\/a><\/p>\n","protected":false},"author":1,"featured_media":1163,"comment_status":"closed","ping_status":"closed","sticky":false,"template":"","format":"standard","meta":{"_ayudawp_aiss_exclude":false,"footnotes":"","_wpscppro_dont_share_socialmedia":false,"_wpscppro_custom_social_share_image":0,"_facebook_share_type":"","_twitter_share_type":"","_linkedin_share_type":"","_pinterest_share_type":"","_linkedin_share_type_page":"","_instagram_share_type":"","_medium_share_type":"","_threads_share_type":"","_google_business_share_type":"","_selected_social_profile":[],"_wpsp_enable_custom_social_template":false,"_wpsp_social_scheduling":{"enabled":false,"datetime":null,"platforms":[],"status":"template_only","dateOption":"today","timeOption":"now","customDays":"","customHours":"","customDate":"","customTime":"","schedulingType":"absolute"},"_wpsp_active_default_template":true},"categories":[1],"tags":[],"class_list":["post-652","post","type-post","status-publish","format-standard","has-post-thumbnail","hentry","category-uncategorized"],"yoast_head":"<!-- This site is optimized with the Yoast SEO Premium plugin v27.3 (Yoast SEO v27.5) - https:\/\/yoast.com\/product\/yoast-seo-premium-wordpress\/ -->\n<title>O Natal Foi Assim - Consolar.org<\/title>\n<meta name=\"robots\" content=\"index, follow, max-snippet:-1, max-image-preview:large, max-video-preview:-1\" \/>\n<link rel=\"canonical\" href=\"https:\/\/consolar.org\/?p=652\" \/>\n<meta property=\"og:locale\" content=\"pt_BR\" \/>\n<meta property=\"og:type\" content=\"article\" \/>\n<meta property=\"og:title\" content=\"O Natal Foi Assim\" \/>\n<meta property=\"og:description\" content=\"Em Recife, o sonho de uma noiva terminou em pesadelo, pelos planos concretizados do noivo. Na madrugada de domingo (19.12.10 d.C.), Renata celebrava a realiza\u00e7\u00e3o do sonho de seu casamento com Rog\u00e9rio quando, o pr\u00f3prio novel esposo sacou de uma arma matando a noiva, o padrinho Marcelo para, finalmente, atirar contra a pr\u00f3pria cabe\u00e7a. De &hellip; Continue lendo&hellip; &rarr;\" \/>\n<meta property=\"og:url\" content=\"https:\/\/consolar.org\/?p=652\" \/>\n<meta property=\"og:site_name\" content=\"Consolar.org\" \/>\n<meta property=\"article:publisher\" content=\"https:\/\/www.facebook.com\/consolar\" \/>\n<meta property=\"article:published_time\" content=\"2011-06-01T03:00:00+00:00\" \/>\n<meta property=\"article:modified_time\" content=\"2026-03-11T19:56:11+00:00\" \/>\n<meta property=\"og:image\" content=\"https:\/\/consolar.org\/wp-content\/uploads\/2011\/06\/onatalfoiassim.jpg\" \/>\n\t<meta property=\"og:image:width\" content=\"1200\" \/>\n\t<meta property=\"og:image:height\" content=\"589\" \/>\n\t<meta property=\"og:image:type\" content=\"image\/jpeg\" \/>\n<meta name=\"author\" content=\"Luiz Eduardo de Freitas\" \/>\n<meta name=\"twitter:card\" content=\"summary_large_image\" \/>\n<meta name=\"twitter:label1\" content=\"Escrito por\" \/>\n\t<meta name=\"twitter:data1\" content=\"Luiz Eduardo de Freitas\" \/>\n\t<meta name=\"twitter:label2\" content=\"Est. tempo de leitura\" \/>\n\t<meta name=\"twitter:data2\" content=\"3 minutos\" \/>\n<script type=\"application\/ld+json\" class=\"yoast-schema-graph\">{\"@context\":\"https:\\\/\\\/schema.org\",\"@graph\":[{\"@type\":\"Article\",\"@id\":\"https:\\\/\\\/consolar.org\\\/?p=652#article\",\"isPartOf\":{\"@id\":\"https:\\\/\\\/consolar.org\\\/?p=652\"},\"author\":{\"name\":\"Luiz Eduardo de Freitas\",\"@id\":\"https:\\\/\\\/consolar.org\\\/#\\\/schema\\\/person\\\/018df0c77d26ffae15541a8db82a8d29\"},\"headline\":\"O Natal Foi Assim\",\"datePublished\":\"2011-06-01T03:00:00+00:00\",\"dateModified\":\"2026-03-11T19:56:11+00:00\",\"mainEntityOfPage\":{\"@id\":\"https:\\\/\\\/consolar.org\\\/?p=652\"},\"wordCount\":555,\"publisher\":{\"@id\":\"https:\\\/\\\/consolar.org\\\/#organization\"},\"image\":{\"@id\":\"https:\\\/\\\/consolar.org\\\/?p=652#primaryimage\"},\"thumbnailUrl\":\"https:\\\/\\\/consolar.org\\\/wp-content\\\/uploads\\\/2011\\\/06\\\/onatalfoiassim.jpg\",\"articleSection\":[\"Uncategorized\"],\"inLanguage\":\"pt-BR\"},{\"@type\":\"WebPage\",\"@id\":\"https:\\\/\\\/consolar.org\\\/?p=652\",\"url\":\"https:\\\/\\\/consolar.org\\\/?p=652\",\"name\":\"O Natal Foi Assim - Consolar.org\",\"isPartOf\":{\"@id\":\"https:\\\/\\\/consolar.org\\\/#website\"},\"primaryImageOfPage\":{\"@id\":\"https:\\\/\\\/consolar.org\\\/?p=652#primaryimage\"},\"image\":{\"@id\":\"https:\\\/\\\/consolar.org\\\/?p=652#primaryimage\"},\"thumbnailUrl\":\"https:\\\/\\\/consolar.org\\\/wp-content\\\/uploads\\\/2011\\\/06\\\/onatalfoiassim.jpg\",\"datePublished\":\"2011-06-01T03:00:00+00:00\",\"dateModified\":\"2026-03-11T19:56:11+00:00\",\"breadcrumb\":{\"@id\":\"https:\\\/\\\/consolar.org\\\/?p=652#breadcrumb\"},\"inLanguage\":\"pt-BR\",\"potentialAction\":[{\"@type\":\"ReadAction\",\"target\":[\"https:\\\/\\\/consolar.org\\\/?p=652\"]}]},{\"@type\":\"ImageObject\",\"inLanguage\":\"pt-BR\",\"@id\":\"https:\\\/\\\/consolar.org\\\/?p=652#primaryimage\",\"url\":\"https:\\\/\\\/consolar.org\\\/wp-content\\\/uploads\\\/2011\\\/06\\\/onatalfoiassim.jpg\",\"contentUrl\":\"https:\\\/\\\/consolar.org\\\/wp-content\\\/uploads\\\/2011\\\/06\\\/onatalfoiassim.jpg\",\"width\":1200,\"height\":589},{\"@type\":\"BreadcrumbList\",\"@id\":\"https:\\\/\\\/consolar.org\\\/?p=652#breadcrumb\",\"itemListElement\":[{\"@type\":\"ListItem\",\"position\":1,\"name\":\"In\u00edcio\",\"item\":\"https:\\\/\\\/consolar.org\\\/\"},{\"@type\":\"ListItem\",\"position\":2,\"name\":\"O Natal Foi Assim\"}]},{\"@type\":\"WebSite\",\"@id\":\"https:\\\/\\\/consolar.org\\\/#website\",\"url\":\"https:\\\/\\\/consolar.org\\\/\",\"name\":\"Consolar.org\",\"description\":\"Mensagens de conforto e esperan\u00e7a para cora\u00e7\u00f5es que precisam de paz.\",\"publisher\":{\"@id\":\"https:\\\/\\\/consolar.org\\\/#organization\"},\"potentialAction\":[{\"@type\":\"SearchAction\",\"target\":{\"@type\":\"EntryPoint\",\"urlTemplate\":\"https:\\\/\\\/consolar.org\\\/?s={search_term_string}\"},\"query-input\":{\"@type\":\"PropertyValueSpecification\",\"valueRequired\":true,\"valueName\":\"search_term_string\"}}],\"inLanguage\":\"pt-BR\"},{\"@type\":\"Organization\",\"@id\":\"https:\\\/\\\/consolar.org\\\/#organization\",\"name\":\"Consolar.org\",\"url\":\"https:\\\/\\\/consolar.org\\\/\",\"logo\":{\"@type\":\"ImageObject\",\"inLanguage\":\"pt-BR\",\"@id\":\"https:\\\/\\\/consolar.org\\\/#\\\/schema\\\/logo\\\/image\\\/\",\"url\":\"https:\\\/\\\/consolar.org\\\/wp-content\\\/uploads\\\/2026\\\/02\\\/cropped-logonovo03-small.png\",\"contentUrl\":\"https:\\\/\\\/consolar.org\\\/wp-content\\\/uploads\\\/2026\\\/02\\\/cropped-logonovo03-small.png\",\"width\":280,\"height\":142,\"caption\":\"Consolar.org\"},\"image\":{\"@id\":\"https:\\\/\\\/consolar.org\\\/#\\\/schema\\\/logo\\\/image\\\/\"},\"sameAs\":[\"https:\\\/\\\/www.facebook.com\\\/consolar\"]},{\"@type\":\"Person\",\"@id\":\"https:\\\/\\\/consolar.org\\\/#\\\/schema\\\/person\\\/018df0c77d26ffae15541a8db82a8d29\",\"name\":\"Luiz Eduardo de Freitas\",\"image\":{\"@type\":\"ImageObject\",\"inLanguage\":\"pt-BR\",\"@id\":\"https:\\\/\\\/secure.gravatar.com\\\/avatar\\\/4f93769b3d958c559cd38414383290f7d6ab7800bf3f9a38e99e29e582b96cda?s=96&d=blank&r=g\",\"url\":\"https:\\\/\\\/secure.gravatar.com\\\/avatar\\\/4f93769b3d958c559cd38414383290f7d6ab7800bf3f9a38e99e29e582b96cda?s=96&d=blank&r=g\",\"contentUrl\":\"https:\\\/\\\/secure.gravatar.com\\\/avatar\\\/4f93769b3d958c559cd38414383290f7d6ab7800bf3f9a38e99e29e582b96cda?s=96&d=blank&r=g\",\"caption\":\"Luiz Eduardo de Freitas\"},\"description\":\"Ipsum Lorem\",\"sameAs\":[\"https:\\\/\\\/consolar.org\"],\"url\":\"https:\\\/\\\/consolar.org\\\/?author=1\"}]}<\/script>\n<!-- \/ Yoast SEO Premium plugin. -->","yoast_head_json":{"title":"O Natal Foi Assim - Consolar.org","robots":{"index":"index","follow":"follow","max-snippet":"max-snippet:-1","max-image-preview":"max-image-preview:large","max-video-preview":"max-video-preview:-1"},"canonical":"https:\/\/consolar.org\/?p=652","og_locale":"pt_BR","og_type":"article","og_title":"O Natal Foi Assim","og_description":"Em Recife, o sonho de uma noiva terminou em pesadelo, pelos planos concretizados do noivo. Na madrugada de domingo (19.12.10 d.C.), Renata celebrava a realiza\u00e7\u00e3o do sonho de seu casamento com Rog\u00e9rio quando, o pr\u00f3prio novel esposo sacou de uma arma matando a noiva, o padrinho Marcelo para, finalmente, atirar contra a pr\u00f3pria cabe\u00e7a. De &hellip; Continue lendo&hellip; &rarr;","og_url":"https:\/\/consolar.org\/?p=652","og_site_name":"Consolar.org","article_publisher":"https:\/\/www.facebook.com\/consolar","article_published_time":"2011-06-01T03:00:00+00:00","article_modified_time":"2026-03-11T19:56:11+00:00","og_image":[{"width":1200,"height":589,"url":"https:\/\/consolar.org\/wp-content\/uploads\/2011\/06\/onatalfoiassim.jpg","type":"image\/jpeg"}],"author":"Luiz Eduardo de Freitas","twitter_card":"summary_large_image","twitter_misc":{"Escrito por":"Luiz Eduardo de Freitas","Est. tempo de leitura":"3 minutos"},"schema":{"@context":"https:\/\/schema.org","@graph":[{"@type":"Article","@id":"https:\/\/consolar.org\/?p=652#article","isPartOf":{"@id":"https:\/\/consolar.org\/?p=652"},"author":{"name":"Luiz Eduardo de Freitas","@id":"https:\/\/consolar.org\/#\/schema\/person\/018df0c77d26ffae15541a8db82a8d29"},"headline":"O Natal Foi Assim","datePublished":"2011-06-01T03:00:00+00:00","dateModified":"2026-03-11T19:56:11+00:00","mainEntityOfPage":{"@id":"https:\/\/consolar.org\/?p=652"},"wordCount":555,"publisher":{"@id":"https:\/\/consolar.org\/#organization"},"image":{"@id":"https:\/\/consolar.org\/?p=652#primaryimage"},"thumbnailUrl":"https:\/\/consolar.org\/wp-content\/uploads\/2011\/06\/onatalfoiassim.jpg","articleSection":["Uncategorized"],"inLanguage":"pt-BR"},{"@type":"WebPage","@id":"https:\/\/consolar.org\/?p=652","url":"https:\/\/consolar.org\/?p=652","name":"O Natal Foi Assim - Consolar.org","isPartOf":{"@id":"https:\/\/consolar.org\/#website"},"primaryImageOfPage":{"@id":"https:\/\/consolar.org\/?p=652#primaryimage"},"image":{"@id":"https:\/\/consolar.org\/?p=652#primaryimage"},"thumbnailUrl":"https:\/\/consolar.org\/wp-content\/uploads\/2011\/06\/onatalfoiassim.jpg","datePublished":"2011-06-01T03:00:00+00:00","dateModified":"2026-03-11T19:56:11+00:00","breadcrumb":{"@id":"https:\/\/consolar.org\/?p=652#breadcrumb"},"inLanguage":"pt-BR","potentialAction":[{"@type":"ReadAction","target":["https:\/\/consolar.org\/?p=652"]}]},{"@type":"ImageObject","inLanguage":"pt-BR","@id":"https:\/\/consolar.org\/?p=652#primaryimage","url":"https:\/\/consolar.org\/wp-content\/uploads\/2011\/06\/onatalfoiassim.jpg","contentUrl":"https:\/\/consolar.org\/wp-content\/uploads\/2011\/06\/onatalfoiassim.jpg","width":1200,"height":589},{"@type":"BreadcrumbList","@id":"https:\/\/consolar.org\/?p=652#breadcrumb","itemListElement":[{"@type":"ListItem","position":1,"name":"In\u00edcio","item":"https:\/\/consolar.org\/"},{"@type":"ListItem","position":2,"name":"O Natal Foi Assim"}]},{"@type":"WebSite","@id":"https:\/\/consolar.org\/#website","url":"https:\/\/consolar.org\/","name":"Consolar.org","description":"Mensagens de conforto e esperan\u00e7a para cora\u00e7\u00f5es que precisam de paz.","publisher":{"@id":"https:\/\/consolar.org\/#organization"},"potentialAction":[{"@type":"SearchAction","target":{"@type":"EntryPoint","urlTemplate":"https:\/\/consolar.org\/?s={search_term_string}"},"query-input":{"@type":"PropertyValueSpecification","valueRequired":true,"valueName":"search_term_string"}}],"inLanguage":"pt-BR"},{"@type":"Organization","@id":"https:\/\/consolar.org\/#organization","name":"Consolar.org","url":"https:\/\/consolar.org\/","logo":{"@type":"ImageObject","inLanguage":"pt-BR","@id":"https:\/\/consolar.org\/#\/schema\/logo\/image\/","url":"https:\/\/consolar.org\/wp-content\/uploads\/2026\/02\/cropped-logonovo03-small.png","contentUrl":"https:\/\/consolar.org\/wp-content\/uploads\/2026\/02\/cropped-logonovo03-small.png","width":280,"height":142,"caption":"Consolar.org"},"image":{"@id":"https:\/\/consolar.org\/#\/schema\/logo\/image\/"},"sameAs":["https:\/\/www.facebook.com\/consolar"]},{"@type":"Person","@id":"https:\/\/consolar.org\/#\/schema\/person\/018df0c77d26ffae15541a8db82a8d29","name":"Luiz Eduardo de Freitas","image":{"@type":"ImageObject","inLanguage":"pt-BR","@id":"https:\/\/secure.gravatar.com\/avatar\/4f93769b3d958c559cd38414383290f7d6ab7800bf3f9a38e99e29e582b96cda?s=96&d=blank&r=g","url":"https:\/\/secure.gravatar.com\/avatar\/4f93769b3d958c559cd38414383290f7d6ab7800bf3f9a38e99e29e582b96cda?s=96&d=blank&r=g","contentUrl":"https:\/\/secure.gravatar.com\/avatar\/4f93769b3d958c559cd38414383290f7d6ab7800bf3f9a38e99e29e582b96cda?s=96&d=blank&r=g","caption":"Luiz Eduardo de Freitas"},"description":"Ipsum Lorem","sameAs":["https:\/\/consolar.org"],"url":"https:\/\/consolar.org\/?author=1"}]}},"_links":{"self":[{"href":"https:\/\/consolar.org\/index.php?rest_route=\/wp\/v2\/posts\/652","targetHints":{"allow":["GET"]}}],"collection":[{"href":"https:\/\/consolar.org\/index.php?rest_route=\/wp\/v2\/posts"}],"about":[{"href":"https:\/\/consolar.org\/index.php?rest_route=\/wp\/v2\/types\/post"}],"author":[{"embeddable":true,"href":"https:\/\/consolar.org\/index.php?rest_route=\/wp\/v2\/users\/1"}],"replies":[{"embeddable":true,"href":"https:\/\/consolar.org\/index.php?rest_route=%2Fwp%2Fv2%2Fcomments&post=652"}],"version-history":[{"count":0,"href":"https:\/\/consolar.org\/index.php?rest_route=\/wp\/v2\/posts\/652\/revisions"}],"wp:featuredmedia":[{"embeddable":true,"href":"https:\/\/consolar.org\/index.php?rest_route=\/wp\/v2\/media\/1163"}],"wp:attachment":[{"href":"https:\/\/consolar.org\/index.php?rest_route=%2Fwp%2Fv2%2Fmedia&parent=652"}],"wp:term":[{"taxonomy":"category","embeddable":true,"href":"https:\/\/consolar.org\/index.php?rest_route=%2Fwp%2Fv2%2Fcategories&post=652"},{"taxonomy":"post_tag","embeddable":true,"href":"https:\/\/consolar.org\/index.php?rest_route=%2Fwp%2Fv2%2Ftags&post=652"}],"curies":[{"name":"wp","href":"https:\/\/api.w.org\/{rel}","templated":true}]}}