{"id":644,"date":"2011-10-14T00:00:00","date_gmt":"2011-10-14T03:00:00","guid":{"rendered":"https:\/\/consolar.org\/2011\/10\/14\/o-encontro-com-o-feliciano-parte-2-o-caos-numa-manha-em-realengo\/"},"modified":"2026-02-28T21:43:19","modified_gmt":"2026-03-01T00:43:19","slug":"o-encontro-com-o-feliciano-parte-2-o-caos-numa-manha-em-realengo","status":"publish","type":"post","link":"https:\/\/consolar.org\/?p=644","title":{"rendered":"O Encontro com o Feliciano &#8211; Parte 2 &#8211; O Caos Numa Manh\u00e3 em Realengo"},"content":{"rendered":"\n<figure class=\"wp-block-image size-large\"><img loading=\"lazy\" decoding=\"async\" width=\"1024\" height=\"487\" src=\"https:\/\/consolar.org\/wp-content\/uploads\/2011\/10\/felicianoparte2-1024x487.jpg\" alt=\"\" class=\"wp-image-1141\" srcset=\"https:\/\/consolar.org\/wp-content\/uploads\/2011\/10\/felicianoparte2-1024x487.jpg 1024w, https:\/\/consolar.org\/wp-content\/uploads\/2011\/10\/felicianoparte2-300x143.jpg 300w, https:\/\/consolar.org\/wp-content\/uploads\/2011\/10\/felicianoparte2-768x365.jpg 768w, https:\/\/consolar.org\/wp-content\/uploads\/2011\/10\/felicianoparte2.jpg 1200w\" sizes=\"auto, (max-width: 1024px) 100vw, 1024px\" \/><\/figure>\n\n\n\n<p>Feliciano entrou na escola. Ouvia tiros no andar de cima. Na entrada, v\u00e1rias crian\u00e7as e professores acuados no canto com medo. N\u00e3o conseguiam se mover. Ele, e seu companheiro, sargento M\u00e1rcio Alves, sobem as escadas j\u00e1 ensanguentadas. Um protegendo o outro. N\u00e3o sabem o que ir\u00e3o encontrar. Seus cora\u00e7\u00f5es parecem anestesiados, mas n\u00e3o \u00e9 verdade. Eles tamb\u00e9m t\u00eam medo. A escada n\u00e3o ajuda. Ao fazerem as curvas podem ficar na mira das armas tenebrosas. <\/p>\n\n\n\n<p>Agindo com cuidado, davam alguns passos para o alto. A qualquer momento poderiam se tornar v\u00edtimas na Escola Tasso da Silveira. Sem saber quantos delinquentes estavam no primeiro andar, eles sobem os lances da escada e encontram o primeiro poss\u00edvel assassino. V\u00e1rios tiros depois o homem doente est\u00e1 morto. Eles entram na primeira sala de aula. Feliciano me conta o que viu, a cena \u00e9 terr\u00edvel, o pedido de socorro de uma menina \u00e9 um quadro de extremo terror. N\u00e3o tenho condi\u00e7\u00f5es de descrev\u00ea-la nem teria coragem de faz\u00ea-lo. Crian\u00e7as mortas, feridas enormes, sangue nas paredes, carteiras escolares em que antes habitavam vida agora s\u00f3 possu\u00edam corpos inertes e extremamente destru\u00eddos. Ser\u00e1 que havia outro assassino? Quantos seriam? Estariam no andar de cima? Gritos, correria, sangue, choro, morte, pedidos de socorro angustiantes, o caos numa manh\u00e3 em Realengo. Naquela manh\u00e3 n\u00e3o havia o que fazer. No comando de tudo aquilo estava o caos. <\/p>\n\n\n\n<p>Larry Crabb no livro O Sil\u00eancio de Ad\u00e3o diz que: &#8220;nossas vidas est\u00e3o cheias de caos. Caos \u00e9 a trag\u00e9dia em um milh\u00e3o de disfarces. Poderia ser o temor de um futuro incerto. \u00c9 uma decis\u00e3o que precisa ser tomada, quando todas as possibilidades parecem certas. Caos pode ser a perda do emprego, uma redu\u00e7\u00e3o no sal\u00e1rio, a perda de um companheiro, um adolescente rebelde, um progn\u00f3stico medico ruim. Se formos honestos, admitiremos que o caos nos persegue diariamente. Caos \u00e9 aquela escurid\u00e3o que paira sobre n\u00f3s todas as vezes que conversamos com nossas esposas, trabalhamos no nosso emprego, pagamos nossas contas e tentamos enxergar sentido em nossas vidas&#8221;. O caos est\u00e1 em todos os lugares. Pedidos de socorro se juntam ao terr\u00edvel sentimento de n\u00e3o saber o que fazer. <\/p>\n\n\n\n<p>O profeta Isaias vivia seu caos. Sua terra, sua na\u00e7\u00e3o e seu povo passavam um tempo de extrema tristeza, prisioneiros numa terra repleta de dores e \u00f3dio. No caos que ele vivia, preparou-nos para conhecer o Salvador. Ele diz: <em>&#8220;Deus \u00e9 a minha salva\u00e7\u00e3o; terei confian\u00e7a e n\u00e3o temerei&#8221;<\/em> (Isa\u00edas 12.2). <\/p>\n\n\n\n<p>H\u00e1 uma chance para o caos de sua vida. Ele se chama Jesus. \u00c9 nessa hora que seus olhos devem estar voltados para esperan\u00e7a de conhecer o salvador. Ele est\u00e1 perto, subindo as escadas escuras do teu ser, batendo na porta de seu cora\u00e7\u00e3o angustiado, amando-o quando tudo diz n\u00e3o e quando o caos se instalou em sua fam\u00edlia, em sua casa, em seu trabalho, em seu corpo e em sua alma, Jesus aparece e te salva de terr\u00edvel morte. Abrace o Salvador. O aceite Jesus como Senhor de sua vida e viva as grandezas daquele que te chamou das trevas (caos) para a verdadeira luz (1 Pedro 2.9).<\/p>\n","protected":false},"excerpt":{"rendered":"<p>Feliciano entrou na escola. Ouvia tiros no andar de cima. Na entrada, v\u00e1rias crian\u00e7as e professores acuados no canto com medo. N\u00e3o conseguiam se mover. Ele, e seu companheiro, sargento M\u00e1rcio Alves, sobem as escadas j\u00e1 ensanguentadas. Um protegendo o outro. N\u00e3o sabem o que ir\u00e3o encontrar. Seus cora\u00e7\u00f5es parecem anestesiados, mas n\u00e3o \u00e9 verdade. <a class=\"more-link\" href=\"https:\/\/consolar.org\/?p=644\">&hellip; Continue lendo&hellip; &rarr;<\/a><\/p>\n","protected":false},"author":2,"featured_media":1141,"comment_status":"closed","ping_status":"closed","sticky":false,"template":"","format":"standard","meta":{"_ayudawp_aiss_exclude":false,"footnotes":"","_wpscppro_dont_share_socialmedia":false,"_wpscppro_custom_social_share_image":0,"_facebook_share_type":"","_twitter_share_type":"","_linkedin_share_type":"","_pinterest_share_type":"","_linkedin_share_type_page":"","_instagram_share_type":"","_medium_share_type":"","_threads_share_type":"","_google_business_share_type":"","_selected_social_profile":[],"_wpsp_enable_custom_social_template":false,"_wpsp_social_scheduling":{"enabled":false,"datetime":null,"platforms":[],"status":"template_only","dateOption":"today","timeOption":"now","customDays":"","customHours":"","customDate":"","customTime":"","schedulingType":"absolute"},"_wpsp_active_default_template":true},"categories":[1],"tags":[],"class_list":["post-644","post","type-post","status-publish","format-standard","has-post-thumbnail","hentry","category-uncategorized"],"yoast_head":"<!-- This site is optimized with the Yoast SEO Premium plugin v27.3 (Yoast SEO v27.5) - https:\/\/yoast.com\/product\/yoast-seo-premium-wordpress\/ -->\n<title>O Encontro com o Feliciano - Parte 2 - O Caos Numa Manh\u00e3 em Realengo - Consolar.org<\/title>\n<meta name=\"robots\" content=\"index, follow, max-snippet:-1, max-image-preview:large, max-video-preview:-1\" \/>\n<link rel=\"canonical\" href=\"https:\/\/consolar.org\/?p=644\" \/>\n<meta property=\"og:locale\" content=\"pt_BR\" \/>\n<meta property=\"og:type\" content=\"article\" \/>\n<meta property=\"og:title\" content=\"O Encontro com o Feliciano - Parte 2 - O Caos Numa Manh\u00e3 em Realengo\" \/>\n<meta property=\"og:description\" content=\"Feliciano entrou na escola. Ouvia tiros no andar de cima. Na entrada, v\u00e1rias crian\u00e7as e professores acuados no canto com medo. N\u00e3o conseguiam se mover. Ele, e seu companheiro, sargento M\u00e1rcio Alves, sobem as escadas j\u00e1 ensanguentadas. Um protegendo o outro. N\u00e3o sabem o que ir\u00e3o encontrar. Seus cora\u00e7\u00f5es parecem anestesiados, mas n\u00e3o \u00e9 verdade. &hellip; Continue lendo&hellip; &rarr;\" \/>\n<meta property=\"og:url\" content=\"https:\/\/consolar.org\/?p=644\" \/>\n<meta property=\"og:site_name\" content=\"Consolar.org\" \/>\n<meta property=\"article:publisher\" content=\"https:\/\/www.facebook.com\/consolar\" \/>\n<meta property=\"article:published_time\" content=\"2011-10-14T03:00:00+00:00\" \/>\n<meta property=\"article:modified_time\" content=\"2026-03-01T00:43:19+00:00\" \/>\n<meta property=\"og:image\" content=\"https:\/\/consolar.org\/wp-content\/uploads\/2011\/10\/felicianoparte2.jpg\" \/>\n\t<meta property=\"og:image:width\" content=\"1200\" \/>\n\t<meta property=\"og:image:height\" content=\"571\" \/>\n\t<meta property=\"og:image:type\" content=\"image\/jpeg\" \/>\n<meta name=\"author\" content=\"Pr Luiz Rubem de Freitas\" \/>\n<meta name=\"twitter:card\" content=\"summary_large_image\" \/>\n<meta name=\"twitter:label1\" content=\"Escrito por\" \/>\n\t<meta name=\"twitter:data1\" content=\"Pr Luiz Rubem de Freitas\" \/>\n\t<meta name=\"twitter:label2\" content=\"Est. tempo de leitura\" \/>\n\t<meta name=\"twitter:data2\" content=\"3 minutos\" \/>\n<script type=\"application\/ld+json\" class=\"yoast-schema-graph\">{\"@context\":\"https:\\\/\\\/schema.org\",\"@graph\":[{\"@type\":\"Article\",\"@id\":\"https:\\\/\\\/consolar.org\\\/?p=644#article\",\"isPartOf\":{\"@id\":\"https:\\\/\\\/consolar.org\\\/?p=644\"},\"author\":{\"name\":\"Pr Luiz Rubem de Freitas\",\"@id\":\"https:\\\/\\\/consolar.org\\\/#\\\/schema\\\/person\\\/7b36e38187f2475e58065af654682d5d\"},\"headline\":\"O Encontro com o Feliciano &#8211; Parte 2 &#8211; O Caos Numa Manh\u00e3 em Realengo\",\"datePublished\":\"2011-10-14T03:00:00+00:00\",\"dateModified\":\"2026-03-01T00:43:19+00:00\",\"mainEntityOfPage\":{\"@id\":\"https:\\\/\\\/consolar.org\\\/?p=644\"},\"wordCount\":566,\"publisher\":{\"@id\":\"https:\\\/\\\/consolar.org\\\/#organization\"},\"image\":{\"@id\":\"https:\\\/\\\/consolar.org\\\/?p=644#primaryimage\"},\"thumbnailUrl\":\"https:\\\/\\\/consolar.org\\\/wp-content\\\/uploads\\\/2011\\\/10\\\/felicianoparte2.jpg\",\"articleSection\":[\"Uncategorized\"],\"inLanguage\":\"pt-BR\"},{\"@type\":\"WebPage\",\"@id\":\"https:\\\/\\\/consolar.org\\\/?p=644\",\"url\":\"https:\\\/\\\/consolar.org\\\/?p=644\",\"name\":\"O Encontro com o Feliciano - Parte 2 - O Caos Numa Manh\u00e3 em Realengo - Consolar.org\",\"isPartOf\":{\"@id\":\"https:\\\/\\\/consolar.org\\\/#website\"},\"primaryImageOfPage\":{\"@id\":\"https:\\\/\\\/consolar.org\\\/?p=644#primaryimage\"},\"image\":{\"@id\":\"https:\\\/\\\/consolar.org\\\/?p=644#primaryimage\"},\"thumbnailUrl\":\"https:\\\/\\\/consolar.org\\\/wp-content\\\/uploads\\\/2011\\\/10\\\/felicianoparte2.jpg\",\"datePublished\":\"2011-10-14T03:00:00+00:00\",\"dateModified\":\"2026-03-01T00:43:19+00:00\",\"breadcrumb\":{\"@id\":\"https:\\\/\\\/consolar.org\\\/?p=644#breadcrumb\"},\"inLanguage\":\"pt-BR\",\"potentialAction\":[{\"@type\":\"ReadAction\",\"target\":[\"https:\\\/\\\/consolar.org\\\/?p=644\"]}]},{\"@type\":\"ImageObject\",\"inLanguage\":\"pt-BR\",\"@id\":\"https:\\\/\\\/consolar.org\\\/?p=644#primaryimage\",\"url\":\"https:\\\/\\\/consolar.org\\\/wp-content\\\/uploads\\\/2011\\\/10\\\/felicianoparte2.jpg\",\"contentUrl\":\"https:\\\/\\\/consolar.org\\\/wp-content\\\/uploads\\\/2011\\\/10\\\/felicianoparte2.jpg\",\"width\":1200,\"height\":571},{\"@type\":\"BreadcrumbList\",\"@id\":\"https:\\\/\\\/consolar.org\\\/?p=644#breadcrumb\",\"itemListElement\":[{\"@type\":\"ListItem\",\"position\":1,\"name\":\"In\u00edcio\",\"item\":\"https:\\\/\\\/consolar.org\\\/\"},{\"@type\":\"ListItem\",\"position\":2,\"name\":\"O Encontro com o Feliciano &#8211; Parte 2 &#8211; O Caos Numa Manh\u00e3 em Realengo\"}]},{\"@type\":\"WebSite\",\"@id\":\"https:\\\/\\\/consolar.org\\\/#website\",\"url\":\"https:\\\/\\\/consolar.org\\\/\",\"name\":\"Consolar.org\",\"description\":\"Mensagens de conforto e esperan\u00e7a para cora\u00e7\u00f5es que precisam de paz.\",\"publisher\":{\"@id\":\"https:\\\/\\\/consolar.org\\\/#organization\"},\"potentialAction\":[{\"@type\":\"SearchAction\",\"target\":{\"@type\":\"EntryPoint\",\"urlTemplate\":\"https:\\\/\\\/consolar.org\\\/?s={search_term_string}\"},\"query-input\":{\"@type\":\"PropertyValueSpecification\",\"valueRequired\":true,\"valueName\":\"search_term_string\"}}],\"inLanguage\":\"pt-BR\"},{\"@type\":\"Organization\",\"@id\":\"https:\\\/\\\/consolar.org\\\/#organization\",\"name\":\"Consolar.org\",\"url\":\"https:\\\/\\\/consolar.org\\\/\",\"logo\":{\"@type\":\"ImageObject\",\"inLanguage\":\"pt-BR\",\"@id\":\"https:\\\/\\\/consolar.org\\\/#\\\/schema\\\/logo\\\/image\\\/\",\"url\":\"https:\\\/\\\/consolar.org\\\/wp-content\\\/uploads\\\/2026\\\/02\\\/cropped-logonovo03-small.png\",\"contentUrl\":\"https:\\\/\\\/consolar.org\\\/wp-content\\\/uploads\\\/2026\\\/02\\\/cropped-logonovo03-small.png\",\"width\":280,\"height\":142,\"caption\":\"Consolar.org\"},\"image\":{\"@id\":\"https:\\\/\\\/consolar.org\\\/#\\\/schema\\\/logo\\\/image\\\/\"},\"sameAs\":[\"https:\\\/\\\/www.facebook.com\\\/consolar\"]},{\"@type\":\"Person\",\"@id\":\"https:\\\/\\\/consolar.org\\\/#\\\/schema\\\/person\\\/7b36e38187f2475e58065af654682d5d\",\"name\":\"Pr Luiz Rubem de Freitas\",\"image\":{\"@type\":\"ImageObject\",\"inLanguage\":\"pt-BR\",\"@id\":\"https:\\\/\\\/secure.gravatar.com\\\/avatar\\\/fd59dc00fc4178aa1e085bf491d394e3f72afcd9b1944348dfcec2bbecdc5761?s=96&d=blank&r=g\",\"url\":\"https:\\\/\\\/secure.gravatar.com\\\/avatar\\\/fd59dc00fc4178aa1e085bf491d394e3f72afcd9b1944348dfcec2bbecdc5761?s=96&d=blank&r=g\",\"contentUrl\":\"https:\\\/\\\/secure.gravatar.com\\\/avatar\\\/fd59dc00fc4178aa1e085bf491d394e3f72afcd9b1944348dfcec2bbecdc5761?s=96&d=blank&r=g\",\"caption\":\"Pr Luiz Rubem de Freitas\"},\"url\":\"https:\\\/\\\/consolar.org\\\/?author=2\"}]}<\/script>\n<!-- \/ Yoast SEO Premium plugin. -->","yoast_head_json":{"title":"O Encontro com o Feliciano - Parte 2 - O Caos Numa Manh\u00e3 em Realengo - Consolar.org","robots":{"index":"index","follow":"follow","max-snippet":"max-snippet:-1","max-image-preview":"max-image-preview:large","max-video-preview":"max-video-preview:-1"},"canonical":"https:\/\/consolar.org\/?p=644","og_locale":"pt_BR","og_type":"article","og_title":"O Encontro com o Feliciano - Parte 2 - O Caos Numa Manh\u00e3 em Realengo","og_description":"Feliciano entrou na escola. Ouvia tiros no andar de cima. Na entrada, v\u00e1rias crian\u00e7as e professores acuados no canto com medo. N\u00e3o conseguiam se mover. Ele, e seu companheiro, sargento M\u00e1rcio Alves, sobem as escadas j\u00e1 ensanguentadas. Um protegendo o outro. N\u00e3o sabem o que ir\u00e3o encontrar. Seus cora\u00e7\u00f5es parecem anestesiados, mas n\u00e3o \u00e9 verdade. &hellip; Continue lendo&hellip; &rarr;","og_url":"https:\/\/consolar.org\/?p=644","og_site_name":"Consolar.org","article_publisher":"https:\/\/www.facebook.com\/consolar","article_published_time":"2011-10-14T03:00:00+00:00","article_modified_time":"2026-03-01T00:43:19+00:00","og_image":[{"width":1200,"height":571,"url":"https:\/\/consolar.org\/wp-content\/uploads\/2011\/10\/felicianoparte2.jpg","type":"image\/jpeg"}],"author":"Pr Luiz Rubem de Freitas","twitter_card":"summary_large_image","twitter_misc":{"Escrito por":"Pr Luiz Rubem de Freitas","Est. tempo de leitura":"3 minutos"},"schema":{"@context":"https:\/\/schema.org","@graph":[{"@type":"Article","@id":"https:\/\/consolar.org\/?p=644#article","isPartOf":{"@id":"https:\/\/consolar.org\/?p=644"},"author":{"name":"Pr Luiz Rubem de Freitas","@id":"https:\/\/consolar.org\/#\/schema\/person\/7b36e38187f2475e58065af654682d5d"},"headline":"O Encontro com o Feliciano &#8211; Parte 2 &#8211; O Caos Numa Manh\u00e3 em Realengo","datePublished":"2011-10-14T03:00:00+00:00","dateModified":"2026-03-01T00:43:19+00:00","mainEntityOfPage":{"@id":"https:\/\/consolar.org\/?p=644"},"wordCount":566,"publisher":{"@id":"https:\/\/consolar.org\/#organization"},"image":{"@id":"https:\/\/consolar.org\/?p=644#primaryimage"},"thumbnailUrl":"https:\/\/consolar.org\/wp-content\/uploads\/2011\/10\/felicianoparte2.jpg","articleSection":["Uncategorized"],"inLanguage":"pt-BR"},{"@type":"WebPage","@id":"https:\/\/consolar.org\/?p=644","url":"https:\/\/consolar.org\/?p=644","name":"O Encontro com o Feliciano - Parte 2 - O Caos Numa Manh\u00e3 em Realengo - Consolar.org","isPartOf":{"@id":"https:\/\/consolar.org\/#website"},"primaryImageOfPage":{"@id":"https:\/\/consolar.org\/?p=644#primaryimage"},"image":{"@id":"https:\/\/consolar.org\/?p=644#primaryimage"},"thumbnailUrl":"https:\/\/consolar.org\/wp-content\/uploads\/2011\/10\/felicianoparte2.jpg","datePublished":"2011-10-14T03:00:00+00:00","dateModified":"2026-03-01T00:43:19+00:00","breadcrumb":{"@id":"https:\/\/consolar.org\/?p=644#breadcrumb"},"inLanguage":"pt-BR","potentialAction":[{"@type":"ReadAction","target":["https:\/\/consolar.org\/?p=644"]}]},{"@type":"ImageObject","inLanguage":"pt-BR","@id":"https:\/\/consolar.org\/?p=644#primaryimage","url":"https:\/\/consolar.org\/wp-content\/uploads\/2011\/10\/felicianoparte2.jpg","contentUrl":"https:\/\/consolar.org\/wp-content\/uploads\/2011\/10\/felicianoparte2.jpg","width":1200,"height":571},{"@type":"BreadcrumbList","@id":"https:\/\/consolar.org\/?p=644#breadcrumb","itemListElement":[{"@type":"ListItem","position":1,"name":"In\u00edcio","item":"https:\/\/consolar.org\/"},{"@type":"ListItem","position":2,"name":"O Encontro com o Feliciano &#8211; Parte 2 &#8211; O Caos Numa Manh\u00e3 em Realengo"}]},{"@type":"WebSite","@id":"https:\/\/consolar.org\/#website","url":"https:\/\/consolar.org\/","name":"Consolar.org","description":"Mensagens de conforto e esperan\u00e7a para cora\u00e7\u00f5es que precisam de paz.","publisher":{"@id":"https:\/\/consolar.org\/#organization"},"potentialAction":[{"@type":"SearchAction","target":{"@type":"EntryPoint","urlTemplate":"https:\/\/consolar.org\/?s={search_term_string}"},"query-input":{"@type":"PropertyValueSpecification","valueRequired":true,"valueName":"search_term_string"}}],"inLanguage":"pt-BR"},{"@type":"Organization","@id":"https:\/\/consolar.org\/#organization","name":"Consolar.org","url":"https:\/\/consolar.org\/","logo":{"@type":"ImageObject","inLanguage":"pt-BR","@id":"https:\/\/consolar.org\/#\/schema\/logo\/image\/","url":"https:\/\/consolar.org\/wp-content\/uploads\/2026\/02\/cropped-logonovo03-small.png","contentUrl":"https:\/\/consolar.org\/wp-content\/uploads\/2026\/02\/cropped-logonovo03-small.png","width":280,"height":142,"caption":"Consolar.org"},"image":{"@id":"https:\/\/consolar.org\/#\/schema\/logo\/image\/"},"sameAs":["https:\/\/www.facebook.com\/consolar"]},{"@type":"Person","@id":"https:\/\/consolar.org\/#\/schema\/person\/7b36e38187f2475e58065af654682d5d","name":"Pr Luiz Rubem de Freitas","image":{"@type":"ImageObject","inLanguage":"pt-BR","@id":"https:\/\/secure.gravatar.com\/avatar\/fd59dc00fc4178aa1e085bf491d394e3f72afcd9b1944348dfcec2bbecdc5761?s=96&d=blank&r=g","url":"https:\/\/secure.gravatar.com\/avatar\/fd59dc00fc4178aa1e085bf491d394e3f72afcd9b1944348dfcec2bbecdc5761?s=96&d=blank&r=g","contentUrl":"https:\/\/secure.gravatar.com\/avatar\/fd59dc00fc4178aa1e085bf491d394e3f72afcd9b1944348dfcec2bbecdc5761?s=96&d=blank&r=g","caption":"Pr Luiz Rubem de Freitas"},"url":"https:\/\/consolar.org\/?author=2"}]}},"_links":{"self":[{"href":"https:\/\/consolar.org\/index.php?rest_route=\/wp\/v2\/posts\/644","targetHints":{"allow":["GET"]}}],"collection":[{"href":"https:\/\/consolar.org\/index.php?rest_route=\/wp\/v2\/posts"}],"about":[{"href":"https:\/\/consolar.org\/index.php?rest_route=\/wp\/v2\/types\/post"}],"author":[{"embeddable":true,"href":"https:\/\/consolar.org\/index.php?rest_route=\/wp\/v2\/users\/2"}],"replies":[{"embeddable":true,"href":"https:\/\/consolar.org\/index.php?rest_route=%2Fwp%2Fv2%2Fcomments&post=644"}],"version-history":[{"count":0,"href":"https:\/\/consolar.org\/index.php?rest_route=\/wp\/v2\/posts\/644\/revisions"}],"wp:featuredmedia":[{"embeddable":true,"href":"https:\/\/consolar.org\/index.php?rest_route=\/wp\/v2\/media\/1141"}],"wp:attachment":[{"href":"https:\/\/consolar.org\/index.php?rest_route=%2Fwp%2Fv2%2Fmedia&parent=644"}],"wp:term":[{"taxonomy":"category","embeddable":true,"href":"https:\/\/consolar.org\/index.php?rest_route=%2Fwp%2Fv2%2Fcategories&post=644"},{"taxonomy":"post_tag","embeddable":true,"href":"https:\/\/consolar.org\/index.php?rest_route=%2Fwp%2Fv2%2Ftags&post=644"}],"curies":[{"name":"wp","href":"https:\/\/api.w.org\/{rel}","templated":true}]}}