{"id":643,"date":"2011-04-18T00:00:00","date_gmt":"2011-04-18T03:00:00","guid":{"rendered":"https:\/\/consolar.org\/2011\/04\/18\/o-encontro-com-o-feliciano-parte-1\/"},"modified":"2026-03-13T15:38:15","modified_gmt":"2026-03-13T18:38:15","slug":"o-encontro-com-o-feliciano-parte-1","status":"publish","type":"post","link":"https:\/\/consolar.org\/?p=643","title":{"rendered":"O Encontro com o Feliciano &#8211; Parte 1"},"content":{"rendered":"\n<figure class=\"wp-block-image size-large\"><img loading=\"lazy\" decoding=\"async\" width=\"1024\" height=\"434\" src=\"https:\/\/consolar.org\/wp-content\/uploads\/2011\/04\/encontrocomfeliciano01-1024x434.jpg\" alt=\"\" class=\"wp-image-1218\" srcset=\"https:\/\/consolar.org\/wp-content\/uploads\/2011\/04\/encontrocomfeliciano01-1024x434.jpg 1024w, https:\/\/consolar.org\/wp-content\/uploads\/2011\/04\/encontrocomfeliciano01-300x127.jpg 300w, https:\/\/consolar.org\/wp-content\/uploads\/2011\/04\/encontrocomfeliciano01-768x326.jpg 768w, https:\/\/consolar.org\/wp-content\/uploads\/2011\/04\/encontrocomfeliciano01.jpg 1200w\" sizes=\"auto, (max-width: 1024px) 100vw, 1024px\" \/><\/figure>\n\n\n\n<p>Estive com o Cabo (agora Terceiro Sargento) Feliciano no s\u00e1bado retrasado. Agrade\u00e7o a Deus por ter conhecido t\u00e3o bela fam\u00edlia. Saboreei duas fatias enormes de um bolo feito com carinho pelas m\u00e3os amorosas da fam\u00edlia Feliciano. Que bolo gostoso. Comi tanto que rejeitei com carinho uma pasta light que parecia a mais deliciosa das delicias da terra feita pela esposa do Feliciano, a Marta. Joguei bola com um dos seus sobrinhos que com certeza far\u00e1 um grande sucesso nos gramados, o melhor de tudo que ele joga pelo Meng\u00e3o. Tudo l\u00e1 foi maravilhoso, agrade\u00e7o demais ao Evanderson que me conduziu a lugar t\u00e3o agrad\u00e1vel. <\/p>\n\n\n\n<p>Foi bom conhecer mais um Feliciano. Em tempos de milicianos e marcianos, sempre faz bem conhecer um Feliciano. Feliciano e felicidade, n\u00e3o consigo separ\u00e1-los. T\u00e1 dif\u00edcil tentar desassoci\u00e1-los. Aquela conversa com Ednei Feliciano &#8220;Felicidade&#8221; me fez lembrar de tanta coisa boa. Fez-me lembrar o quanto \u00e9 bom receber algu\u00e9m em casa. O quanto \u00e9 maravilhoso ter uma casa que cabe todo mundo. <\/p>\n\n\n\n<p>Conversamos sobre a trag\u00e9dia em Realengo e o ato her\u00f3ico daqueles homens prontos para combate. O menino baleado chegou pedindo socorro. Seus amigos e amigas, os brasileirinhos estavam sendo chacinados a poucos metros dali. Na tentativa de fugir e pedir ajuda aquele menino tentou entrar em uma casa, a casa de uma doceira, que poderia ter sido doce. Feliciano agradeceu, com muita sabedoria, a Deus por ele ter sido impedido de entrar. Fecharam a porta em sua cara e corpo ensanguentados. Se ele tivesse entrado, seria tratado, encontraria abrigo, mas n\u00e3o teria encontrado a felicidade, o Feliciano. <\/p>\n\n\n\n<p>Uma mulher vizinha \u00e0 escola chorou em entrevista a um canal de TV que as crian\u00e7as invadiram sua casa, desesperadas, chorando e gritando de terror. Algumas crian\u00e7as chegaram a se esconder debaixo de sua cama tamanho horror e temor. Ela disse: &#8220;queria que minha casa fosse maior para caber todas elas&#8221;. Naquela casa n\u00e3o cabia todo mundo. Uns fecham portas outros abrem as portas. <\/p>\n\n\n\n<p>Tenho muita coisa para te contar. Mas hoje, a mais importante \u00e9: Nos bra\u00e7os de Deus cabe todo mundo. A casa do Pai tem muitas moradas. Ele recebe voc\u00ea, na situa\u00e7\u00e3o que voc\u00ea estiver vivendo, seja quem voc\u00ea \u00e9 sem ver seu erro, seu medo, seu terror. Ele te espera de bra\u00e7os abertos. A casa dele \u00e9 grande, mas o caminho \u00e9 estreito. O Caminho \u00e9 Jesus. <\/p>\n\n\n\n<p>Pe\u00e7o a Deus que na circunst\u00e2ncia dolorosa que est\u00e1s vivendo tu possas entrar correndo na casa do Pai. Com ele n\u00e3o ser\u00e1 necess\u00e1rio entrar debaixo da cama. H\u00e1 espa\u00e7o para ti nas m\u00e3os de Deus. H\u00e1 caminhos que parecem certos, mas levam a morte. H\u00e1 portas que ser\u00e3o fechadas e outras que ser\u00e3o abertas. Por\u00e9m, a porta da Casa de Deus, a morada do Alt\u00edssimo, estar\u00e1 sempre aberta para ti. N\u00e3o se demore, pois sons de tiros podem se ouvir na cidade.<\/p>\n","protected":false},"excerpt":{"rendered":"<p>Estive com o Cabo (agora Terceiro Sargento) Feliciano no s\u00e1bado retrasado. Agrade\u00e7o a Deus por ter conhecido t\u00e3o bela fam\u00edlia. Saboreei duas fatias enormes de um bolo feito com carinho pelas m\u00e3os amorosas da fam\u00edlia Feliciano. Que bolo gostoso. Comi tanto que rejeitei com carinho uma pasta light que parecia a mais deliciosa das delicias <a class=\"more-link\" href=\"https:\/\/consolar.org\/?p=643\">&hellip; Continue lendo&hellip; &rarr;<\/a><\/p>\n","protected":false},"author":2,"featured_media":1218,"comment_status":"closed","ping_status":"closed","sticky":false,"template":"","format":"standard","meta":{"_ayudawp_aiss_exclude":false,"footnotes":"","_wpscppro_dont_share_socialmedia":false,"_wpscppro_custom_social_share_image":0,"_facebook_share_type":"","_twitter_share_type":"","_linkedin_share_type":"","_pinterest_share_type":"","_linkedin_share_type_page":"","_instagram_share_type":"","_medium_share_type":"","_threads_share_type":"","_google_business_share_type":"","_selected_social_profile":[],"_wpsp_enable_custom_social_template":false,"_wpsp_social_scheduling":{"enabled":false,"datetime":null,"platforms":[],"status":"template_only","dateOption":"today","timeOption":"now","customDays":"","customHours":"","customDate":"","customTime":"","schedulingType":"absolute"},"_wpsp_active_default_template":true},"categories":[1],"tags":[],"class_list":["post-643","post","type-post","status-publish","format-standard","has-post-thumbnail","hentry","category-uncategorized"],"yoast_head":"<!-- This site is optimized with the Yoast SEO Premium plugin v27.3 (Yoast SEO v27.5) - https:\/\/yoast.com\/product\/yoast-seo-premium-wordpress\/ -->\n<title>O Encontro com o Feliciano - Parte 1 - Consolar.org<\/title>\n<meta name=\"robots\" content=\"index, follow, max-snippet:-1, max-image-preview:large, max-video-preview:-1\" \/>\n<link rel=\"canonical\" href=\"https:\/\/consolar.org\/?p=643\" \/>\n<meta property=\"og:locale\" content=\"pt_BR\" \/>\n<meta property=\"og:type\" content=\"article\" \/>\n<meta property=\"og:title\" content=\"O Encontro com o Feliciano - Parte 1\" \/>\n<meta property=\"og:description\" content=\"Estive com o Cabo (agora Terceiro Sargento) Feliciano no s\u00e1bado retrasado. Agrade\u00e7o a Deus por ter conhecido t\u00e3o bela fam\u00edlia. Saboreei duas fatias enormes de um bolo feito com carinho pelas m\u00e3os amorosas da fam\u00edlia Feliciano. Que bolo gostoso. Comi tanto que rejeitei com carinho uma pasta light que parecia a mais deliciosa das delicias &hellip; Continue lendo&hellip; &rarr;\" \/>\n<meta property=\"og:url\" content=\"https:\/\/consolar.org\/?p=643\" \/>\n<meta property=\"og:site_name\" content=\"Consolar.org\" \/>\n<meta property=\"article:publisher\" content=\"https:\/\/www.facebook.com\/consolar\" \/>\n<meta property=\"article:published_time\" content=\"2011-04-18T03:00:00+00:00\" \/>\n<meta property=\"article:modified_time\" content=\"2026-03-13T18:38:15+00:00\" \/>\n<meta property=\"og:image\" content=\"https:\/\/consolar.org\/wp-content\/uploads\/2011\/04\/encontrocomfeliciano01.jpg\" \/>\n\t<meta property=\"og:image:width\" content=\"1200\" \/>\n\t<meta property=\"og:image:height\" content=\"509\" \/>\n\t<meta property=\"og:image:type\" content=\"image\/jpeg\" \/>\n<meta name=\"author\" content=\"Pr Luiz Rubem de Freitas\" \/>\n<meta name=\"twitter:card\" content=\"summary_large_image\" \/>\n<meta name=\"twitter:label1\" content=\"Escrito por\" \/>\n\t<meta name=\"twitter:data1\" content=\"Pr Luiz Rubem de Freitas\" \/>\n\t<meta name=\"twitter:label2\" content=\"Est. tempo de leitura\" \/>\n\t<meta name=\"twitter:data2\" content=\"3 minutos\" \/>\n<script type=\"application\/ld+json\" class=\"yoast-schema-graph\">{\"@context\":\"https:\\\/\\\/schema.org\",\"@graph\":[{\"@type\":\"Article\",\"@id\":\"https:\\\/\\\/consolar.org\\\/?p=643#article\",\"isPartOf\":{\"@id\":\"https:\\\/\\\/consolar.org\\\/?p=643\"},\"author\":{\"name\":\"Pr Luiz Rubem de Freitas\",\"@id\":\"https:\\\/\\\/consolar.org\\\/#\\\/schema\\\/person\\\/7b36e38187f2475e58065af654682d5d\"},\"headline\":\"O Encontro com o Feliciano &#8211; Parte 1\",\"datePublished\":\"2011-04-18T03:00:00+00:00\",\"dateModified\":\"2026-03-13T18:38:15+00:00\",\"mainEntityOfPage\":{\"@id\":\"https:\\\/\\\/consolar.org\\\/?p=643\"},\"wordCount\":511,\"publisher\":{\"@id\":\"https:\\\/\\\/consolar.org\\\/#organization\"},\"image\":{\"@id\":\"https:\\\/\\\/consolar.org\\\/?p=643#primaryimage\"},\"thumbnailUrl\":\"https:\\\/\\\/consolar.org\\\/wp-content\\\/uploads\\\/2011\\\/04\\\/encontrocomfeliciano01.jpg\",\"articleSection\":[\"Uncategorized\"],\"inLanguage\":\"pt-BR\"},{\"@type\":\"WebPage\",\"@id\":\"https:\\\/\\\/consolar.org\\\/?p=643\",\"url\":\"https:\\\/\\\/consolar.org\\\/?p=643\",\"name\":\"O Encontro com o Feliciano - Parte 1 - Consolar.org\",\"isPartOf\":{\"@id\":\"https:\\\/\\\/consolar.org\\\/#website\"},\"primaryImageOfPage\":{\"@id\":\"https:\\\/\\\/consolar.org\\\/?p=643#primaryimage\"},\"image\":{\"@id\":\"https:\\\/\\\/consolar.org\\\/?p=643#primaryimage\"},\"thumbnailUrl\":\"https:\\\/\\\/consolar.org\\\/wp-content\\\/uploads\\\/2011\\\/04\\\/encontrocomfeliciano01.jpg\",\"datePublished\":\"2011-04-18T03:00:00+00:00\",\"dateModified\":\"2026-03-13T18:38:15+00:00\",\"breadcrumb\":{\"@id\":\"https:\\\/\\\/consolar.org\\\/?p=643#breadcrumb\"},\"inLanguage\":\"pt-BR\",\"potentialAction\":[{\"@type\":\"ReadAction\",\"target\":[\"https:\\\/\\\/consolar.org\\\/?p=643\"]}]},{\"@type\":\"ImageObject\",\"inLanguage\":\"pt-BR\",\"@id\":\"https:\\\/\\\/consolar.org\\\/?p=643#primaryimage\",\"url\":\"https:\\\/\\\/consolar.org\\\/wp-content\\\/uploads\\\/2011\\\/04\\\/encontrocomfeliciano01.jpg\",\"contentUrl\":\"https:\\\/\\\/consolar.org\\\/wp-content\\\/uploads\\\/2011\\\/04\\\/encontrocomfeliciano01.jpg\",\"width\":1200,\"height\":509},{\"@type\":\"BreadcrumbList\",\"@id\":\"https:\\\/\\\/consolar.org\\\/?p=643#breadcrumb\",\"itemListElement\":[{\"@type\":\"ListItem\",\"position\":1,\"name\":\"In\u00edcio\",\"item\":\"https:\\\/\\\/consolar.org\\\/\"},{\"@type\":\"ListItem\",\"position\":2,\"name\":\"O Encontro com o Feliciano &#8211; Parte 1\"}]},{\"@type\":\"WebSite\",\"@id\":\"https:\\\/\\\/consolar.org\\\/#website\",\"url\":\"https:\\\/\\\/consolar.org\\\/\",\"name\":\"Consolar.org\",\"description\":\"Mensagens de conforto e esperan\u00e7a para cora\u00e7\u00f5es que precisam de paz.\",\"publisher\":{\"@id\":\"https:\\\/\\\/consolar.org\\\/#organization\"},\"potentialAction\":[{\"@type\":\"SearchAction\",\"target\":{\"@type\":\"EntryPoint\",\"urlTemplate\":\"https:\\\/\\\/consolar.org\\\/?s={search_term_string}\"},\"query-input\":{\"@type\":\"PropertyValueSpecification\",\"valueRequired\":true,\"valueName\":\"search_term_string\"}}],\"inLanguage\":\"pt-BR\"},{\"@type\":\"Organization\",\"@id\":\"https:\\\/\\\/consolar.org\\\/#organization\",\"name\":\"Consolar.org\",\"url\":\"https:\\\/\\\/consolar.org\\\/\",\"logo\":{\"@type\":\"ImageObject\",\"inLanguage\":\"pt-BR\",\"@id\":\"https:\\\/\\\/consolar.org\\\/#\\\/schema\\\/logo\\\/image\\\/\",\"url\":\"https:\\\/\\\/consolar.org\\\/wp-content\\\/uploads\\\/2026\\\/02\\\/cropped-logonovo03-small.png\",\"contentUrl\":\"https:\\\/\\\/consolar.org\\\/wp-content\\\/uploads\\\/2026\\\/02\\\/cropped-logonovo03-small.png\",\"width\":280,\"height\":142,\"caption\":\"Consolar.org\"},\"image\":{\"@id\":\"https:\\\/\\\/consolar.org\\\/#\\\/schema\\\/logo\\\/image\\\/\"},\"sameAs\":[\"https:\\\/\\\/www.facebook.com\\\/consolar\"]},{\"@type\":\"Person\",\"@id\":\"https:\\\/\\\/consolar.org\\\/#\\\/schema\\\/person\\\/7b36e38187f2475e58065af654682d5d\",\"name\":\"Pr Luiz Rubem de Freitas\",\"image\":{\"@type\":\"ImageObject\",\"inLanguage\":\"pt-BR\",\"@id\":\"https:\\\/\\\/secure.gravatar.com\\\/avatar\\\/fd59dc00fc4178aa1e085bf491d394e3f72afcd9b1944348dfcec2bbecdc5761?s=96&d=blank&r=g\",\"url\":\"https:\\\/\\\/secure.gravatar.com\\\/avatar\\\/fd59dc00fc4178aa1e085bf491d394e3f72afcd9b1944348dfcec2bbecdc5761?s=96&d=blank&r=g\",\"contentUrl\":\"https:\\\/\\\/secure.gravatar.com\\\/avatar\\\/fd59dc00fc4178aa1e085bf491d394e3f72afcd9b1944348dfcec2bbecdc5761?s=96&d=blank&r=g\",\"caption\":\"Pr Luiz Rubem de Freitas\"},\"url\":\"https:\\\/\\\/consolar.org\\\/?author=2\"}]}<\/script>\n<!-- \/ Yoast SEO Premium plugin. -->","yoast_head_json":{"title":"O Encontro com o Feliciano - Parte 1 - Consolar.org","robots":{"index":"index","follow":"follow","max-snippet":"max-snippet:-1","max-image-preview":"max-image-preview:large","max-video-preview":"max-video-preview:-1"},"canonical":"https:\/\/consolar.org\/?p=643","og_locale":"pt_BR","og_type":"article","og_title":"O Encontro com o Feliciano - Parte 1","og_description":"Estive com o Cabo (agora Terceiro Sargento) Feliciano no s\u00e1bado retrasado. Agrade\u00e7o a Deus por ter conhecido t\u00e3o bela fam\u00edlia. Saboreei duas fatias enormes de um bolo feito com carinho pelas m\u00e3os amorosas da fam\u00edlia Feliciano. Que bolo gostoso. Comi tanto que rejeitei com carinho uma pasta light que parecia a mais deliciosa das delicias &hellip; Continue lendo&hellip; &rarr;","og_url":"https:\/\/consolar.org\/?p=643","og_site_name":"Consolar.org","article_publisher":"https:\/\/www.facebook.com\/consolar","article_published_time":"2011-04-18T03:00:00+00:00","article_modified_time":"2026-03-13T18:38:15+00:00","og_image":[{"width":1200,"height":509,"url":"https:\/\/consolar.org\/wp-content\/uploads\/2011\/04\/encontrocomfeliciano01.jpg","type":"image\/jpeg"}],"author":"Pr Luiz Rubem de Freitas","twitter_card":"summary_large_image","twitter_misc":{"Escrito por":"Pr Luiz Rubem de Freitas","Est. tempo de leitura":"3 minutos"},"schema":{"@context":"https:\/\/schema.org","@graph":[{"@type":"Article","@id":"https:\/\/consolar.org\/?p=643#article","isPartOf":{"@id":"https:\/\/consolar.org\/?p=643"},"author":{"name":"Pr Luiz Rubem de Freitas","@id":"https:\/\/consolar.org\/#\/schema\/person\/7b36e38187f2475e58065af654682d5d"},"headline":"O Encontro com o Feliciano &#8211; Parte 1","datePublished":"2011-04-18T03:00:00+00:00","dateModified":"2026-03-13T18:38:15+00:00","mainEntityOfPage":{"@id":"https:\/\/consolar.org\/?p=643"},"wordCount":511,"publisher":{"@id":"https:\/\/consolar.org\/#organization"},"image":{"@id":"https:\/\/consolar.org\/?p=643#primaryimage"},"thumbnailUrl":"https:\/\/consolar.org\/wp-content\/uploads\/2011\/04\/encontrocomfeliciano01.jpg","articleSection":["Uncategorized"],"inLanguage":"pt-BR"},{"@type":"WebPage","@id":"https:\/\/consolar.org\/?p=643","url":"https:\/\/consolar.org\/?p=643","name":"O Encontro com o Feliciano - Parte 1 - Consolar.org","isPartOf":{"@id":"https:\/\/consolar.org\/#website"},"primaryImageOfPage":{"@id":"https:\/\/consolar.org\/?p=643#primaryimage"},"image":{"@id":"https:\/\/consolar.org\/?p=643#primaryimage"},"thumbnailUrl":"https:\/\/consolar.org\/wp-content\/uploads\/2011\/04\/encontrocomfeliciano01.jpg","datePublished":"2011-04-18T03:00:00+00:00","dateModified":"2026-03-13T18:38:15+00:00","breadcrumb":{"@id":"https:\/\/consolar.org\/?p=643#breadcrumb"},"inLanguage":"pt-BR","potentialAction":[{"@type":"ReadAction","target":["https:\/\/consolar.org\/?p=643"]}]},{"@type":"ImageObject","inLanguage":"pt-BR","@id":"https:\/\/consolar.org\/?p=643#primaryimage","url":"https:\/\/consolar.org\/wp-content\/uploads\/2011\/04\/encontrocomfeliciano01.jpg","contentUrl":"https:\/\/consolar.org\/wp-content\/uploads\/2011\/04\/encontrocomfeliciano01.jpg","width":1200,"height":509},{"@type":"BreadcrumbList","@id":"https:\/\/consolar.org\/?p=643#breadcrumb","itemListElement":[{"@type":"ListItem","position":1,"name":"In\u00edcio","item":"https:\/\/consolar.org\/"},{"@type":"ListItem","position":2,"name":"O Encontro com o Feliciano &#8211; Parte 1"}]},{"@type":"WebSite","@id":"https:\/\/consolar.org\/#website","url":"https:\/\/consolar.org\/","name":"Consolar.org","description":"Mensagens de conforto e esperan\u00e7a para cora\u00e7\u00f5es que precisam de paz.","publisher":{"@id":"https:\/\/consolar.org\/#organization"},"potentialAction":[{"@type":"SearchAction","target":{"@type":"EntryPoint","urlTemplate":"https:\/\/consolar.org\/?s={search_term_string}"},"query-input":{"@type":"PropertyValueSpecification","valueRequired":true,"valueName":"search_term_string"}}],"inLanguage":"pt-BR"},{"@type":"Organization","@id":"https:\/\/consolar.org\/#organization","name":"Consolar.org","url":"https:\/\/consolar.org\/","logo":{"@type":"ImageObject","inLanguage":"pt-BR","@id":"https:\/\/consolar.org\/#\/schema\/logo\/image\/","url":"https:\/\/consolar.org\/wp-content\/uploads\/2026\/02\/cropped-logonovo03-small.png","contentUrl":"https:\/\/consolar.org\/wp-content\/uploads\/2026\/02\/cropped-logonovo03-small.png","width":280,"height":142,"caption":"Consolar.org"},"image":{"@id":"https:\/\/consolar.org\/#\/schema\/logo\/image\/"},"sameAs":["https:\/\/www.facebook.com\/consolar"]},{"@type":"Person","@id":"https:\/\/consolar.org\/#\/schema\/person\/7b36e38187f2475e58065af654682d5d","name":"Pr Luiz Rubem de Freitas","image":{"@type":"ImageObject","inLanguage":"pt-BR","@id":"https:\/\/secure.gravatar.com\/avatar\/fd59dc00fc4178aa1e085bf491d394e3f72afcd9b1944348dfcec2bbecdc5761?s=96&d=blank&r=g","url":"https:\/\/secure.gravatar.com\/avatar\/fd59dc00fc4178aa1e085bf491d394e3f72afcd9b1944348dfcec2bbecdc5761?s=96&d=blank&r=g","contentUrl":"https:\/\/secure.gravatar.com\/avatar\/fd59dc00fc4178aa1e085bf491d394e3f72afcd9b1944348dfcec2bbecdc5761?s=96&d=blank&r=g","caption":"Pr Luiz Rubem de Freitas"},"url":"https:\/\/consolar.org\/?author=2"}]}},"_links":{"self":[{"href":"https:\/\/consolar.org\/index.php?rest_route=\/wp\/v2\/posts\/643","targetHints":{"allow":["GET"]}}],"collection":[{"href":"https:\/\/consolar.org\/index.php?rest_route=\/wp\/v2\/posts"}],"about":[{"href":"https:\/\/consolar.org\/index.php?rest_route=\/wp\/v2\/types\/post"}],"author":[{"embeddable":true,"href":"https:\/\/consolar.org\/index.php?rest_route=\/wp\/v2\/users\/2"}],"replies":[{"embeddable":true,"href":"https:\/\/consolar.org\/index.php?rest_route=%2Fwp%2Fv2%2Fcomments&post=643"}],"version-history":[{"count":1,"href":"https:\/\/consolar.org\/index.php?rest_route=\/wp\/v2\/posts\/643\/revisions"}],"predecessor-version":[{"id":1219,"href":"https:\/\/consolar.org\/index.php?rest_route=\/wp\/v2\/posts\/643\/revisions\/1219"}],"wp:featuredmedia":[{"embeddable":true,"href":"https:\/\/consolar.org\/index.php?rest_route=\/wp\/v2\/media\/1218"}],"wp:attachment":[{"href":"https:\/\/consolar.org\/index.php?rest_route=%2Fwp%2Fv2%2Fmedia&parent=643"}],"wp:term":[{"taxonomy":"category","embeddable":true,"href":"https:\/\/consolar.org\/index.php?rest_route=%2Fwp%2Fv2%2Fcategories&post=643"},{"taxonomy":"post_tag","embeddable":true,"href":"https:\/\/consolar.org\/index.php?rest_route=%2Fwp%2Fv2%2Ftags&post=643"}],"curies":[{"name":"wp","href":"https:\/\/api.w.org\/{rel}","templated":true}]}}