{"id":638,"date":"2011-09-02T00:00:00","date_gmt":"2011-09-02T03:00:00","guid":{"rendered":"https:\/\/consolar.org\/2011\/09\/02\/o-cemiterio-intocavel-do-coracao-e-da-alma\/"},"modified":"2026-03-01T16:17:26","modified_gmt":"2026-03-01T19:17:26","slug":"o-cemiterio-intocavel-do-coracao-e-da-alma","status":"publish","type":"post","link":"https:\/\/consolar.org\/?p=638","title":{"rendered":"O Cemit\u00e9rio Intoc\u00e1vel do Cora\u00e7\u00e3o e da Alma"},"content":{"rendered":"\n<figure class=\"wp-block-image size-large\"><img loading=\"lazy\" decoding=\"async\" width=\"1024\" height=\"497\" src=\"https:\/\/consolar.org\/wp-content\/uploads\/2011\/09\/cemiteriointocavel-1024x497.jpg\" alt=\"\" class=\"wp-image-1147\" srcset=\"https:\/\/consolar.org\/wp-content\/uploads\/2011\/09\/cemiteriointocavel-1024x497.jpg 1024w, https:\/\/consolar.org\/wp-content\/uploads\/2011\/09\/cemiteriointocavel-300x146.jpg 300w, https:\/\/consolar.org\/wp-content\/uploads\/2011\/09\/cemiteriointocavel-768x373.jpg 768w, https:\/\/consolar.org\/wp-content\/uploads\/2011\/09\/cemiteriointocavel.jpg 1197w\" sizes=\"auto, (max-width: 1024px) 100vw, 1024px\" \/><\/figure>\n\n\n\n<p class=\"has-text-align-center\"><em>&#8220;E certa mulher que, havia doze anos, tinha um fluxo de sangue, E que havia padecido muito com muitos m\u00e9dicos, e despendido tudo quanto tinha, nada lhe aproveitando isso, antes indo a pior; Ouvindo falar de Jesus, veio por detr\u00e1s, entre a multid\u00e3o, e tocou na sua veste. Porque dizia: Se t\u00e3o-somente tocar nas suas vestes, sararei. E logo se lhe secou a fonte do seu sangue; e sentiu no seu corpo estar j\u00e1 curada daquele mal. E logo Jesus, conhecendo que a virtude de si mesmo sa\u00edra, voltou-se para a multid\u00e3o, e disse: Quem tocou nas minhas vestes? E disseram-lhe os seus disc\u00edpulos: V\u00eas que a multid\u00e3o te aperta, e dizes: Quem me tocou? E ele olhava em redor, para ver a que isto fizera. Ent\u00e3o a mulher, que sabia o que lhe tinha acontecido, temendo e tremendo, aproximou-se, e prostrou-se diante dele, e disse-lhe toda a verdade. E ele lhe disse: Filha, a tua f\u00e9 te salvou; vai em paz, e s\u00ea curada deste teu mal&#8221; (Marcos 5.25-34).<\/em><\/p>\n\n\n\n<p>H\u00e1 sempre algo intoc\u00e1vel em nossas vidas. Algumas decis\u00f5es que tomamos em rela\u00e7\u00e3o \u00e0 vida demonstram o quanto n\u00f3s cedemos ou renunciamos. Muitos n\u00e3o largam o osso de forma alguma. Se algu\u00e9m chegar perto, viram lobos ferozes. Numa an\u00e1lise mais profunda podemos entender que certamente h\u00e1 coisas, sentimentos, pessoas, id\u00e9ias, manias e vontades intoc\u00e1veis. \u00c9 por isso que bate a porta o sofrimento. H\u00e1 uma frase que n\u00e3o sei realmente quem \u00e9 seu autor, j\u00e1 ouvi falar que \u00e9 de Madre Teresa de Calcut\u00e1 e de Jimmy Hendrix que diz: &#8220;Se as pessoas foram feitas para amar e as coisas para usar, porque amamos as coisas e usamos as pessoas&#8221;. Grande sofrimento \u00e9 amar coisas. \u00c9 ter como intoc\u00e1vel algo que ir\u00e1 acabar. <\/p>\n\n\n\n<p>Recentemente, dei uma cole\u00e7\u00e3o de DVDs para um amigo. Vi que ele gostava muito mais daqueles filmes do que eu. Os dei com muita alegria, dei algo que me custou caro. Para que serve as coisas sen\u00e3o para servir para algo ou algu\u00e9m? O que era intoc\u00e1vel porque foi caro, hoje vale muito menos do que um dia imaginei, pois o valor da coisa \u00e9 passageiro. O intoc\u00e1vel se fez toc\u00e1vel. Qual o valor de ser intransigente e teimoso? Para que ser intolerante e vazio? H\u00e1 verdades inegoci\u00e1veis, mas elas n\u00e3o devem nos transformar em fundamentalistas. A minha verdade n\u00e3o \u00e9 a sua verdade, entretanto h\u00e1 somente uma verdade, o Senhor Jesus Cristo. Isso, n\u00e3o nos transforma em fundamentalistas, mas fundamentalmente nos torna bons ouvintes, tolerantes, amigos e servos. Minhas id\u00e9ias s\u00e3o toc\u00e1veis, a Verdade que \u00e9 Cristo, independente do que dizem ou fa\u00e7am, \u00e9 intoc\u00e1vel. Algumas manias s\u00e3o intoc\u00e1veis. <\/p>\n\n\n\n<p>Conversei com um amigo que dizia que n\u00e3o conseguia dormir sem lavar toda a lou\u00e7a. \u00c1s vezes ele encontrava sua esposa dormindo depois da grande lavagem noturna. Disse-lhe que ele deveria ter a mania de amar a esposa, surpreend\u00ea-la abra\u00e7ando-a a noite para dizer que ela era sua maior mania. Que adianta ter manias intoc\u00e1veis se elas destroem relacionamentos, casamentos e vidas? As manias s\u00e3o toc\u00e1veis. Alguns sentimentos parecem ser intoc\u00e1veis. Algumas pessoas alimentam o orgulho de terem estes sentimentos obscuros desde criancinhas. Muitos adotam sentimentos rudes e absurdos. Outros colecionam dores, m\u00e1goas, feridas e pessoas que os feriram. \u00c9 o cemit\u00e9rio intoc\u00e1vel do cora\u00e7\u00e3o e da alma. <\/p>\n\n\n\n<p>Jesus liberta voc\u00ea, pois Ele perdoa seus pecados e os pecados dos que te magoaram. A escolha dele por ti, pois te conhece e te ama intimamente, \u00e9 para todos e todas. Para Jesus ningu\u00e9m \u00e9 intoc\u00e1vel. Ele quer tocar na sua vida, na sua alma, em suas feridas e em seu cora\u00e7\u00e3o. Se seu cora\u00e7\u00e3o \u00e9 intoc\u00e1vel como uma pedra bruta, abra o seu cora\u00e7\u00e3o para Jesus. Ali\u00e1s, quero lembrar que o pr\u00f3prio Jesus n\u00e3o \u00e9 intoc\u00e1vel. Hoje Ele pede a ti, toque em minhas vestes. Ele ir\u00e1 curar o teu mal. Ele te curar\u00e1 da tristeza, da dor e da pris\u00e3o de ser um intoc\u00e1vel. O fluxo de sangue, de dor, de tristeza, de luto, de m\u00e1goas, de decep\u00e7\u00f5es se secou. S\u00ea hoje curado(a) de teu mal, pelo amor de Jesus. Deus te aben\u00e7oe!<\/p>\n","protected":false},"excerpt":{"rendered":"<p>&#8220;E certa mulher que, havia doze anos, tinha um fluxo de sangue, E que havia padecido muito com muitos m\u00e9dicos, e despendido tudo quanto tinha, nada lhe aproveitando isso, antes indo a pior; Ouvindo falar de Jesus, veio por detr\u00e1s, entre a multid\u00e3o, e tocou na sua veste. Porque dizia: Se t\u00e3o-somente tocar nas suas <a class=\"more-link\" href=\"https:\/\/consolar.org\/?p=638\">&hellip; Continue lendo&hellip; &rarr;<\/a><\/p>\n","protected":false},"author":2,"featured_media":1147,"comment_status":"closed","ping_status":"closed","sticky":false,"template":"","format":"standard","meta":{"_ayudawp_aiss_exclude":false,"footnotes":"","_wpscppro_dont_share_socialmedia":false,"_wpscppro_custom_social_share_image":0,"_facebook_share_type":"","_twitter_share_type":"","_linkedin_share_type":"","_pinterest_share_type":"","_linkedin_share_type_page":"","_instagram_share_type":"","_medium_share_type":"","_threads_share_type":"","_google_business_share_type":"","_selected_social_profile":[],"_wpsp_enable_custom_social_template":false,"_wpsp_social_scheduling":{"enabled":false,"datetime":null,"platforms":[],"status":"template_only","dateOption":"today","timeOption":"now","customDays":"","customHours":"","customDate":"","customTime":"","schedulingType":"absolute"},"_wpsp_active_default_template":true},"categories":[1],"tags":[],"class_list":["post-638","post","type-post","status-publish","format-standard","has-post-thumbnail","hentry","category-uncategorized"],"yoast_head":"<!-- This site is optimized with the Yoast SEO Premium plugin v27.3 (Yoast SEO v27.5) - https:\/\/yoast.com\/product\/yoast-seo-premium-wordpress\/ -->\n<title>O Cemit\u00e9rio Intoc\u00e1vel do Cora\u00e7\u00e3o e da Alma - Consolar.org<\/title>\n<meta name=\"robots\" content=\"index, follow, max-snippet:-1, max-image-preview:large, max-video-preview:-1\" \/>\n<link rel=\"canonical\" href=\"https:\/\/consolar.org\/?p=638\" \/>\n<meta property=\"og:locale\" content=\"pt_BR\" \/>\n<meta property=\"og:type\" content=\"article\" \/>\n<meta property=\"og:title\" content=\"O Cemit\u00e9rio Intoc\u00e1vel do Cora\u00e7\u00e3o e da Alma\" \/>\n<meta property=\"og:description\" content=\"&#8220;E certa mulher que, havia doze anos, tinha um fluxo de sangue, E que havia padecido muito com muitos m\u00e9dicos, e despendido tudo quanto tinha, nada lhe aproveitando isso, antes indo a pior; Ouvindo falar de Jesus, veio por detr\u00e1s, entre a multid\u00e3o, e tocou na sua veste. Porque dizia: Se t\u00e3o-somente tocar nas suas &hellip; Continue lendo&hellip; &rarr;\" \/>\n<meta property=\"og:url\" content=\"https:\/\/consolar.org\/?p=638\" \/>\n<meta property=\"og:site_name\" content=\"Consolar.org\" \/>\n<meta property=\"article:publisher\" content=\"https:\/\/www.facebook.com\/consolar\" \/>\n<meta property=\"article:published_time\" content=\"2011-09-02T03:00:00+00:00\" \/>\n<meta property=\"article:modified_time\" content=\"2026-03-01T19:17:26+00:00\" \/>\n<meta property=\"og:image\" content=\"https:\/\/consolar.org\/wp-content\/uploads\/2011\/09\/cemiteriointocavel.jpg\" \/>\n\t<meta property=\"og:image:width\" content=\"1197\" \/>\n\t<meta property=\"og:image:height\" content=\"581\" \/>\n\t<meta property=\"og:image:type\" content=\"image\/jpeg\" \/>\n<meta name=\"author\" content=\"Pr Luiz Rubem de Freitas\" \/>\n<meta name=\"twitter:card\" content=\"summary_large_image\" \/>\n<meta name=\"twitter:label1\" content=\"Escrito por\" \/>\n\t<meta name=\"twitter:data1\" content=\"Pr Luiz Rubem de Freitas\" \/>\n\t<meta name=\"twitter:label2\" content=\"Est. tempo de leitura\" \/>\n\t<meta name=\"twitter:data2\" content=\"4 minutos\" \/>\n<script type=\"application\/ld+json\" class=\"yoast-schema-graph\">{\"@context\":\"https:\\\/\\\/schema.org\",\"@graph\":[{\"@type\":\"Article\",\"@id\":\"https:\\\/\\\/consolar.org\\\/?p=638#article\",\"isPartOf\":{\"@id\":\"https:\\\/\\\/consolar.org\\\/?p=638\"},\"author\":{\"name\":\"Pr Luiz Rubem de Freitas\",\"@id\":\"https:\\\/\\\/consolar.org\\\/#\\\/schema\\\/person\\\/7b36e38187f2475e58065af654682d5d\"},\"headline\":\"O Cemit\u00e9rio Intoc\u00e1vel do Cora\u00e7\u00e3o e da Alma\",\"datePublished\":\"2011-09-02T03:00:00+00:00\",\"dateModified\":\"2026-03-01T19:17:26+00:00\",\"mainEntityOfPage\":{\"@id\":\"https:\\\/\\\/consolar.org\\\/?p=638\"},\"wordCount\":749,\"publisher\":{\"@id\":\"https:\\\/\\\/consolar.org\\\/#organization\"},\"image\":{\"@id\":\"https:\\\/\\\/consolar.org\\\/?p=638#primaryimage\"},\"thumbnailUrl\":\"https:\\\/\\\/consolar.org\\\/wp-content\\\/uploads\\\/2011\\\/09\\\/cemiteriointocavel.jpg\",\"articleSection\":[\"Uncategorized\"],\"inLanguage\":\"pt-BR\"},{\"@type\":\"WebPage\",\"@id\":\"https:\\\/\\\/consolar.org\\\/?p=638\",\"url\":\"https:\\\/\\\/consolar.org\\\/?p=638\",\"name\":\"O Cemit\u00e9rio Intoc\u00e1vel do Cora\u00e7\u00e3o e da Alma - Consolar.org\",\"isPartOf\":{\"@id\":\"https:\\\/\\\/consolar.org\\\/#website\"},\"primaryImageOfPage\":{\"@id\":\"https:\\\/\\\/consolar.org\\\/?p=638#primaryimage\"},\"image\":{\"@id\":\"https:\\\/\\\/consolar.org\\\/?p=638#primaryimage\"},\"thumbnailUrl\":\"https:\\\/\\\/consolar.org\\\/wp-content\\\/uploads\\\/2011\\\/09\\\/cemiteriointocavel.jpg\",\"datePublished\":\"2011-09-02T03:00:00+00:00\",\"dateModified\":\"2026-03-01T19:17:26+00:00\",\"breadcrumb\":{\"@id\":\"https:\\\/\\\/consolar.org\\\/?p=638#breadcrumb\"},\"inLanguage\":\"pt-BR\",\"potentialAction\":[{\"@type\":\"ReadAction\",\"target\":[\"https:\\\/\\\/consolar.org\\\/?p=638\"]}]},{\"@type\":\"ImageObject\",\"inLanguage\":\"pt-BR\",\"@id\":\"https:\\\/\\\/consolar.org\\\/?p=638#primaryimage\",\"url\":\"https:\\\/\\\/consolar.org\\\/wp-content\\\/uploads\\\/2011\\\/09\\\/cemiteriointocavel.jpg\",\"contentUrl\":\"https:\\\/\\\/consolar.org\\\/wp-content\\\/uploads\\\/2011\\\/09\\\/cemiteriointocavel.jpg\",\"width\":1197,\"height\":581},{\"@type\":\"BreadcrumbList\",\"@id\":\"https:\\\/\\\/consolar.org\\\/?p=638#breadcrumb\",\"itemListElement\":[{\"@type\":\"ListItem\",\"position\":1,\"name\":\"In\u00edcio\",\"item\":\"https:\\\/\\\/consolar.org\\\/\"},{\"@type\":\"ListItem\",\"position\":2,\"name\":\"O Cemit\u00e9rio Intoc\u00e1vel do Cora\u00e7\u00e3o e da Alma\"}]},{\"@type\":\"WebSite\",\"@id\":\"https:\\\/\\\/consolar.org\\\/#website\",\"url\":\"https:\\\/\\\/consolar.org\\\/\",\"name\":\"Consolar.org\",\"description\":\"Mensagens de conforto e esperan\u00e7a para cora\u00e7\u00f5es que precisam de paz.\",\"publisher\":{\"@id\":\"https:\\\/\\\/consolar.org\\\/#organization\"},\"potentialAction\":[{\"@type\":\"SearchAction\",\"target\":{\"@type\":\"EntryPoint\",\"urlTemplate\":\"https:\\\/\\\/consolar.org\\\/?s={search_term_string}\"},\"query-input\":{\"@type\":\"PropertyValueSpecification\",\"valueRequired\":true,\"valueName\":\"search_term_string\"}}],\"inLanguage\":\"pt-BR\"},{\"@type\":\"Organization\",\"@id\":\"https:\\\/\\\/consolar.org\\\/#organization\",\"name\":\"Consolar.org\",\"url\":\"https:\\\/\\\/consolar.org\\\/\",\"logo\":{\"@type\":\"ImageObject\",\"inLanguage\":\"pt-BR\",\"@id\":\"https:\\\/\\\/consolar.org\\\/#\\\/schema\\\/logo\\\/image\\\/\",\"url\":\"https:\\\/\\\/consolar.org\\\/wp-content\\\/uploads\\\/2026\\\/02\\\/cropped-logonovo03-small.png\",\"contentUrl\":\"https:\\\/\\\/consolar.org\\\/wp-content\\\/uploads\\\/2026\\\/02\\\/cropped-logonovo03-small.png\",\"width\":280,\"height\":142,\"caption\":\"Consolar.org\"},\"image\":{\"@id\":\"https:\\\/\\\/consolar.org\\\/#\\\/schema\\\/logo\\\/image\\\/\"},\"sameAs\":[\"https:\\\/\\\/www.facebook.com\\\/consolar\"]},{\"@type\":\"Person\",\"@id\":\"https:\\\/\\\/consolar.org\\\/#\\\/schema\\\/person\\\/7b36e38187f2475e58065af654682d5d\",\"name\":\"Pr Luiz Rubem de Freitas\",\"image\":{\"@type\":\"ImageObject\",\"inLanguage\":\"pt-BR\",\"@id\":\"https:\\\/\\\/secure.gravatar.com\\\/avatar\\\/fd59dc00fc4178aa1e085bf491d394e3f72afcd9b1944348dfcec2bbecdc5761?s=96&d=blank&r=g\",\"url\":\"https:\\\/\\\/secure.gravatar.com\\\/avatar\\\/fd59dc00fc4178aa1e085bf491d394e3f72afcd9b1944348dfcec2bbecdc5761?s=96&d=blank&r=g\",\"contentUrl\":\"https:\\\/\\\/secure.gravatar.com\\\/avatar\\\/fd59dc00fc4178aa1e085bf491d394e3f72afcd9b1944348dfcec2bbecdc5761?s=96&d=blank&r=g\",\"caption\":\"Pr Luiz Rubem de Freitas\"},\"url\":\"https:\\\/\\\/consolar.org\\\/?author=2\"}]}<\/script>\n<!-- \/ Yoast SEO Premium plugin. -->","yoast_head_json":{"title":"O Cemit\u00e9rio Intoc\u00e1vel do Cora\u00e7\u00e3o e da Alma - Consolar.org","robots":{"index":"index","follow":"follow","max-snippet":"max-snippet:-1","max-image-preview":"max-image-preview:large","max-video-preview":"max-video-preview:-1"},"canonical":"https:\/\/consolar.org\/?p=638","og_locale":"pt_BR","og_type":"article","og_title":"O Cemit\u00e9rio Intoc\u00e1vel do Cora\u00e7\u00e3o e da Alma","og_description":"&#8220;E certa mulher que, havia doze anos, tinha um fluxo de sangue, E que havia padecido muito com muitos m\u00e9dicos, e despendido tudo quanto tinha, nada lhe aproveitando isso, antes indo a pior; Ouvindo falar de Jesus, veio por detr\u00e1s, entre a multid\u00e3o, e tocou na sua veste. Porque dizia: Se t\u00e3o-somente tocar nas suas &hellip; Continue lendo&hellip; &rarr;","og_url":"https:\/\/consolar.org\/?p=638","og_site_name":"Consolar.org","article_publisher":"https:\/\/www.facebook.com\/consolar","article_published_time":"2011-09-02T03:00:00+00:00","article_modified_time":"2026-03-01T19:17:26+00:00","og_image":[{"width":1197,"height":581,"url":"https:\/\/consolar.org\/wp-content\/uploads\/2011\/09\/cemiteriointocavel.jpg","type":"image\/jpeg"}],"author":"Pr Luiz Rubem de Freitas","twitter_card":"summary_large_image","twitter_misc":{"Escrito por":"Pr Luiz Rubem de Freitas","Est. tempo de leitura":"4 minutos"},"schema":{"@context":"https:\/\/schema.org","@graph":[{"@type":"Article","@id":"https:\/\/consolar.org\/?p=638#article","isPartOf":{"@id":"https:\/\/consolar.org\/?p=638"},"author":{"name":"Pr Luiz Rubem de Freitas","@id":"https:\/\/consolar.org\/#\/schema\/person\/7b36e38187f2475e58065af654682d5d"},"headline":"O Cemit\u00e9rio Intoc\u00e1vel do Cora\u00e7\u00e3o e da Alma","datePublished":"2011-09-02T03:00:00+00:00","dateModified":"2026-03-01T19:17:26+00:00","mainEntityOfPage":{"@id":"https:\/\/consolar.org\/?p=638"},"wordCount":749,"publisher":{"@id":"https:\/\/consolar.org\/#organization"},"image":{"@id":"https:\/\/consolar.org\/?p=638#primaryimage"},"thumbnailUrl":"https:\/\/consolar.org\/wp-content\/uploads\/2011\/09\/cemiteriointocavel.jpg","articleSection":["Uncategorized"],"inLanguage":"pt-BR"},{"@type":"WebPage","@id":"https:\/\/consolar.org\/?p=638","url":"https:\/\/consolar.org\/?p=638","name":"O Cemit\u00e9rio Intoc\u00e1vel do Cora\u00e7\u00e3o e da Alma - Consolar.org","isPartOf":{"@id":"https:\/\/consolar.org\/#website"},"primaryImageOfPage":{"@id":"https:\/\/consolar.org\/?p=638#primaryimage"},"image":{"@id":"https:\/\/consolar.org\/?p=638#primaryimage"},"thumbnailUrl":"https:\/\/consolar.org\/wp-content\/uploads\/2011\/09\/cemiteriointocavel.jpg","datePublished":"2011-09-02T03:00:00+00:00","dateModified":"2026-03-01T19:17:26+00:00","breadcrumb":{"@id":"https:\/\/consolar.org\/?p=638#breadcrumb"},"inLanguage":"pt-BR","potentialAction":[{"@type":"ReadAction","target":["https:\/\/consolar.org\/?p=638"]}]},{"@type":"ImageObject","inLanguage":"pt-BR","@id":"https:\/\/consolar.org\/?p=638#primaryimage","url":"https:\/\/consolar.org\/wp-content\/uploads\/2011\/09\/cemiteriointocavel.jpg","contentUrl":"https:\/\/consolar.org\/wp-content\/uploads\/2011\/09\/cemiteriointocavel.jpg","width":1197,"height":581},{"@type":"BreadcrumbList","@id":"https:\/\/consolar.org\/?p=638#breadcrumb","itemListElement":[{"@type":"ListItem","position":1,"name":"In\u00edcio","item":"https:\/\/consolar.org\/"},{"@type":"ListItem","position":2,"name":"O Cemit\u00e9rio Intoc\u00e1vel do Cora\u00e7\u00e3o e da Alma"}]},{"@type":"WebSite","@id":"https:\/\/consolar.org\/#website","url":"https:\/\/consolar.org\/","name":"Consolar.org","description":"Mensagens de conforto e esperan\u00e7a para cora\u00e7\u00f5es que precisam de paz.","publisher":{"@id":"https:\/\/consolar.org\/#organization"},"potentialAction":[{"@type":"SearchAction","target":{"@type":"EntryPoint","urlTemplate":"https:\/\/consolar.org\/?s={search_term_string}"},"query-input":{"@type":"PropertyValueSpecification","valueRequired":true,"valueName":"search_term_string"}}],"inLanguage":"pt-BR"},{"@type":"Organization","@id":"https:\/\/consolar.org\/#organization","name":"Consolar.org","url":"https:\/\/consolar.org\/","logo":{"@type":"ImageObject","inLanguage":"pt-BR","@id":"https:\/\/consolar.org\/#\/schema\/logo\/image\/","url":"https:\/\/consolar.org\/wp-content\/uploads\/2026\/02\/cropped-logonovo03-small.png","contentUrl":"https:\/\/consolar.org\/wp-content\/uploads\/2026\/02\/cropped-logonovo03-small.png","width":280,"height":142,"caption":"Consolar.org"},"image":{"@id":"https:\/\/consolar.org\/#\/schema\/logo\/image\/"},"sameAs":["https:\/\/www.facebook.com\/consolar"]},{"@type":"Person","@id":"https:\/\/consolar.org\/#\/schema\/person\/7b36e38187f2475e58065af654682d5d","name":"Pr Luiz Rubem de Freitas","image":{"@type":"ImageObject","inLanguage":"pt-BR","@id":"https:\/\/secure.gravatar.com\/avatar\/fd59dc00fc4178aa1e085bf491d394e3f72afcd9b1944348dfcec2bbecdc5761?s=96&d=blank&r=g","url":"https:\/\/secure.gravatar.com\/avatar\/fd59dc00fc4178aa1e085bf491d394e3f72afcd9b1944348dfcec2bbecdc5761?s=96&d=blank&r=g","contentUrl":"https:\/\/secure.gravatar.com\/avatar\/fd59dc00fc4178aa1e085bf491d394e3f72afcd9b1944348dfcec2bbecdc5761?s=96&d=blank&r=g","caption":"Pr Luiz Rubem de Freitas"},"url":"https:\/\/consolar.org\/?author=2"}]}},"_links":{"self":[{"href":"https:\/\/consolar.org\/index.php?rest_route=\/wp\/v2\/posts\/638","targetHints":{"allow":["GET"]}}],"collection":[{"href":"https:\/\/consolar.org\/index.php?rest_route=\/wp\/v2\/posts"}],"about":[{"href":"https:\/\/consolar.org\/index.php?rest_route=\/wp\/v2\/types\/post"}],"author":[{"embeddable":true,"href":"https:\/\/consolar.org\/index.php?rest_route=\/wp\/v2\/users\/2"}],"replies":[{"embeddable":true,"href":"https:\/\/consolar.org\/index.php?rest_route=%2Fwp%2Fv2%2Fcomments&post=638"}],"version-history":[{"count":0,"href":"https:\/\/consolar.org\/index.php?rest_route=\/wp\/v2\/posts\/638\/revisions"}],"wp:featuredmedia":[{"embeddable":true,"href":"https:\/\/consolar.org\/index.php?rest_route=\/wp\/v2\/media\/1147"}],"wp:attachment":[{"href":"https:\/\/consolar.org\/index.php?rest_route=%2Fwp%2Fv2%2Fmedia&parent=638"}],"wp:term":[{"taxonomy":"category","embeddable":true,"href":"https:\/\/consolar.org\/index.php?rest_route=%2Fwp%2Fv2%2Fcategories&post=638"},{"taxonomy":"post_tag","embeddable":true,"href":"https:\/\/consolar.org\/index.php?rest_route=%2Fwp%2Fv2%2Ftags&post=638"}],"curies":[{"name":"wp","href":"https:\/\/api.w.org\/{rel}","templated":true}]}}