{"id":636,"date":"2011-11-01T00:00:00","date_gmt":"2011-11-01T03:00:00","guid":{"rendered":"https:\/\/consolar.org\/2011\/11\/01\/o-ceu-ficara-mais-bonito-se-ele-estiver-la\/"},"modified":"2026-02-28T00:27:02","modified_gmt":"2026-02-28T03:27:02","slug":"o-ceu-ficara-mais-bonito-se-ele-estiver-la","status":"publish","type":"post","link":"https:\/\/consolar.org\/?p=636","title":{"rendered":"O C\u00e9u Ficar\u00e1 Mais Bonito Se Ele Estiver L\u00e1"},"content":{"rendered":"\n<figure class=\"wp-block-image size-large\"><img loading=\"lazy\" decoding=\"async\" width=\"1024\" height=\"482\" src=\"https:\/\/consolar.org\/wp-content\/uploads\/2011\/11\/oceuestaramaisbonito-1024x482.jpg\" alt=\"\" class=\"wp-image-1120\" srcset=\"https:\/\/consolar.org\/wp-content\/uploads\/2011\/11\/oceuestaramaisbonito-1024x482.jpg 1024w, https:\/\/consolar.org\/wp-content\/uploads\/2011\/11\/oceuestaramaisbonito-300x141.jpg 300w, https:\/\/consolar.org\/wp-content\/uploads\/2011\/11\/oceuestaramaisbonito-768x362.jpg 768w, https:\/\/consolar.org\/wp-content\/uploads\/2011\/11\/oceuestaramaisbonito.jpg 1200w\" sizes=\"auto, (max-width: 1024px) 100vw, 1024px\" \/><\/figure>\n\n\n\n<p class=\"has-text-align-center\"><em>&#8220;Pavores se apoderam dele como \u00e1guas; de noite o arrebata a tempestade&#8221; (J\u00f3 27.20)<\/em>. <\/p>\n\n\n\n<p>Muitas vezes somos tentados a sermos maus. Ontem ao sair da igreja um b\u00eabado atingiu meu carro parado no sinal vermelho de um sem\u00e1foro. Estava com minha esposa, minha cunhada e minha sobrinha, a Gabriela, de um ano e meio. A pancada foi forte. O rapaz b\u00eabado saiu de seu carro e demonstrando descontrole da situa\u00e7\u00e3o chegou a mostrar sua arma, dizendo querer resolver o problema numa boa, e &#8220;pedindo&#8221; que n\u00e3o chamasse a policia visto estar altamente alcoolizado e com a carteira de motorista vencida e o pior de tudo: ele era um policial. <\/p>\n\n\n\n<p>Ao chegarmos em casa oramos por aquele rapaz. Pedimos a Deus que o Pai tivesse miseric\u00f3rdia dele. Pedi a Deus para que eu tivesse a oportunidade de abra\u00e7\u00e1-lo como meu irm\u00e3o em Cristo. O c\u00e9u ficar\u00e1 mais bonito se ele estiver l\u00e1. Zofar, amigo de J\u00f3, fala como Deus, o Todo-poderoso, castiga os homens maus e violentos no cap\u00edtulo 27 do livro de J\u00f3. No verso 20 ele diz: <em>&#8220;Pavores se apoderam dele como \u00e1guas; de noite o arrebata a tempestade<\/em>&#8220;. H\u00e1 muitos maus andando entre n\u00f3s. Os amo, todos. At\u00e9 porque sou tamb\u00e9m tentado a ser mau. N\u00e3o sou bom por mim mesmo, mas o sou por ser temperado e controlado pelo Esp\u00edrito. Nisto est\u00e1 a minha bondade, em Cristo Jesus. Sem Ele somos maus. O pr\u00f3prio Senhor Jesus diz que veio para aqueles que s\u00e3o seus, mas os seus n\u00e3o o receberam. Em resumo, foram maus. Mesmo os que se dizem bons, o rejeitaram. Somos tentados na tempestade e na bonan\u00e7a a sermos maus.<\/p>\n\n\n\n<p> Li um livro pequeno que dizia assim: <strong>Cap\u00edtulo I<\/strong> &#8220;Andei por uma rua. Havia um buraco profundo na cal\u00e7ada. Ca\u00ed dentro do buraco. Estou perdido. N\u00e3o tenho nenhuma ajuda. Por\u00e9m, a culpa n\u00e3o \u00e9 minha. Vai levar muito tempo para eu sair daqui&#8221;. <strong>Cap\u00edtulo II <\/strong>&#8220;Andei pela mesma rua. Havia um buraco profundo na cal\u00e7ada. Fingi que n\u00e3o vi. Ca\u00ed novamente. N\u00e3o posso crer que estou no mesmo lugar, mas a culpa n\u00e3o \u00e9 minha. Vai levar muito tempo para eu sair daqui&#8221;. <strong>Cap\u00edtulo III<\/strong> &#8220;Andei pela mesma rua. Havia um buraco profundo na cal\u00e7ada. Vejo que o buraco est\u00e1 ali. E, ainda assim eu caio dentro dele. Isso se tornou um h\u00e1bito. Meus olhos est\u00e3o abertos. Sei onde estou. A culpa \u00e9 minha. Vou sair daqui imediatamente&#8221;. <strong>Cap\u00edtulo IV<\/strong> Andei pela mesma rua. Havia um buraco profundo na cal\u00e7ada. Eu passei de lado&#8221;. <strong>Cap\u00edtulo V<\/strong> &#8220;Fui, por uma outra rua.&#8221; <\/p>\n\n\n\n<p>Nunca mais serei mau para com Deus. N\u00e3o cairei em nenhum buraco da maldade. E quando for tentado a trair meu amado(a), meus filhos, minha empresa ou quando for tentando a passar na rua dos buracos da ignor\u00e2ncia, da mentira, da falsidade, do medo, da imoralidade, da iniquidade, da infidelidade, dos maus tratos, da indiferen\u00e7a, da pregui\u00e7a, da vaidade, da cobi\u00e7a e da maldade irei por outra rua. Seguirei meu mestre e salvador, o meu Jesus. Serei chamado por Ele de servo bom e fiel. Andarei em ruas de ouro. Se passardes por um homem mau, ame-o e perdoe-o, em nome de Jesus. Eles s\u00e3o a\u00e7oitados por tempestades pavorosas.<\/p>\n","protected":false},"excerpt":{"rendered":"<p>&#8220;Pavores se apoderam dele como \u00e1guas; de noite o arrebata a tempestade&#8221; (J\u00f3 27.20). Muitas vezes somos tentados a sermos maus. Ontem ao sair da igreja um b\u00eabado atingiu meu carro parado no sinal vermelho de um sem\u00e1foro. Estava com minha esposa, minha cunhada e minha sobrinha, a Gabriela, de um ano e meio. A <a class=\"more-link\" href=\"https:\/\/consolar.org\/?p=636\">&hellip; Continue lendo&hellip; &rarr;<\/a><\/p>\n","protected":false},"author":2,"featured_media":1120,"comment_status":"closed","ping_status":"closed","sticky":false,"template":"","format":"standard","meta":{"_ayudawp_aiss_exclude":false,"footnotes":"","_wpscppro_dont_share_socialmedia":false,"_wpscppro_custom_social_share_image":0,"_facebook_share_type":"","_twitter_share_type":"","_linkedin_share_type":"","_pinterest_share_type":"","_linkedin_share_type_page":"","_instagram_share_type":"","_medium_share_type":"","_threads_share_type":"","_google_business_share_type":"","_selected_social_profile":[],"_wpsp_enable_custom_social_template":false,"_wpsp_social_scheduling":{"enabled":false,"datetime":null,"platforms":[],"status":"template_only","dateOption":"today","timeOption":"now","customDays":"","customHours":"","customDate":"","customTime":"","schedulingType":"absolute"},"_wpsp_active_default_template":true},"categories":[1],"tags":[],"class_list":["post-636","post","type-post","status-publish","format-standard","has-post-thumbnail","hentry","category-uncategorized"],"yoast_head":"<!-- This site is optimized with the Yoast SEO Premium plugin v27.3 (Yoast SEO v27.5) - https:\/\/yoast.com\/product\/yoast-seo-premium-wordpress\/ -->\n<title>O C\u00e9u Ficar\u00e1 Mais Bonito Se Ele Estiver L\u00e1 - Consolar.org<\/title>\n<meta name=\"robots\" content=\"index, follow, max-snippet:-1, max-image-preview:large, max-video-preview:-1\" \/>\n<link rel=\"canonical\" href=\"https:\/\/consolar.org\/?p=636\" \/>\n<meta property=\"og:locale\" content=\"pt_BR\" \/>\n<meta property=\"og:type\" content=\"article\" \/>\n<meta property=\"og:title\" content=\"O C\u00e9u Ficar\u00e1 Mais Bonito Se Ele Estiver L\u00e1\" \/>\n<meta property=\"og:description\" content=\"&#8220;Pavores se apoderam dele como \u00e1guas; de noite o arrebata a tempestade&#8221; (J\u00f3 27.20). Muitas vezes somos tentados a sermos maus. Ontem ao sair da igreja um b\u00eabado atingiu meu carro parado no sinal vermelho de um sem\u00e1foro. Estava com minha esposa, minha cunhada e minha sobrinha, a Gabriela, de um ano e meio. A &hellip; Continue lendo&hellip; &rarr;\" \/>\n<meta property=\"og:url\" content=\"https:\/\/consolar.org\/?p=636\" \/>\n<meta property=\"og:site_name\" content=\"Consolar.org\" \/>\n<meta property=\"article:publisher\" content=\"https:\/\/www.facebook.com\/consolar\" \/>\n<meta property=\"article:published_time\" content=\"2011-11-01T03:00:00+00:00\" \/>\n<meta property=\"article:modified_time\" content=\"2026-02-28T03:27:02+00:00\" \/>\n<meta property=\"og:image\" content=\"https:\/\/consolar.org\/wp-content\/uploads\/2011\/11\/oceuestaramaisbonito.jpg\" \/>\n\t<meta property=\"og:image:width\" content=\"1200\" \/>\n\t<meta property=\"og:image:height\" content=\"565\" \/>\n\t<meta property=\"og:image:type\" content=\"image\/jpeg\" \/>\n<meta name=\"author\" content=\"Pr Luiz Rubem de Freitas\" \/>\n<meta name=\"twitter:card\" content=\"summary_large_image\" \/>\n<meta name=\"twitter:label1\" content=\"Escrito por\" \/>\n\t<meta name=\"twitter:data1\" content=\"Pr Luiz Rubem de Freitas\" \/>\n\t<meta name=\"twitter:label2\" content=\"Est. tempo de leitura\" \/>\n\t<meta name=\"twitter:data2\" content=\"3 minutos\" \/>\n<script type=\"application\/ld+json\" class=\"yoast-schema-graph\">{\"@context\":\"https:\\\/\\\/schema.org\",\"@graph\":[{\"@type\":\"Article\",\"@id\":\"https:\\\/\\\/consolar.org\\\/?p=636#article\",\"isPartOf\":{\"@id\":\"https:\\\/\\\/consolar.org\\\/?p=636\"},\"author\":{\"name\":\"Pr Luiz Rubem de Freitas\",\"@id\":\"https:\\\/\\\/consolar.org\\\/#\\\/schema\\\/person\\\/7b36e38187f2475e58065af654682d5d\"},\"headline\":\"O C\u00e9u Ficar\u00e1 Mais Bonito Se Ele Estiver L\u00e1\",\"datePublished\":\"2011-11-01T03:00:00+00:00\",\"dateModified\":\"2026-02-28T03:27:02+00:00\",\"mainEntityOfPage\":{\"@id\":\"https:\\\/\\\/consolar.org\\\/?p=636\"},\"wordCount\":582,\"publisher\":{\"@id\":\"https:\\\/\\\/consolar.org\\\/#organization\"},\"image\":{\"@id\":\"https:\\\/\\\/consolar.org\\\/?p=636#primaryimage\"},\"thumbnailUrl\":\"https:\\\/\\\/consolar.org\\\/wp-content\\\/uploads\\\/2011\\\/11\\\/oceuestaramaisbonito.jpg\",\"articleSection\":[\"Uncategorized\"],\"inLanguage\":\"pt-BR\"},{\"@type\":\"WebPage\",\"@id\":\"https:\\\/\\\/consolar.org\\\/?p=636\",\"url\":\"https:\\\/\\\/consolar.org\\\/?p=636\",\"name\":\"O C\u00e9u Ficar\u00e1 Mais Bonito Se Ele Estiver L\u00e1 - Consolar.org\",\"isPartOf\":{\"@id\":\"https:\\\/\\\/consolar.org\\\/#website\"},\"primaryImageOfPage\":{\"@id\":\"https:\\\/\\\/consolar.org\\\/?p=636#primaryimage\"},\"image\":{\"@id\":\"https:\\\/\\\/consolar.org\\\/?p=636#primaryimage\"},\"thumbnailUrl\":\"https:\\\/\\\/consolar.org\\\/wp-content\\\/uploads\\\/2011\\\/11\\\/oceuestaramaisbonito.jpg\",\"datePublished\":\"2011-11-01T03:00:00+00:00\",\"dateModified\":\"2026-02-28T03:27:02+00:00\",\"breadcrumb\":{\"@id\":\"https:\\\/\\\/consolar.org\\\/?p=636#breadcrumb\"},\"inLanguage\":\"pt-BR\",\"potentialAction\":[{\"@type\":\"ReadAction\",\"target\":[\"https:\\\/\\\/consolar.org\\\/?p=636\"]}]},{\"@type\":\"ImageObject\",\"inLanguage\":\"pt-BR\",\"@id\":\"https:\\\/\\\/consolar.org\\\/?p=636#primaryimage\",\"url\":\"https:\\\/\\\/consolar.org\\\/wp-content\\\/uploads\\\/2011\\\/11\\\/oceuestaramaisbonito.jpg\",\"contentUrl\":\"https:\\\/\\\/consolar.org\\\/wp-content\\\/uploads\\\/2011\\\/11\\\/oceuestaramaisbonito.jpg\",\"width\":1200,\"height\":565},{\"@type\":\"BreadcrumbList\",\"@id\":\"https:\\\/\\\/consolar.org\\\/?p=636#breadcrumb\",\"itemListElement\":[{\"@type\":\"ListItem\",\"position\":1,\"name\":\"In\u00edcio\",\"item\":\"https:\\\/\\\/consolar.org\\\/\"},{\"@type\":\"ListItem\",\"position\":2,\"name\":\"O C\u00e9u Ficar\u00e1 Mais Bonito Se Ele Estiver L\u00e1\"}]},{\"@type\":\"WebSite\",\"@id\":\"https:\\\/\\\/consolar.org\\\/#website\",\"url\":\"https:\\\/\\\/consolar.org\\\/\",\"name\":\"Consolar.org\",\"description\":\"Mensagens de conforto e esperan\u00e7a para cora\u00e7\u00f5es que precisam de paz.\",\"publisher\":{\"@id\":\"https:\\\/\\\/consolar.org\\\/#organization\"},\"potentialAction\":[{\"@type\":\"SearchAction\",\"target\":{\"@type\":\"EntryPoint\",\"urlTemplate\":\"https:\\\/\\\/consolar.org\\\/?s={search_term_string}\"},\"query-input\":{\"@type\":\"PropertyValueSpecification\",\"valueRequired\":true,\"valueName\":\"search_term_string\"}}],\"inLanguage\":\"pt-BR\"},{\"@type\":\"Organization\",\"@id\":\"https:\\\/\\\/consolar.org\\\/#organization\",\"name\":\"Consolar.org\",\"url\":\"https:\\\/\\\/consolar.org\\\/\",\"logo\":{\"@type\":\"ImageObject\",\"inLanguage\":\"pt-BR\",\"@id\":\"https:\\\/\\\/consolar.org\\\/#\\\/schema\\\/logo\\\/image\\\/\",\"url\":\"https:\\\/\\\/consolar.org\\\/wp-content\\\/uploads\\\/2026\\\/02\\\/cropped-logonovo03-small.png\",\"contentUrl\":\"https:\\\/\\\/consolar.org\\\/wp-content\\\/uploads\\\/2026\\\/02\\\/cropped-logonovo03-small.png\",\"width\":280,\"height\":142,\"caption\":\"Consolar.org\"},\"image\":{\"@id\":\"https:\\\/\\\/consolar.org\\\/#\\\/schema\\\/logo\\\/image\\\/\"},\"sameAs\":[\"https:\\\/\\\/www.facebook.com\\\/consolar\"]},{\"@type\":\"Person\",\"@id\":\"https:\\\/\\\/consolar.org\\\/#\\\/schema\\\/person\\\/7b36e38187f2475e58065af654682d5d\",\"name\":\"Pr Luiz Rubem de Freitas\",\"image\":{\"@type\":\"ImageObject\",\"inLanguage\":\"pt-BR\",\"@id\":\"https:\\\/\\\/secure.gravatar.com\\\/avatar\\\/fd59dc00fc4178aa1e085bf491d394e3f72afcd9b1944348dfcec2bbecdc5761?s=96&d=blank&r=g\",\"url\":\"https:\\\/\\\/secure.gravatar.com\\\/avatar\\\/fd59dc00fc4178aa1e085bf491d394e3f72afcd9b1944348dfcec2bbecdc5761?s=96&d=blank&r=g\",\"contentUrl\":\"https:\\\/\\\/secure.gravatar.com\\\/avatar\\\/fd59dc00fc4178aa1e085bf491d394e3f72afcd9b1944348dfcec2bbecdc5761?s=96&d=blank&r=g\",\"caption\":\"Pr Luiz Rubem de Freitas\"},\"url\":\"https:\\\/\\\/consolar.org\\\/?author=2\"}]}<\/script>\n<!-- \/ Yoast SEO Premium plugin. -->","yoast_head_json":{"title":"O C\u00e9u Ficar\u00e1 Mais Bonito Se Ele Estiver L\u00e1 - Consolar.org","robots":{"index":"index","follow":"follow","max-snippet":"max-snippet:-1","max-image-preview":"max-image-preview:large","max-video-preview":"max-video-preview:-1"},"canonical":"https:\/\/consolar.org\/?p=636","og_locale":"pt_BR","og_type":"article","og_title":"O C\u00e9u Ficar\u00e1 Mais Bonito Se Ele Estiver L\u00e1","og_description":"&#8220;Pavores se apoderam dele como \u00e1guas; de noite o arrebata a tempestade&#8221; (J\u00f3 27.20). Muitas vezes somos tentados a sermos maus. Ontem ao sair da igreja um b\u00eabado atingiu meu carro parado no sinal vermelho de um sem\u00e1foro. Estava com minha esposa, minha cunhada e minha sobrinha, a Gabriela, de um ano e meio. A &hellip; Continue lendo&hellip; &rarr;","og_url":"https:\/\/consolar.org\/?p=636","og_site_name":"Consolar.org","article_publisher":"https:\/\/www.facebook.com\/consolar","article_published_time":"2011-11-01T03:00:00+00:00","article_modified_time":"2026-02-28T03:27:02+00:00","og_image":[{"width":1200,"height":565,"url":"https:\/\/consolar.org\/wp-content\/uploads\/2011\/11\/oceuestaramaisbonito.jpg","type":"image\/jpeg"}],"author":"Pr Luiz Rubem de Freitas","twitter_card":"summary_large_image","twitter_misc":{"Escrito por":"Pr Luiz Rubem de Freitas","Est. tempo de leitura":"3 minutos"},"schema":{"@context":"https:\/\/schema.org","@graph":[{"@type":"Article","@id":"https:\/\/consolar.org\/?p=636#article","isPartOf":{"@id":"https:\/\/consolar.org\/?p=636"},"author":{"name":"Pr Luiz Rubem de Freitas","@id":"https:\/\/consolar.org\/#\/schema\/person\/7b36e38187f2475e58065af654682d5d"},"headline":"O C\u00e9u Ficar\u00e1 Mais Bonito Se Ele Estiver L\u00e1","datePublished":"2011-11-01T03:00:00+00:00","dateModified":"2026-02-28T03:27:02+00:00","mainEntityOfPage":{"@id":"https:\/\/consolar.org\/?p=636"},"wordCount":582,"publisher":{"@id":"https:\/\/consolar.org\/#organization"},"image":{"@id":"https:\/\/consolar.org\/?p=636#primaryimage"},"thumbnailUrl":"https:\/\/consolar.org\/wp-content\/uploads\/2011\/11\/oceuestaramaisbonito.jpg","articleSection":["Uncategorized"],"inLanguage":"pt-BR"},{"@type":"WebPage","@id":"https:\/\/consolar.org\/?p=636","url":"https:\/\/consolar.org\/?p=636","name":"O C\u00e9u Ficar\u00e1 Mais Bonito Se Ele Estiver L\u00e1 - Consolar.org","isPartOf":{"@id":"https:\/\/consolar.org\/#website"},"primaryImageOfPage":{"@id":"https:\/\/consolar.org\/?p=636#primaryimage"},"image":{"@id":"https:\/\/consolar.org\/?p=636#primaryimage"},"thumbnailUrl":"https:\/\/consolar.org\/wp-content\/uploads\/2011\/11\/oceuestaramaisbonito.jpg","datePublished":"2011-11-01T03:00:00+00:00","dateModified":"2026-02-28T03:27:02+00:00","breadcrumb":{"@id":"https:\/\/consolar.org\/?p=636#breadcrumb"},"inLanguage":"pt-BR","potentialAction":[{"@type":"ReadAction","target":["https:\/\/consolar.org\/?p=636"]}]},{"@type":"ImageObject","inLanguage":"pt-BR","@id":"https:\/\/consolar.org\/?p=636#primaryimage","url":"https:\/\/consolar.org\/wp-content\/uploads\/2011\/11\/oceuestaramaisbonito.jpg","contentUrl":"https:\/\/consolar.org\/wp-content\/uploads\/2011\/11\/oceuestaramaisbonito.jpg","width":1200,"height":565},{"@type":"BreadcrumbList","@id":"https:\/\/consolar.org\/?p=636#breadcrumb","itemListElement":[{"@type":"ListItem","position":1,"name":"In\u00edcio","item":"https:\/\/consolar.org\/"},{"@type":"ListItem","position":2,"name":"O C\u00e9u Ficar\u00e1 Mais Bonito Se Ele Estiver L\u00e1"}]},{"@type":"WebSite","@id":"https:\/\/consolar.org\/#website","url":"https:\/\/consolar.org\/","name":"Consolar.org","description":"Mensagens de conforto e esperan\u00e7a para cora\u00e7\u00f5es que precisam de paz.","publisher":{"@id":"https:\/\/consolar.org\/#organization"},"potentialAction":[{"@type":"SearchAction","target":{"@type":"EntryPoint","urlTemplate":"https:\/\/consolar.org\/?s={search_term_string}"},"query-input":{"@type":"PropertyValueSpecification","valueRequired":true,"valueName":"search_term_string"}}],"inLanguage":"pt-BR"},{"@type":"Organization","@id":"https:\/\/consolar.org\/#organization","name":"Consolar.org","url":"https:\/\/consolar.org\/","logo":{"@type":"ImageObject","inLanguage":"pt-BR","@id":"https:\/\/consolar.org\/#\/schema\/logo\/image\/","url":"https:\/\/consolar.org\/wp-content\/uploads\/2026\/02\/cropped-logonovo03-small.png","contentUrl":"https:\/\/consolar.org\/wp-content\/uploads\/2026\/02\/cropped-logonovo03-small.png","width":280,"height":142,"caption":"Consolar.org"},"image":{"@id":"https:\/\/consolar.org\/#\/schema\/logo\/image\/"},"sameAs":["https:\/\/www.facebook.com\/consolar"]},{"@type":"Person","@id":"https:\/\/consolar.org\/#\/schema\/person\/7b36e38187f2475e58065af654682d5d","name":"Pr Luiz Rubem de Freitas","image":{"@type":"ImageObject","inLanguage":"pt-BR","@id":"https:\/\/secure.gravatar.com\/avatar\/fd59dc00fc4178aa1e085bf491d394e3f72afcd9b1944348dfcec2bbecdc5761?s=96&d=blank&r=g","url":"https:\/\/secure.gravatar.com\/avatar\/fd59dc00fc4178aa1e085bf491d394e3f72afcd9b1944348dfcec2bbecdc5761?s=96&d=blank&r=g","contentUrl":"https:\/\/secure.gravatar.com\/avatar\/fd59dc00fc4178aa1e085bf491d394e3f72afcd9b1944348dfcec2bbecdc5761?s=96&d=blank&r=g","caption":"Pr Luiz Rubem de Freitas"},"url":"https:\/\/consolar.org\/?author=2"}]}},"_links":{"self":[{"href":"https:\/\/consolar.org\/index.php?rest_route=\/wp\/v2\/posts\/636","targetHints":{"allow":["GET"]}}],"collection":[{"href":"https:\/\/consolar.org\/index.php?rest_route=\/wp\/v2\/posts"}],"about":[{"href":"https:\/\/consolar.org\/index.php?rest_route=\/wp\/v2\/types\/post"}],"author":[{"embeddable":true,"href":"https:\/\/consolar.org\/index.php?rest_route=\/wp\/v2\/users\/2"}],"replies":[{"embeddable":true,"href":"https:\/\/consolar.org\/index.php?rest_route=%2Fwp%2Fv2%2Fcomments&post=636"}],"version-history":[{"count":0,"href":"https:\/\/consolar.org\/index.php?rest_route=\/wp\/v2\/posts\/636\/revisions"}],"wp:featuredmedia":[{"embeddable":true,"href":"https:\/\/consolar.org\/index.php?rest_route=\/wp\/v2\/media\/1120"}],"wp:attachment":[{"href":"https:\/\/consolar.org\/index.php?rest_route=%2Fwp%2Fv2%2Fmedia&parent=636"}],"wp:term":[{"taxonomy":"category","embeddable":true,"href":"https:\/\/consolar.org\/index.php?rest_route=%2Fwp%2Fv2%2Fcategories&post=636"},{"taxonomy":"post_tag","embeddable":true,"href":"https:\/\/consolar.org\/index.php?rest_route=%2Fwp%2Fv2%2Ftags&post=636"}],"curies":[{"name":"wp","href":"https:\/\/api.w.org\/{rel}","templated":true}]}}