{"id":630,"date":"2013-10-16T00:00:00","date_gmt":"2013-10-16T03:00:00","guid":{"rendered":"https:\/\/consolar.org\/2013\/10\/16\/num-dia-feliz-fui-feliz-para-a-vida-inteira\/"},"modified":"2026-03-23T18:26:32","modified_gmt":"2026-03-23T21:26:32","slug":"num-dia-feliz-fui-feliz-para-a-vida-inteira","status":"publish","type":"post","link":"https:\/\/consolar.org\/?p=630","title":{"rendered":"Num Dia Feliz, Fui Feliz Para a Vida Inteira"},"content":{"rendered":"\n<figure class=\"wp-block-image size-large\"><img loading=\"lazy\" decoding=\"async\" width=\"1024\" height=\"533\" src=\"https:\/\/consolar.org\/wp-content\/uploads\/2013\/10\/umdiafeliz-1024x533.jpg\" alt=\"\" class=\"wp-image-1055\" srcset=\"https:\/\/consolar.org\/wp-content\/uploads\/2013\/10\/umdiafeliz-1024x533.jpg 1024w, https:\/\/consolar.org\/wp-content\/uploads\/2013\/10\/umdiafeliz-300x156.jpg 300w, https:\/\/consolar.org\/wp-content\/uploads\/2013\/10\/umdiafeliz-768x400.jpg 768w, https:\/\/consolar.org\/wp-content\/uploads\/2013\/10\/umdiafeliz.jpg 1200w\" sizes=\"auto, (max-width: 1024px) 100vw, 1024px\" \/><\/figure>\n\n\n\n<p class=\"has-text-align-center\"><em>&#8220;Eu te conheci no deserto<\/em>, na terra muito seca&#8221;(Os\u00e9ias 13:5).<\/p>\n\n\n\n<p>Deus veio ao nosso encontro. Conheci minha esposa na igreja. Lembro-me do dia que ela me encontrou. Atravessou a rua com suas irm\u00e3s. Os rapazes se alegraram, pois as visitantes eram lindas. Entretanto, a mais bela de todas, creio eu, veio ao meu encontro. N\u00e3o conversamos naquela primeira noite, nem nos encontros seguintes nas celebra\u00e7\u00f5es na igreja. Um dia, aquele bom dia, nos apaixonamos com um olhar. Por isso entendo, ela veio ao meu encontro na terra seca de minha vida. Encontramos a felicidade naquele encontro naquele olhar. Num dia feliz, fui feliz para vida inteira. <\/p>\n\n\n\n<p>Deus veio ao nosso encontro. Ao contr\u00e1rio do que sempre pensei, eu n\u00e3o vivia no para\u00edso antes de seu olhar. Ali\u00e1s, no momento de seu olhar eu estava sozinho distante de tanto amor. Como J\u00f3, eu O conhecia apenas de ouvir falar e em diversas conversas cheguei at\u00e9 aceitar a coexist\u00eancia das diversas interpreta\u00e7\u00f5es sobre quem Ele \u00e9. Entretanto, Ele s\u00f3 queria que eu O notasse, O conhecesse e o amasse como meu Pai, meu Senhor, meu \u00fanico Deus. Eu vivia na Terra seca que s\u00f3 pode ter vida se banhada pelas \u00e1guas que vem do alto trono e do sangue, doce sangue, de Jesus. Mas, Ele chegou perto em meu deserto. <\/p>\n\n\n\n<p>Deus chega perto de ti e, este dia pode ser marcado como o dia que transbordaste \u00e1guas vivas no deserto ou a noite que secaste em seus pr\u00f3prios medos, inten\u00e7\u00f5es e escolhas. Em terra muito seca, n\u00e3o se planta nada. Em terra muito seca gente morre de sede. Em terra muito seca o mais belo olhar \u00e9 sempre de quem est\u00e1 sofrendo. N\u00e3o sofras mais. Permitas que Deus abaste\u00e7a seu cora\u00e7\u00e3o de vida abundante. Deixe Deus plantar sementes em seu cora\u00e7\u00e3o de paz, vida, alegria, fidelidade, amor, for\u00e7a, consolo, fidelidade e vida. Nunca mais ter\u00e1s sede de Deus, pois Ele chegou ao seu deserto. A terra seca de seu cora\u00e7\u00e3o que chora l\u00e1grimas privadas de alegria pode hoje ver secar seu pr\u00f3prio pranto. Deus est\u00e1 perto! N\u00e3o chore mais. <\/p>\n\n\n\n<p>Neste dia feliz voc\u00ea pode ser feliz para eternidade inteira. Entregue sua vida a Jesus. <\/p>\n\n\n\n<p>ORA\u00c7\u00c3O: &#8221; Pai, sei que est\u00e1s comigo. E que hoje seu amor por mim me tirar\u00e1 de desertos secos e po\u00e7os imundos. Vou para tua casa. Sairei da terra seca para o para\u00edso de tua presen\u00e7a que me d\u00e1 a certeza que serei feliz. Hoje eu aceito, o Senhor Jesus Cristo que morreu no deserto da cruz para que eu nunca tenha sede nos meus desertos. Eu aceito Jesus como meu Senhor e Salvador.<\/p>\n","protected":false},"excerpt":{"rendered":"<p>&#8220;Eu te conheci no deserto, na terra muito seca&#8221;(Os\u00e9ias 13:5). Deus veio ao nosso encontro. Conheci minha esposa na igreja. Lembro-me do dia que ela me encontrou. Atravessou a rua com suas irm\u00e3s. Os rapazes se alegraram, pois as visitantes eram lindas. Entretanto, a mais bela de todas, creio eu, veio ao meu encontro. N\u00e3o <a class=\"more-link\" href=\"https:\/\/consolar.org\/?p=630\">&hellip; Continue lendo&hellip; &rarr;<\/a><\/p>\n","protected":false},"author":2,"featured_media":1055,"comment_status":"closed","ping_status":"closed","sticky":false,"template":"","format":"standard","meta":{"_ayudawp_aiss_exclude":false,"footnotes":"","_wpscppro_dont_share_socialmedia":false,"_wpscppro_custom_social_share_image":0,"_facebook_share_type":"","_twitter_share_type":"","_linkedin_share_type":"","_pinterest_share_type":"","_linkedin_share_type_page":"","_instagram_share_type":"","_medium_share_type":"","_threads_share_type":"","_google_business_share_type":"","_selected_social_profile":[],"_wpsp_enable_custom_social_template":false,"_wpsp_social_scheduling":{"enabled":false,"datetime":null,"platforms":[],"status":"template_only","dateOption":"today","timeOption":"now","customDays":"","customHours":"","customDate":"","customTime":"","schedulingType":"absolute"},"_wpsp_active_default_template":true},"categories":[1],"tags":[],"class_list":["post-630","post","type-post","status-publish","format-standard","has-post-thumbnail","hentry","category-uncategorized"],"yoast_head":"<!-- This site is optimized with the Yoast SEO Premium plugin v27.3 (Yoast SEO v27.5) - https:\/\/yoast.com\/product\/yoast-seo-premium-wordpress\/ -->\n<title>Num Dia Feliz, Fui Feliz Para a Vida Inteira - Consolar.org<\/title>\n<meta name=\"robots\" content=\"index, follow, max-snippet:-1, max-image-preview:large, max-video-preview:-1\" \/>\n<link rel=\"canonical\" href=\"https:\/\/consolar.org\/?p=630\" \/>\n<meta property=\"og:locale\" content=\"pt_BR\" \/>\n<meta property=\"og:type\" content=\"article\" \/>\n<meta property=\"og:title\" content=\"Num Dia Feliz, Fui Feliz Para a Vida Inteira\" \/>\n<meta property=\"og:description\" content=\"&#8220;Eu te conheci no deserto, na terra muito seca&#8221;(Os\u00e9ias 13:5). Deus veio ao nosso encontro. Conheci minha esposa na igreja. Lembro-me do dia que ela me encontrou. Atravessou a rua com suas irm\u00e3s. Os rapazes se alegraram, pois as visitantes eram lindas. Entretanto, a mais bela de todas, creio eu, veio ao meu encontro. N\u00e3o &hellip; Continue lendo&hellip; &rarr;\" \/>\n<meta property=\"og:url\" content=\"https:\/\/consolar.org\/?p=630\" \/>\n<meta property=\"og:site_name\" content=\"Consolar.org\" \/>\n<meta property=\"article:publisher\" content=\"https:\/\/www.facebook.com\/consolar\" \/>\n<meta property=\"article:published_time\" content=\"2013-10-16T03:00:00+00:00\" \/>\n<meta property=\"article:modified_time\" content=\"2026-03-23T21:26:32+00:00\" \/>\n<meta property=\"og:image\" content=\"https:\/\/consolar.org\/wp-content\/uploads\/2013\/10\/umdiafeliz.jpg\" \/>\n\t<meta property=\"og:image:width\" content=\"1200\" \/>\n\t<meta property=\"og:image:height\" content=\"625\" \/>\n\t<meta property=\"og:image:type\" content=\"image\/jpeg\" \/>\n<meta name=\"author\" content=\"Pr Luiz Rubem de Freitas\" \/>\n<meta name=\"twitter:card\" content=\"summary_large_image\" \/>\n<meta name=\"twitter:label1\" content=\"Escrito por\" \/>\n\t<meta name=\"twitter:data1\" content=\"Pr Luiz Rubem de Freitas\" \/>\n\t<meta name=\"twitter:label2\" content=\"Est. tempo de leitura\" \/>\n\t<meta name=\"twitter:data2\" content=\"2 minutos\" \/>\n<script type=\"application\/ld+json\" class=\"yoast-schema-graph\">{\"@context\":\"https:\\\/\\\/schema.org\",\"@graph\":[{\"@type\":\"Article\",\"@id\":\"https:\\\/\\\/consolar.org\\\/?p=630#article\",\"isPartOf\":{\"@id\":\"https:\\\/\\\/consolar.org\\\/?p=630\"},\"author\":{\"name\":\"Pr Luiz Rubem de Freitas\",\"@id\":\"https:\\\/\\\/consolar.org\\\/#\\\/schema\\\/person\\\/7b36e38187f2475e58065af654682d5d\"},\"headline\":\"Num Dia Feliz, Fui Feliz Para a Vida Inteira\",\"datePublished\":\"2013-10-16T03:00:00+00:00\",\"dateModified\":\"2026-03-23T21:26:32+00:00\",\"mainEntityOfPage\":{\"@id\":\"https:\\\/\\\/consolar.org\\\/?p=630\"},\"wordCount\":470,\"publisher\":{\"@id\":\"https:\\\/\\\/consolar.org\\\/#organization\"},\"image\":{\"@id\":\"https:\\\/\\\/consolar.org\\\/?p=630#primaryimage\"},\"thumbnailUrl\":\"https:\\\/\\\/consolar.org\\\/wp-content\\\/uploads\\\/2013\\\/10\\\/umdiafeliz.jpg\",\"articleSection\":[\"Uncategorized\"],\"inLanguage\":\"pt-BR\"},{\"@type\":\"WebPage\",\"@id\":\"https:\\\/\\\/consolar.org\\\/?p=630\",\"url\":\"https:\\\/\\\/consolar.org\\\/?p=630\",\"name\":\"Num Dia Feliz, Fui Feliz Para a Vida Inteira - Consolar.org\",\"isPartOf\":{\"@id\":\"https:\\\/\\\/consolar.org\\\/#website\"},\"primaryImageOfPage\":{\"@id\":\"https:\\\/\\\/consolar.org\\\/?p=630#primaryimage\"},\"image\":{\"@id\":\"https:\\\/\\\/consolar.org\\\/?p=630#primaryimage\"},\"thumbnailUrl\":\"https:\\\/\\\/consolar.org\\\/wp-content\\\/uploads\\\/2013\\\/10\\\/umdiafeliz.jpg\",\"datePublished\":\"2013-10-16T03:00:00+00:00\",\"dateModified\":\"2026-03-23T21:26:32+00:00\",\"breadcrumb\":{\"@id\":\"https:\\\/\\\/consolar.org\\\/?p=630#breadcrumb\"},\"inLanguage\":\"pt-BR\",\"potentialAction\":[{\"@type\":\"ReadAction\",\"target\":[\"https:\\\/\\\/consolar.org\\\/?p=630\"]}]},{\"@type\":\"ImageObject\",\"inLanguage\":\"pt-BR\",\"@id\":\"https:\\\/\\\/consolar.org\\\/?p=630#primaryimage\",\"url\":\"https:\\\/\\\/consolar.org\\\/wp-content\\\/uploads\\\/2013\\\/10\\\/umdiafeliz.jpg\",\"contentUrl\":\"https:\\\/\\\/consolar.org\\\/wp-content\\\/uploads\\\/2013\\\/10\\\/umdiafeliz.jpg\",\"width\":1200,\"height\":625},{\"@type\":\"BreadcrumbList\",\"@id\":\"https:\\\/\\\/consolar.org\\\/?p=630#breadcrumb\",\"itemListElement\":[{\"@type\":\"ListItem\",\"position\":1,\"name\":\"In\u00edcio\",\"item\":\"https:\\\/\\\/consolar.org\\\/\"},{\"@type\":\"ListItem\",\"position\":2,\"name\":\"Num Dia Feliz, Fui Feliz Para a Vida Inteira\"}]},{\"@type\":\"WebSite\",\"@id\":\"https:\\\/\\\/consolar.org\\\/#website\",\"url\":\"https:\\\/\\\/consolar.org\\\/\",\"name\":\"Consolar.org\",\"description\":\"Mensagens de conforto e esperan\u00e7a para cora\u00e7\u00f5es que precisam de paz.\",\"publisher\":{\"@id\":\"https:\\\/\\\/consolar.org\\\/#organization\"},\"potentialAction\":[{\"@type\":\"SearchAction\",\"target\":{\"@type\":\"EntryPoint\",\"urlTemplate\":\"https:\\\/\\\/consolar.org\\\/?s={search_term_string}\"},\"query-input\":{\"@type\":\"PropertyValueSpecification\",\"valueRequired\":true,\"valueName\":\"search_term_string\"}}],\"inLanguage\":\"pt-BR\"},{\"@type\":\"Organization\",\"@id\":\"https:\\\/\\\/consolar.org\\\/#organization\",\"name\":\"Consolar.org\",\"url\":\"https:\\\/\\\/consolar.org\\\/\",\"logo\":{\"@type\":\"ImageObject\",\"inLanguage\":\"pt-BR\",\"@id\":\"https:\\\/\\\/consolar.org\\\/#\\\/schema\\\/logo\\\/image\\\/\",\"url\":\"https:\\\/\\\/consolar.org\\\/wp-content\\\/uploads\\\/2026\\\/02\\\/cropped-logonovo03-small.png\",\"contentUrl\":\"https:\\\/\\\/consolar.org\\\/wp-content\\\/uploads\\\/2026\\\/02\\\/cropped-logonovo03-small.png\",\"width\":280,\"height\":142,\"caption\":\"Consolar.org\"},\"image\":{\"@id\":\"https:\\\/\\\/consolar.org\\\/#\\\/schema\\\/logo\\\/image\\\/\"},\"sameAs\":[\"https:\\\/\\\/www.facebook.com\\\/consolar\"]},{\"@type\":\"Person\",\"@id\":\"https:\\\/\\\/consolar.org\\\/#\\\/schema\\\/person\\\/7b36e38187f2475e58065af654682d5d\",\"name\":\"Pr Luiz Rubem de Freitas\",\"image\":{\"@type\":\"ImageObject\",\"inLanguage\":\"pt-BR\",\"@id\":\"https:\\\/\\\/secure.gravatar.com\\\/avatar\\\/fd59dc00fc4178aa1e085bf491d394e3f72afcd9b1944348dfcec2bbecdc5761?s=96&d=blank&r=g\",\"url\":\"https:\\\/\\\/secure.gravatar.com\\\/avatar\\\/fd59dc00fc4178aa1e085bf491d394e3f72afcd9b1944348dfcec2bbecdc5761?s=96&d=blank&r=g\",\"contentUrl\":\"https:\\\/\\\/secure.gravatar.com\\\/avatar\\\/fd59dc00fc4178aa1e085bf491d394e3f72afcd9b1944348dfcec2bbecdc5761?s=96&d=blank&r=g\",\"caption\":\"Pr Luiz Rubem de Freitas\"},\"url\":\"https:\\\/\\\/consolar.org\\\/?author=2\"}]}<\/script>\n<!-- \/ Yoast SEO Premium plugin. -->","yoast_head_json":{"title":"Num Dia Feliz, Fui Feliz Para a Vida Inteira - Consolar.org","robots":{"index":"index","follow":"follow","max-snippet":"max-snippet:-1","max-image-preview":"max-image-preview:large","max-video-preview":"max-video-preview:-1"},"canonical":"https:\/\/consolar.org\/?p=630","og_locale":"pt_BR","og_type":"article","og_title":"Num Dia Feliz, Fui Feliz Para a Vida Inteira","og_description":"&#8220;Eu te conheci no deserto, na terra muito seca&#8221;(Os\u00e9ias 13:5). Deus veio ao nosso encontro. Conheci minha esposa na igreja. Lembro-me do dia que ela me encontrou. Atravessou a rua com suas irm\u00e3s. Os rapazes se alegraram, pois as visitantes eram lindas. Entretanto, a mais bela de todas, creio eu, veio ao meu encontro. N\u00e3o &hellip; Continue lendo&hellip; &rarr;","og_url":"https:\/\/consolar.org\/?p=630","og_site_name":"Consolar.org","article_publisher":"https:\/\/www.facebook.com\/consolar","article_published_time":"2013-10-16T03:00:00+00:00","article_modified_time":"2026-03-23T21:26:32+00:00","og_image":[{"width":1200,"height":625,"url":"https:\/\/consolar.org\/wp-content\/uploads\/2013\/10\/umdiafeliz.jpg","type":"image\/jpeg"}],"author":"Pr Luiz Rubem de Freitas","twitter_card":"summary_large_image","twitter_misc":{"Escrito por":"Pr Luiz Rubem de Freitas","Est. tempo de leitura":"2 minutos"},"schema":{"@context":"https:\/\/schema.org","@graph":[{"@type":"Article","@id":"https:\/\/consolar.org\/?p=630#article","isPartOf":{"@id":"https:\/\/consolar.org\/?p=630"},"author":{"name":"Pr Luiz Rubem de Freitas","@id":"https:\/\/consolar.org\/#\/schema\/person\/7b36e38187f2475e58065af654682d5d"},"headline":"Num Dia Feliz, Fui Feliz Para a Vida Inteira","datePublished":"2013-10-16T03:00:00+00:00","dateModified":"2026-03-23T21:26:32+00:00","mainEntityOfPage":{"@id":"https:\/\/consolar.org\/?p=630"},"wordCount":470,"publisher":{"@id":"https:\/\/consolar.org\/#organization"},"image":{"@id":"https:\/\/consolar.org\/?p=630#primaryimage"},"thumbnailUrl":"https:\/\/consolar.org\/wp-content\/uploads\/2013\/10\/umdiafeliz.jpg","articleSection":["Uncategorized"],"inLanguage":"pt-BR"},{"@type":"WebPage","@id":"https:\/\/consolar.org\/?p=630","url":"https:\/\/consolar.org\/?p=630","name":"Num Dia Feliz, Fui Feliz Para a Vida Inteira - Consolar.org","isPartOf":{"@id":"https:\/\/consolar.org\/#website"},"primaryImageOfPage":{"@id":"https:\/\/consolar.org\/?p=630#primaryimage"},"image":{"@id":"https:\/\/consolar.org\/?p=630#primaryimage"},"thumbnailUrl":"https:\/\/consolar.org\/wp-content\/uploads\/2013\/10\/umdiafeliz.jpg","datePublished":"2013-10-16T03:00:00+00:00","dateModified":"2026-03-23T21:26:32+00:00","breadcrumb":{"@id":"https:\/\/consolar.org\/?p=630#breadcrumb"},"inLanguage":"pt-BR","potentialAction":[{"@type":"ReadAction","target":["https:\/\/consolar.org\/?p=630"]}]},{"@type":"ImageObject","inLanguage":"pt-BR","@id":"https:\/\/consolar.org\/?p=630#primaryimage","url":"https:\/\/consolar.org\/wp-content\/uploads\/2013\/10\/umdiafeliz.jpg","contentUrl":"https:\/\/consolar.org\/wp-content\/uploads\/2013\/10\/umdiafeliz.jpg","width":1200,"height":625},{"@type":"BreadcrumbList","@id":"https:\/\/consolar.org\/?p=630#breadcrumb","itemListElement":[{"@type":"ListItem","position":1,"name":"In\u00edcio","item":"https:\/\/consolar.org\/"},{"@type":"ListItem","position":2,"name":"Num Dia Feliz, Fui Feliz Para a Vida Inteira"}]},{"@type":"WebSite","@id":"https:\/\/consolar.org\/#website","url":"https:\/\/consolar.org\/","name":"Consolar.org","description":"Mensagens de conforto e esperan\u00e7a para cora\u00e7\u00f5es que precisam de paz.","publisher":{"@id":"https:\/\/consolar.org\/#organization"},"potentialAction":[{"@type":"SearchAction","target":{"@type":"EntryPoint","urlTemplate":"https:\/\/consolar.org\/?s={search_term_string}"},"query-input":{"@type":"PropertyValueSpecification","valueRequired":true,"valueName":"search_term_string"}}],"inLanguage":"pt-BR"},{"@type":"Organization","@id":"https:\/\/consolar.org\/#organization","name":"Consolar.org","url":"https:\/\/consolar.org\/","logo":{"@type":"ImageObject","inLanguage":"pt-BR","@id":"https:\/\/consolar.org\/#\/schema\/logo\/image\/","url":"https:\/\/consolar.org\/wp-content\/uploads\/2026\/02\/cropped-logonovo03-small.png","contentUrl":"https:\/\/consolar.org\/wp-content\/uploads\/2026\/02\/cropped-logonovo03-small.png","width":280,"height":142,"caption":"Consolar.org"},"image":{"@id":"https:\/\/consolar.org\/#\/schema\/logo\/image\/"},"sameAs":["https:\/\/www.facebook.com\/consolar"]},{"@type":"Person","@id":"https:\/\/consolar.org\/#\/schema\/person\/7b36e38187f2475e58065af654682d5d","name":"Pr Luiz Rubem de Freitas","image":{"@type":"ImageObject","inLanguage":"pt-BR","@id":"https:\/\/secure.gravatar.com\/avatar\/fd59dc00fc4178aa1e085bf491d394e3f72afcd9b1944348dfcec2bbecdc5761?s=96&d=blank&r=g","url":"https:\/\/secure.gravatar.com\/avatar\/fd59dc00fc4178aa1e085bf491d394e3f72afcd9b1944348dfcec2bbecdc5761?s=96&d=blank&r=g","contentUrl":"https:\/\/secure.gravatar.com\/avatar\/fd59dc00fc4178aa1e085bf491d394e3f72afcd9b1944348dfcec2bbecdc5761?s=96&d=blank&r=g","caption":"Pr Luiz Rubem de Freitas"},"url":"https:\/\/consolar.org\/?author=2"}]}},"_links":{"self":[{"href":"https:\/\/consolar.org\/index.php?rest_route=\/wp\/v2\/posts\/630","targetHints":{"allow":["GET"]}}],"collection":[{"href":"https:\/\/consolar.org\/index.php?rest_route=\/wp\/v2\/posts"}],"about":[{"href":"https:\/\/consolar.org\/index.php?rest_route=\/wp\/v2\/types\/post"}],"author":[{"embeddable":true,"href":"https:\/\/consolar.org\/index.php?rest_route=\/wp\/v2\/users\/2"}],"replies":[{"embeddable":true,"href":"https:\/\/consolar.org\/index.php?rest_route=%2Fwp%2Fv2%2Fcomments&post=630"}],"version-history":[{"count":1,"href":"https:\/\/consolar.org\/index.php?rest_route=\/wp\/v2\/posts\/630\/revisions"}],"predecessor-version":[{"id":1271,"href":"https:\/\/consolar.org\/index.php?rest_route=\/wp\/v2\/posts\/630\/revisions\/1271"}],"wp:featuredmedia":[{"embeddable":true,"href":"https:\/\/consolar.org\/index.php?rest_route=\/wp\/v2\/media\/1055"}],"wp:attachment":[{"href":"https:\/\/consolar.org\/index.php?rest_route=%2Fwp%2Fv2%2Fmedia&parent=630"}],"wp:term":[{"taxonomy":"category","embeddable":true,"href":"https:\/\/consolar.org\/index.php?rest_route=%2Fwp%2Fv2%2Fcategories&post=630"},{"taxonomy":"post_tag","embeddable":true,"href":"https:\/\/consolar.org\/index.php?rest_route=%2Fwp%2Fv2%2Ftags&post=630"}],"curies":[{"name":"wp","href":"https:\/\/api.w.org\/{rel}","templated":true}]}}