{"id":628,"date":"2011-10-01T00:00:00","date_gmt":"2011-10-01T03:00:00","guid":{"rendered":"https:\/\/consolar.org\/2011\/10\/01\/noites-do-travesseiro-molhado\/"},"modified":"2026-03-01T16:18:00","modified_gmt":"2026-03-01T19:18:00","slug":"noites-do-travesseiro-molhado","status":"publish","type":"post","link":"https:\/\/consolar.org\/?p=628","title":{"rendered":"Noites do Travesseiro Molhado"},"content":{"rendered":"\n<figure class=\"wp-block-image size-large\"><img loading=\"lazy\" decoding=\"async\" width=\"1024\" height=\"449\" src=\"https:\/\/consolar.org\/wp-content\/uploads\/2011\/10\/travesseiromolhado-1024x449.jpg\" alt=\"\" class=\"wp-image-1144\" srcset=\"https:\/\/consolar.org\/wp-content\/uploads\/2011\/10\/travesseiromolhado-1024x449.jpg 1024w, https:\/\/consolar.org\/wp-content\/uploads\/2011\/10\/travesseiromolhado-300x132.jpg 300w, https:\/\/consolar.org\/wp-content\/uploads\/2011\/10\/travesseiromolhado-768x337.jpg 768w, https:\/\/consolar.org\/wp-content\/uploads\/2011\/10\/travesseiromolhado.jpg 1200w\" sizes=\"auto, (max-width: 1024px) 100vw, 1024px\" \/><\/figure>\n\n\n\n<p class=\"has-text-align-center\"><em>&#8220;Ent\u00e3o toda a congrega\u00e7\u00e3o levantou a sua voz; e o povo chorou naquela noite. E todos os filhos de Israel murmuraram contra Mois\u00e9s e contra Ar\u00e3o; e toda a congrega\u00e7\u00e3o lhes disse: Quem dera tiv\u00e9ssemos morrido na terra do Egito! ou, mesmo neste deserto! E por que o SENHOR nos traz a esta terra, para cairmos \u00e0 espada, e para que nossas mulheres e nossas crian\u00e7as sejam por presa? N\u00e3o nos seria melhor voltarmos ao Egito? E diziam uns aos outros: Constituamos um l\u00edder, e voltemos ao Egito. Ent\u00e3o Mois\u00e9s e Ar\u00e3o ca\u00edram sobre os seus rostos perante toda a congrega\u00e7\u00e3o dos filhos de Israel. E Josu\u00e9, filho de Num, e Calebe filho de Jefon\u00e9, dos que espiaram a terra, rasgaram as suas vestes. E falaram a toda a congrega\u00e7\u00e3o dos filhos de Israel, dizendo: A terra pela qual passamos a espiar \u00e9 terra muito boa. Se o SENHOR se agradar de n\u00f3s, ent\u00e3o nos por\u00e1 nesta terra, e no-la dar\u00e1; terra que mana leite e mel&#8221; (N\u00fameros 14.1-8). <\/em><\/p>\n\n\n\n<p>Algumas noites s\u00e3o terr\u00edveis. Acordamos no meio delas levados pelo desespero da solid\u00e3o e da desesperan\u00e7a. S\u00e3o noites intermin\u00e1veis de l\u00e1grimas e choro. Noites do travesseiro molhado. Nestas noites inomin\u00e1veis somos capazes de levantar at\u00e9 a nossa voz a Deus e de murmurar contra os planos e objetivos de Deus para nossas vidas. <\/p>\n\n\n\n<p>Quem sabe Ele est\u00e1 te livrando do deserto, te levando a terra prometida, mas continuas a ser ingrato com o Salvador. O povo hebreu fez exatamente isso. Chorou naquela noite, ao verificar que existiam gigantes na terra prometida. Murmuraram dizendo: &#8220;quem dera temos morrido no deserto ou na terra do Egito escravos de um povo cruel. Prefer\u00edamos isso a morrermos nas m\u00e3os de gigantes&#8221;. A terra prometida estava ali, mas eles n\u00e3o viam o leite e o mel, viam somente gigantes. Isso faz lembrar-lhes que Deus j\u00e1 vos tirou da escravid\u00e3o da solid\u00e3o e da morte, Deus j\u00e1 os livrou do deserto de sua vida, Deus j\u00e1 fez milagres em sua casa, Deus faz-te respirar todas as manh\u00e3s, o sol brilhou na sua vida depois de longas noites e j\u00e1 derrotou muitos gigantes que atravessaram o vosso caminho. Coitados, ent\u00e3o dos gigantes que se apresentam no horizonte deste ano e de seus dias. Eles est\u00e3o todos na &#8220;al\u00e7a de mira&#8221; do Senhor nosso Deus. <\/p>\n\n\n\n<p>Pe\u00e7o-vos, ent\u00e3o, que parem de murmurar. Fa\u00e7am como Josu\u00e9 e Calebe. N\u00e3o alimentem seus cora\u00e7\u00f5es atrav\u00e9s da lente das circunst\u00e2ncias, dos problemas, das adversidades, das tribula\u00e7\u00f5es, das trevas e da noite chorosa. Alimentem seu cora\u00e7\u00e3o, sua esperan\u00e7a e seu futuro com a lente dos olhos de Deus. O que Deus preparou para aqueles que o amam \u00e9 maravilhoso. Contudo, \u00e9 preciso parar de chorar, crer que Deus tem o melhor, ver com as lentes do Pai, ser obediente, am\u00e1-lo, confiar que Deus est\u00e1 convosco, n\u00e3o murmurar, entregar os seus caminhos a Deus e se preparar, pois Deus se agradar\u00e1 de v\u00f3s e os por\u00e1 na terra que mana leite e mel. Nesta noite n\u00e3o murmure, t\u00e3o somente creia. Deus vos aben\u00e7oe!<\/p>\n","protected":false},"excerpt":{"rendered":"<p>&#8220;Ent\u00e3o toda a congrega\u00e7\u00e3o levantou a sua voz; e o povo chorou naquela noite. E todos os filhos de Israel murmuraram contra Mois\u00e9s e contra Ar\u00e3o; e toda a congrega\u00e7\u00e3o lhes disse: Quem dera tiv\u00e9ssemos morrido na terra do Egito! ou, mesmo neste deserto! E por que o SENHOR nos traz a esta terra, para <a class=\"more-link\" href=\"https:\/\/consolar.org\/?p=628\">&hellip; Continue lendo&hellip; &rarr;<\/a><\/p>\n","protected":false},"author":2,"featured_media":1144,"comment_status":"closed","ping_status":"closed","sticky":false,"template":"","format":"standard","meta":{"_ayudawp_aiss_exclude":false,"footnotes":"","_wpscppro_dont_share_socialmedia":false,"_wpscppro_custom_social_share_image":0,"_facebook_share_type":"","_twitter_share_type":"","_linkedin_share_type":"","_pinterest_share_type":"","_linkedin_share_type_page":"","_instagram_share_type":"","_medium_share_type":"","_threads_share_type":"","_google_business_share_type":"","_selected_social_profile":[],"_wpsp_enable_custom_social_template":false,"_wpsp_social_scheduling":{"enabled":false,"datetime":null,"platforms":[],"status":"template_only","dateOption":"today","timeOption":"now","customDays":"","customHours":"","customDate":"","customTime":"","schedulingType":"absolute"},"_wpsp_active_default_template":true},"categories":[1],"tags":[],"class_list":["post-628","post","type-post","status-publish","format-standard","has-post-thumbnail","hentry","category-uncategorized"],"yoast_head":"<!-- This site is optimized with the Yoast SEO Premium plugin v27.3 (Yoast SEO v27.5) - https:\/\/yoast.com\/product\/yoast-seo-premium-wordpress\/ -->\n<title>Noites do Travesseiro Molhado - Consolar.org<\/title>\n<meta name=\"robots\" content=\"index, follow, max-snippet:-1, max-image-preview:large, max-video-preview:-1\" \/>\n<link rel=\"canonical\" href=\"https:\/\/consolar.org\/?p=628\" \/>\n<meta property=\"og:locale\" content=\"pt_BR\" \/>\n<meta property=\"og:type\" content=\"article\" \/>\n<meta property=\"og:title\" content=\"Noites do Travesseiro Molhado\" \/>\n<meta property=\"og:description\" content=\"&#8220;Ent\u00e3o toda a congrega\u00e7\u00e3o levantou a sua voz; e o povo chorou naquela noite. E todos os filhos de Israel murmuraram contra Mois\u00e9s e contra Ar\u00e3o; e toda a congrega\u00e7\u00e3o lhes disse: Quem dera tiv\u00e9ssemos morrido na terra do Egito! ou, mesmo neste deserto! E por que o SENHOR nos traz a esta terra, para &hellip; Continue lendo&hellip; &rarr;\" \/>\n<meta property=\"og:url\" content=\"https:\/\/consolar.org\/?p=628\" \/>\n<meta property=\"og:site_name\" content=\"Consolar.org\" \/>\n<meta property=\"article:publisher\" content=\"https:\/\/www.facebook.com\/consolar\" \/>\n<meta property=\"article:published_time\" content=\"2011-10-01T03:00:00+00:00\" \/>\n<meta property=\"article:modified_time\" content=\"2026-03-01T19:18:00+00:00\" \/>\n<meta property=\"og:image\" content=\"https:\/\/consolar.org\/wp-content\/uploads\/2011\/10\/travesseiromolhado.jpg\" \/>\n\t<meta property=\"og:image:width\" content=\"1200\" \/>\n\t<meta property=\"og:image:height\" content=\"526\" \/>\n\t<meta property=\"og:image:type\" content=\"image\/jpeg\" \/>\n<meta name=\"author\" content=\"Pr Luiz Rubem de Freitas\" \/>\n<meta name=\"twitter:card\" content=\"summary_large_image\" \/>\n<meta name=\"twitter:label1\" content=\"Escrito por\" \/>\n\t<meta name=\"twitter:data1\" content=\"Pr Luiz Rubem de Freitas\" \/>\n\t<meta name=\"twitter:label2\" content=\"Est. tempo de leitura\" \/>\n\t<meta name=\"twitter:data2\" content=\"3 minutos\" \/>\n<script type=\"application\/ld+json\" class=\"yoast-schema-graph\">{\"@context\":\"https:\\\/\\\/schema.org\",\"@graph\":[{\"@type\":\"Article\",\"@id\":\"https:\\\/\\\/consolar.org\\\/?p=628#article\",\"isPartOf\":{\"@id\":\"https:\\\/\\\/consolar.org\\\/?p=628\"},\"author\":{\"name\":\"Pr Luiz Rubem de Freitas\",\"@id\":\"https:\\\/\\\/consolar.org\\\/#\\\/schema\\\/person\\\/7b36e38187f2475e58065af654682d5d\"},\"headline\":\"Noites do Travesseiro Molhado\",\"datePublished\":\"2011-10-01T03:00:00+00:00\",\"dateModified\":\"2026-03-01T19:18:00+00:00\",\"mainEntityOfPage\":{\"@id\":\"https:\\\/\\\/consolar.org\\\/?p=628\"},\"wordCount\":558,\"publisher\":{\"@id\":\"https:\\\/\\\/consolar.org\\\/#organization\"},\"image\":{\"@id\":\"https:\\\/\\\/consolar.org\\\/?p=628#primaryimage\"},\"thumbnailUrl\":\"https:\\\/\\\/consolar.org\\\/wp-content\\\/uploads\\\/2011\\\/10\\\/travesseiromolhado.jpg\",\"articleSection\":[\"Uncategorized\"],\"inLanguage\":\"pt-BR\"},{\"@type\":\"WebPage\",\"@id\":\"https:\\\/\\\/consolar.org\\\/?p=628\",\"url\":\"https:\\\/\\\/consolar.org\\\/?p=628\",\"name\":\"Noites do Travesseiro Molhado - Consolar.org\",\"isPartOf\":{\"@id\":\"https:\\\/\\\/consolar.org\\\/#website\"},\"primaryImageOfPage\":{\"@id\":\"https:\\\/\\\/consolar.org\\\/?p=628#primaryimage\"},\"image\":{\"@id\":\"https:\\\/\\\/consolar.org\\\/?p=628#primaryimage\"},\"thumbnailUrl\":\"https:\\\/\\\/consolar.org\\\/wp-content\\\/uploads\\\/2011\\\/10\\\/travesseiromolhado.jpg\",\"datePublished\":\"2011-10-01T03:00:00+00:00\",\"dateModified\":\"2026-03-01T19:18:00+00:00\",\"breadcrumb\":{\"@id\":\"https:\\\/\\\/consolar.org\\\/?p=628#breadcrumb\"},\"inLanguage\":\"pt-BR\",\"potentialAction\":[{\"@type\":\"ReadAction\",\"target\":[\"https:\\\/\\\/consolar.org\\\/?p=628\"]}]},{\"@type\":\"ImageObject\",\"inLanguage\":\"pt-BR\",\"@id\":\"https:\\\/\\\/consolar.org\\\/?p=628#primaryimage\",\"url\":\"https:\\\/\\\/consolar.org\\\/wp-content\\\/uploads\\\/2011\\\/10\\\/travesseiromolhado.jpg\",\"contentUrl\":\"https:\\\/\\\/consolar.org\\\/wp-content\\\/uploads\\\/2011\\\/10\\\/travesseiromolhado.jpg\",\"width\":1200,\"height\":526},{\"@type\":\"BreadcrumbList\",\"@id\":\"https:\\\/\\\/consolar.org\\\/?p=628#breadcrumb\",\"itemListElement\":[{\"@type\":\"ListItem\",\"position\":1,\"name\":\"In\u00edcio\",\"item\":\"https:\\\/\\\/consolar.org\\\/\"},{\"@type\":\"ListItem\",\"position\":2,\"name\":\"Noites do Travesseiro Molhado\"}]},{\"@type\":\"WebSite\",\"@id\":\"https:\\\/\\\/consolar.org\\\/#website\",\"url\":\"https:\\\/\\\/consolar.org\\\/\",\"name\":\"Consolar.org\",\"description\":\"Mensagens de conforto e esperan\u00e7a para cora\u00e7\u00f5es que precisam de paz.\",\"publisher\":{\"@id\":\"https:\\\/\\\/consolar.org\\\/#organization\"},\"potentialAction\":[{\"@type\":\"SearchAction\",\"target\":{\"@type\":\"EntryPoint\",\"urlTemplate\":\"https:\\\/\\\/consolar.org\\\/?s={search_term_string}\"},\"query-input\":{\"@type\":\"PropertyValueSpecification\",\"valueRequired\":true,\"valueName\":\"search_term_string\"}}],\"inLanguage\":\"pt-BR\"},{\"@type\":\"Organization\",\"@id\":\"https:\\\/\\\/consolar.org\\\/#organization\",\"name\":\"Consolar.org\",\"url\":\"https:\\\/\\\/consolar.org\\\/\",\"logo\":{\"@type\":\"ImageObject\",\"inLanguage\":\"pt-BR\",\"@id\":\"https:\\\/\\\/consolar.org\\\/#\\\/schema\\\/logo\\\/image\\\/\",\"url\":\"https:\\\/\\\/consolar.org\\\/wp-content\\\/uploads\\\/2026\\\/02\\\/cropped-logonovo03-small.png\",\"contentUrl\":\"https:\\\/\\\/consolar.org\\\/wp-content\\\/uploads\\\/2026\\\/02\\\/cropped-logonovo03-small.png\",\"width\":280,\"height\":142,\"caption\":\"Consolar.org\"},\"image\":{\"@id\":\"https:\\\/\\\/consolar.org\\\/#\\\/schema\\\/logo\\\/image\\\/\"},\"sameAs\":[\"https:\\\/\\\/www.facebook.com\\\/consolar\"]},{\"@type\":\"Person\",\"@id\":\"https:\\\/\\\/consolar.org\\\/#\\\/schema\\\/person\\\/7b36e38187f2475e58065af654682d5d\",\"name\":\"Pr Luiz Rubem de Freitas\",\"image\":{\"@type\":\"ImageObject\",\"inLanguage\":\"pt-BR\",\"@id\":\"https:\\\/\\\/secure.gravatar.com\\\/avatar\\\/fd59dc00fc4178aa1e085bf491d394e3f72afcd9b1944348dfcec2bbecdc5761?s=96&d=blank&r=g\",\"url\":\"https:\\\/\\\/secure.gravatar.com\\\/avatar\\\/fd59dc00fc4178aa1e085bf491d394e3f72afcd9b1944348dfcec2bbecdc5761?s=96&d=blank&r=g\",\"contentUrl\":\"https:\\\/\\\/secure.gravatar.com\\\/avatar\\\/fd59dc00fc4178aa1e085bf491d394e3f72afcd9b1944348dfcec2bbecdc5761?s=96&d=blank&r=g\",\"caption\":\"Pr Luiz Rubem de Freitas\"},\"url\":\"https:\\\/\\\/consolar.org\\\/?author=2\"}]}<\/script>\n<!-- \/ Yoast SEO Premium plugin. -->","yoast_head_json":{"title":"Noites do Travesseiro Molhado - Consolar.org","robots":{"index":"index","follow":"follow","max-snippet":"max-snippet:-1","max-image-preview":"max-image-preview:large","max-video-preview":"max-video-preview:-1"},"canonical":"https:\/\/consolar.org\/?p=628","og_locale":"pt_BR","og_type":"article","og_title":"Noites do Travesseiro Molhado","og_description":"&#8220;Ent\u00e3o toda a congrega\u00e7\u00e3o levantou a sua voz; e o povo chorou naquela noite. E todos os filhos de Israel murmuraram contra Mois\u00e9s e contra Ar\u00e3o; e toda a congrega\u00e7\u00e3o lhes disse: Quem dera tiv\u00e9ssemos morrido na terra do Egito! ou, mesmo neste deserto! E por que o SENHOR nos traz a esta terra, para &hellip; Continue lendo&hellip; &rarr;","og_url":"https:\/\/consolar.org\/?p=628","og_site_name":"Consolar.org","article_publisher":"https:\/\/www.facebook.com\/consolar","article_published_time":"2011-10-01T03:00:00+00:00","article_modified_time":"2026-03-01T19:18:00+00:00","og_image":[{"width":1200,"height":526,"url":"https:\/\/consolar.org\/wp-content\/uploads\/2011\/10\/travesseiromolhado.jpg","type":"image\/jpeg"}],"author":"Pr Luiz Rubem de Freitas","twitter_card":"summary_large_image","twitter_misc":{"Escrito por":"Pr Luiz Rubem de Freitas","Est. tempo de leitura":"3 minutos"},"schema":{"@context":"https:\/\/schema.org","@graph":[{"@type":"Article","@id":"https:\/\/consolar.org\/?p=628#article","isPartOf":{"@id":"https:\/\/consolar.org\/?p=628"},"author":{"name":"Pr Luiz Rubem de Freitas","@id":"https:\/\/consolar.org\/#\/schema\/person\/7b36e38187f2475e58065af654682d5d"},"headline":"Noites do Travesseiro Molhado","datePublished":"2011-10-01T03:00:00+00:00","dateModified":"2026-03-01T19:18:00+00:00","mainEntityOfPage":{"@id":"https:\/\/consolar.org\/?p=628"},"wordCount":558,"publisher":{"@id":"https:\/\/consolar.org\/#organization"},"image":{"@id":"https:\/\/consolar.org\/?p=628#primaryimage"},"thumbnailUrl":"https:\/\/consolar.org\/wp-content\/uploads\/2011\/10\/travesseiromolhado.jpg","articleSection":["Uncategorized"],"inLanguage":"pt-BR"},{"@type":"WebPage","@id":"https:\/\/consolar.org\/?p=628","url":"https:\/\/consolar.org\/?p=628","name":"Noites do Travesseiro Molhado - Consolar.org","isPartOf":{"@id":"https:\/\/consolar.org\/#website"},"primaryImageOfPage":{"@id":"https:\/\/consolar.org\/?p=628#primaryimage"},"image":{"@id":"https:\/\/consolar.org\/?p=628#primaryimage"},"thumbnailUrl":"https:\/\/consolar.org\/wp-content\/uploads\/2011\/10\/travesseiromolhado.jpg","datePublished":"2011-10-01T03:00:00+00:00","dateModified":"2026-03-01T19:18:00+00:00","breadcrumb":{"@id":"https:\/\/consolar.org\/?p=628#breadcrumb"},"inLanguage":"pt-BR","potentialAction":[{"@type":"ReadAction","target":["https:\/\/consolar.org\/?p=628"]}]},{"@type":"ImageObject","inLanguage":"pt-BR","@id":"https:\/\/consolar.org\/?p=628#primaryimage","url":"https:\/\/consolar.org\/wp-content\/uploads\/2011\/10\/travesseiromolhado.jpg","contentUrl":"https:\/\/consolar.org\/wp-content\/uploads\/2011\/10\/travesseiromolhado.jpg","width":1200,"height":526},{"@type":"BreadcrumbList","@id":"https:\/\/consolar.org\/?p=628#breadcrumb","itemListElement":[{"@type":"ListItem","position":1,"name":"In\u00edcio","item":"https:\/\/consolar.org\/"},{"@type":"ListItem","position":2,"name":"Noites do Travesseiro Molhado"}]},{"@type":"WebSite","@id":"https:\/\/consolar.org\/#website","url":"https:\/\/consolar.org\/","name":"Consolar.org","description":"Mensagens de conforto e esperan\u00e7a para cora\u00e7\u00f5es que precisam de paz.","publisher":{"@id":"https:\/\/consolar.org\/#organization"},"potentialAction":[{"@type":"SearchAction","target":{"@type":"EntryPoint","urlTemplate":"https:\/\/consolar.org\/?s={search_term_string}"},"query-input":{"@type":"PropertyValueSpecification","valueRequired":true,"valueName":"search_term_string"}}],"inLanguage":"pt-BR"},{"@type":"Organization","@id":"https:\/\/consolar.org\/#organization","name":"Consolar.org","url":"https:\/\/consolar.org\/","logo":{"@type":"ImageObject","inLanguage":"pt-BR","@id":"https:\/\/consolar.org\/#\/schema\/logo\/image\/","url":"https:\/\/consolar.org\/wp-content\/uploads\/2026\/02\/cropped-logonovo03-small.png","contentUrl":"https:\/\/consolar.org\/wp-content\/uploads\/2026\/02\/cropped-logonovo03-small.png","width":280,"height":142,"caption":"Consolar.org"},"image":{"@id":"https:\/\/consolar.org\/#\/schema\/logo\/image\/"},"sameAs":["https:\/\/www.facebook.com\/consolar"]},{"@type":"Person","@id":"https:\/\/consolar.org\/#\/schema\/person\/7b36e38187f2475e58065af654682d5d","name":"Pr Luiz Rubem de Freitas","image":{"@type":"ImageObject","inLanguage":"pt-BR","@id":"https:\/\/secure.gravatar.com\/avatar\/fd59dc00fc4178aa1e085bf491d394e3f72afcd9b1944348dfcec2bbecdc5761?s=96&d=blank&r=g","url":"https:\/\/secure.gravatar.com\/avatar\/fd59dc00fc4178aa1e085bf491d394e3f72afcd9b1944348dfcec2bbecdc5761?s=96&d=blank&r=g","contentUrl":"https:\/\/secure.gravatar.com\/avatar\/fd59dc00fc4178aa1e085bf491d394e3f72afcd9b1944348dfcec2bbecdc5761?s=96&d=blank&r=g","caption":"Pr Luiz Rubem de Freitas"},"url":"https:\/\/consolar.org\/?author=2"}]}},"_links":{"self":[{"href":"https:\/\/consolar.org\/index.php?rest_route=\/wp\/v2\/posts\/628","targetHints":{"allow":["GET"]}}],"collection":[{"href":"https:\/\/consolar.org\/index.php?rest_route=\/wp\/v2\/posts"}],"about":[{"href":"https:\/\/consolar.org\/index.php?rest_route=\/wp\/v2\/types\/post"}],"author":[{"embeddable":true,"href":"https:\/\/consolar.org\/index.php?rest_route=\/wp\/v2\/users\/2"}],"replies":[{"embeddable":true,"href":"https:\/\/consolar.org\/index.php?rest_route=%2Fwp%2Fv2%2Fcomments&post=628"}],"version-history":[{"count":0,"href":"https:\/\/consolar.org\/index.php?rest_route=\/wp\/v2\/posts\/628\/revisions"}],"wp:featuredmedia":[{"embeddable":true,"href":"https:\/\/consolar.org\/index.php?rest_route=\/wp\/v2\/media\/1144"}],"wp:attachment":[{"href":"https:\/\/consolar.org\/index.php?rest_route=%2Fwp%2Fv2%2Fmedia&parent=628"}],"wp:term":[{"taxonomy":"category","embeddable":true,"href":"https:\/\/consolar.org\/index.php?rest_route=%2Fwp%2Fv2%2Fcategories&post=628"},{"taxonomy":"post_tag","embeddable":true,"href":"https:\/\/consolar.org\/index.php?rest_route=%2Fwp%2Fv2%2Ftags&post=628"}],"curies":[{"name":"wp","href":"https:\/\/api.w.org\/{rel}","templated":true}]}}