{"id":603,"date":"2011-08-04T00:00:00","date_gmt":"2011-08-04T03:00:00","guid":{"rendered":"https:\/\/consolar.org\/2011\/08\/04\/maternidade-no-ceu\/"},"modified":"2026-03-01T16:31:37","modified_gmt":"2026-03-01T19:31:37","slug":"maternidade-no-ceu","status":"publish","type":"post","link":"https:\/\/consolar.org\/?p=603","title":{"rendered":"Maternidade no C\u00e9u"},"content":{"rendered":"\n<figure class=\"wp-block-image size-large\"><img loading=\"lazy\" decoding=\"async\" width=\"1024\" height=\"509\" src=\"https:\/\/consolar.org\/wp-content\/uploads\/2011\/08\/maternidadenoceu-1024x509.jpg\" alt=\"\" class=\"wp-image-1151\" srcset=\"https:\/\/consolar.org\/wp-content\/uploads\/2011\/08\/maternidadenoceu-1024x509.jpg 1024w, https:\/\/consolar.org\/wp-content\/uploads\/2011\/08\/maternidadenoceu-300x149.jpg 300w, https:\/\/consolar.org\/wp-content\/uploads\/2011\/08\/maternidadenoceu-768x381.jpg 768w, https:\/\/consolar.org\/wp-content\/uploads\/2011\/08\/maternidadenoceu.jpg 1200w\" sizes=\"auto, (max-width: 1024px) 100vw, 1024px\" \/><\/figure>\n\n\n\n<p>Li recentemente um texto que dizia que enquanto n\u00f3s carregamos caix\u00f5es os anjos carregam santos. Ontem foi um dia que os anjos colocaram em seus bra\u00e7os muitos brasileirinhos. Como numa maternidade sem m\u00e9dicos, crian\u00e7as chegaram no c\u00e9u e foram recebidos em festa. Nossos olhos cheios de l\u00e1grimas e nosso cora\u00e7\u00e3o em pranto fitam para o terror, o horror, o sangue, a dor e medo. Um cemit\u00e9rio de gente que nunca deveria morrer. Nos rostos as marcas de tanto sofrimento. Em nossas faces l\u00e1grimas, pois somos pais, tios, amigos, gente que tem saudade e que vive intensamente o amor que fica. <\/p>\n\n\n\n<p>Na Escola em Realengo sangue, l\u00e1grimas, choro, medo e terror fizeram parte da maior trag\u00e9dia numa escola no Brasil. Emo\u00e7\u00e3o e raz\u00e3o se confundem, pois ontem, na maternidade no c\u00e9u, foram recebidas, muitas crian\u00e7as carinhosas, amigas, ternas, cheias de sonhos, sorridentes, estudiosas, lindos do Pai. Pais clamam, choram, n\u00e3o conseguem andar, ficar de p\u00e9. Dia tr\u00e1gico, terr\u00edvel! Um dia para n\u00e3o se esquecer. <\/p>\n\n\n\n<p>Estamos chorando com voc\u00eas. Nunca esqueceremos de Karine, Rafael, Milena, Mariana, Larissa, Bianca, Luiza, Laryssa, G\u00e9ssica, Samira, Ana Carolina e Igor. Em l\u00e1pides frias seus nomes foram escritos. Por\u00e9m na maternidade do c\u00e9u seus nomes foram gravados por anjos. <\/p>\n\n\n\n<p><em>&#8220;Por\u00e9m n\u00f3s que temos esse tesouro espiritual somos como potes de barro para que fique claro que o poder supremo pertence a Deus e n\u00e3o a n\u00f3s. Muitas vezes ficamos aflitos, mas n\u00e3o somos derrotados. Algumas vezes ficamos em d\u00favida, mas nunca ficamos desesperados. Temos muitos inimigos, mas nunca nos falta um amigo. \u00c0s vezes somos gravemente feridos, mas n\u00e3o somos destru\u00eddos. Levamos sempre no nosso corpo mortal a morte de Jesus para que tamb\u00e9m a vida dele seja vista no nosso corpo. Por isso, nunca ficamos desanimados. Mesmo que nosso corpo v\u00e1 se gastando, o nosso espir\u00edto vai se renovando dia a dia. Essa pequena afli\u00e7\u00e3o que sofremos vai nos trazer uma gl\u00f3ria enorme e eterna, muito maior que o sofrimento. Porque n\u00f3s n\u00e3o prestamos aten\u00e7\u00e3o nas coisas que se v\u00eaem, mas nas que n\u00e3o se v\u00eaem. Pois o que pode ser visto dura apenas um pouco, mas o que n\u00e3o pode ser visto dura para sempre&#8221;<\/em> (2 Cor\u00edntios 4.7-10; 16-18). <\/p>\n\n\n\n<p>Que nossos olhos vejam com os olhos de Deus. Am\u00e9m! Deus, meu Pai, precisamos de CONSOLO!<\/p>\n","protected":false},"excerpt":{"rendered":"<p>Li recentemente um texto que dizia que enquanto n\u00f3s carregamos caix\u00f5es os anjos carregam santos. Ontem foi um dia que os anjos colocaram em seus bra\u00e7os muitos brasileirinhos. Como numa maternidade sem m\u00e9dicos, crian\u00e7as chegaram no c\u00e9u e foram recebidos em festa. Nossos olhos cheios de l\u00e1grimas e nosso cora\u00e7\u00e3o em pranto fitam para o <a class=\"more-link\" href=\"https:\/\/consolar.org\/?p=603\">&hellip; Continue lendo&hellip; &rarr;<\/a><\/p>\n","protected":false},"author":2,"featured_media":1151,"comment_status":"closed","ping_status":"closed","sticky":false,"template":"","format":"standard","meta":{"_ayudawp_aiss_exclude":false,"footnotes":"","_wpscppro_dont_share_socialmedia":false,"_wpscppro_custom_social_share_image":0,"_facebook_share_type":"","_twitter_share_type":"","_linkedin_share_type":"","_pinterest_share_type":"","_linkedin_share_type_page":"","_instagram_share_type":"","_medium_share_type":"","_threads_share_type":"","_google_business_share_type":"","_selected_social_profile":[],"_wpsp_enable_custom_social_template":false,"_wpsp_social_scheduling":{"enabled":false,"datetime":null,"platforms":[],"status":"template_only","dateOption":"today","timeOption":"now","customDays":"","customHours":"","customDate":"","customTime":"","schedulingType":"absolute"},"_wpsp_active_default_template":true},"categories":[1],"tags":[],"class_list":["post-603","post","type-post","status-publish","format-standard","has-post-thumbnail","hentry","category-uncategorized"],"yoast_head":"<!-- This site is optimized with the Yoast SEO Premium plugin v27.3 (Yoast SEO v27.5) - https:\/\/yoast.com\/product\/yoast-seo-premium-wordpress\/ -->\n<title>Maternidade no C\u00e9u - Consolar.org<\/title>\n<meta name=\"robots\" content=\"index, follow, max-snippet:-1, max-image-preview:large, max-video-preview:-1\" \/>\n<link rel=\"canonical\" href=\"https:\/\/consolar.org\/?p=603\" \/>\n<meta property=\"og:locale\" content=\"pt_BR\" \/>\n<meta property=\"og:type\" content=\"article\" \/>\n<meta property=\"og:title\" content=\"Maternidade no C\u00e9u\" \/>\n<meta property=\"og:description\" content=\"Li recentemente um texto que dizia que enquanto n\u00f3s carregamos caix\u00f5es os anjos carregam santos. Ontem foi um dia que os anjos colocaram em seus bra\u00e7os muitos brasileirinhos. Como numa maternidade sem m\u00e9dicos, crian\u00e7as chegaram no c\u00e9u e foram recebidos em festa. Nossos olhos cheios de l\u00e1grimas e nosso cora\u00e7\u00e3o em pranto fitam para o &hellip; Continue lendo&hellip; &rarr;\" \/>\n<meta property=\"og:url\" content=\"https:\/\/consolar.org\/?p=603\" \/>\n<meta property=\"og:site_name\" content=\"Consolar.org\" \/>\n<meta property=\"article:publisher\" content=\"https:\/\/www.facebook.com\/consolar\" \/>\n<meta property=\"article:published_time\" content=\"2011-08-04T03:00:00+00:00\" \/>\n<meta property=\"article:modified_time\" content=\"2026-03-01T19:31:37+00:00\" \/>\n<meta property=\"og:image\" content=\"https:\/\/consolar.org\/wp-content\/uploads\/2011\/08\/maternidadenoceu.jpg\" \/>\n\t<meta property=\"og:image:width\" content=\"1200\" \/>\n\t<meta property=\"og:image:height\" content=\"596\" \/>\n\t<meta property=\"og:image:type\" content=\"image\/jpeg\" \/>\n<meta name=\"author\" content=\"Pr Luiz Rubem de Freitas\" \/>\n<meta name=\"twitter:card\" content=\"summary_large_image\" \/>\n<meta name=\"twitter:label1\" content=\"Escrito por\" \/>\n\t<meta name=\"twitter:data1\" content=\"Pr Luiz Rubem de Freitas\" \/>\n\t<meta name=\"twitter:label2\" content=\"Est. tempo de leitura\" \/>\n\t<meta name=\"twitter:data2\" content=\"2 minutos\" \/>\n<script type=\"application\/ld+json\" class=\"yoast-schema-graph\">{\"@context\":\"https:\\\/\\\/schema.org\",\"@graph\":[{\"@type\":\"Article\",\"@id\":\"https:\\\/\\\/consolar.org\\\/?p=603#article\",\"isPartOf\":{\"@id\":\"https:\\\/\\\/consolar.org\\\/?p=603\"},\"author\":{\"name\":\"Pr Luiz Rubem de Freitas\",\"@id\":\"https:\\\/\\\/consolar.org\\\/#\\\/schema\\\/person\\\/7b36e38187f2475e58065af654682d5d\"},\"headline\":\"Maternidade no C\u00e9u\",\"datePublished\":\"2011-08-04T03:00:00+00:00\",\"dateModified\":\"2026-03-01T19:31:37+00:00\",\"mainEntityOfPage\":{\"@id\":\"https:\\\/\\\/consolar.org\\\/?p=603\"},\"wordCount\":429,\"publisher\":{\"@id\":\"https:\\\/\\\/consolar.org\\\/#organization\"},\"image\":{\"@id\":\"https:\\\/\\\/consolar.org\\\/?p=603#primaryimage\"},\"thumbnailUrl\":\"https:\\\/\\\/consolar.org\\\/wp-content\\\/uploads\\\/2011\\\/08\\\/maternidadenoceu.jpg\",\"articleSection\":[\"Uncategorized\"],\"inLanguage\":\"pt-BR\"},{\"@type\":\"WebPage\",\"@id\":\"https:\\\/\\\/consolar.org\\\/?p=603\",\"url\":\"https:\\\/\\\/consolar.org\\\/?p=603\",\"name\":\"Maternidade no C\u00e9u - Consolar.org\",\"isPartOf\":{\"@id\":\"https:\\\/\\\/consolar.org\\\/#website\"},\"primaryImageOfPage\":{\"@id\":\"https:\\\/\\\/consolar.org\\\/?p=603#primaryimage\"},\"image\":{\"@id\":\"https:\\\/\\\/consolar.org\\\/?p=603#primaryimage\"},\"thumbnailUrl\":\"https:\\\/\\\/consolar.org\\\/wp-content\\\/uploads\\\/2011\\\/08\\\/maternidadenoceu.jpg\",\"datePublished\":\"2011-08-04T03:00:00+00:00\",\"dateModified\":\"2026-03-01T19:31:37+00:00\",\"breadcrumb\":{\"@id\":\"https:\\\/\\\/consolar.org\\\/?p=603#breadcrumb\"},\"inLanguage\":\"pt-BR\",\"potentialAction\":[{\"@type\":\"ReadAction\",\"target\":[\"https:\\\/\\\/consolar.org\\\/?p=603\"]}]},{\"@type\":\"ImageObject\",\"inLanguage\":\"pt-BR\",\"@id\":\"https:\\\/\\\/consolar.org\\\/?p=603#primaryimage\",\"url\":\"https:\\\/\\\/consolar.org\\\/wp-content\\\/uploads\\\/2011\\\/08\\\/maternidadenoceu.jpg\",\"contentUrl\":\"https:\\\/\\\/consolar.org\\\/wp-content\\\/uploads\\\/2011\\\/08\\\/maternidadenoceu.jpg\",\"width\":1200,\"height\":596},{\"@type\":\"BreadcrumbList\",\"@id\":\"https:\\\/\\\/consolar.org\\\/?p=603#breadcrumb\",\"itemListElement\":[{\"@type\":\"ListItem\",\"position\":1,\"name\":\"In\u00edcio\",\"item\":\"https:\\\/\\\/consolar.org\\\/\"},{\"@type\":\"ListItem\",\"position\":2,\"name\":\"Maternidade no C\u00e9u\"}]},{\"@type\":\"WebSite\",\"@id\":\"https:\\\/\\\/consolar.org\\\/#website\",\"url\":\"https:\\\/\\\/consolar.org\\\/\",\"name\":\"Consolar.org\",\"description\":\"Mensagens de conforto e esperan\u00e7a para cora\u00e7\u00f5es que precisam de paz.\",\"publisher\":{\"@id\":\"https:\\\/\\\/consolar.org\\\/#organization\"},\"potentialAction\":[{\"@type\":\"SearchAction\",\"target\":{\"@type\":\"EntryPoint\",\"urlTemplate\":\"https:\\\/\\\/consolar.org\\\/?s={search_term_string}\"},\"query-input\":{\"@type\":\"PropertyValueSpecification\",\"valueRequired\":true,\"valueName\":\"search_term_string\"}}],\"inLanguage\":\"pt-BR\"},{\"@type\":\"Organization\",\"@id\":\"https:\\\/\\\/consolar.org\\\/#organization\",\"name\":\"Consolar.org\",\"url\":\"https:\\\/\\\/consolar.org\\\/\",\"logo\":{\"@type\":\"ImageObject\",\"inLanguage\":\"pt-BR\",\"@id\":\"https:\\\/\\\/consolar.org\\\/#\\\/schema\\\/logo\\\/image\\\/\",\"url\":\"https:\\\/\\\/consolar.org\\\/wp-content\\\/uploads\\\/2026\\\/02\\\/cropped-logonovo03-small.png\",\"contentUrl\":\"https:\\\/\\\/consolar.org\\\/wp-content\\\/uploads\\\/2026\\\/02\\\/cropped-logonovo03-small.png\",\"width\":280,\"height\":142,\"caption\":\"Consolar.org\"},\"image\":{\"@id\":\"https:\\\/\\\/consolar.org\\\/#\\\/schema\\\/logo\\\/image\\\/\"},\"sameAs\":[\"https:\\\/\\\/www.facebook.com\\\/consolar\"]},{\"@type\":\"Person\",\"@id\":\"https:\\\/\\\/consolar.org\\\/#\\\/schema\\\/person\\\/7b36e38187f2475e58065af654682d5d\",\"name\":\"Pr Luiz Rubem de Freitas\",\"image\":{\"@type\":\"ImageObject\",\"inLanguage\":\"pt-BR\",\"@id\":\"https:\\\/\\\/secure.gravatar.com\\\/avatar\\\/fd59dc00fc4178aa1e085bf491d394e3f72afcd9b1944348dfcec2bbecdc5761?s=96&d=blank&r=g\",\"url\":\"https:\\\/\\\/secure.gravatar.com\\\/avatar\\\/fd59dc00fc4178aa1e085bf491d394e3f72afcd9b1944348dfcec2bbecdc5761?s=96&d=blank&r=g\",\"contentUrl\":\"https:\\\/\\\/secure.gravatar.com\\\/avatar\\\/fd59dc00fc4178aa1e085bf491d394e3f72afcd9b1944348dfcec2bbecdc5761?s=96&d=blank&r=g\",\"caption\":\"Pr Luiz Rubem de Freitas\"},\"url\":\"https:\\\/\\\/consolar.org\\\/?author=2\"}]}<\/script>\n<!-- \/ Yoast SEO Premium plugin. -->","yoast_head_json":{"title":"Maternidade no C\u00e9u - Consolar.org","robots":{"index":"index","follow":"follow","max-snippet":"max-snippet:-1","max-image-preview":"max-image-preview:large","max-video-preview":"max-video-preview:-1"},"canonical":"https:\/\/consolar.org\/?p=603","og_locale":"pt_BR","og_type":"article","og_title":"Maternidade no C\u00e9u","og_description":"Li recentemente um texto que dizia que enquanto n\u00f3s carregamos caix\u00f5es os anjos carregam santos. Ontem foi um dia que os anjos colocaram em seus bra\u00e7os muitos brasileirinhos. Como numa maternidade sem m\u00e9dicos, crian\u00e7as chegaram no c\u00e9u e foram recebidos em festa. Nossos olhos cheios de l\u00e1grimas e nosso cora\u00e7\u00e3o em pranto fitam para o &hellip; Continue lendo&hellip; &rarr;","og_url":"https:\/\/consolar.org\/?p=603","og_site_name":"Consolar.org","article_publisher":"https:\/\/www.facebook.com\/consolar","article_published_time":"2011-08-04T03:00:00+00:00","article_modified_time":"2026-03-01T19:31:37+00:00","og_image":[{"width":1200,"height":596,"url":"https:\/\/consolar.org\/wp-content\/uploads\/2011\/08\/maternidadenoceu.jpg","type":"image\/jpeg"}],"author":"Pr Luiz Rubem de Freitas","twitter_card":"summary_large_image","twitter_misc":{"Escrito por":"Pr Luiz Rubem de Freitas","Est. tempo de leitura":"2 minutos"},"schema":{"@context":"https:\/\/schema.org","@graph":[{"@type":"Article","@id":"https:\/\/consolar.org\/?p=603#article","isPartOf":{"@id":"https:\/\/consolar.org\/?p=603"},"author":{"name":"Pr Luiz Rubem de Freitas","@id":"https:\/\/consolar.org\/#\/schema\/person\/7b36e38187f2475e58065af654682d5d"},"headline":"Maternidade no C\u00e9u","datePublished":"2011-08-04T03:00:00+00:00","dateModified":"2026-03-01T19:31:37+00:00","mainEntityOfPage":{"@id":"https:\/\/consolar.org\/?p=603"},"wordCount":429,"publisher":{"@id":"https:\/\/consolar.org\/#organization"},"image":{"@id":"https:\/\/consolar.org\/?p=603#primaryimage"},"thumbnailUrl":"https:\/\/consolar.org\/wp-content\/uploads\/2011\/08\/maternidadenoceu.jpg","articleSection":["Uncategorized"],"inLanguage":"pt-BR"},{"@type":"WebPage","@id":"https:\/\/consolar.org\/?p=603","url":"https:\/\/consolar.org\/?p=603","name":"Maternidade no C\u00e9u - Consolar.org","isPartOf":{"@id":"https:\/\/consolar.org\/#website"},"primaryImageOfPage":{"@id":"https:\/\/consolar.org\/?p=603#primaryimage"},"image":{"@id":"https:\/\/consolar.org\/?p=603#primaryimage"},"thumbnailUrl":"https:\/\/consolar.org\/wp-content\/uploads\/2011\/08\/maternidadenoceu.jpg","datePublished":"2011-08-04T03:00:00+00:00","dateModified":"2026-03-01T19:31:37+00:00","breadcrumb":{"@id":"https:\/\/consolar.org\/?p=603#breadcrumb"},"inLanguage":"pt-BR","potentialAction":[{"@type":"ReadAction","target":["https:\/\/consolar.org\/?p=603"]}]},{"@type":"ImageObject","inLanguage":"pt-BR","@id":"https:\/\/consolar.org\/?p=603#primaryimage","url":"https:\/\/consolar.org\/wp-content\/uploads\/2011\/08\/maternidadenoceu.jpg","contentUrl":"https:\/\/consolar.org\/wp-content\/uploads\/2011\/08\/maternidadenoceu.jpg","width":1200,"height":596},{"@type":"BreadcrumbList","@id":"https:\/\/consolar.org\/?p=603#breadcrumb","itemListElement":[{"@type":"ListItem","position":1,"name":"In\u00edcio","item":"https:\/\/consolar.org\/"},{"@type":"ListItem","position":2,"name":"Maternidade no C\u00e9u"}]},{"@type":"WebSite","@id":"https:\/\/consolar.org\/#website","url":"https:\/\/consolar.org\/","name":"Consolar.org","description":"Mensagens de conforto e esperan\u00e7a para cora\u00e7\u00f5es que precisam de paz.","publisher":{"@id":"https:\/\/consolar.org\/#organization"},"potentialAction":[{"@type":"SearchAction","target":{"@type":"EntryPoint","urlTemplate":"https:\/\/consolar.org\/?s={search_term_string}"},"query-input":{"@type":"PropertyValueSpecification","valueRequired":true,"valueName":"search_term_string"}}],"inLanguage":"pt-BR"},{"@type":"Organization","@id":"https:\/\/consolar.org\/#organization","name":"Consolar.org","url":"https:\/\/consolar.org\/","logo":{"@type":"ImageObject","inLanguage":"pt-BR","@id":"https:\/\/consolar.org\/#\/schema\/logo\/image\/","url":"https:\/\/consolar.org\/wp-content\/uploads\/2026\/02\/cropped-logonovo03-small.png","contentUrl":"https:\/\/consolar.org\/wp-content\/uploads\/2026\/02\/cropped-logonovo03-small.png","width":280,"height":142,"caption":"Consolar.org"},"image":{"@id":"https:\/\/consolar.org\/#\/schema\/logo\/image\/"},"sameAs":["https:\/\/www.facebook.com\/consolar"]},{"@type":"Person","@id":"https:\/\/consolar.org\/#\/schema\/person\/7b36e38187f2475e58065af654682d5d","name":"Pr Luiz Rubem de Freitas","image":{"@type":"ImageObject","inLanguage":"pt-BR","@id":"https:\/\/secure.gravatar.com\/avatar\/fd59dc00fc4178aa1e085bf491d394e3f72afcd9b1944348dfcec2bbecdc5761?s=96&d=blank&r=g","url":"https:\/\/secure.gravatar.com\/avatar\/fd59dc00fc4178aa1e085bf491d394e3f72afcd9b1944348dfcec2bbecdc5761?s=96&d=blank&r=g","contentUrl":"https:\/\/secure.gravatar.com\/avatar\/fd59dc00fc4178aa1e085bf491d394e3f72afcd9b1944348dfcec2bbecdc5761?s=96&d=blank&r=g","caption":"Pr Luiz Rubem de Freitas"},"url":"https:\/\/consolar.org\/?author=2"}]}},"_links":{"self":[{"href":"https:\/\/consolar.org\/index.php?rest_route=\/wp\/v2\/posts\/603","targetHints":{"allow":["GET"]}}],"collection":[{"href":"https:\/\/consolar.org\/index.php?rest_route=\/wp\/v2\/posts"}],"about":[{"href":"https:\/\/consolar.org\/index.php?rest_route=\/wp\/v2\/types\/post"}],"author":[{"embeddable":true,"href":"https:\/\/consolar.org\/index.php?rest_route=\/wp\/v2\/users\/2"}],"replies":[{"embeddable":true,"href":"https:\/\/consolar.org\/index.php?rest_route=%2Fwp%2Fv2%2Fcomments&post=603"}],"version-history":[{"count":0,"href":"https:\/\/consolar.org\/index.php?rest_route=\/wp\/v2\/posts\/603\/revisions"}],"wp:featuredmedia":[{"embeddable":true,"href":"https:\/\/consolar.org\/index.php?rest_route=\/wp\/v2\/media\/1151"}],"wp:attachment":[{"href":"https:\/\/consolar.org\/index.php?rest_route=%2Fwp%2Fv2%2Fmedia&parent=603"}],"wp:term":[{"taxonomy":"category","embeddable":true,"href":"https:\/\/consolar.org\/index.php?rest_route=%2Fwp%2Fv2%2Fcategories&post=603"},{"taxonomy":"post_tag","embeddable":true,"href":"https:\/\/consolar.org\/index.php?rest_route=%2Fwp%2Fv2%2Ftags&post=603"}],"curies":[{"name":"wp","href":"https:\/\/api.w.org\/{rel}","templated":true}]}}