{"id":602,"date":"2009-04-10T00:00:00","date_gmt":"2009-04-10T03:00:00","guid":{"rendered":"https:\/\/consolar.org\/2009\/04\/10\/mas-deus-estava-com-jose\/"},"modified":"2023-09-15T16:12:53","modified_gmt":"2023-09-15T19:12:53","slug":"mas-deus-estava-com-jose","status":"publish","type":"post","link":"https:\/\/consolar.org\/?p=602","title":{"rendered":"Mas Deus Estava com Jos\u00e9"},"content":{"rendered":"<p>&#8220;Mandou buscar Jos\u00e9 e lan\u00e7ou-o na pris\u00e3o em que eram postos os prisioneiros do rei. Jos\u00e9 ficou na pris\u00e3o, mas o Senhor estava com ele e o tratou com bondade, concedendo-lhe a simpatia do carcereiro. Por isso o carcereiro encarregou Jos\u00e9 de todos os que estavam na pris\u00e3o, e ele se tornou respons\u00e1vel por tudo o que l\u00e1 sucedia. O carcereiro n\u00e3o se preocupava com nada do que estava a cargo de Jos\u00e9, porque o Senhor estava com Jos\u00e9 e lhe concedia bom \u00eaxito em tudo o que realizava&#8221; (Genesis 39.20-23) A hist\u00f3ria de Jos\u00e9 \u00e9 fascinante! Ele \u00e9 desprezado pelos irm\u00e3os e vendido como escravo para o Egito. Ali \u00e9 comprado por um dos principais oficiais do fara\u00f3, mas ao resistir ao ass\u00e9dio da esposa daquele oficial, \u00e9 jogado na pris\u00e3o acusado de assediador. \u00c9 esquecido por aqueles a quem ajuda na pris\u00e3o. A vida de Jos\u00e9 \u00e9 uma hist\u00f3ria de injusti\u00e7as, mas \u00e9 interessante que na B\u00edblia diz que Deus estava com ele e o fazia prosperar. Hoje em dia sofremos abusos de toda a esp\u00e9cie. Seja no trabalho, nos relacionamentos, em fam\u00edlia, nos estudos. Somos v\u00edtimas de discrimina\u00e7\u00e3o pelo evangelho. Fora do Brasil h\u00e1 aqueles que s\u00e3o jogados \u00e0 pris\u00e3o e at\u00e9 mortos. Enfrentamos dias dif\u00edceis nas doen\u00e7as, luto, desemprego ou quando algu\u00e9m nos deixa. Ainda existem as dificuldades que vivemos na inseguran\u00e7a dos nossos dias quando sujeitos aos assaltos e \u00e0s crises financeiras mundiais. Deus estava com Jos\u00e9, pois o estava preparando para algo melhor. Quando desprezado pelos irm\u00e3os, estava na administra\u00e7\u00e3o e fiscaliza\u00e7\u00e3o dos neg\u00f3cios do pai. Ele mesmo fiscalizava os irm\u00e3os. Ali teve sonhos, sonhos que foram ofensivos aos irm\u00e3os. Ao ser vendido a Potifar, o oficial do fara\u00f3, Jos\u00e9 empregou o que aprendeu em casa na administra\u00e7\u00e3o da casa. Depois de injustamente ser jogado na pris\u00e3o, ele aprendeu a administrar a cadeia e lidar com a escassez de recursos. Tamb\u00e9m ali interpretou sonhos. Quando passamos por dificuldades, \u00e9 dif\u00edcil entendermos o que est\u00e1 acontecendo. N\u00f3s n\u00e3o vemos Jos\u00e9 fazendo qualquer reclama\u00e7\u00e3o a respeito de si. Creio que ele tinha a certeza de que Deus estava no controle e de alguma maneira tudo seria revertido. Jeov\u00e1 estava com Jos\u00e9. Quando o momento certo chegou, Jos\u00e9 foi al\u00e7ado a governador do Egito. Que diferen\u00e7a! Antes rejeitado pelos irm\u00e3os, pelo chefe, pelos amigos de pris\u00e3o, Jos\u00e9 agora alcan\u00e7a favor e reconhecimento do Fara\u00f3. Jos\u00e9 salva o Egito e tamb\u00e9m sua fam\u00edlia que vem em busca de auxilio. Era dif\u00edcil dizer no come\u00e7o: &#8220;Deus estava com Jos\u00e9&#8221;, mas agora isso \u00e9 claro. Sua aceita\u00e7\u00e3o da vontade de Deus \u00e9 clara no nome dos filhos: Manass\u00e9s que significa &#8220;Que faz esquecer&#8221; mostrando que Jos\u00e9 n\u00e3o guardou na lembran\u00e7a e nem no cora\u00e7\u00e3o qualquer m\u00e1goa ou rancor em rela\u00e7\u00e3o a tudo que sofreu e Efraim que significa &#8220;Duplamente frut\u00edfero&#8221; indicando a segunda fase da Obra de Deus na vida de Jos\u00e9: o crescimento. N\u00f3s vemos na vida de Jos\u00e9 que ele n\u00e3o abandona Deus ou O questiona. Jos\u00e9 viveu treze anos de injusti\u00e7a, mas tinha a certeza que Deus estava no controle e de uma maneira ou de outra o guardaria. As circunst\u00e2ncias n\u00e3o contavam. Deus tem o poder de fazer com que todas as coisas contribuam para o nosso bem. Na realidade o momento de dificuldades passa a ser um momento de depend\u00eancia t\u00e3o profunda da soberania de Deus, porque n\u00e3o temos para onde ir e nada que fa\u00e7amos pode reverter o que est\u00e1 acontecendo. A dor j\u00e1 nos atingiu e bate em nosso rosto o tempo todo. Ao reconhecermos o cuidado de Deus em n\u00f3s, podemos enfrentar as dificuldades de maneira diferente, pois temos a certeza de seu amor, de seu cuidado para conosco. Sabemos que Ele sabe de cada necessidade nossa e que n\u00e3o deixa que sejamos tentados al\u00e9m daquilo que possamos suportar. \u00c9 a\u00ed que deixamos que Deus fa\u00e7a o que tem que fazer. Nas horas duras da vida, tenhamos confian\u00e7a em Deus, pois mesmo que n\u00e3o vejamos as m\u00e3os de Deus, ele est\u00e1 agindo sob todos os aspectos para transformar o mal em bem, para nos preparar para algo melhor, pois Ele tem planos de nos aben\u00e7oar e nos dar o fim t\u00e3o bom que nem podemos imaginar. Assim como Jos\u00e9 que nunca imaginou que poderia ser governador no Egito. Ed Powell diz: &#8220;Aqueles que alegremente deixam tudo nas m\u00e3os de Deus \u00e2\u0080\u00a6 eventualmente ver\u00e3o as m\u00e3os de Deus em tudo&#8221;. &#8220;Quanto a mim, sou pobre e necessitado, mas o Senhor preocupa-se comigo. Tu \u00e9s o meu socorro e o meu libertador; meu Deus, n\u00e3o te demores!&#8221; Salmos 40:17. Ora\u00e7\u00e3o: Senhor, eu n\u00e3o sei qual o prop\u00f3sito do que est\u00e1 acontecendo agora, mas tenho a certeza de que tu fazes com que todas as coisas contribuam para o bem dos que Te amam. Que depois de tudo eu possa lembrar-me da tua m\u00e3o agindo em todas as circunst\u00e2ncias. Am\u00e9m.<\/p>\n","protected":false},"excerpt":{"rendered":"<p>&#8220;Mandou buscar Jos\u00e9 e lan\u00e7ou-o na pris\u00e3o em que eram postos os prisioneiros do rei. Jos\u00e9 ficou na pris\u00e3o, mas o Senhor estava com ele e o tratou com bondade, concedendo-lhe a simpatia do carcereiro. Por isso o carcereiro encarregou Jos\u00e9 de todos os que estavam na pris\u00e3o, e ele se tornou respons\u00e1vel por tudo <a class=\"more-link\" href=\"https:\/\/consolar.org\/?p=602\">&hellip; Continue lendo&hellip; &rarr;<\/a><\/p>\n","protected":false},"author":1,"featured_media":0,"comment_status":"closed","ping_status":"closed","sticky":false,"template":"","format":"standard","meta":{"_ayudawp_aiss_exclude":false,"footnotes":"","_wpscppro_dont_share_socialmedia":false,"_wpscppro_custom_social_share_image":0,"_facebook_share_type":"","_twitter_share_type":"","_linkedin_share_type":"","_pinterest_share_type":"","_linkedin_share_type_page":"","_instagram_share_type":"","_medium_share_type":"","_threads_share_type":"","_google_business_share_type":"","_selected_social_profile":[],"_wpsp_enable_custom_social_template":false,"_wpsp_social_scheduling":{"enabled":false,"datetime":null,"platforms":[],"status":"template_only","dateOption":"today","timeOption":"now","customDays":"","customHours":"","customDate":"","customTime":"","schedulingType":"absolute"},"_wpsp_active_default_template":true},"categories":[],"tags":[61],"class_list":["post-602","post","type-post","status-publish","format-standard","hentry","tag-divorcio"],"yoast_head":"<!-- This site is optimized with the Yoast SEO Premium plugin v27.3 (Yoast SEO v27.5) - https:\/\/yoast.com\/product\/yoast-seo-premium-wordpress\/ -->\n<title>Mas Deus Estava com Jos\u00e9 - Consolar.org<\/title>\n<meta name=\"robots\" content=\"index, follow, max-snippet:-1, max-image-preview:large, max-video-preview:-1\" \/>\n<link rel=\"canonical\" href=\"https:\/\/consolar.org\/?p=602\" \/>\n<meta property=\"og:locale\" content=\"pt_BR\" \/>\n<meta property=\"og:type\" content=\"article\" \/>\n<meta property=\"og:title\" content=\"Mas Deus Estava com Jos\u00e9\" \/>\n<meta property=\"og:description\" content=\"&#8220;Mandou buscar Jos\u00e9 e lan\u00e7ou-o na pris\u00e3o em que eram postos os prisioneiros do rei. Jos\u00e9 ficou na pris\u00e3o, mas o Senhor estava com ele e o tratou com bondade, concedendo-lhe a simpatia do carcereiro. Por isso o carcereiro encarregou Jos\u00e9 de todos os que estavam na pris\u00e3o, e ele se tornou respons\u00e1vel por tudo &hellip; Continue lendo&hellip; &rarr;\" \/>\n<meta property=\"og:url\" content=\"https:\/\/consolar.org\/?p=602\" \/>\n<meta property=\"og:site_name\" content=\"Consolar.org\" \/>\n<meta property=\"article:publisher\" content=\"https:\/\/www.facebook.com\/consolar\" \/>\n<meta property=\"article:published_time\" content=\"2009-04-10T03:00:00+00:00\" \/>\n<meta property=\"article:modified_time\" content=\"2023-09-15T19:12:53+00:00\" \/>\n<meta name=\"author\" content=\"Luiz Eduardo de Freitas\" \/>\n<meta name=\"twitter:card\" content=\"summary_large_image\" \/>\n<meta name=\"twitter:label1\" content=\"Escrito por\" \/>\n\t<meta name=\"twitter:data1\" content=\"Luiz Eduardo de Freitas\" \/>\n\t<meta name=\"twitter:label2\" content=\"Est. tempo de leitura\" \/>\n\t<meta name=\"twitter:data2\" content=\"4 minutos\" \/>\n<script type=\"application\/ld+json\" class=\"yoast-schema-graph\">{\"@context\":\"https:\\\/\\\/schema.org\",\"@graph\":[{\"@type\":\"Article\",\"@id\":\"https:\\\/\\\/consolar.org\\\/?p=602#article\",\"isPartOf\":{\"@id\":\"https:\\\/\\\/consolar.org\\\/?p=602\"},\"author\":{\"name\":\"Luiz Eduardo de Freitas\",\"@id\":\"https:\\\/\\\/consolar.org\\\/#\\\/schema\\\/person\\\/018df0c77d26ffae15541a8db82a8d29\"},\"headline\":\"Mas Deus Estava com Jos\u00e9\",\"datePublished\":\"2009-04-10T03:00:00+00:00\",\"dateModified\":\"2023-09-15T19:12:53+00:00\",\"mainEntityOfPage\":{\"@id\":\"https:\\\/\\\/consolar.org\\\/?p=602\"},\"wordCount\":888,\"publisher\":{\"@id\":\"https:\\\/\\\/consolar.org\\\/#organization\"},\"keywords\":[\"Div\u00f3rcio\"],\"inLanguage\":\"pt-BR\"},{\"@type\":\"WebPage\",\"@id\":\"https:\\\/\\\/consolar.org\\\/?p=602\",\"url\":\"https:\\\/\\\/consolar.org\\\/?p=602\",\"name\":\"Mas Deus Estava com Jos\u00e9 - Consolar.org\",\"isPartOf\":{\"@id\":\"https:\\\/\\\/consolar.org\\\/#website\"},\"datePublished\":\"2009-04-10T03:00:00+00:00\",\"dateModified\":\"2023-09-15T19:12:53+00:00\",\"breadcrumb\":{\"@id\":\"https:\\\/\\\/consolar.org\\\/?p=602#breadcrumb\"},\"inLanguage\":\"pt-BR\",\"potentialAction\":[{\"@type\":\"ReadAction\",\"target\":[\"https:\\\/\\\/consolar.org\\\/?p=602\"]}]},{\"@type\":\"BreadcrumbList\",\"@id\":\"https:\\\/\\\/consolar.org\\\/?p=602#breadcrumb\",\"itemListElement\":[{\"@type\":\"ListItem\",\"position\":1,\"name\":\"In\u00edcio\",\"item\":\"https:\\\/\\\/consolar.org\\\/\"},{\"@type\":\"ListItem\",\"position\":2,\"name\":\"Mas Deus Estava com Jos\u00e9\"}]},{\"@type\":\"WebSite\",\"@id\":\"https:\\\/\\\/consolar.org\\\/#website\",\"url\":\"https:\\\/\\\/consolar.org\\\/\",\"name\":\"Consolar.org\",\"description\":\"Mensagens de conforto e esperan\u00e7a para cora\u00e7\u00f5es que precisam de paz.\",\"publisher\":{\"@id\":\"https:\\\/\\\/consolar.org\\\/#organization\"},\"potentialAction\":[{\"@type\":\"SearchAction\",\"target\":{\"@type\":\"EntryPoint\",\"urlTemplate\":\"https:\\\/\\\/consolar.org\\\/?s={search_term_string}\"},\"query-input\":{\"@type\":\"PropertyValueSpecification\",\"valueRequired\":true,\"valueName\":\"search_term_string\"}}],\"inLanguage\":\"pt-BR\"},{\"@type\":\"Organization\",\"@id\":\"https:\\\/\\\/consolar.org\\\/#organization\",\"name\":\"Consolar.org\",\"url\":\"https:\\\/\\\/consolar.org\\\/\",\"logo\":{\"@type\":\"ImageObject\",\"inLanguage\":\"pt-BR\",\"@id\":\"https:\\\/\\\/consolar.org\\\/#\\\/schema\\\/logo\\\/image\\\/\",\"url\":\"https:\\\/\\\/consolar.org\\\/wp-content\\\/uploads\\\/2026\\\/02\\\/cropped-logonovo03-small.png\",\"contentUrl\":\"https:\\\/\\\/consolar.org\\\/wp-content\\\/uploads\\\/2026\\\/02\\\/cropped-logonovo03-small.png\",\"width\":280,\"height\":142,\"caption\":\"Consolar.org\"},\"image\":{\"@id\":\"https:\\\/\\\/consolar.org\\\/#\\\/schema\\\/logo\\\/image\\\/\"},\"sameAs\":[\"https:\\\/\\\/www.facebook.com\\\/consolar\"]},{\"@type\":\"Person\",\"@id\":\"https:\\\/\\\/consolar.org\\\/#\\\/schema\\\/person\\\/018df0c77d26ffae15541a8db82a8d29\",\"name\":\"Luiz Eduardo de Freitas\",\"image\":{\"@type\":\"ImageObject\",\"inLanguage\":\"pt-BR\",\"@id\":\"https:\\\/\\\/secure.gravatar.com\\\/avatar\\\/4f93769b3d958c559cd38414383290f7d6ab7800bf3f9a38e99e29e582b96cda?s=96&d=blank&r=g\",\"url\":\"https:\\\/\\\/secure.gravatar.com\\\/avatar\\\/4f93769b3d958c559cd38414383290f7d6ab7800bf3f9a38e99e29e582b96cda?s=96&d=blank&r=g\",\"contentUrl\":\"https:\\\/\\\/secure.gravatar.com\\\/avatar\\\/4f93769b3d958c559cd38414383290f7d6ab7800bf3f9a38e99e29e582b96cda?s=96&d=blank&r=g\",\"caption\":\"Luiz Eduardo de Freitas\"},\"description\":\"Ipsum Lorem\",\"sameAs\":[\"https:\\\/\\\/consolar.org\"],\"url\":\"https:\\\/\\\/consolar.org\\\/?author=1\"}]}<\/script>\n<!-- \/ Yoast SEO Premium plugin. -->","yoast_head_json":{"title":"Mas Deus Estava com Jos\u00e9 - Consolar.org","robots":{"index":"index","follow":"follow","max-snippet":"max-snippet:-1","max-image-preview":"max-image-preview:large","max-video-preview":"max-video-preview:-1"},"canonical":"https:\/\/consolar.org\/?p=602","og_locale":"pt_BR","og_type":"article","og_title":"Mas Deus Estava com Jos\u00e9","og_description":"&#8220;Mandou buscar Jos\u00e9 e lan\u00e7ou-o na pris\u00e3o em que eram postos os prisioneiros do rei. Jos\u00e9 ficou na pris\u00e3o, mas o Senhor estava com ele e o tratou com bondade, concedendo-lhe a simpatia do carcereiro. Por isso o carcereiro encarregou Jos\u00e9 de todos os que estavam na pris\u00e3o, e ele se tornou respons\u00e1vel por tudo &hellip; Continue lendo&hellip; &rarr;","og_url":"https:\/\/consolar.org\/?p=602","og_site_name":"Consolar.org","article_publisher":"https:\/\/www.facebook.com\/consolar","article_published_time":"2009-04-10T03:00:00+00:00","article_modified_time":"2023-09-15T19:12:53+00:00","author":"Luiz Eduardo de Freitas","twitter_card":"summary_large_image","twitter_misc":{"Escrito por":"Luiz Eduardo de Freitas","Est. tempo de leitura":"4 minutos"},"schema":{"@context":"https:\/\/schema.org","@graph":[{"@type":"Article","@id":"https:\/\/consolar.org\/?p=602#article","isPartOf":{"@id":"https:\/\/consolar.org\/?p=602"},"author":{"name":"Luiz Eduardo de Freitas","@id":"https:\/\/consolar.org\/#\/schema\/person\/018df0c77d26ffae15541a8db82a8d29"},"headline":"Mas Deus Estava com Jos\u00e9","datePublished":"2009-04-10T03:00:00+00:00","dateModified":"2023-09-15T19:12:53+00:00","mainEntityOfPage":{"@id":"https:\/\/consolar.org\/?p=602"},"wordCount":888,"publisher":{"@id":"https:\/\/consolar.org\/#organization"},"keywords":["Div\u00f3rcio"],"inLanguage":"pt-BR"},{"@type":"WebPage","@id":"https:\/\/consolar.org\/?p=602","url":"https:\/\/consolar.org\/?p=602","name":"Mas Deus Estava com Jos\u00e9 - Consolar.org","isPartOf":{"@id":"https:\/\/consolar.org\/#website"},"datePublished":"2009-04-10T03:00:00+00:00","dateModified":"2023-09-15T19:12:53+00:00","breadcrumb":{"@id":"https:\/\/consolar.org\/?p=602#breadcrumb"},"inLanguage":"pt-BR","potentialAction":[{"@type":"ReadAction","target":["https:\/\/consolar.org\/?p=602"]}]},{"@type":"BreadcrumbList","@id":"https:\/\/consolar.org\/?p=602#breadcrumb","itemListElement":[{"@type":"ListItem","position":1,"name":"In\u00edcio","item":"https:\/\/consolar.org\/"},{"@type":"ListItem","position":2,"name":"Mas Deus Estava com Jos\u00e9"}]},{"@type":"WebSite","@id":"https:\/\/consolar.org\/#website","url":"https:\/\/consolar.org\/","name":"Consolar.org","description":"Mensagens de conforto e esperan\u00e7a para cora\u00e7\u00f5es que precisam de paz.","publisher":{"@id":"https:\/\/consolar.org\/#organization"},"potentialAction":[{"@type":"SearchAction","target":{"@type":"EntryPoint","urlTemplate":"https:\/\/consolar.org\/?s={search_term_string}"},"query-input":{"@type":"PropertyValueSpecification","valueRequired":true,"valueName":"search_term_string"}}],"inLanguage":"pt-BR"},{"@type":"Organization","@id":"https:\/\/consolar.org\/#organization","name":"Consolar.org","url":"https:\/\/consolar.org\/","logo":{"@type":"ImageObject","inLanguage":"pt-BR","@id":"https:\/\/consolar.org\/#\/schema\/logo\/image\/","url":"https:\/\/consolar.org\/wp-content\/uploads\/2026\/02\/cropped-logonovo03-small.png","contentUrl":"https:\/\/consolar.org\/wp-content\/uploads\/2026\/02\/cropped-logonovo03-small.png","width":280,"height":142,"caption":"Consolar.org"},"image":{"@id":"https:\/\/consolar.org\/#\/schema\/logo\/image\/"},"sameAs":["https:\/\/www.facebook.com\/consolar"]},{"@type":"Person","@id":"https:\/\/consolar.org\/#\/schema\/person\/018df0c77d26ffae15541a8db82a8d29","name":"Luiz Eduardo de Freitas","image":{"@type":"ImageObject","inLanguage":"pt-BR","@id":"https:\/\/secure.gravatar.com\/avatar\/4f93769b3d958c559cd38414383290f7d6ab7800bf3f9a38e99e29e582b96cda?s=96&d=blank&r=g","url":"https:\/\/secure.gravatar.com\/avatar\/4f93769b3d958c559cd38414383290f7d6ab7800bf3f9a38e99e29e582b96cda?s=96&d=blank&r=g","contentUrl":"https:\/\/secure.gravatar.com\/avatar\/4f93769b3d958c559cd38414383290f7d6ab7800bf3f9a38e99e29e582b96cda?s=96&d=blank&r=g","caption":"Luiz Eduardo de Freitas"},"description":"Ipsum Lorem","sameAs":["https:\/\/consolar.org"],"url":"https:\/\/consolar.org\/?author=1"}]}},"_links":{"self":[{"href":"https:\/\/consolar.org\/index.php?rest_route=\/wp\/v2\/posts\/602","targetHints":{"allow":["GET"]}}],"collection":[{"href":"https:\/\/consolar.org\/index.php?rest_route=\/wp\/v2\/posts"}],"about":[{"href":"https:\/\/consolar.org\/index.php?rest_route=\/wp\/v2\/types\/post"}],"author":[{"embeddable":true,"href":"https:\/\/consolar.org\/index.php?rest_route=\/wp\/v2\/users\/1"}],"replies":[{"embeddable":true,"href":"https:\/\/consolar.org\/index.php?rest_route=%2Fwp%2Fv2%2Fcomments&post=602"}],"version-history":[{"count":0,"href":"https:\/\/consolar.org\/index.php?rest_route=\/wp\/v2\/posts\/602\/revisions"}],"wp:attachment":[{"href":"https:\/\/consolar.org\/index.php?rest_route=%2Fwp%2Fv2%2Fmedia&parent=602"}],"wp:term":[{"taxonomy":"category","embeddable":true,"href":"https:\/\/consolar.org\/index.php?rest_route=%2Fwp%2Fv2%2Fcategories&post=602"},{"taxonomy":"post_tag","embeddable":true,"href":"https:\/\/consolar.org\/index.php?rest_route=%2Fwp%2Fv2%2Ftags&post=602"}],"curies":[{"name":"wp","href":"https:\/\/api.w.org\/{rel}","templated":true}]}}