{"id":594,"date":"2008-11-19T00:00:00","date_gmt":"2008-11-19T03:00:00","guid":{"rendered":"https:\/\/consolar.org\/2008\/11\/19\/letras\/"},"modified":"2026-03-12T00:53:16","modified_gmt":"2026-03-12T03:53:16","slug":"letras","status":"publish","type":"post","link":"https:\/\/consolar.org\/?p=594","title":{"rendered":"Letras"},"content":{"rendered":"\n<figure class=\"wp-block-image size-large\"><img loading=\"lazy\" decoding=\"async\" width=\"1024\" height=\"439\" src=\"https:\/\/consolar.org\/wp-content\/uploads\/2008\/11\/letras-1024x439.jpg\" alt=\"\" class=\"wp-image-1208\" srcset=\"https:\/\/consolar.org\/wp-content\/uploads\/2008\/11\/letras-1024x439.jpg 1024w, https:\/\/consolar.org\/wp-content\/uploads\/2008\/11\/letras-300x129.jpg 300w, https:\/\/consolar.org\/wp-content\/uploads\/2008\/11\/letras-768x330.jpg 768w, https:\/\/consolar.org\/wp-content\/uploads\/2008\/11\/letras.jpg 1200w\" sizes=\"auto, (max-width: 1024px) 100vw, 1024px\" \/><\/figure>\n\n\n\n<p>\u00c0s vezes nos perguntamos: Ser\u00e1 que Deus me ama? A resposta \u00e9 \u00fanica: Sim! Mesmo que voc\u00ea tenha pecado, tenha errado, Deus te ama! Ele te quer e se voc\u00ea est\u00e1 arrependido, se voc\u00ea est\u00e1 passando por lutas ele te quer e ele quer limpar as suas l\u00e1grimas, ele quer ser o seu Deus seu \u00fanico e verdadeiro Deus! <\/p>\n\n\n\n<p>&#8220;Por que me resgatou? Por que me trouxe aqui? Por que me queres Deus tanto assim? Se contra o c\u00e9u pequei, e contra ti tamb\u00e9m. Minha vida destru\u00ed, como errei&#8230; Por que me queres tanto assim? Filho eu quero tanto Enxugar teu pranto te fazer s\u00f3 meu. Filho eu quero ser teu Deus Eu te amo tanto, tanto, tanto, tanto Filho vem ser meu filho eu quero ser teu Deus Por que me queres tanto assim? Por que eu te amo!&#8221; <\/p>\n\n\n\n<p>&#8220;Jesus nos amou tanto que fez um sacrif\u00edcio, ele foi para a cruz pra pagar todos os seus pecados, ele tanto te amou que toda essa dor que ele passou foi por voc\u00ea por que ele te ama! No gets\u00eamani foi que meu Jesus orou, Se entregando ao Pai mais uma vez. Logo vieram pessoas para O levar para a maior das prova\u00e7\u00f5es. V\u00ea os cravos nas m\u00e3os, Seu corpo a sofrer Naqueles momentos de dor. V\u00ea o mestre a chorar e foi por voc\u00ea Que Ele mostrou tanto Amor&#8221;.<\/p>\n\n\n\n<p>&#8220;Os soldados cuspiam no seu rosto nu&#8230; Posso ouvir o clamor da multid\u00e3o. E Jesus a olhar aquele c\u00e9u azul Pede ao pai que lhes d\u00ea o Seu perd\u00e3o. Ele amou. Ele tudo por mim suportou. Carregou minha cruz. Por isso diga que voc\u00ea aceita Jesus como seu \u00fanico salvador por que ele te ama e ele vai estar contigo em todas as horas, ele te dar\u00e1 sustenta\u00e7\u00e3o quando voc\u00ea mais precisar. \u00c9 \u00e9 s\u00f3 voc\u00ea orar e dizer tudo o que voc\u00ea tem pra desabafar pois ele \u00e9 o melhor amigo, \u00e9 a pessoa que voc\u00ea mais pode confiar ele n\u00e3o vai te trocar, ele n\u00e3o vai te trair porque ele \u00e9 o Deus Verdadeiro&#8221;.<\/p>\n\n\n\n<p>Ele te ouve ele te defende se o mal vier com tudo querendo te atacar ele vai estar com voc\u00ea em todas as horas pois ele \u00e9 o nosso escudo e a nossa torre forte a ele estar\u00e1 presente na ang\u00fastia ou na alegria ele sempre caminhar\u00e1 contigo por onde quer que voc\u00ea estiver. E diga: &#8220;A minha vida \u00e9 do Mestre. Meu cora\u00e7\u00e3o \u00e9 do meu Mestre. O meu caminho \u00e9 do Mestre. Minha esperan\u00e7a \u00e9 meu Mestre. A Deus eu entreguei O barco do meu ser E entrei no mar afora Pra longe eu naveguei. N\u00e3o vejo mais o cais. S\u00f3 Deus e eu agora. As ondas grandes v\u00eam Tentando me arrastar Pra longe da presen\u00e7a&#8221;. <\/p>\n\n\n\n<p>Entregue sua vida a Jesus e Diga bem alto: ainda bem que eu vou morar com Deus. <\/p>\n\n\n\n<p>Trechos de m\u00faicas: <br>Eu Te Amo Tanto &#8211; L\u00e1zaro Gets\u00eamani<br>Leonardo Gon\u00e7alves &#8211; Morar no c\u00e9u <br>L\u00e1zaro Mestre &#8211; L\u00e1zaro<\/p>\n\n\n\n<p>Laura de Freitas (aos 13 anos)<\/p>\n\n\n\n<p><\/p>\n","protected":false},"excerpt":{"rendered":"<p>\u00c0s vezes nos perguntamos: Ser\u00e1 que Deus me ama? A resposta \u00e9 \u00fanica: Sim! Mesmo que voc\u00ea tenha pecado, tenha errado, Deus te ama! Ele te quer e se voc\u00ea est\u00e1 arrependido, se voc\u00ea est\u00e1 passando por lutas ele te quer e ele quer limpar as suas l\u00e1grimas, ele quer ser o seu Deus seu <a class=\"more-link\" href=\"https:\/\/consolar.org\/?p=594\">&hellip; Continue lendo&hellip; &rarr;<\/a><\/p>\n","protected":false},"author":3,"featured_media":1208,"comment_status":"closed","ping_status":"closed","sticky":false,"template":"","format":"standard","meta":{"_ayudawp_aiss_exclude":false,"footnotes":"","_wpscppro_dont_share_socialmedia":false,"_wpscppro_custom_social_share_image":0,"_facebook_share_type":"","_twitter_share_type":"","_linkedin_share_type":"","_pinterest_share_type":"","_linkedin_share_type_page":"","_instagram_share_type":"","_medium_share_type":"","_threads_share_type":"","_google_business_share_type":"","_selected_social_profile":[],"_wpsp_enable_custom_social_template":false,"_wpsp_social_scheduling":{"enabled":false,"datetime":null,"platforms":[],"status":"template_only","dateOption":"today","timeOption":"now","customDays":"","customHours":"","customDate":"","customTime":"","schedulingType":"absolute"},"_wpsp_active_default_template":true},"categories":[1],"tags":[],"class_list":["post-594","post","type-post","status-publish","format-standard","has-post-thumbnail","hentry","category-uncategorized"],"yoast_head":"<!-- This site is optimized with the Yoast SEO Premium plugin v27.3 (Yoast SEO v27.5) - https:\/\/yoast.com\/product\/yoast-seo-premium-wordpress\/ -->\n<title>Letras - Consolar.org<\/title>\n<meta name=\"robots\" content=\"index, follow, max-snippet:-1, max-image-preview:large, max-video-preview:-1\" \/>\n<link rel=\"canonical\" href=\"https:\/\/consolar.org\/?p=594\" \/>\n<meta property=\"og:locale\" content=\"pt_BR\" \/>\n<meta property=\"og:type\" content=\"article\" \/>\n<meta property=\"og:title\" content=\"Letras\" \/>\n<meta property=\"og:description\" content=\"\u00c0s vezes nos perguntamos: Ser\u00e1 que Deus me ama? A resposta \u00e9 \u00fanica: Sim! Mesmo que voc\u00ea tenha pecado, tenha errado, Deus te ama! Ele te quer e se voc\u00ea est\u00e1 arrependido, se voc\u00ea est\u00e1 passando por lutas ele te quer e ele quer limpar as suas l\u00e1grimas, ele quer ser o seu Deus seu &hellip; Continue lendo&hellip; &rarr;\" \/>\n<meta property=\"og:url\" content=\"https:\/\/consolar.org\/?p=594\" \/>\n<meta property=\"og:site_name\" content=\"Consolar.org\" \/>\n<meta property=\"article:publisher\" content=\"https:\/\/www.facebook.com\/consolar\" \/>\n<meta property=\"article:published_time\" content=\"2008-11-19T03:00:00+00:00\" \/>\n<meta property=\"article:modified_time\" content=\"2026-03-12T03:53:16+00:00\" \/>\n<meta property=\"og:image\" content=\"https:\/\/consolar.org\/wp-content\/uploads\/2008\/11\/letras.jpg\" \/>\n\t<meta property=\"og:image:width\" content=\"1200\" \/>\n\t<meta property=\"og:image:height\" content=\"515\" \/>\n\t<meta property=\"og:image:type\" content=\"image\/jpeg\" \/>\n<meta name=\"author\" content=\"Luiz Guilherme de Freitas\" \/>\n<meta name=\"twitter:card\" content=\"summary_large_image\" \/>\n<meta name=\"twitter:label1\" content=\"Escrito por\" \/>\n\t<meta name=\"twitter:data1\" content=\"Luiz Guilherme de Freitas\" \/>\n\t<meta name=\"twitter:label2\" content=\"Est. tempo de leitura\" \/>\n\t<meta name=\"twitter:data2\" content=\"3 minutos\" \/>\n<script type=\"application\/ld+json\" class=\"yoast-schema-graph\">{\"@context\":\"https:\\\/\\\/schema.org\",\"@graph\":[{\"@type\":\"Article\",\"@id\":\"https:\\\/\\\/consolar.org\\\/?p=594#article\",\"isPartOf\":{\"@id\":\"https:\\\/\\\/consolar.org\\\/?p=594\"},\"author\":{\"name\":\"Luiz Guilherme de Freitas\",\"@id\":\"https:\\\/\\\/consolar.org\\\/#\\\/schema\\\/person\\\/635d5bf6efb86fc008d03ec2c072c083\"},\"headline\":\"Letras\",\"datePublished\":\"2008-11-19T03:00:00+00:00\",\"dateModified\":\"2026-03-12T03:53:16+00:00\",\"mainEntityOfPage\":{\"@id\":\"https:\\\/\\\/consolar.org\\\/?p=594\"},\"wordCount\":521,\"publisher\":{\"@id\":\"https:\\\/\\\/consolar.org\\\/#organization\"},\"image\":{\"@id\":\"https:\\\/\\\/consolar.org\\\/?p=594#primaryimage\"},\"thumbnailUrl\":\"https:\\\/\\\/consolar.org\\\/wp-content\\\/uploads\\\/2008\\\/11\\\/letras.jpg\",\"articleSection\":[\"Uncategorized\"],\"inLanguage\":\"pt-BR\"},{\"@type\":\"WebPage\",\"@id\":\"https:\\\/\\\/consolar.org\\\/?p=594\",\"url\":\"https:\\\/\\\/consolar.org\\\/?p=594\",\"name\":\"Letras - Consolar.org\",\"isPartOf\":{\"@id\":\"https:\\\/\\\/consolar.org\\\/#website\"},\"primaryImageOfPage\":{\"@id\":\"https:\\\/\\\/consolar.org\\\/?p=594#primaryimage\"},\"image\":{\"@id\":\"https:\\\/\\\/consolar.org\\\/?p=594#primaryimage\"},\"thumbnailUrl\":\"https:\\\/\\\/consolar.org\\\/wp-content\\\/uploads\\\/2008\\\/11\\\/letras.jpg\",\"datePublished\":\"2008-11-19T03:00:00+00:00\",\"dateModified\":\"2026-03-12T03:53:16+00:00\",\"breadcrumb\":{\"@id\":\"https:\\\/\\\/consolar.org\\\/?p=594#breadcrumb\"},\"inLanguage\":\"pt-BR\",\"potentialAction\":[{\"@type\":\"ReadAction\",\"target\":[\"https:\\\/\\\/consolar.org\\\/?p=594\"]}]},{\"@type\":\"ImageObject\",\"inLanguage\":\"pt-BR\",\"@id\":\"https:\\\/\\\/consolar.org\\\/?p=594#primaryimage\",\"url\":\"https:\\\/\\\/consolar.org\\\/wp-content\\\/uploads\\\/2008\\\/11\\\/letras.jpg\",\"contentUrl\":\"https:\\\/\\\/consolar.org\\\/wp-content\\\/uploads\\\/2008\\\/11\\\/letras.jpg\",\"width\":1200,\"height\":515},{\"@type\":\"BreadcrumbList\",\"@id\":\"https:\\\/\\\/consolar.org\\\/?p=594#breadcrumb\",\"itemListElement\":[{\"@type\":\"ListItem\",\"position\":1,\"name\":\"In\u00edcio\",\"item\":\"https:\\\/\\\/consolar.org\\\/\"},{\"@type\":\"ListItem\",\"position\":2,\"name\":\"Letras\"}]},{\"@type\":\"WebSite\",\"@id\":\"https:\\\/\\\/consolar.org\\\/#website\",\"url\":\"https:\\\/\\\/consolar.org\\\/\",\"name\":\"Consolar.org\",\"description\":\"Mensagens de conforto e esperan\u00e7a para cora\u00e7\u00f5es que precisam de paz.\",\"publisher\":{\"@id\":\"https:\\\/\\\/consolar.org\\\/#organization\"},\"potentialAction\":[{\"@type\":\"SearchAction\",\"target\":{\"@type\":\"EntryPoint\",\"urlTemplate\":\"https:\\\/\\\/consolar.org\\\/?s={search_term_string}\"},\"query-input\":{\"@type\":\"PropertyValueSpecification\",\"valueRequired\":true,\"valueName\":\"search_term_string\"}}],\"inLanguage\":\"pt-BR\"},{\"@type\":\"Organization\",\"@id\":\"https:\\\/\\\/consolar.org\\\/#organization\",\"name\":\"Consolar.org\",\"url\":\"https:\\\/\\\/consolar.org\\\/\",\"logo\":{\"@type\":\"ImageObject\",\"inLanguage\":\"pt-BR\",\"@id\":\"https:\\\/\\\/consolar.org\\\/#\\\/schema\\\/logo\\\/image\\\/\",\"url\":\"https:\\\/\\\/consolar.org\\\/wp-content\\\/uploads\\\/2026\\\/02\\\/cropped-logonovo03-small.png\",\"contentUrl\":\"https:\\\/\\\/consolar.org\\\/wp-content\\\/uploads\\\/2026\\\/02\\\/cropped-logonovo03-small.png\",\"width\":280,\"height\":142,\"caption\":\"Consolar.org\"},\"image\":{\"@id\":\"https:\\\/\\\/consolar.org\\\/#\\\/schema\\\/logo\\\/image\\\/\"},\"sameAs\":[\"https:\\\/\\\/www.facebook.com\\\/consolar\"]},{\"@type\":\"Person\",\"@id\":\"https:\\\/\\\/consolar.org\\\/#\\\/schema\\\/person\\\/635d5bf6efb86fc008d03ec2c072c083\",\"name\":\"Luiz Guilherme de Freitas\",\"image\":{\"@type\":\"ImageObject\",\"inLanguage\":\"pt-BR\",\"@id\":\"https:\\\/\\\/secure.gravatar.com\\\/avatar\\\/fdd778759b54be5a08169f902f9b2202d04b69d9f2277951a3b2cb5995d3380c?s=96&d=blank&r=g\",\"url\":\"https:\\\/\\\/secure.gravatar.com\\\/avatar\\\/fdd778759b54be5a08169f902f9b2202d04b69d9f2277951a3b2cb5995d3380c?s=96&d=blank&r=g\",\"contentUrl\":\"https:\\\/\\\/secure.gravatar.com\\\/avatar\\\/fdd778759b54be5a08169f902f9b2202d04b69d9f2277951a3b2cb5995d3380c?s=96&d=blank&r=g\",\"caption\":\"Luiz Guilherme de Freitas\"},\"description\":\"Ipsum Lorem\",\"url\":\"https:\\\/\\\/consolar.org\\\/?author=3\"}]}<\/script>\n<!-- \/ Yoast SEO Premium plugin. -->","yoast_head_json":{"title":"Letras - Consolar.org","robots":{"index":"index","follow":"follow","max-snippet":"max-snippet:-1","max-image-preview":"max-image-preview:large","max-video-preview":"max-video-preview:-1"},"canonical":"https:\/\/consolar.org\/?p=594","og_locale":"pt_BR","og_type":"article","og_title":"Letras","og_description":"\u00c0s vezes nos perguntamos: Ser\u00e1 que Deus me ama? A resposta \u00e9 \u00fanica: Sim! Mesmo que voc\u00ea tenha pecado, tenha errado, Deus te ama! Ele te quer e se voc\u00ea est\u00e1 arrependido, se voc\u00ea est\u00e1 passando por lutas ele te quer e ele quer limpar as suas l\u00e1grimas, ele quer ser o seu Deus seu &hellip; Continue lendo&hellip; &rarr;","og_url":"https:\/\/consolar.org\/?p=594","og_site_name":"Consolar.org","article_publisher":"https:\/\/www.facebook.com\/consolar","article_published_time":"2008-11-19T03:00:00+00:00","article_modified_time":"2026-03-12T03:53:16+00:00","og_image":[{"width":1200,"height":515,"url":"https:\/\/consolar.org\/wp-content\/uploads\/2008\/11\/letras.jpg","type":"image\/jpeg"}],"author":"Luiz Guilherme de Freitas","twitter_card":"summary_large_image","twitter_misc":{"Escrito por":"Luiz Guilherme de Freitas","Est. tempo de leitura":"3 minutos"},"schema":{"@context":"https:\/\/schema.org","@graph":[{"@type":"Article","@id":"https:\/\/consolar.org\/?p=594#article","isPartOf":{"@id":"https:\/\/consolar.org\/?p=594"},"author":{"name":"Luiz Guilherme de Freitas","@id":"https:\/\/consolar.org\/#\/schema\/person\/635d5bf6efb86fc008d03ec2c072c083"},"headline":"Letras","datePublished":"2008-11-19T03:00:00+00:00","dateModified":"2026-03-12T03:53:16+00:00","mainEntityOfPage":{"@id":"https:\/\/consolar.org\/?p=594"},"wordCount":521,"publisher":{"@id":"https:\/\/consolar.org\/#organization"},"image":{"@id":"https:\/\/consolar.org\/?p=594#primaryimage"},"thumbnailUrl":"https:\/\/consolar.org\/wp-content\/uploads\/2008\/11\/letras.jpg","articleSection":["Uncategorized"],"inLanguage":"pt-BR"},{"@type":"WebPage","@id":"https:\/\/consolar.org\/?p=594","url":"https:\/\/consolar.org\/?p=594","name":"Letras - Consolar.org","isPartOf":{"@id":"https:\/\/consolar.org\/#website"},"primaryImageOfPage":{"@id":"https:\/\/consolar.org\/?p=594#primaryimage"},"image":{"@id":"https:\/\/consolar.org\/?p=594#primaryimage"},"thumbnailUrl":"https:\/\/consolar.org\/wp-content\/uploads\/2008\/11\/letras.jpg","datePublished":"2008-11-19T03:00:00+00:00","dateModified":"2026-03-12T03:53:16+00:00","breadcrumb":{"@id":"https:\/\/consolar.org\/?p=594#breadcrumb"},"inLanguage":"pt-BR","potentialAction":[{"@type":"ReadAction","target":["https:\/\/consolar.org\/?p=594"]}]},{"@type":"ImageObject","inLanguage":"pt-BR","@id":"https:\/\/consolar.org\/?p=594#primaryimage","url":"https:\/\/consolar.org\/wp-content\/uploads\/2008\/11\/letras.jpg","contentUrl":"https:\/\/consolar.org\/wp-content\/uploads\/2008\/11\/letras.jpg","width":1200,"height":515},{"@type":"BreadcrumbList","@id":"https:\/\/consolar.org\/?p=594#breadcrumb","itemListElement":[{"@type":"ListItem","position":1,"name":"In\u00edcio","item":"https:\/\/consolar.org\/"},{"@type":"ListItem","position":2,"name":"Letras"}]},{"@type":"WebSite","@id":"https:\/\/consolar.org\/#website","url":"https:\/\/consolar.org\/","name":"Consolar.org","description":"Mensagens de conforto e esperan\u00e7a para cora\u00e7\u00f5es que precisam de paz.","publisher":{"@id":"https:\/\/consolar.org\/#organization"},"potentialAction":[{"@type":"SearchAction","target":{"@type":"EntryPoint","urlTemplate":"https:\/\/consolar.org\/?s={search_term_string}"},"query-input":{"@type":"PropertyValueSpecification","valueRequired":true,"valueName":"search_term_string"}}],"inLanguage":"pt-BR"},{"@type":"Organization","@id":"https:\/\/consolar.org\/#organization","name":"Consolar.org","url":"https:\/\/consolar.org\/","logo":{"@type":"ImageObject","inLanguage":"pt-BR","@id":"https:\/\/consolar.org\/#\/schema\/logo\/image\/","url":"https:\/\/consolar.org\/wp-content\/uploads\/2026\/02\/cropped-logonovo03-small.png","contentUrl":"https:\/\/consolar.org\/wp-content\/uploads\/2026\/02\/cropped-logonovo03-small.png","width":280,"height":142,"caption":"Consolar.org"},"image":{"@id":"https:\/\/consolar.org\/#\/schema\/logo\/image\/"},"sameAs":["https:\/\/www.facebook.com\/consolar"]},{"@type":"Person","@id":"https:\/\/consolar.org\/#\/schema\/person\/635d5bf6efb86fc008d03ec2c072c083","name":"Luiz Guilherme de Freitas","image":{"@type":"ImageObject","inLanguage":"pt-BR","@id":"https:\/\/secure.gravatar.com\/avatar\/fdd778759b54be5a08169f902f9b2202d04b69d9f2277951a3b2cb5995d3380c?s=96&d=blank&r=g","url":"https:\/\/secure.gravatar.com\/avatar\/fdd778759b54be5a08169f902f9b2202d04b69d9f2277951a3b2cb5995d3380c?s=96&d=blank&r=g","contentUrl":"https:\/\/secure.gravatar.com\/avatar\/fdd778759b54be5a08169f902f9b2202d04b69d9f2277951a3b2cb5995d3380c?s=96&d=blank&r=g","caption":"Luiz Guilherme de Freitas"},"description":"Ipsum Lorem","url":"https:\/\/consolar.org\/?author=3"}]}},"_links":{"self":[{"href":"https:\/\/consolar.org\/index.php?rest_route=\/wp\/v2\/posts\/594","targetHints":{"allow":["GET"]}}],"collection":[{"href":"https:\/\/consolar.org\/index.php?rest_route=\/wp\/v2\/posts"}],"about":[{"href":"https:\/\/consolar.org\/index.php?rest_route=\/wp\/v2\/types\/post"}],"author":[{"embeddable":true,"href":"https:\/\/consolar.org\/index.php?rest_route=\/wp\/v2\/users\/3"}],"replies":[{"embeddable":true,"href":"https:\/\/consolar.org\/index.php?rest_route=%2Fwp%2Fv2%2Fcomments&post=594"}],"version-history":[{"count":1,"href":"https:\/\/consolar.org\/index.php?rest_route=\/wp\/v2\/posts\/594\/revisions"}],"predecessor-version":[{"id":1209,"href":"https:\/\/consolar.org\/index.php?rest_route=\/wp\/v2\/posts\/594\/revisions\/1209"}],"wp:featuredmedia":[{"embeddable":true,"href":"https:\/\/consolar.org\/index.php?rest_route=\/wp\/v2\/media\/1208"}],"wp:attachment":[{"href":"https:\/\/consolar.org\/index.php?rest_route=%2Fwp%2Fv2%2Fmedia&parent=594"}],"wp:term":[{"taxonomy":"category","embeddable":true,"href":"https:\/\/consolar.org\/index.php?rest_route=%2Fwp%2Fv2%2Fcategories&post=594"},{"taxonomy":"post_tag","embeddable":true,"href":"https:\/\/consolar.org\/index.php?rest_route=%2Fwp%2Fv2%2Ftags&post=594"}],"curies":[{"name":"wp","href":"https:\/\/api.w.org\/{rel}","templated":true}]}}