{"id":584,"date":"2010-01-29T00:00:00","date_gmt":"2010-01-29T03:00:00","guid":{"rendered":"https:\/\/consolar.org\/2010\/01\/29\/eu-presto-atencao-no-que-eles-dizem-mas-eles-nao-dizem-nada\/"},"modified":"2023-09-15T16:12:52","modified_gmt":"2023-09-15T19:12:52","slug":"eu-presto-atencao-no-que-eles-dizem-mas-eles-nao-dizem-nada","status":"publish","type":"post","link":"https:\/\/consolar.org\/?p=584","title":{"rendered":"Eu Presto Aten\u00e7\u00e3o No Que Eles Dizem, Mas Eles N\u00e3o Dizem Nada"},"content":{"rendered":"<p>&#8220;Sabe, por\u00e9m, isto: que nos \u00c3\u00baltimos dias sobrevir\u00e3o tempos trabalhosos. Porque haver\u00e1 homens amantes de si mesmos, avarentos, presun\u00e7osos, soberbos, blasfemos, desobedientes a pais e m\u00e3es, ingratos, profanos, Sem afeto natural, irreconcili\u00e1veis, caluniadores, incontinentes, cru\u00e9is, sem amor para com os bons, Traidores, obstinados, orgulhosos, mais amigos dos deleites do que amigos de Deus, Tendo apar\u00eancia de piedade, mas negando a efic\u00e1cia dela. Destes afasta-te. Tu, por\u00e9m, tens seguido a minha doutrina, modo de viver, inten\u00e7\u00e3o, f\u00e9, longanimidade, amor, paci\u00eancia, Persegui\u00e7\u00f5es e afli\u00e7\u00f5es, tais quais me aconteceram em Antioquia, em Ic\u00f4nio, e em Listra; quantas persegui\u00e7\u00f5es sofri, e o Senhor de todas me livrou; E tamb\u00e9m todos os que piamente querem viver em Cristo Jesus padecer\u00e3o persegui\u00e7\u00f5es&#8221; (II Tim\u00f3teo 3.1-6;10-12). Queria falar contigo. Sim, contigo que diz ser crist\u00e3o. Este texto da Carta a Tim\u00f3teo escrita pelo ap\u00f3stolo Paulo evidencia uma verdade para futuros tempos daquele tempo. Paulo, afirma que haver\u00e1 uma \u00e9poca que &#8220;crist\u00e3os&#8221; ter\u00e3o apar\u00eancia de homens piedosos, entretanto, ser\u00e3o trai\u00e7oeiros e orgulhosos amigos do que n\u00e3o agrada a Deus. N\u00e3o tenham d\u00c3\u00bavidas ao ler este texto da B\u00edblia. Paulo n\u00e3o falava &#8220;do&#8221; e &#8220;para&#8221; os que n\u00e3o se dizem crist\u00e3os, ele falava e fala para mim e para voc\u00ea, de mim e de voc\u00ea. H\u00e1 muita gente abrindo a bocarra e dizendo muitas coisas de apar\u00eancia boa e perfeita. Uma musica dos idos dos anos 80, dizia que prestamos a aten\u00e7\u00e3o no que os pol\u00edticos dizem, mas eles n\u00e3o dizem nada. H\u00e1 muita gente procurando ajuda em crist\u00e3os que discursam, discursam, discursam e n\u00e3o dizem nada. Homens de tal modo orgulhosos e encantados pelos apelos de poder e de honra deste mundo que n\u00e3o permitem mais que a piedade, o amor, a miseric\u00f3rdia, o modo de viver puro e a paci\u00eancia construam um ambiente justo e perfeito. Pior do que isso \u00e9 tomar a decis\u00e3o de se afastar da comunh\u00e3o, do amor, da solidariedade, da Igreja e de Jesus, baseadas em experi\u00eancias pessoais decepcionantes, em afli\u00e7\u00f5es oriundas de encontros com homens &#8220;lobos&#8221; vestidos em pele de cordeiros.   N\u00e3o sei se tens passado por dificuldades e, se n\u00e3o tens encontrado respostas capazes de transformar seu choro em riso, l\u00e1grima em alegria, perda em ganho, injusti\u00e7a em caridade, morte em vida. Quero declarar a todos, que de ningu\u00e9m, de absolutamente ningu\u00e9m na terra, obter\u00e1s respostas que vos tragam tremenda e necess\u00e1ria transforma\u00e7\u00e3o. Somente de Jesus, n\u00e3o de palavras, nem de atos humanos, mas somente de Jesus receber\u00e1s tamanha gra\u00e7a. Fico impactado com a quantidade de pessoas que se afastam da casa do Pai por causa de p\u00e9ssimos testemunhos de homens que se dizem religiosos, que negam a efic\u00e1cia do amor de Deus e que se prezam somente a afastar-nos dos bra\u00e7os afetuosos do Pai. Creia que h\u00e1 homens e mulheres revestidos da presen\u00e7a de Jesus em seu ser, e que podem te ajudar se estiverdes passando por afli\u00e7\u00f5es geradas pelo desconforto da aus\u00eancia de amor, pela desesperan\u00e7a, pela falta de piedade de muitos, pela dist\u00e2ncia do calor do amigo, pela persegui\u00e7\u00e3o do pecado, pela lembran\u00e7a de uma grande m\u00e1goa, pela decep\u00e7\u00e3o dolosa, pela pris\u00e3o do remorso e pela tristeza da saudade de quem um dia voc\u00ea amou. Creias que h\u00e1 ainda homens e mulheres com Cristo na boca, nos bra\u00e7os, no cora\u00e7\u00e3o, na mente, no esp\u00edrito e na vida. Gente que espera n\u00e3o os louros desta vida, mas a afli\u00e7\u00e3o deste tempo tenebroso, na confian\u00e7a que Deus \u00e9 por n\u00f3s. Homens e mulheres que servem a Deus n\u00e3o para receberem, mas para viverem em Cristo Jesus, que morreu por mim e por voc\u00ea. Sem soberba, sem orgulho, sem amor pelas coisas in\u00c3\u00bateis, sem correr atr\u00e1s do vento, sem interesses escondidos atr\u00e1s de m\u00e1scaras religiosas.  Gente perseguida pelo mal que h\u00e1 neste mundo tenebroso, e que tem algo a dizer. N\u00e3o sabemos se isso far\u00e1 diferen\u00e7a para voc\u00ea, mas n\u00f3s do Consolar.org temos algo para te dizer nestes \u00c3\u00baltimos e presentes dias, PRESTEM ATEN\u00c3\u0087\u00c3\u0083O: &#8220;N\u00f3s te amamos no amor de Jesus!&#8221; Orem por n\u00f3s! Precisamos de suas ora\u00e7\u00f5es! Contem conosco. Amamos-vos demais e nem por um dia sequer esquecemos-nos de v\u00f3s. No mundo tereis afli\u00e7\u00f5es, mas tende bom \u00e2nimo, Jesus venceu o mundo, Jesus venceu a morte. Jesus me venceu. Deus os aben\u00e7oe.<\/p>\n","protected":false},"excerpt":{"rendered":"<p>&#8220;Sabe, por\u00e9m, isto: que nos \u00c3\u00baltimos dias sobrevir\u00e3o tempos trabalhosos. Porque haver\u00e1 homens amantes de si mesmos, avarentos, presun\u00e7osos, soberbos, blasfemos, desobedientes a pais e m\u00e3es, ingratos, profanos, Sem afeto natural, irreconcili\u00e1veis, caluniadores, incontinentes, cru\u00e9is, sem amor para com os bons, Traidores, obstinados, orgulhosos, mais amigos dos deleites do que amigos de Deus, Tendo apar\u00eancia <a class=\"more-link\" href=\"https:\/\/consolar.org\/?p=584\">&hellip; Continue lendo&hellip; &rarr;<\/a><\/p>\n","protected":false},"author":2,"featured_media":0,"comment_status":"closed","ping_status":"closed","sticky":false,"template":"","format":"standard","meta":{"_ayudawp_aiss_exclude":false,"footnotes":"","_wpscppro_dont_share_socialmedia":false,"_wpscppro_custom_social_share_image":0,"_facebook_share_type":"","_twitter_share_type":"","_linkedin_share_type":"","_pinterest_share_type":"","_linkedin_share_type_page":"","_instagram_share_type":"","_medium_share_type":"","_threads_share_type":"","_google_business_share_type":"","_selected_social_profile":[],"_wpsp_enable_custom_social_template":false,"_wpsp_social_scheduling":{"enabled":false,"datetime":null,"platforms":[],"status":"template_only","dateOption":"today","timeOption":"now","customDays":"","customHours":"","customDate":"","customTime":"","schedulingType":"absolute"},"_wpsp_active_default_template":true},"categories":[1],"tags":[],"class_list":["post-584","post","type-post","status-publish","format-standard","hentry","category-uncategorized"],"yoast_head":"<!-- This site is optimized with the Yoast SEO Premium plugin v27.3 (Yoast SEO v27.5) - https:\/\/yoast.com\/product\/yoast-seo-premium-wordpress\/ -->\n<title>Eu Presto Aten\u00e7\u00e3o No Que Eles Dizem, Mas Eles N\u00e3o Dizem Nada - Consolar.org<\/title>\n<meta name=\"robots\" content=\"index, follow, max-snippet:-1, max-image-preview:large, max-video-preview:-1\" \/>\n<link rel=\"canonical\" href=\"https:\/\/consolar.org\/?p=584\" \/>\n<meta property=\"og:locale\" content=\"pt_BR\" \/>\n<meta property=\"og:type\" content=\"article\" \/>\n<meta property=\"og:title\" content=\"Eu Presto Aten\u00e7\u00e3o No Que Eles Dizem, Mas Eles N\u00e3o Dizem Nada\" \/>\n<meta property=\"og:description\" content=\"&#8220;Sabe, por\u00e9m, isto: que nos \u00c3\u00baltimos dias sobrevir\u00e3o tempos trabalhosos. Porque haver\u00e1 homens amantes de si mesmos, avarentos, presun\u00e7osos, soberbos, blasfemos, desobedientes a pais e m\u00e3es, ingratos, profanos, Sem afeto natural, irreconcili\u00e1veis, caluniadores, incontinentes, cru\u00e9is, sem amor para com os bons, Traidores, obstinados, orgulhosos, mais amigos dos deleites do que amigos de Deus, Tendo apar\u00eancia &hellip; Continue lendo&hellip; &rarr;\" \/>\n<meta property=\"og:url\" content=\"https:\/\/consolar.org\/?p=584\" \/>\n<meta property=\"og:site_name\" content=\"Consolar.org\" \/>\n<meta property=\"article:publisher\" content=\"https:\/\/www.facebook.com\/consolar\" \/>\n<meta property=\"article:published_time\" content=\"2010-01-29T03:00:00+00:00\" \/>\n<meta property=\"article:modified_time\" content=\"2023-09-15T19:12:52+00:00\" \/>\n<meta name=\"author\" content=\"Pr Luiz Rubem de Freitas\" \/>\n<meta name=\"twitter:card\" content=\"summary_large_image\" \/>\n<meta name=\"twitter:label1\" content=\"Escrito por\" \/>\n\t<meta name=\"twitter:data1\" content=\"Pr Luiz Rubem de Freitas\" \/>\n\t<meta name=\"twitter:label2\" content=\"Est. tempo de leitura\" \/>\n\t<meta name=\"twitter:data2\" content=\"4 minutos\" \/>\n<script type=\"application\/ld+json\" class=\"yoast-schema-graph\">{\"@context\":\"https:\\\/\\\/schema.org\",\"@graph\":[{\"@type\":\"Article\",\"@id\":\"https:\\\/\\\/consolar.org\\\/?p=584#article\",\"isPartOf\":{\"@id\":\"https:\\\/\\\/consolar.org\\\/?p=584\"},\"author\":{\"name\":\"Pr Luiz Rubem de Freitas\",\"@id\":\"https:\\\/\\\/consolar.org\\\/#\\\/schema\\\/person\\\/7b36e38187f2475e58065af654682d5d\"},\"headline\":\"Eu Presto Aten\u00e7\u00e3o No Que Eles Dizem, Mas Eles N\u00e3o Dizem Nada\",\"datePublished\":\"2010-01-29T03:00:00+00:00\",\"dateModified\":\"2023-09-15T19:12:52+00:00\",\"mainEntityOfPage\":{\"@id\":\"https:\\\/\\\/consolar.org\\\/?p=584\"},\"wordCount\":809,\"publisher\":{\"@id\":\"https:\\\/\\\/consolar.org\\\/#organization\"},\"articleSection\":[\"Uncategorized\"],\"inLanguage\":\"pt-BR\"},{\"@type\":\"WebPage\",\"@id\":\"https:\\\/\\\/consolar.org\\\/?p=584\",\"url\":\"https:\\\/\\\/consolar.org\\\/?p=584\",\"name\":\"Eu Presto Aten\u00e7\u00e3o No Que Eles Dizem, Mas Eles N\u00e3o Dizem Nada - Consolar.org\",\"isPartOf\":{\"@id\":\"https:\\\/\\\/consolar.org\\\/#website\"},\"datePublished\":\"2010-01-29T03:00:00+00:00\",\"dateModified\":\"2023-09-15T19:12:52+00:00\",\"breadcrumb\":{\"@id\":\"https:\\\/\\\/consolar.org\\\/?p=584#breadcrumb\"},\"inLanguage\":\"pt-BR\",\"potentialAction\":[{\"@type\":\"ReadAction\",\"target\":[\"https:\\\/\\\/consolar.org\\\/?p=584\"]}]},{\"@type\":\"BreadcrumbList\",\"@id\":\"https:\\\/\\\/consolar.org\\\/?p=584#breadcrumb\",\"itemListElement\":[{\"@type\":\"ListItem\",\"position\":1,\"name\":\"In\u00edcio\",\"item\":\"https:\\\/\\\/consolar.org\\\/\"},{\"@type\":\"ListItem\",\"position\":2,\"name\":\"Eu Presto Aten\u00e7\u00e3o No Que Eles Dizem, Mas Eles N\u00e3o Dizem Nada\"}]},{\"@type\":\"WebSite\",\"@id\":\"https:\\\/\\\/consolar.org\\\/#website\",\"url\":\"https:\\\/\\\/consolar.org\\\/\",\"name\":\"Consolar.org\",\"description\":\"Mensagens de conforto e esperan\u00e7a para cora\u00e7\u00f5es que precisam de paz.\",\"publisher\":{\"@id\":\"https:\\\/\\\/consolar.org\\\/#organization\"},\"potentialAction\":[{\"@type\":\"SearchAction\",\"target\":{\"@type\":\"EntryPoint\",\"urlTemplate\":\"https:\\\/\\\/consolar.org\\\/?s={search_term_string}\"},\"query-input\":{\"@type\":\"PropertyValueSpecification\",\"valueRequired\":true,\"valueName\":\"search_term_string\"}}],\"inLanguage\":\"pt-BR\"},{\"@type\":\"Organization\",\"@id\":\"https:\\\/\\\/consolar.org\\\/#organization\",\"name\":\"Consolar.org\",\"url\":\"https:\\\/\\\/consolar.org\\\/\",\"logo\":{\"@type\":\"ImageObject\",\"inLanguage\":\"pt-BR\",\"@id\":\"https:\\\/\\\/consolar.org\\\/#\\\/schema\\\/logo\\\/image\\\/\",\"url\":\"https:\\\/\\\/consolar.org\\\/wp-content\\\/uploads\\\/2026\\\/02\\\/cropped-logonovo03-small.png\",\"contentUrl\":\"https:\\\/\\\/consolar.org\\\/wp-content\\\/uploads\\\/2026\\\/02\\\/cropped-logonovo03-small.png\",\"width\":280,\"height\":142,\"caption\":\"Consolar.org\"},\"image\":{\"@id\":\"https:\\\/\\\/consolar.org\\\/#\\\/schema\\\/logo\\\/image\\\/\"},\"sameAs\":[\"https:\\\/\\\/www.facebook.com\\\/consolar\"]},{\"@type\":\"Person\",\"@id\":\"https:\\\/\\\/consolar.org\\\/#\\\/schema\\\/person\\\/7b36e38187f2475e58065af654682d5d\",\"name\":\"Pr Luiz Rubem de Freitas\",\"image\":{\"@type\":\"ImageObject\",\"inLanguage\":\"pt-BR\",\"@id\":\"https:\\\/\\\/secure.gravatar.com\\\/avatar\\\/fd59dc00fc4178aa1e085bf491d394e3f72afcd9b1944348dfcec2bbecdc5761?s=96&d=blank&r=g\",\"url\":\"https:\\\/\\\/secure.gravatar.com\\\/avatar\\\/fd59dc00fc4178aa1e085bf491d394e3f72afcd9b1944348dfcec2bbecdc5761?s=96&d=blank&r=g\",\"contentUrl\":\"https:\\\/\\\/secure.gravatar.com\\\/avatar\\\/fd59dc00fc4178aa1e085bf491d394e3f72afcd9b1944348dfcec2bbecdc5761?s=96&d=blank&r=g\",\"caption\":\"Pr Luiz Rubem de Freitas\"},\"url\":\"https:\\\/\\\/consolar.org\\\/?author=2\"}]}<\/script>\n<!-- \/ Yoast SEO Premium plugin. -->","yoast_head_json":{"title":"Eu Presto Aten\u00e7\u00e3o No Que Eles Dizem, Mas Eles N\u00e3o Dizem Nada - Consolar.org","robots":{"index":"index","follow":"follow","max-snippet":"max-snippet:-1","max-image-preview":"max-image-preview:large","max-video-preview":"max-video-preview:-1"},"canonical":"https:\/\/consolar.org\/?p=584","og_locale":"pt_BR","og_type":"article","og_title":"Eu Presto Aten\u00e7\u00e3o No Que Eles Dizem, Mas Eles N\u00e3o Dizem Nada","og_description":"&#8220;Sabe, por\u00e9m, isto: que nos \u00c3\u00baltimos dias sobrevir\u00e3o tempos trabalhosos. Porque haver\u00e1 homens amantes de si mesmos, avarentos, presun\u00e7osos, soberbos, blasfemos, desobedientes a pais e m\u00e3es, ingratos, profanos, Sem afeto natural, irreconcili\u00e1veis, caluniadores, incontinentes, cru\u00e9is, sem amor para com os bons, Traidores, obstinados, orgulhosos, mais amigos dos deleites do que amigos de Deus, Tendo apar\u00eancia &hellip; Continue lendo&hellip; &rarr;","og_url":"https:\/\/consolar.org\/?p=584","og_site_name":"Consolar.org","article_publisher":"https:\/\/www.facebook.com\/consolar","article_published_time":"2010-01-29T03:00:00+00:00","article_modified_time":"2023-09-15T19:12:52+00:00","author":"Pr Luiz Rubem de Freitas","twitter_card":"summary_large_image","twitter_misc":{"Escrito por":"Pr Luiz Rubem de Freitas","Est. tempo de leitura":"4 minutos"},"schema":{"@context":"https:\/\/schema.org","@graph":[{"@type":"Article","@id":"https:\/\/consolar.org\/?p=584#article","isPartOf":{"@id":"https:\/\/consolar.org\/?p=584"},"author":{"name":"Pr Luiz Rubem de Freitas","@id":"https:\/\/consolar.org\/#\/schema\/person\/7b36e38187f2475e58065af654682d5d"},"headline":"Eu Presto Aten\u00e7\u00e3o No Que Eles Dizem, Mas Eles N\u00e3o Dizem Nada","datePublished":"2010-01-29T03:00:00+00:00","dateModified":"2023-09-15T19:12:52+00:00","mainEntityOfPage":{"@id":"https:\/\/consolar.org\/?p=584"},"wordCount":809,"publisher":{"@id":"https:\/\/consolar.org\/#organization"},"articleSection":["Uncategorized"],"inLanguage":"pt-BR"},{"@type":"WebPage","@id":"https:\/\/consolar.org\/?p=584","url":"https:\/\/consolar.org\/?p=584","name":"Eu Presto Aten\u00e7\u00e3o No Que Eles Dizem, Mas Eles N\u00e3o Dizem Nada - Consolar.org","isPartOf":{"@id":"https:\/\/consolar.org\/#website"},"datePublished":"2010-01-29T03:00:00+00:00","dateModified":"2023-09-15T19:12:52+00:00","breadcrumb":{"@id":"https:\/\/consolar.org\/?p=584#breadcrumb"},"inLanguage":"pt-BR","potentialAction":[{"@type":"ReadAction","target":["https:\/\/consolar.org\/?p=584"]}]},{"@type":"BreadcrumbList","@id":"https:\/\/consolar.org\/?p=584#breadcrumb","itemListElement":[{"@type":"ListItem","position":1,"name":"In\u00edcio","item":"https:\/\/consolar.org\/"},{"@type":"ListItem","position":2,"name":"Eu Presto Aten\u00e7\u00e3o No Que Eles Dizem, Mas Eles N\u00e3o Dizem Nada"}]},{"@type":"WebSite","@id":"https:\/\/consolar.org\/#website","url":"https:\/\/consolar.org\/","name":"Consolar.org","description":"Mensagens de conforto e esperan\u00e7a para cora\u00e7\u00f5es que precisam de paz.","publisher":{"@id":"https:\/\/consolar.org\/#organization"},"potentialAction":[{"@type":"SearchAction","target":{"@type":"EntryPoint","urlTemplate":"https:\/\/consolar.org\/?s={search_term_string}"},"query-input":{"@type":"PropertyValueSpecification","valueRequired":true,"valueName":"search_term_string"}}],"inLanguage":"pt-BR"},{"@type":"Organization","@id":"https:\/\/consolar.org\/#organization","name":"Consolar.org","url":"https:\/\/consolar.org\/","logo":{"@type":"ImageObject","inLanguage":"pt-BR","@id":"https:\/\/consolar.org\/#\/schema\/logo\/image\/","url":"https:\/\/consolar.org\/wp-content\/uploads\/2026\/02\/cropped-logonovo03-small.png","contentUrl":"https:\/\/consolar.org\/wp-content\/uploads\/2026\/02\/cropped-logonovo03-small.png","width":280,"height":142,"caption":"Consolar.org"},"image":{"@id":"https:\/\/consolar.org\/#\/schema\/logo\/image\/"},"sameAs":["https:\/\/www.facebook.com\/consolar"]},{"@type":"Person","@id":"https:\/\/consolar.org\/#\/schema\/person\/7b36e38187f2475e58065af654682d5d","name":"Pr Luiz Rubem de Freitas","image":{"@type":"ImageObject","inLanguage":"pt-BR","@id":"https:\/\/secure.gravatar.com\/avatar\/fd59dc00fc4178aa1e085bf491d394e3f72afcd9b1944348dfcec2bbecdc5761?s=96&d=blank&r=g","url":"https:\/\/secure.gravatar.com\/avatar\/fd59dc00fc4178aa1e085bf491d394e3f72afcd9b1944348dfcec2bbecdc5761?s=96&d=blank&r=g","contentUrl":"https:\/\/secure.gravatar.com\/avatar\/fd59dc00fc4178aa1e085bf491d394e3f72afcd9b1944348dfcec2bbecdc5761?s=96&d=blank&r=g","caption":"Pr Luiz Rubem de Freitas"},"url":"https:\/\/consolar.org\/?author=2"}]}},"_links":{"self":[{"href":"https:\/\/consolar.org\/index.php?rest_route=\/wp\/v2\/posts\/584","targetHints":{"allow":["GET"]}}],"collection":[{"href":"https:\/\/consolar.org\/index.php?rest_route=\/wp\/v2\/posts"}],"about":[{"href":"https:\/\/consolar.org\/index.php?rest_route=\/wp\/v2\/types\/post"}],"author":[{"embeddable":true,"href":"https:\/\/consolar.org\/index.php?rest_route=\/wp\/v2\/users\/2"}],"replies":[{"embeddable":true,"href":"https:\/\/consolar.org\/index.php?rest_route=%2Fwp%2Fv2%2Fcomments&post=584"}],"version-history":[{"count":0,"href":"https:\/\/consolar.org\/index.php?rest_route=\/wp\/v2\/posts\/584\/revisions"}],"wp:attachment":[{"href":"https:\/\/consolar.org\/index.php?rest_route=%2Fwp%2Fv2%2Fmedia&parent=584"}],"wp:term":[{"taxonomy":"category","embeddable":true,"href":"https:\/\/consolar.org\/index.php?rest_route=%2Fwp%2Fv2%2Fcategories&post=584"},{"taxonomy":"post_tag","embeddable":true,"href":"https:\/\/consolar.org\/index.php?rest_route=%2Fwp%2Fv2%2Ftags&post=584"}],"curies":[{"name":"wp","href":"https:\/\/api.w.org\/{rel}","templated":true}]}}