{"id":562,"date":"2012-09-02T00:00:00","date_gmt":"2012-09-02T03:00:00","guid":{"rendered":"https:\/\/consolar.org\/2012\/09\/02\/deus-esquisito\/"},"modified":"2026-02-26T15:30:11","modified_gmt":"2026-02-26T18:30:11","slug":"deus-esquisito","status":"publish","type":"post","link":"https:\/\/consolar.org\/?p=562","title":{"rendered":"Deus Esquisito"},"content":{"rendered":"\n<figure class=\"wp-block-image size-large\"><img loading=\"lazy\" decoding=\"async\" width=\"1024\" height=\"483\" src=\"https:\/\/consolar.org\/wp-content\/uploads\/2012\/09\/Deusesquisito-1024x483.jpg\" alt=\"\" class=\"wp-image-1092\" srcset=\"https:\/\/consolar.org\/wp-content\/uploads\/2012\/09\/Deusesquisito-1024x483.jpg 1024w, https:\/\/consolar.org\/wp-content\/uploads\/2012\/09\/Deusesquisito-300x142.jpg 300w, https:\/\/consolar.org\/wp-content\/uploads\/2012\/09\/Deusesquisito-768x363.jpg 768w, https:\/\/consolar.org\/wp-content\/uploads\/2012\/09\/Deusesquisito.jpg 1199w\" sizes=\"auto, (max-width: 1024px) 100vw, 1024px\" \/><\/figure>\n\n\n\n<p class=\"has-text-align-center\"><em>&#8220;O SENHOR abre os olhos aos cegos; o SENHOR levanta os abatidos; <br>o SENHOR ama os justos.&#8221; (Salmos 146.8). <\/em><\/p>\n\n\n\n<p>Estava indo ao Chile e pela primeira vez, escutei l\u00e1, que a palavra &#8220;esquisito&#8221;, na l\u00edngua espanhola significa delicioso, saboroso, algo bom e que d\u00e1 prazer. Como fomos numa excurs\u00e3o com varias pessoas cada vez que diz\u00edamos algo de alguma coisa deliciosa cham\u00e1vamos logo de esquisito. Nestes dias tenho encontrado em minhas medita\u00e7\u00f5es um Deus surpreendentemente esquisito. Infelizmente, constato que n\u00f3s n\u00e3o somos nada esquisitos. Deus sim \u00e9 um Deus tremendamente delicioso. O salmista que O conhecia bem, at\u00e9 porque era o homem cuja vida era segundo o cora\u00e7\u00e3o de Deus, assombrava o mundo dizendo coisas maravilhosas e grandiosas sobre Deus. Queria andar por alguns dias fazendo voc\u00ea pensar neste Deus esquisito. Ele n\u00e3o esquiz\u00f3ide, mas \u00e9 extremamente esquisito. <\/p>\n\n\n\n<p>No Salmos 146.8 o Salmista afirma: &#8220;O Senhor abre os olhos aos cegos&#8221;. Nunca vivi a escurid\u00e3o da cegueira. Mas, j\u00e1 vivi a escuridade do pecado. Escuridade \u00e9 a qualidade daquilo que \u00e9 escuro, \u00e9 a falta, total aus\u00eancia da luz. Pecado \u00e9 errar o alvo. N\u00e3o \u00e9 s\u00f3 fazer algo errado, \u00e9 ser conduzido pelo cora\u00e7\u00e3o sem luz. Estou falando sim de gente que desistiu, que anda sem esperan\u00e7a, quem anda conduzido por seus pr\u00f3prios desejos, quem promove a disc\u00f3rdia, quem tem seus olhos voltados para si mesmo, quem somente quer ter e nunca quer ser, quem \u00e9 ego\u00edsta, quem n\u00e3o ama a Deus, que n\u00e3o \u00e9 &#8220;esquisito&#8221;. N\u00e3o por acaso todos n\u00f3s por causa dos nossos pecados viv\u00edamos em escurid\u00e3o profunda e tom\u00e1vamos c\u00e1lices de escuridade. N\u00e3o \u00e9 a toa que muita gente desiste, se joga de pr\u00e9dios, se lan\u00e7a a beber, se desespera com perdas pequenas e min\u00facias de uma vida que \u00e9 bela, \u00e9 um sopro, uma nuvem passageira. Por causa disto, ao perder um amado ou amada, ao ficar desempregado, ao perder uma causa na justi\u00e7a, ao n\u00e3o sentir mais o respeito de todos, o senhor da escuridade v\u00ea oportunidade de conduzir estes homens e mulheres cegos \u00e0 escurid\u00e3o do desespero. <\/p>\n\n\n\n<p>Sinceramente, h\u00e1 uma alternativa para toda escurid\u00e3o que possas estar vivendo. Ele se chama Jesus! Senhor Esquisito, delicioso mesmo, que abre os olhos aos cegos na escuridade da desesperan\u00e7a, do temor, do medo e da tristeza. Este Deus faz isso por ti. Ele limpa os teus olhos, enxuga as tuas l\u00e1grimas e te cobre do seu &#8220;esquisito&#8221; amor. <\/p>\n\n\n\n<p>Minha ora\u00e7\u00e3o hoje \u00e9 que voc\u00ea se &#8220;esqusiticie&#8221;, quis dizer na verdade, que voc\u00ea se delicie do Deus que d\u00e1 vistas aos cegos. Que Ele abra meus olhos e abra os teus olhos, pois o melhor de Deus ainda est\u00e1 por vir; Veremos a Luz face a face.<\/p>\n","protected":false},"excerpt":{"rendered":"<p>&#8220;O SENHOR abre os olhos aos cegos; o SENHOR levanta os abatidos; o SENHOR ama os justos.&#8221; (Salmos 146.8). Estava indo ao Chile e pela primeira vez, escutei l\u00e1, que a palavra &#8220;esquisito&#8221;, na l\u00edngua espanhola significa delicioso, saboroso, algo bom e que d\u00e1 prazer. Como fomos numa excurs\u00e3o com varias pessoas cada vez que <a class=\"more-link\" href=\"https:\/\/consolar.org\/?p=562\">&hellip; Continue lendo&hellip; &rarr;<\/a><\/p>\n","protected":false},"author":2,"featured_media":1092,"comment_status":"closed","ping_status":"closed","sticky":false,"template":"","format":"standard","meta":{"_ayudawp_aiss_exclude":false,"footnotes":"","_wpscppro_dont_share_socialmedia":false,"_wpscppro_custom_social_share_image":0,"_facebook_share_type":"","_twitter_share_type":"","_linkedin_share_type":"","_pinterest_share_type":"","_linkedin_share_type_page":"","_instagram_share_type":"","_medium_share_type":"","_threads_share_type":"","_google_business_share_type":"","_selected_social_profile":[],"_wpsp_enable_custom_social_template":false,"_wpsp_social_scheduling":{"enabled":false,"datetime":null,"platforms":[],"status":"template_only","dateOption":"today","timeOption":"now","customDays":"","customHours":"","customDate":"","customTime":"","schedulingType":"absolute"},"_wpsp_active_default_template":true},"categories":[1],"tags":[],"class_list":["post-562","post","type-post","status-publish","format-standard","has-post-thumbnail","hentry","category-uncategorized"],"yoast_head":"<!-- This site is optimized with the Yoast SEO Premium plugin v27.3 (Yoast SEO v27.5) - https:\/\/yoast.com\/product\/yoast-seo-premium-wordpress\/ -->\n<title>Deus Esquisito - Consolar.org<\/title>\n<meta name=\"robots\" content=\"index, follow, max-snippet:-1, max-image-preview:large, max-video-preview:-1\" \/>\n<link rel=\"canonical\" href=\"https:\/\/consolar.org\/?p=562\" \/>\n<meta property=\"og:locale\" content=\"pt_BR\" \/>\n<meta property=\"og:type\" content=\"article\" \/>\n<meta property=\"og:title\" content=\"Deus Esquisito\" \/>\n<meta property=\"og:description\" content=\"&#8220;O SENHOR abre os olhos aos cegos; o SENHOR levanta os abatidos; o SENHOR ama os justos.&#8221; (Salmos 146.8). Estava indo ao Chile e pela primeira vez, escutei l\u00e1, que a palavra &#8220;esquisito&#8221;, na l\u00edngua espanhola significa delicioso, saboroso, algo bom e que d\u00e1 prazer. Como fomos numa excurs\u00e3o com varias pessoas cada vez que &hellip; Continue lendo&hellip; &rarr;\" \/>\n<meta property=\"og:url\" content=\"https:\/\/consolar.org\/?p=562\" \/>\n<meta property=\"og:site_name\" content=\"Consolar.org\" \/>\n<meta property=\"article:publisher\" content=\"https:\/\/www.facebook.com\/consolar\" \/>\n<meta property=\"article:published_time\" content=\"2012-09-02T03:00:00+00:00\" \/>\n<meta property=\"article:modified_time\" content=\"2026-02-26T18:30:11+00:00\" \/>\n<meta property=\"og:image\" content=\"https:\/\/consolar.org\/wp-content\/uploads\/2012\/09\/Deusesquisito.jpg\" \/>\n\t<meta property=\"og:image:width\" content=\"1199\" \/>\n\t<meta property=\"og:image:height\" content=\"566\" \/>\n\t<meta property=\"og:image:type\" content=\"image\/jpeg\" \/>\n<meta name=\"author\" content=\"Pr Luiz Rubem de Freitas\" \/>\n<meta name=\"twitter:card\" content=\"summary_large_image\" \/>\n<meta name=\"twitter:label1\" content=\"Escrito por\" \/>\n\t<meta name=\"twitter:data1\" content=\"Pr Luiz Rubem de Freitas\" \/>\n\t<meta name=\"twitter:label2\" content=\"Est. tempo de leitura\" \/>\n\t<meta name=\"twitter:data2\" content=\"2 minutos\" \/>\n<script type=\"application\/ld+json\" class=\"yoast-schema-graph\">{\"@context\":\"https:\\\/\\\/schema.org\",\"@graph\":[{\"@type\":\"Article\",\"@id\":\"https:\\\/\\\/consolar.org\\\/?p=562#article\",\"isPartOf\":{\"@id\":\"https:\\\/\\\/consolar.org\\\/?p=562\"},\"author\":{\"name\":\"Pr Luiz Rubem de Freitas\",\"@id\":\"https:\\\/\\\/consolar.org\\\/#\\\/schema\\\/person\\\/7b36e38187f2475e58065af654682d5d\"},\"headline\":\"Deus Esquisito\",\"datePublished\":\"2012-09-02T03:00:00+00:00\",\"dateModified\":\"2026-02-26T18:30:11+00:00\",\"mainEntityOfPage\":{\"@id\":\"https:\\\/\\\/consolar.org\\\/?p=562\"},\"wordCount\":472,\"publisher\":{\"@id\":\"https:\\\/\\\/consolar.org\\\/#organization\"},\"image\":{\"@id\":\"https:\\\/\\\/consolar.org\\\/?p=562#primaryimage\"},\"thumbnailUrl\":\"https:\\\/\\\/consolar.org\\\/wp-content\\\/uploads\\\/2012\\\/09\\\/Deusesquisito.jpg\",\"articleSection\":[\"Uncategorized\"],\"inLanguage\":\"pt-BR\"},{\"@type\":\"WebPage\",\"@id\":\"https:\\\/\\\/consolar.org\\\/?p=562\",\"url\":\"https:\\\/\\\/consolar.org\\\/?p=562\",\"name\":\"Deus Esquisito - Consolar.org\",\"isPartOf\":{\"@id\":\"https:\\\/\\\/consolar.org\\\/#website\"},\"primaryImageOfPage\":{\"@id\":\"https:\\\/\\\/consolar.org\\\/?p=562#primaryimage\"},\"image\":{\"@id\":\"https:\\\/\\\/consolar.org\\\/?p=562#primaryimage\"},\"thumbnailUrl\":\"https:\\\/\\\/consolar.org\\\/wp-content\\\/uploads\\\/2012\\\/09\\\/Deusesquisito.jpg\",\"datePublished\":\"2012-09-02T03:00:00+00:00\",\"dateModified\":\"2026-02-26T18:30:11+00:00\",\"breadcrumb\":{\"@id\":\"https:\\\/\\\/consolar.org\\\/?p=562#breadcrumb\"},\"inLanguage\":\"pt-BR\",\"potentialAction\":[{\"@type\":\"ReadAction\",\"target\":[\"https:\\\/\\\/consolar.org\\\/?p=562\"]}]},{\"@type\":\"ImageObject\",\"inLanguage\":\"pt-BR\",\"@id\":\"https:\\\/\\\/consolar.org\\\/?p=562#primaryimage\",\"url\":\"https:\\\/\\\/consolar.org\\\/wp-content\\\/uploads\\\/2012\\\/09\\\/Deusesquisito.jpg\",\"contentUrl\":\"https:\\\/\\\/consolar.org\\\/wp-content\\\/uploads\\\/2012\\\/09\\\/Deusesquisito.jpg\",\"width\":1199,\"height\":566},{\"@type\":\"BreadcrumbList\",\"@id\":\"https:\\\/\\\/consolar.org\\\/?p=562#breadcrumb\",\"itemListElement\":[{\"@type\":\"ListItem\",\"position\":1,\"name\":\"In\u00edcio\",\"item\":\"https:\\\/\\\/consolar.org\\\/\"},{\"@type\":\"ListItem\",\"position\":2,\"name\":\"Deus Esquisito\"}]},{\"@type\":\"WebSite\",\"@id\":\"https:\\\/\\\/consolar.org\\\/#website\",\"url\":\"https:\\\/\\\/consolar.org\\\/\",\"name\":\"Consolar.org\",\"description\":\"Mensagens de conforto e esperan\u00e7a para cora\u00e7\u00f5es que precisam de paz.\",\"publisher\":{\"@id\":\"https:\\\/\\\/consolar.org\\\/#organization\"},\"potentialAction\":[{\"@type\":\"SearchAction\",\"target\":{\"@type\":\"EntryPoint\",\"urlTemplate\":\"https:\\\/\\\/consolar.org\\\/?s={search_term_string}\"},\"query-input\":{\"@type\":\"PropertyValueSpecification\",\"valueRequired\":true,\"valueName\":\"search_term_string\"}}],\"inLanguage\":\"pt-BR\"},{\"@type\":\"Organization\",\"@id\":\"https:\\\/\\\/consolar.org\\\/#organization\",\"name\":\"Consolar.org\",\"url\":\"https:\\\/\\\/consolar.org\\\/\",\"logo\":{\"@type\":\"ImageObject\",\"inLanguage\":\"pt-BR\",\"@id\":\"https:\\\/\\\/consolar.org\\\/#\\\/schema\\\/logo\\\/image\\\/\",\"url\":\"https:\\\/\\\/consolar.org\\\/wp-content\\\/uploads\\\/2026\\\/02\\\/cropped-logonovo03-small.png\",\"contentUrl\":\"https:\\\/\\\/consolar.org\\\/wp-content\\\/uploads\\\/2026\\\/02\\\/cropped-logonovo03-small.png\",\"width\":280,\"height\":142,\"caption\":\"Consolar.org\"},\"image\":{\"@id\":\"https:\\\/\\\/consolar.org\\\/#\\\/schema\\\/logo\\\/image\\\/\"},\"sameAs\":[\"https:\\\/\\\/www.facebook.com\\\/consolar\"]},{\"@type\":\"Person\",\"@id\":\"https:\\\/\\\/consolar.org\\\/#\\\/schema\\\/person\\\/7b36e38187f2475e58065af654682d5d\",\"name\":\"Pr Luiz Rubem de Freitas\",\"image\":{\"@type\":\"ImageObject\",\"inLanguage\":\"pt-BR\",\"@id\":\"https:\\\/\\\/secure.gravatar.com\\\/avatar\\\/fd59dc00fc4178aa1e085bf491d394e3f72afcd9b1944348dfcec2bbecdc5761?s=96&d=blank&r=g\",\"url\":\"https:\\\/\\\/secure.gravatar.com\\\/avatar\\\/fd59dc00fc4178aa1e085bf491d394e3f72afcd9b1944348dfcec2bbecdc5761?s=96&d=blank&r=g\",\"contentUrl\":\"https:\\\/\\\/secure.gravatar.com\\\/avatar\\\/fd59dc00fc4178aa1e085bf491d394e3f72afcd9b1944348dfcec2bbecdc5761?s=96&d=blank&r=g\",\"caption\":\"Pr Luiz Rubem de Freitas\"},\"url\":\"https:\\\/\\\/consolar.org\\\/?author=2\"}]}<\/script>\n<!-- \/ Yoast SEO Premium plugin. -->","yoast_head_json":{"title":"Deus Esquisito - Consolar.org","robots":{"index":"index","follow":"follow","max-snippet":"max-snippet:-1","max-image-preview":"max-image-preview:large","max-video-preview":"max-video-preview:-1"},"canonical":"https:\/\/consolar.org\/?p=562","og_locale":"pt_BR","og_type":"article","og_title":"Deus Esquisito","og_description":"&#8220;O SENHOR abre os olhos aos cegos; o SENHOR levanta os abatidos; o SENHOR ama os justos.&#8221; (Salmos 146.8). Estava indo ao Chile e pela primeira vez, escutei l\u00e1, que a palavra &#8220;esquisito&#8221;, na l\u00edngua espanhola significa delicioso, saboroso, algo bom e que d\u00e1 prazer. Como fomos numa excurs\u00e3o com varias pessoas cada vez que &hellip; Continue lendo&hellip; &rarr;","og_url":"https:\/\/consolar.org\/?p=562","og_site_name":"Consolar.org","article_publisher":"https:\/\/www.facebook.com\/consolar","article_published_time":"2012-09-02T03:00:00+00:00","article_modified_time":"2026-02-26T18:30:11+00:00","og_image":[{"width":1199,"height":566,"url":"https:\/\/consolar.org\/wp-content\/uploads\/2012\/09\/Deusesquisito.jpg","type":"image\/jpeg"}],"author":"Pr Luiz Rubem de Freitas","twitter_card":"summary_large_image","twitter_misc":{"Escrito por":"Pr Luiz Rubem de Freitas","Est. tempo de leitura":"2 minutos"},"schema":{"@context":"https:\/\/schema.org","@graph":[{"@type":"Article","@id":"https:\/\/consolar.org\/?p=562#article","isPartOf":{"@id":"https:\/\/consolar.org\/?p=562"},"author":{"name":"Pr Luiz Rubem de Freitas","@id":"https:\/\/consolar.org\/#\/schema\/person\/7b36e38187f2475e58065af654682d5d"},"headline":"Deus Esquisito","datePublished":"2012-09-02T03:00:00+00:00","dateModified":"2026-02-26T18:30:11+00:00","mainEntityOfPage":{"@id":"https:\/\/consolar.org\/?p=562"},"wordCount":472,"publisher":{"@id":"https:\/\/consolar.org\/#organization"},"image":{"@id":"https:\/\/consolar.org\/?p=562#primaryimage"},"thumbnailUrl":"https:\/\/consolar.org\/wp-content\/uploads\/2012\/09\/Deusesquisito.jpg","articleSection":["Uncategorized"],"inLanguage":"pt-BR"},{"@type":"WebPage","@id":"https:\/\/consolar.org\/?p=562","url":"https:\/\/consolar.org\/?p=562","name":"Deus Esquisito - Consolar.org","isPartOf":{"@id":"https:\/\/consolar.org\/#website"},"primaryImageOfPage":{"@id":"https:\/\/consolar.org\/?p=562#primaryimage"},"image":{"@id":"https:\/\/consolar.org\/?p=562#primaryimage"},"thumbnailUrl":"https:\/\/consolar.org\/wp-content\/uploads\/2012\/09\/Deusesquisito.jpg","datePublished":"2012-09-02T03:00:00+00:00","dateModified":"2026-02-26T18:30:11+00:00","breadcrumb":{"@id":"https:\/\/consolar.org\/?p=562#breadcrumb"},"inLanguage":"pt-BR","potentialAction":[{"@type":"ReadAction","target":["https:\/\/consolar.org\/?p=562"]}]},{"@type":"ImageObject","inLanguage":"pt-BR","@id":"https:\/\/consolar.org\/?p=562#primaryimage","url":"https:\/\/consolar.org\/wp-content\/uploads\/2012\/09\/Deusesquisito.jpg","contentUrl":"https:\/\/consolar.org\/wp-content\/uploads\/2012\/09\/Deusesquisito.jpg","width":1199,"height":566},{"@type":"BreadcrumbList","@id":"https:\/\/consolar.org\/?p=562#breadcrumb","itemListElement":[{"@type":"ListItem","position":1,"name":"In\u00edcio","item":"https:\/\/consolar.org\/"},{"@type":"ListItem","position":2,"name":"Deus Esquisito"}]},{"@type":"WebSite","@id":"https:\/\/consolar.org\/#website","url":"https:\/\/consolar.org\/","name":"Consolar.org","description":"Mensagens de conforto e esperan\u00e7a para cora\u00e7\u00f5es que precisam de paz.","publisher":{"@id":"https:\/\/consolar.org\/#organization"},"potentialAction":[{"@type":"SearchAction","target":{"@type":"EntryPoint","urlTemplate":"https:\/\/consolar.org\/?s={search_term_string}"},"query-input":{"@type":"PropertyValueSpecification","valueRequired":true,"valueName":"search_term_string"}}],"inLanguage":"pt-BR"},{"@type":"Organization","@id":"https:\/\/consolar.org\/#organization","name":"Consolar.org","url":"https:\/\/consolar.org\/","logo":{"@type":"ImageObject","inLanguage":"pt-BR","@id":"https:\/\/consolar.org\/#\/schema\/logo\/image\/","url":"https:\/\/consolar.org\/wp-content\/uploads\/2026\/02\/cropped-logonovo03-small.png","contentUrl":"https:\/\/consolar.org\/wp-content\/uploads\/2026\/02\/cropped-logonovo03-small.png","width":280,"height":142,"caption":"Consolar.org"},"image":{"@id":"https:\/\/consolar.org\/#\/schema\/logo\/image\/"},"sameAs":["https:\/\/www.facebook.com\/consolar"]},{"@type":"Person","@id":"https:\/\/consolar.org\/#\/schema\/person\/7b36e38187f2475e58065af654682d5d","name":"Pr Luiz Rubem de Freitas","image":{"@type":"ImageObject","inLanguage":"pt-BR","@id":"https:\/\/secure.gravatar.com\/avatar\/fd59dc00fc4178aa1e085bf491d394e3f72afcd9b1944348dfcec2bbecdc5761?s=96&d=blank&r=g","url":"https:\/\/secure.gravatar.com\/avatar\/fd59dc00fc4178aa1e085bf491d394e3f72afcd9b1944348dfcec2bbecdc5761?s=96&d=blank&r=g","contentUrl":"https:\/\/secure.gravatar.com\/avatar\/fd59dc00fc4178aa1e085bf491d394e3f72afcd9b1944348dfcec2bbecdc5761?s=96&d=blank&r=g","caption":"Pr Luiz Rubem de Freitas"},"url":"https:\/\/consolar.org\/?author=2"}]}},"_links":{"self":[{"href":"https:\/\/consolar.org\/index.php?rest_route=\/wp\/v2\/posts\/562","targetHints":{"allow":["GET"]}}],"collection":[{"href":"https:\/\/consolar.org\/index.php?rest_route=\/wp\/v2\/posts"}],"about":[{"href":"https:\/\/consolar.org\/index.php?rest_route=\/wp\/v2\/types\/post"}],"author":[{"embeddable":true,"href":"https:\/\/consolar.org\/index.php?rest_route=\/wp\/v2\/users\/2"}],"replies":[{"embeddable":true,"href":"https:\/\/consolar.org\/index.php?rest_route=%2Fwp%2Fv2%2Fcomments&post=562"}],"version-history":[{"count":0,"href":"https:\/\/consolar.org\/index.php?rest_route=\/wp\/v2\/posts\/562\/revisions"}],"wp:featuredmedia":[{"embeddable":true,"href":"https:\/\/consolar.org\/index.php?rest_route=\/wp\/v2\/media\/1092"}],"wp:attachment":[{"href":"https:\/\/consolar.org\/index.php?rest_route=%2Fwp%2Fv2%2Fmedia&parent=562"}],"wp:term":[{"taxonomy":"category","embeddable":true,"href":"https:\/\/consolar.org\/index.php?rest_route=%2Fwp%2Fv2%2Fcategories&post=562"},{"taxonomy":"post_tag","embeddable":true,"href":"https:\/\/consolar.org\/index.php?rest_route=%2Fwp%2Fv2%2Ftags&post=562"}],"curies":[{"name":"wp","href":"https:\/\/api.w.org\/{rel}","templated":true}]}}