{"id":550,"date":"2011-03-03T00:00:00","date_gmt":"2011-03-03T03:00:00","guid":{"rendered":"https:\/\/consolar.org\/2011\/03\/03\/crystal-sua-vida-em-um-livro\/"},"modified":"2026-03-15T22:37:11","modified_gmt":"2026-03-16T01:37:11","slug":"crystal-sua-vida-em-um-livro","status":"publish","type":"post","link":"https:\/\/consolar.org\/?p=550","title":{"rendered":"Crystal &#8211; Sua Vida em um Livro"},"content":{"rendered":"\n<figure class=\"wp-block-image size-large\"><img loading=\"lazy\" decoding=\"async\" width=\"1024\" height=\"434\" src=\"https:\/\/consolar.org\/wp-content\/uploads\/2011\/03\/crystal01-1024x434.jpg\" alt=\"\" class=\"wp-image-1237\" srcset=\"https:\/\/consolar.org\/wp-content\/uploads\/2011\/03\/crystal01-1024x434.jpg 1024w, https:\/\/consolar.org\/wp-content\/uploads\/2011\/03\/crystal01-300x127.jpg 300w, https:\/\/consolar.org\/wp-content\/uploads\/2011\/03\/crystal01-768x326.jpg 768w, https:\/\/consolar.org\/wp-content\/uploads\/2011\/03\/crystal01.jpg 1200w\" sizes=\"auto, (max-width: 1024px) 100vw, 1024px\" \/><\/figure>\n\n\n\n<p class=\"has-text-align-center\"><em>&#8220;Todos os dias determinados para mim foram escritos <\/em><br><em>no teu livro antes de qualquer deles existir&#8221; (Salmos 139:16b &#8211; NVI). <\/em><\/p>\n\n\n\n<p>&#8220;Morreu na noite desta sexta-feira (25\/02\/2011), a menina Crystal da Silva Cardoso, de um ano e dois meses. A garota havia sido resgatada pelo corpo de bombeiros ap\u00f3s ter ficado submersa por 20 minutos depois de um acidente de carro, no Recreio dos Bandeirantes. Crystal tinha sido resgatada a quatro metros de profundidade no Rio Morto e foi logo atendida pelos bombeiros. A garota foi levada para o hospital Miguel Couto, na G\u00e1vea e, desde ent\u00e3o, estava em estado grav\u00edssimo de sa\u00fade. O motorista do carro, o aposentado Moacyr dos Santos, de 52 anos, havia ingerido bebida alco\u00f3lica antes de dirigir. Sua carteira de habilita\u00e7\u00e3o estava vencida h\u00e1 oito anos. Ele ser\u00e1 indiciado por homic\u00eddio culposo&#8221; &#8211; O Rep\u00f3rter (26\/02\/2011). <\/p>\n\n\n\n<p>Ouvi falar de Crystal ao chegar em casa na quinta-feira no dia do acidente. Minha amada Vanessa comentou o caso. Eu n\u00e3o quis ver as cenas do resgate dela. Infelizmente a TV invade a casa da gente e em um momento de distra\u00e7\u00e3o dias depois a tela mostrou o resgate daquela pequena pelos bombeiros. Uma imagem que n\u00e3o me sai da mente mesmo depois de passados v\u00e1rios dias. Minha filha est\u00e1 com um ano e tr\u00eas meses e tem o mesmo corpo daquela princesa. Fiz v\u00e1rias perguntas: Como foi a vida daquela pequena? Ela foi feliz? Era saud\u00e1vel? Era amada? Sua vida deixar\u00e1 marcas assim como a sua morte? <\/p>\n\n\n\n<p>Uma das cenas mais marcantes do cinema para mim \u00e9 do filme Blade Runner quando perto de morrer o personagem relembra alguns dos momentos de sua vida e termina com a frase: &#8220;Eu vi coisas que voces n\u00e3o acreditariam [&#8230;] Todos esses momentos ficar\u00e3o perdidos no tempo, como l\u00e1grimas na chuva.&#8221;. Gosto de me lembrar das coisas que vivi. As viagens, o cuidado e o amor de meus pais, o cheiro da comida da mam\u00e3e ou de dona Dejanira que fazia um cuscuz maravilhoso, os dias em que sentamos com meu pai enquanto ele gravava nossas conversas, minha av\u00f3 que aos domingos depois do almo\u00e7o sentava conosco para contar hist\u00f3rias da B\u00edblia e pintar figuras, os dias em que vivi com os primos quando meus pais viajaram, os anos que vivi em Teresina, meus irm\u00e3os e os amigos que fiz durante a vida.<\/p>\n\n\n\n<p>Houve momentos de alegria, mas tamb\u00e9m os de tristeza e ambos marcaram minha vida. Certamente em seu tempo curto de vida a Crystal tamb\u00e9m deve ter tido momentos assim. Momentos que nos tornam \u00fanicos. Ser\u00e1 que todos esses momentos de minha vida e da vida de Crystal v\u00e3o se esvanecer? Se juntar\u00e3o \u00e0 chuva do tempo e da vida a tal ponto de serem esquecidos? Ser\u00e1 que Deus registra tudo e guarda enquanto o tempo passa e nossas vidas se v\u00e3o? Ser\u00e1 que Ele considera tudo isso? Ser\u00e1 que Deus registra com uma m\u00e3o carinhosa, cada mem\u00f3ria e sentimento rabiscado entre as paginas do tempo? Ser\u00e1 que essas mem\u00f3rias ser\u00e3o um dia lembradas? Nossas mem\u00f3rias pertencem somente a n\u00f3s, ou elas s\u00e3o t\u00e3o especiais para Deus que Ele se esmera para manter o registro de cada momento? <\/p>\n\n\n\n<p>No Salmo 139.16 n\u00f3s lemos a verdade impressionante de que cada momento de nossas vidas foram registrados por um Deus que nos conhece intimamente. <em>&#8220;Os teus olhos viram o meu embri\u00e3o; todos os dias determinados para mim foram escritos no teu livro antes de qualquer deles existir&#8221;<\/em>. Deus registrou cada momento da vida de Crystal em Seu livro. Ele fez o mesmo em rela\u00e7\u00e3o a mim e a voc\u00ea. Nossos momentos s\u00e3o preciosos para Ele. Os momentos que nos ajoelhamos em ora\u00e7\u00e3o e gritamos em louvor alegre. Os momentos de tristeza quando as l\u00e1grimas caem silenciosas e a dor \u00e9 t\u00e3o grande que n\u00e3o d\u00e1 para levantar os olhos. A alegria e a tristeza. <\/p>\n\n\n\n<p>Nenhum momento ficar\u00e1 perdido para sempre. Esses momentos que nos tornam \u00fanicos n\u00e3o ser\u00e3o esquecidos por n\u00f3s e certamente n\u00e3o ser\u00e3o pelo Deus que registrou cada momento antes mesmo de nascermos. Creio que agora Crystal est\u00e1 com Deus. Seus dias n\u00e3o foram esquecidos. Tudo foi registrado pelas m\u00e3os dEle. Vou buscar sempre me lembrar daquela princesa, mas eu posso deixar passar. Deus n\u00e3o. Certamente ela se sentou ao lado de Deus quando Ele abriu Seu livro para ler a hist\u00f3ria de Crystal, uma menina cuja vida n\u00e3o ser\u00e1 esquecida. <\/p>\n\n\n\n<p>Seus dias n\u00e3o passam despercebidos. Cada momento \u00e9 t\u00e3o importante que foi escrito pela pr\u00f3pria m\u00e3o de Deus. Seu nome est\u00e1 no livro dEle e o amor que Ele tem por voc\u00ea est\u00e1 escrito em cada p\u00e1gina de sua vida. Que durante todos os dias que lhe restam, lembre-se de Deus com a mesma paix\u00e3o com que Ele se lembra de voc\u00ea.<\/p>\n","protected":false},"excerpt":{"rendered":"<p>&#8220;Todos os dias determinados para mim foram escritos no teu livro antes de qualquer deles existir&#8221; (Salmos 139:16b &#8211; NVI). &#8220;Morreu na noite desta sexta-feira (25\/02\/2011), a menina Crystal da Silva Cardoso, de um ano e dois meses. A garota havia sido resgatada pelo corpo de bombeiros ap\u00f3s ter ficado submersa por 20 minutos depois <a class=\"more-link\" href=\"https:\/\/consolar.org\/?p=550\">&hellip; Continue lendo&hellip; &rarr;<\/a><\/p>\n","protected":false},"author":1,"featured_media":1237,"comment_status":"closed","ping_status":"closed","sticky":false,"template":"","format":"standard","meta":{"_ayudawp_aiss_exclude":false,"footnotes":"","_wpscppro_dont_share_socialmedia":false,"_wpscppro_custom_social_share_image":0,"_facebook_share_type":"","_twitter_share_type":"","_linkedin_share_type":"","_pinterest_share_type":"","_linkedin_share_type_page":"","_instagram_share_type":"","_medium_share_type":"","_threads_share_type":"","_google_business_share_type":"","_selected_social_profile":[],"_wpsp_enable_custom_social_template":false,"_wpsp_social_scheduling":{"enabled":false,"datetime":null,"platforms":[],"status":"template_only","dateOption":"today","timeOption":"now","customDays":"","customHours":"","customDate":"","customTime":"","schedulingType":"absolute"},"_wpsp_active_default_template":true},"categories":[1],"tags":[],"class_list":["post-550","post","type-post","status-publish","format-standard","has-post-thumbnail","hentry","category-uncategorized"],"yoast_head":"<!-- This site is optimized with the Yoast SEO Premium plugin v27.3 (Yoast SEO v27.5) - https:\/\/yoast.com\/product\/yoast-seo-premium-wordpress\/ -->\n<title>Crystal - Sua Vida em um Livro - Consolar.org<\/title>\n<meta name=\"robots\" content=\"index, follow, max-snippet:-1, max-image-preview:large, max-video-preview:-1\" \/>\n<link rel=\"canonical\" href=\"https:\/\/consolar.org\/?p=550\" \/>\n<meta property=\"og:locale\" content=\"pt_BR\" \/>\n<meta property=\"og:type\" content=\"article\" \/>\n<meta property=\"og:title\" content=\"Crystal - Sua Vida em um Livro\" \/>\n<meta property=\"og:description\" content=\"&#8220;Todos os dias determinados para mim foram escritos no teu livro antes de qualquer deles existir&#8221; (Salmos 139:16b &#8211; NVI). &#8220;Morreu na noite desta sexta-feira (25\/02\/2011), a menina Crystal da Silva Cardoso, de um ano e dois meses. A garota havia sido resgatada pelo corpo de bombeiros ap\u00f3s ter ficado submersa por 20 minutos depois &hellip; Continue lendo&hellip; &rarr;\" \/>\n<meta property=\"og:url\" content=\"https:\/\/consolar.org\/?p=550\" \/>\n<meta property=\"og:site_name\" content=\"Consolar.org\" \/>\n<meta property=\"article:publisher\" content=\"https:\/\/www.facebook.com\/consolar\" \/>\n<meta property=\"article:published_time\" content=\"2011-03-03T03:00:00+00:00\" \/>\n<meta property=\"article:modified_time\" content=\"2026-03-16T01:37:11+00:00\" \/>\n<meta property=\"og:image\" content=\"https:\/\/consolar.org\/wp-content\/uploads\/2011\/03\/crystal01.jpg\" \/>\n\t<meta property=\"og:image:width\" content=\"1200\" \/>\n\t<meta property=\"og:image:height\" content=\"509\" \/>\n\t<meta property=\"og:image:type\" content=\"image\/jpeg\" \/>\n<meta name=\"author\" content=\"Luiz Eduardo de Freitas\" \/>\n<meta name=\"twitter:card\" content=\"summary_large_image\" \/>\n<meta name=\"twitter:label1\" content=\"Escrito por\" \/>\n\t<meta name=\"twitter:data1\" content=\"Luiz Eduardo de Freitas\" \/>\n\t<meta name=\"twitter:label2\" content=\"Est. tempo de leitura\" \/>\n\t<meta name=\"twitter:data2\" content=\"4 minutos\" \/>\n<script type=\"application\/ld+json\" class=\"yoast-schema-graph\">{\"@context\":\"https:\\\/\\\/schema.org\",\"@graph\":[{\"@type\":\"Article\",\"@id\":\"https:\\\/\\\/consolar.org\\\/?p=550#article\",\"isPartOf\":{\"@id\":\"https:\\\/\\\/consolar.org\\\/?p=550\"},\"author\":{\"name\":\"Luiz Eduardo de Freitas\",\"@id\":\"https:\\\/\\\/consolar.org\\\/#\\\/schema\\\/person\\\/018df0c77d26ffae15541a8db82a8d29\"},\"headline\":\"Crystal &#8211; Sua Vida em um Livro\",\"datePublished\":\"2011-03-03T03:00:00+00:00\",\"dateModified\":\"2026-03-16T01:37:11+00:00\",\"mainEntityOfPage\":{\"@id\":\"https:\\\/\\\/consolar.org\\\/?p=550\"},\"wordCount\":852,\"publisher\":{\"@id\":\"https:\\\/\\\/consolar.org\\\/#organization\"},\"image\":{\"@id\":\"https:\\\/\\\/consolar.org\\\/?p=550#primaryimage\"},\"thumbnailUrl\":\"https:\\\/\\\/consolar.org\\\/wp-content\\\/uploads\\\/2011\\\/03\\\/crystal01.jpg\",\"articleSection\":[\"Uncategorized\"],\"inLanguage\":\"pt-BR\"},{\"@type\":\"WebPage\",\"@id\":\"https:\\\/\\\/consolar.org\\\/?p=550\",\"url\":\"https:\\\/\\\/consolar.org\\\/?p=550\",\"name\":\"Crystal - Sua Vida em um Livro - Consolar.org\",\"isPartOf\":{\"@id\":\"https:\\\/\\\/consolar.org\\\/#website\"},\"primaryImageOfPage\":{\"@id\":\"https:\\\/\\\/consolar.org\\\/?p=550#primaryimage\"},\"image\":{\"@id\":\"https:\\\/\\\/consolar.org\\\/?p=550#primaryimage\"},\"thumbnailUrl\":\"https:\\\/\\\/consolar.org\\\/wp-content\\\/uploads\\\/2011\\\/03\\\/crystal01.jpg\",\"datePublished\":\"2011-03-03T03:00:00+00:00\",\"dateModified\":\"2026-03-16T01:37:11+00:00\",\"breadcrumb\":{\"@id\":\"https:\\\/\\\/consolar.org\\\/?p=550#breadcrumb\"},\"inLanguage\":\"pt-BR\",\"potentialAction\":[{\"@type\":\"ReadAction\",\"target\":[\"https:\\\/\\\/consolar.org\\\/?p=550\"]}]},{\"@type\":\"ImageObject\",\"inLanguage\":\"pt-BR\",\"@id\":\"https:\\\/\\\/consolar.org\\\/?p=550#primaryimage\",\"url\":\"https:\\\/\\\/consolar.org\\\/wp-content\\\/uploads\\\/2011\\\/03\\\/crystal01.jpg\",\"contentUrl\":\"https:\\\/\\\/consolar.org\\\/wp-content\\\/uploads\\\/2011\\\/03\\\/crystal01.jpg\",\"width\":1200,\"height\":509},{\"@type\":\"BreadcrumbList\",\"@id\":\"https:\\\/\\\/consolar.org\\\/?p=550#breadcrumb\",\"itemListElement\":[{\"@type\":\"ListItem\",\"position\":1,\"name\":\"In\u00edcio\",\"item\":\"https:\\\/\\\/consolar.org\\\/\"},{\"@type\":\"ListItem\",\"position\":2,\"name\":\"Crystal &#8211; Sua Vida em um Livro\"}]},{\"@type\":\"WebSite\",\"@id\":\"https:\\\/\\\/consolar.org\\\/#website\",\"url\":\"https:\\\/\\\/consolar.org\\\/\",\"name\":\"Consolar.org\",\"description\":\"Mensagens de conforto e esperan\u00e7a para cora\u00e7\u00f5es que precisam de paz.\",\"publisher\":{\"@id\":\"https:\\\/\\\/consolar.org\\\/#organization\"},\"potentialAction\":[{\"@type\":\"SearchAction\",\"target\":{\"@type\":\"EntryPoint\",\"urlTemplate\":\"https:\\\/\\\/consolar.org\\\/?s={search_term_string}\"},\"query-input\":{\"@type\":\"PropertyValueSpecification\",\"valueRequired\":true,\"valueName\":\"search_term_string\"}}],\"inLanguage\":\"pt-BR\"},{\"@type\":\"Organization\",\"@id\":\"https:\\\/\\\/consolar.org\\\/#organization\",\"name\":\"Consolar.org\",\"url\":\"https:\\\/\\\/consolar.org\\\/\",\"logo\":{\"@type\":\"ImageObject\",\"inLanguage\":\"pt-BR\",\"@id\":\"https:\\\/\\\/consolar.org\\\/#\\\/schema\\\/logo\\\/image\\\/\",\"url\":\"https:\\\/\\\/consolar.org\\\/wp-content\\\/uploads\\\/2026\\\/02\\\/cropped-logonovo03-small.png\",\"contentUrl\":\"https:\\\/\\\/consolar.org\\\/wp-content\\\/uploads\\\/2026\\\/02\\\/cropped-logonovo03-small.png\",\"width\":280,\"height\":142,\"caption\":\"Consolar.org\"},\"image\":{\"@id\":\"https:\\\/\\\/consolar.org\\\/#\\\/schema\\\/logo\\\/image\\\/\"},\"sameAs\":[\"https:\\\/\\\/www.facebook.com\\\/consolar\"]},{\"@type\":\"Person\",\"@id\":\"https:\\\/\\\/consolar.org\\\/#\\\/schema\\\/person\\\/018df0c77d26ffae15541a8db82a8d29\",\"name\":\"Luiz Eduardo de Freitas\",\"image\":{\"@type\":\"ImageObject\",\"inLanguage\":\"pt-BR\",\"@id\":\"https:\\\/\\\/secure.gravatar.com\\\/avatar\\\/4f93769b3d958c559cd38414383290f7d6ab7800bf3f9a38e99e29e582b96cda?s=96&d=blank&r=g\",\"url\":\"https:\\\/\\\/secure.gravatar.com\\\/avatar\\\/4f93769b3d958c559cd38414383290f7d6ab7800bf3f9a38e99e29e582b96cda?s=96&d=blank&r=g\",\"contentUrl\":\"https:\\\/\\\/secure.gravatar.com\\\/avatar\\\/4f93769b3d958c559cd38414383290f7d6ab7800bf3f9a38e99e29e582b96cda?s=96&d=blank&r=g\",\"caption\":\"Luiz Eduardo de Freitas\"},\"description\":\"Ipsum Lorem\",\"sameAs\":[\"https:\\\/\\\/consolar.org\"],\"url\":\"https:\\\/\\\/consolar.org\\\/?author=1\"}]}<\/script>\n<!-- \/ Yoast SEO Premium plugin. -->","yoast_head_json":{"title":"Crystal - Sua Vida em um Livro - Consolar.org","robots":{"index":"index","follow":"follow","max-snippet":"max-snippet:-1","max-image-preview":"max-image-preview:large","max-video-preview":"max-video-preview:-1"},"canonical":"https:\/\/consolar.org\/?p=550","og_locale":"pt_BR","og_type":"article","og_title":"Crystal - Sua Vida em um Livro","og_description":"&#8220;Todos os dias determinados para mim foram escritos no teu livro antes de qualquer deles existir&#8221; (Salmos 139:16b &#8211; NVI). &#8220;Morreu na noite desta sexta-feira (25\/02\/2011), a menina Crystal da Silva Cardoso, de um ano e dois meses. A garota havia sido resgatada pelo corpo de bombeiros ap\u00f3s ter ficado submersa por 20 minutos depois &hellip; Continue lendo&hellip; &rarr;","og_url":"https:\/\/consolar.org\/?p=550","og_site_name":"Consolar.org","article_publisher":"https:\/\/www.facebook.com\/consolar","article_published_time":"2011-03-03T03:00:00+00:00","article_modified_time":"2026-03-16T01:37:11+00:00","og_image":[{"width":1200,"height":509,"url":"https:\/\/consolar.org\/wp-content\/uploads\/2011\/03\/crystal01.jpg","type":"image\/jpeg"}],"author":"Luiz Eduardo de Freitas","twitter_card":"summary_large_image","twitter_misc":{"Escrito por":"Luiz Eduardo de Freitas","Est. tempo de leitura":"4 minutos"},"schema":{"@context":"https:\/\/schema.org","@graph":[{"@type":"Article","@id":"https:\/\/consolar.org\/?p=550#article","isPartOf":{"@id":"https:\/\/consolar.org\/?p=550"},"author":{"name":"Luiz Eduardo de Freitas","@id":"https:\/\/consolar.org\/#\/schema\/person\/018df0c77d26ffae15541a8db82a8d29"},"headline":"Crystal &#8211; Sua Vida em um Livro","datePublished":"2011-03-03T03:00:00+00:00","dateModified":"2026-03-16T01:37:11+00:00","mainEntityOfPage":{"@id":"https:\/\/consolar.org\/?p=550"},"wordCount":852,"publisher":{"@id":"https:\/\/consolar.org\/#organization"},"image":{"@id":"https:\/\/consolar.org\/?p=550#primaryimage"},"thumbnailUrl":"https:\/\/consolar.org\/wp-content\/uploads\/2011\/03\/crystal01.jpg","articleSection":["Uncategorized"],"inLanguage":"pt-BR"},{"@type":"WebPage","@id":"https:\/\/consolar.org\/?p=550","url":"https:\/\/consolar.org\/?p=550","name":"Crystal - Sua Vida em um Livro - Consolar.org","isPartOf":{"@id":"https:\/\/consolar.org\/#website"},"primaryImageOfPage":{"@id":"https:\/\/consolar.org\/?p=550#primaryimage"},"image":{"@id":"https:\/\/consolar.org\/?p=550#primaryimage"},"thumbnailUrl":"https:\/\/consolar.org\/wp-content\/uploads\/2011\/03\/crystal01.jpg","datePublished":"2011-03-03T03:00:00+00:00","dateModified":"2026-03-16T01:37:11+00:00","breadcrumb":{"@id":"https:\/\/consolar.org\/?p=550#breadcrumb"},"inLanguage":"pt-BR","potentialAction":[{"@type":"ReadAction","target":["https:\/\/consolar.org\/?p=550"]}]},{"@type":"ImageObject","inLanguage":"pt-BR","@id":"https:\/\/consolar.org\/?p=550#primaryimage","url":"https:\/\/consolar.org\/wp-content\/uploads\/2011\/03\/crystal01.jpg","contentUrl":"https:\/\/consolar.org\/wp-content\/uploads\/2011\/03\/crystal01.jpg","width":1200,"height":509},{"@type":"BreadcrumbList","@id":"https:\/\/consolar.org\/?p=550#breadcrumb","itemListElement":[{"@type":"ListItem","position":1,"name":"In\u00edcio","item":"https:\/\/consolar.org\/"},{"@type":"ListItem","position":2,"name":"Crystal &#8211; Sua Vida em um Livro"}]},{"@type":"WebSite","@id":"https:\/\/consolar.org\/#website","url":"https:\/\/consolar.org\/","name":"Consolar.org","description":"Mensagens de conforto e esperan\u00e7a para cora\u00e7\u00f5es que precisam de paz.","publisher":{"@id":"https:\/\/consolar.org\/#organization"},"potentialAction":[{"@type":"SearchAction","target":{"@type":"EntryPoint","urlTemplate":"https:\/\/consolar.org\/?s={search_term_string}"},"query-input":{"@type":"PropertyValueSpecification","valueRequired":true,"valueName":"search_term_string"}}],"inLanguage":"pt-BR"},{"@type":"Organization","@id":"https:\/\/consolar.org\/#organization","name":"Consolar.org","url":"https:\/\/consolar.org\/","logo":{"@type":"ImageObject","inLanguage":"pt-BR","@id":"https:\/\/consolar.org\/#\/schema\/logo\/image\/","url":"https:\/\/consolar.org\/wp-content\/uploads\/2026\/02\/cropped-logonovo03-small.png","contentUrl":"https:\/\/consolar.org\/wp-content\/uploads\/2026\/02\/cropped-logonovo03-small.png","width":280,"height":142,"caption":"Consolar.org"},"image":{"@id":"https:\/\/consolar.org\/#\/schema\/logo\/image\/"},"sameAs":["https:\/\/www.facebook.com\/consolar"]},{"@type":"Person","@id":"https:\/\/consolar.org\/#\/schema\/person\/018df0c77d26ffae15541a8db82a8d29","name":"Luiz Eduardo de Freitas","image":{"@type":"ImageObject","inLanguage":"pt-BR","@id":"https:\/\/secure.gravatar.com\/avatar\/4f93769b3d958c559cd38414383290f7d6ab7800bf3f9a38e99e29e582b96cda?s=96&d=blank&r=g","url":"https:\/\/secure.gravatar.com\/avatar\/4f93769b3d958c559cd38414383290f7d6ab7800bf3f9a38e99e29e582b96cda?s=96&d=blank&r=g","contentUrl":"https:\/\/secure.gravatar.com\/avatar\/4f93769b3d958c559cd38414383290f7d6ab7800bf3f9a38e99e29e582b96cda?s=96&d=blank&r=g","caption":"Luiz Eduardo de Freitas"},"description":"Ipsum Lorem","sameAs":["https:\/\/consolar.org"],"url":"https:\/\/consolar.org\/?author=1"}]}},"_links":{"self":[{"href":"https:\/\/consolar.org\/index.php?rest_route=\/wp\/v2\/posts\/550","targetHints":{"allow":["GET"]}}],"collection":[{"href":"https:\/\/consolar.org\/index.php?rest_route=\/wp\/v2\/posts"}],"about":[{"href":"https:\/\/consolar.org\/index.php?rest_route=\/wp\/v2\/types\/post"}],"author":[{"embeddable":true,"href":"https:\/\/consolar.org\/index.php?rest_route=\/wp\/v2\/users\/1"}],"replies":[{"embeddable":true,"href":"https:\/\/consolar.org\/index.php?rest_route=%2Fwp%2Fv2%2Fcomments&post=550"}],"version-history":[{"count":2,"href":"https:\/\/consolar.org\/index.php?rest_route=\/wp\/v2\/posts\/550\/revisions"}],"predecessor-version":[{"id":1242,"href":"https:\/\/consolar.org\/index.php?rest_route=\/wp\/v2\/posts\/550\/revisions\/1242"}],"wp:featuredmedia":[{"embeddable":true,"href":"https:\/\/consolar.org\/index.php?rest_route=\/wp\/v2\/media\/1237"}],"wp:attachment":[{"href":"https:\/\/consolar.org\/index.php?rest_route=%2Fwp%2Fv2%2Fmedia&parent=550"}],"wp:term":[{"taxonomy":"category","embeddable":true,"href":"https:\/\/consolar.org\/index.php?rest_route=%2Fwp%2Fv2%2Fcategories&post=550"},{"taxonomy":"post_tag","embeddable":true,"href":"https:\/\/consolar.org\/index.php?rest_route=%2Fwp%2Fv2%2Ftags&post=550"}],"curies":[{"name":"wp","href":"https:\/\/api.w.org\/{rel}","templated":true}]}}