{"id":544,"date":"2010-10-26T00:00:00","date_gmt":"2010-10-26T03:00:00","guid":{"rendered":"https:\/\/consolar.org\/2010\/10\/26\/caminhar-com-dor\/"},"modified":"2023-09-15T16:12:50","modified_gmt":"2023-09-15T19:12:50","slug":"caminhar-com-dor","status":"publish","type":"post","link":"https:\/\/consolar.org\/?p=544","title":{"rendered":"Caminhar com Dor"},"content":{"rendered":"<p>&#8220;\u00c9 necess\u00e1rio caminhar, hoje, amanh\u00e3, e depois; porque n\u00e3o conv\u00e9m que um profeta morra fora de Jerusal\u00e9m&#8221; (Lucas 13.33).  Jesus &#8220;andou fazendo o bem&#8221;, como bem testemunha a B\u00edblia Sagrada (Atos 10.38) e, mesmo assim, enfrentou forte oposi\u00e7\u00e3o, amea\u00e7as e at\u00e9 morte. Libertando as pessoas do poder do mal e curando suas enfermidades, Ele, contudo, sabia que ao final o esperava a morte: &#8220;Eu expulso dem\u00f4nios e fa\u00e7o curas, hoje e amanh\u00e3, e no terceiro dia serei consumado&#8221; (Lucas 13.32). A hist\u00f3ria de Jesus nos ensina uma profunda verdade sobre o sofrimento e \u00e9 que os sofrimentos s\u00e3o inevit\u00e1veis e v\u00eam mesmo sobre aqueles que fazem o bem! \u00c9 verdade que precisamos ter consci\u00eancia que falamos sobre aqueles que fazem o bem em sentido relativo, mas n\u00e3o em sentido absoluto, pois a B\u00edblia ensina categoricamente que n\u00e3o h\u00e1 ser humano que fa\u00e7a o bem (de forma absoluta, Romanos 3.12) e que s\u00f3 Deus \u00e9 bom (Mateus 19.16-17). Apesar de todos os esfor\u00e7os para fazer o bem, n\u00e3o h\u00e1 imunidade contra o sofrimento. N\u00e3o h\u00e1 palavras de ordem contra o sofrimento. N\u00e3o h\u00e1 pensamento positivo, ou afirma\u00e7\u00e3o positiva contra o sofrimento. Ele vem sobre bons e maus! Diante dessa realidade incontorn\u00e1vel, a \u00c3\u00banica forma de enfrentar o sofrimento n\u00e3o \u00e9 negando-o, nem fechando os olhos para ele, fingindo que ele n\u00e3o existe. N\u00e3o enfrentamos o sofrimento nos resignando nem nos entregando a ele; muito menos sacralizando-o (afirmando p.ex.: &#8220;\u00e9 a vontade de Deus que eu sofra&#8221;). Nem desespero, nem resigna\u00e7\u00e3o, a \u00c3\u00banica forma de enfrent\u00e1-lo \u00e9 caminhando sempre, hoje, amanh\u00e3 e depois! Em \u00c3\u008axodo 13: 17, 18, 21, 22 lemos sobre a sa\u00edda do povo de Israel do Egito e a presen\u00e7a de Deus na caminhada no deserto; de dia, atrav\u00e9s de uma coluna de nuvem, para os guiar pelo caminho, e, \u00e0 noite, numa coluna de fogo, para os alumiar. O prop\u00f3sito desse cuidado especial de Deus era para que eles &#8220;caminhassem de dia e de noite&#8221; (vs. 21). A pr\u00f3pria hist\u00f3ria de Jesus testemunha essa estrat\u00e9gia de vida, pois, apesar de saber que em Jerusal\u00e9m o aguardavam a trai\u00e7\u00e3o, a nega\u00e7\u00e3o, a agonia do Gets\u00eamane e finalmente a Cruz, &#8220;Jesus percorria as cidades e os povoados, ensinando e caminhando para Jerusal\u00e9m&#8221; (Lucas 13. 22). A enigm\u00e1tica afirma\u00e7\u00e3o &#8220;n\u00e3o conv\u00e9m que um profeta morra fora de Jerusal\u00e9m&#8221; (vs. 33b) nos traz profundo ensinamento. Jesus como o profeta, porta-voz por excel\u00eancia de Deus, n\u00e3o deveria enfrentar o mart\u00edrio sen\u00e3o na cidade de Deus, na cidade santa. Com isso Ele nos ensina que o melhor lugar para enfrentar o sofrimento \u00e9 exatamente no centro da vontade de Deus, ou, na express\u00e3o da conhecida can\u00e7\u00e3o evang\u00e9lica: &#8220;o melhor lugar do mundo \u00e9 aos p\u00e9s do Salvador&#8221;. E, se o significado da palavra hebraica Ierushalem (Jerusal\u00e9m) \u00e9 mesmo &#8220;Cidade da Paz&#8221; podemos concluir que a \u00c3\u00banica forma de experimentar a paz em meio ao sofrimento \u00e9 exatamente permanecendo no centro da vontade de Deus, nas m\u00e3os de Deus. A vida tem te machucado? Voc\u00ea tem enfrentado dor? H\u00e1 ind\u00edcios que enfrentar\u00e1 dor e sofrimento no futuro? Continue a caminhar! Mesmo &#8220;mancando de dor&#8221;, continue a caminhar hoje, amanh\u00e3 e depois. Aos p\u00e9s do Salvador, nas m\u00e3os de Deus, voc\u00ea pode ter certeza que experimentar\u00e1 cuidado e for\u00e7as para continuar a caminhar e, sobretudo, ter\u00e1 paz interior! Pr. Josu\u00e9 Mello Salgado<\/p>\n","protected":false},"excerpt":{"rendered":"<p>&#8220;\u00c9 necess\u00e1rio caminhar, hoje, amanh\u00e3, e depois; porque n\u00e3o conv\u00e9m que um profeta morra fora de Jerusal\u00e9m&#8221; (Lucas 13.33). Jesus &#8220;andou fazendo o bem&#8221;, como bem testemunha a B\u00edblia Sagrada (Atos 10.38) e, mesmo assim, enfrentou forte oposi\u00e7\u00e3o, amea\u00e7as e at\u00e9 morte. Libertando as pessoas do poder do mal e curando suas enfermidades, Ele, contudo, <a class=\"more-link\" href=\"https:\/\/consolar.org\/?p=544\">&hellip; Continue lendo&hellip; &rarr;<\/a><\/p>\n","protected":false},"author":1,"featured_media":0,"comment_status":"closed","ping_status":"closed","sticky":false,"template":"","format":"standard","meta":{"_ayudawp_aiss_exclude":false,"_ayudawp_aiss_exclude_summary":false,"_ayudawp_aiss_summary":"","_ayudawp_aiss_summary_provider":"","_ayudawp_aiss_summary_hash":"","footnotes":"","_wpscppro_dont_share_socialmedia":false,"_wpscppro_custom_social_share_image":0,"_facebook_share_type":"","_twitter_share_type":"","_linkedin_share_type":"","_pinterest_share_type":"","_linkedin_share_type_page":"","_instagram_share_type":"","_medium_share_type":"","_threads_share_type":"","_google_business_share_type":"","_bluesky_share_type":"","_mastodon_share_type":"","_selected_social_profile":[],"_wpsp_enable_custom_social_template":false,"_wpsp_social_scheduling":{"enabled":false,"datetime":null,"platforms":[],"status":"template_only","dateOption":"today","timeOption":"now","customDays":"","customHours":"","customDate":"","customTime":"","schedulingType":"absolute"},"_wpsp_active_default_template":true},"categories":[1],"tags":[],"class_list":["post-544","post","type-post","status-publish","format-standard","hentry","category-uncategorized"],"yoast_head":"<!-- This site is optimized with the Yoast SEO Premium plugin v27.3 (Yoast SEO v28.3) - https:\/\/yoast.com\/product\/yoast-seo-premium-wordpress\/ -->\n<title>Caminhar com Dor - Consolar.org<\/title>\n<meta name=\"robots\" content=\"index, follow, max-snippet:-1, max-image-preview:large, max-video-preview:-1\" \/>\n<link rel=\"canonical\" href=\"https:\/\/consolar.org\/?p=544\" \/>\n<meta property=\"og:locale\" content=\"pt_BR\" \/>\n<meta property=\"og:type\" content=\"article\" \/>\n<meta property=\"og:title\" content=\"Caminhar com Dor\" \/>\n<meta property=\"og:description\" content=\"&#8220;\u00c9 necess\u00e1rio caminhar, hoje, amanh\u00e3, e depois; porque n\u00e3o conv\u00e9m que um profeta morra fora de Jerusal\u00e9m&#8221; (Lucas 13.33). Jesus &#8220;andou fazendo o bem&#8221;, como bem testemunha a B\u00edblia Sagrada (Atos 10.38) e, mesmo assim, enfrentou forte oposi\u00e7\u00e3o, amea\u00e7as e at\u00e9 morte. Libertando as pessoas do poder do mal e curando suas enfermidades, Ele, contudo, &hellip; Continue lendo&hellip; &rarr;\" \/>\n<meta property=\"og:url\" content=\"https:\/\/consolar.org\/?p=544\" \/>\n<meta property=\"og:site_name\" content=\"Consolar.org\" \/>\n<meta property=\"article:publisher\" content=\"https:\/\/www.facebook.com\/consolar\" \/>\n<meta property=\"article:published_time\" content=\"2010-10-26T03:00:00+00:00\" \/>\n<meta property=\"article:modified_time\" content=\"2023-09-15T19:12:50+00:00\" \/>\n<meta name=\"author\" content=\"Luiz Eduardo de Freitas\" \/>\n<meta name=\"twitter:card\" content=\"summary_large_image\" \/>\n<meta name=\"twitter:label1\" content=\"Escrito por\" \/>\n\t<meta name=\"twitter:data1\" content=\"Luiz Eduardo de Freitas\" \/>\n\t<meta name=\"twitter:label2\" content=\"Est. tempo de leitura\" \/>\n\t<meta name=\"twitter:data2\" content=\"3 minutos\" \/>\n<script type=\"application\/ld+json\" class=\"yoast-schema-graph\">{\"@context\":\"https:\\\/\\\/schema.org\",\"@graph\":[{\"@type\":\"Article\",\"@id\":\"https:\\\/\\\/consolar.org\\\/?p=544#article\",\"isPartOf\":{\"@id\":\"https:\\\/\\\/consolar.org\\\/?p=544\"},\"author\":{\"name\":\"Luiz Eduardo de Freitas\",\"@id\":\"https:\\\/\\\/consolar.org\\\/#\\\/schema\\\/person\\\/018df0c77d26ffae15541a8db82a8d29\"},\"headline\":\"Caminhar com Dor\",\"datePublished\":\"2010-10-26T03:00:00+00:00\",\"dateModified\":\"2023-09-15T19:12:50+00:00\",\"mainEntityOfPage\":{\"@id\":\"https:\\\/\\\/consolar.org\\\/?p=544\"},\"wordCount\":596,\"publisher\":{\"@id\":\"https:\\\/\\\/consolar.org\\\/#organization\"},\"articleSection\":[\"Uncategorized\"],\"inLanguage\":\"pt-BR\"},{\"@type\":\"WebPage\",\"@id\":\"https:\\\/\\\/consolar.org\\\/?p=544\",\"url\":\"https:\\\/\\\/consolar.org\\\/?p=544\",\"name\":\"Caminhar com Dor - Consolar.org\",\"isPartOf\":{\"@id\":\"https:\\\/\\\/consolar.org\\\/#website\"},\"datePublished\":\"2010-10-26T03:00:00+00:00\",\"dateModified\":\"2023-09-15T19:12:50+00:00\",\"breadcrumb\":{\"@id\":\"https:\\\/\\\/consolar.org\\\/?p=544#breadcrumb\"},\"inLanguage\":\"pt-BR\",\"potentialAction\":[{\"@type\":\"ReadAction\",\"target\":[\"https:\\\/\\\/consolar.org\\\/?p=544\"]}]},{\"@type\":\"BreadcrumbList\",\"@id\":\"https:\\\/\\\/consolar.org\\\/?p=544#breadcrumb\",\"itemListElement\":[{\"@type\":\"ListItem\",\"position\":1,\"name\":\"In\u00edcio\",\"item\":\"https:\\\/\\\/consolar.org\\\/\"},{\"@type\":\"ListItem\",\"position\":2,\"name\":\"Caminhar com Dor\"}]},{\"@type\":\"WebSite\",\"@id\":\"https:\\\/\\\/consolar.org\\\/#website\",\"url\":\"https:\\\/\\\/consolar.org\\\/\",\"name\":\"Consolar.org\",\"description\":\"Mensagens de conforto e esperan\u00e7a para cora\u00e7\u00f5es que precisam de paz.\",\"publisher\":{\"@id\":\"https:\\\/\\\/consolar.org\\\/#organization\"},\"potentialAction\":[{\"@type\":\"SearchAction\",\"target\":{\"@type\":\"EntryPoint\",\"urlTemplate\":\"https:\\\/\\\/consolar.org\\\/?s={search_term_string}\"},\"query-input\":{\"@type\":\"PropertyValueSpecification\",\"valueRequired\":true,\"valueName\":\"search_term_string\"}}],\"inLanguage\":\"pt-BR\"},{\"@type\":\"Organization\",\"@id\":\"https:\\\/\\\/consolar.org\\\/#organization\",\"name\":\"Consolar.org\",\"url\":\"https:\\\/\\\/consolar.org\\\/\",\"logo\":{\"@type\":\"ImageObject\",\"inLanguage\":\"pt-BR\",\"@id\":\"https:\\\/\\\/consolar.org\\\/#\\\/schema\\\/logo\\\/image\\\/\",\"url\":\"https:\\\/\\\/consolar.org\\\/wp-content\\\/uploads\\\/2026\\\/02\\\/cropped-logonovo03-small.png\",\"contentUrl\":\"https:\\\/\\\/consolar.org\\\/wp-content\\\/uploads\\\/2026\\\/02\\\/cropped-logonovo03-small.png\",\"width\":280,\"height\":142,\"caption\":\"Consolar.org\"},\"image\":{\"@id\":\"https:\\\/\\\/consolar.org\\\/#\\\/schema\\\/logo\\\/image\\\/\"},\"sameAs\":[\"https:\\\/\\\/www.facebook.com\\\/consolar\"]},{\"@type\":\"Person\",\"@id\":\"https:\\\/\\\/consolar.org\\\/#\\\/schema\\\/person\\\/018df0c77d26ffae15541a8db82a8d29\",\"name\":\"Luiz Eduardo de Freitas\",\"image\":{\"@type\":\"ImageObject\",\"inLanguage\":\"pt-BR\",\"@id\":\"https:\\\/\\\/secure.gravatar.com\\\/avatar\\\/4f93769b3d958c559cd38414383290f7d6ab7800bf3f9a38e99e29e582b96cda?s=96&d=blank&r=g\",\"url\":\"https:\\\/\\\/secure.gravatar.com\\\/avatar\\\/4f93769b3d958c559cd38414383290f7d6ab7800bf3f9a38e99e29e582b96cda?s=96&d=blank&r=g\",\"contentUrl\":\"https:\\\/\\\/secure.gravatar.com\\\/avatar\\\/4f93769b3d958c559cd38414383290f7d6ab7800bf3f9a38e99e29e582b96cda?s=96&d=blank&r=g\",\"caption\":\"Luiz Eduardo de Freitas\"},\"description\":\"Ipsum Lorem\",\"sameAs\":[\"https:\\\/\\\/consolar.org\"],\"url\":\"https:\\\/\\\/consolar.org\\\/?author=1\"}]}<\/script>\n<!-- \/ Yoast SEO Premium plugin. -->","yoast_head_json":{"title":"Caminhar com Dor - Consolar.org","robots":{"index":"index","follow":"follow","max-snippet":"max-snippet:-1","max-image-preview":"max-image-preview:large","max-video-preview":"max-video-preview:-1"},"canonical":"https:\/\/consolar.org\/?p=544","og_locale":"pt_BR","og_type":"article","og_title":"Caminhar com Dor","og_description":"&#8220;\u00c9 necess\u00e1rio caminhar, hoje, amanh\u00e3, e depois; porque n\u00e3o conv\u00e9m que um profeta morra fora de Jerusal\u00e9m&#8221; (Lucas 13.33). Jesus &#8220;andou fazendo o bem&#8221;, como bem testemunha a B\u00edblia Sagrada (Atos 10.38) e, mesmo assim, enfrentou forte oposi\u00e7\u00e3o, amea\u00e7as e at\u00e9 morte. Libertando as pessoas do poder do mal e curando suas enfermidades, Ele, contudo, &hellip; Continue lendo&hellip; &rarr;","og_url":"https:\/\/consolar.org\/?p=544","og_site_name":"Consolar.org","article_publisher":"https:\/\/www.facebook.com\/consolar","article_published_time":"2010-10-26T03:00:00+00:00","article_modified_time":"2023-09-15T19:12:50+00:00","author":"Luiz Eduardo de Freitas","twitter_card":"summary_large_image","twitter_misc":{"Escrito por":"Luiz Eduardo de Freitas","Est. tempo de leitura":"3 minutos"},"schema":{"@context":"https:\/\/schema.org","@graph":[{"@type":"Article","@id":"https:\/\/consolar.org\/?p=544#article","isPartOf":{"@id":"https:\/\/consolar.org\/?p=544"},"author":{"name":"Luiz Eduardo de Freitas","@id":"https:\/\/consolar.org\/#\/schema\/person\/018df0c77d26ffae15541a8db82a8d29"},"headline":"Caminhar com Dor","datePublished":"2010-10-26T03:00:00+00:00","dateModified":"2023-09-15T19:12:50+00:00","mainEntityOfPage":{"@id":"https:\/\/consolar.org\/?p=544"},"wordCount":596,"publisher":{"@id":"https:\/\/consolar.org\/#organization"},"articleSection":["Uncategorized"],"inLanguage":"pt-BR"},{"@type":"WebPage","@id":"https:\/\/consolar.org\/?p=544","url":"https:\/\/consolar.org\/?p=544","name":"Caminhar com Dor - Consolar.org","isPartOf":{"@id":"https:\/\/consolar.org\/#website"},"datePublished":"2010-10-26T03:00:00+00:00","dateModified":"2023-09-15T19:12:50+00:00","breadcrumb":{"@id":"https:\/\/consolar.org\/?p=544#breadcrumb"},"inLanguage":"pt-BR","potentialAction":[{"@type":"ReadAction","target":["https:\/\/consolar.org\/?p=544"]}]},{"@type":"BreadcrumbList","@id":"https:\/\/consolar.org\/?p=544#breadcrumb","itemListElement":[{"@type":"ListItem","position":1,"name":"In\u00edcio","item":"https:\/\/consolar.org\/"},{"@type":"ListItem","position":2,"name":"Caminhar com Dor"}]},{"@type":"WebSite","@id":"https:\/\/consolar.org\/#website","url":"https:\/\/consolar.org\/","name":"Consolar.org","description":"Mensagens de conforto e esperan\u00e7a para cora\u00e7\u00f5es que precisam de paz.","publisher":{"@id":"https:\/\/consolar.org\/#organization"},"potentialAction":[{"@type":"SearchAction","target":{"@type":"EntryPoint","urlTemplate":"https:\/\/consolar.org\/?s={search_term_string}"},"query-input":{"@type":"PropertyValueSpecification","valueRequired":true,"valueName":"search_term_string"}}],"inLanguage":"pt-BR"},{"@type":"Organization","@id":"https:\/\/consolar.org\/#organization","name":"Consolar.org","url":"https:\/\/consolar.org\/","logo":{"@type":"ImageObject","inLanguage":"pt-BR","@id":"https:\/\/consolar.org\/#\/schema\/logo\/image\/","url":"https:\/\/consolar.org\/wp-content\/uploads\/2026\/02\/cropped-logonovo03-small.png","contentUrl":"https:\/\/consolar.org\/wp-content\/uploads\/2026\/02\/cropped-logonovo03-small.png","width":280,"height":142,"caption":"Consolar.org"},"image":{"@id":"https:\/\/consolar.org\/#\/schema\/logo\/image\/"},"sameAs":["https:\/\/www.facebook.com\/consolar"]},{"@type":"Person","@id":"https:\/\/consolar.org\/#\/schema\/person\/018df0c77d26ffae15541a8db82a8d29","name":"Luiz Eduardo de Freitas","image":{"@type":"ImageObject","inLanguage":"pt-BR","@id":"https:\/\/secure.gravatar.com\/avatar\/4f93769b3d958c559cd38414383290f7d6ab7800bf3f9a38e99e29e582b96cda?s=96&d=blank&r=g","url":"https:\/\/secure.gravatar.com\/avatar\/4f93769b3d958c559cd38414383290f7d6ab7800bf3f9a38e99e29e582b96cda?s=96&d=blank&r=g","contentUrl":"https:\/\/secure.gravatar.com\/avatar\/4f93769b3d958c559cd38414383290f7d6ab7800bf3f9a38e99e29e582b96cda?s=96&d=blank&r=g","caption":"Luiz Eduardo de Freitas"},"description":"Ipsum Lorem","sameAs":["https:\/\/consolar.org"],"url":"https:\/\/consolar.org\/?author=1"}]}},"_links":{"self":[{"href":"https:\/\/consolar.org\/index.php?rest_route=\/wp\/v2\/posts\/544","targetHints":{"allow":["GET"]}}],"collection":[{"href":"https:\/\/consolar.org\/index.php?rest_route=\/wp\/v2\/posts"}],"about":[{"href":"https:\/\/consolar.org\/index.php?rest_route=\/wp\/v2\/types\/post"}],"author":[{"embeddable":true,"href":"https:\/\/consolar.org\/index.php?rest_route=\/wp\/v2\/users\/1"}],"replies":[{"embeddable":true,"href":"https:\/\/consolar.org\/index.php?rest_route=%2Fwp%2Fv2%2Fcomments&post=544"}],"version-history":[{"count":0,"href":"https:\/\/consolar.org\/index.php?rest_route=\/wp\/v2\/posts\/544\/revisions"}],"wp:attachment":[{"href":"https:\/\/consolar.org\/index.php?rest_route=%2Fwp%2Fv2%2Fmedia&parent=544"}],"wp:term":[{"taxonomy":"category","embeddable":true,"href":"https:\/\/consolar.org\/index.php?rest_route=%2Fwp%2Fv2%2Fcategories&post=544"},{"taxonomy":"post_tag","embeddable":true,"href":"https:\/\/consolar.org\/index.php?rest_route=%2Fwp%2Fv2%2Ftags&post=544"}],"curies":[{"name":"wp","href":"https:\/\/api.w.org\/{rel}","templated":true}]}}