{"id":535,"date":"2009-03-29T00:00:00","date_gmt":"2009-03-29T03:00:00","guid":{"rendered":"https:\/\/consolar.org\/2009\/03\/29\/andarei-por-ruas-de-ouro\/"},"modified":"2023-09-15T16:12:50","modified_gmt":"2023-09-15T19:12:50","slug":"andarei-por-ruas-de-ouro","status":"publish","type":"post","link":"https:\/\/consolar.org\/?p=535","title":{"rendered":"Andarei por Ruas de Ouro"},"content":{"rendered":"<p>&#8220;As doze portas eram doze p\u00e9rolas: cada uma das portas era de uma s\u00f3 p\u00e9rola; e a pra\u00e7a da cidade era de ouro puro, transparente como vidro. (Apocalipse 21.21) H\u00e1 algumas semanas vi um programa na televis\u00e3o sobre duas g\u00eameas de cinco anos de idade. Uma delas estava com c\u00e2ncer e internada no hospital por causa de uma reca\u00edda. A outra havia sido curada do mesmo problema. Confesso que fiquei com l\u00e1grimas nos olhos ao ver o modo como as duas se abra\u00e7aram de alegria quando uma foi visitar a outra depois de semanas sem se verem. No meio da conversa, o entrevistador pergunta \u00e0 que est\u00e1 internada. &#8220;Voc\u00ea quer ir para casa?&#8221;. A menina responde: &#8220;Sim, porque eu tenho medo de morrer&#8221;. Ele ent\u00e3o pergunta por que ela tem medo de morrer e ela diz: &#8220;Porque eu n\u00e3o sei como \u00e9 o c\u00e9u&#8221;. N\u00f3s temos medo de morrer porque muitos de n\u00f3s n\u00e3o temos a m\u00ednima id\u00e9ia de como s\u00e3o as coisas depois da morte. N\u00e3o queremos que nossos parentes e amigos morram, n\u00e3o queremos morrer. Tamb\u00e9m n\u00e3o queremos deixar os nossos queridos. N\u00f3s temos medo da morte e mais ainda: n\u00f3s temos medo do amanh\u00e3. Lembro que quando tinha uns 14 anos, Zaqueu, um grande amigo de meu pai faleceu, descansou ap\u00f3s uma longa luta contra o c\u00e2ncer. Ao recolherem os pertences dele no hospital encontraram uma carta escrita por ele embaixo do travesseiro. Com muita emo\u00e7\u00e3o meu pai leu essa carta algumas vezes para n\u00f3s e hoje j\u00e1 n\u00e3o a temos (eu a procurei em todos os lugares), mas o que mais me chamou a aten\u00e7\u00e3o e que n\u00e3o esque\u00e7o at\u00e9 hoje \u00e9 que a carta come\u00e7ava com a frase &#8220;Andarei por ruas de ouro&#8221;. Muito me impressionou a carta porque trazia uma certeza cheia de paz, esperan\u00e7a e alegria de que ao final daquele dia, ele estaria andando no c\u00e9u, andando em ruas de ouro. E ele descreve a vis\u00e3o dele de como seria estar ali. Uma certeza penetrante, uma confian\u00e7a tal que nem parecia que ele estava passando pela dor f\u00edsica da doen\u00e7a. A B\u00edblia traz algumas descri\u00e7\u00f5es sobre o c\u00e9u, mas mesmo as mais detalhadas nos d\u00e3o uma no\u00e7\u00e3o limitada, humana do lugar. A B\u00edblia fala de ruas de um ouro t\u00e3o puro que chegam a ser transparentes como vidro, fala de portas de p\u00e9rola, do trono e dos rios que correm no meio da cidade. Fala da alegria, de um lugar onde tudo se fez novo. De que recebemos um novo corpo, que n\u00e3o fica mais doente, e que Deus &#8220;limpar\u00e1 de seus olhos toda a l\u00e1grima; e n\u00e3o haver\u00e1 mais morte, nem pranto, nem clamor, nem dor&#8221; (Apoc 21.4). A B\u00edblia tamb\u00e9m diz que ainda que passemos pelo vale da sombra da morte, Deus est\u00e1 conosco.  A vara e o cajado dele nos consolam (Salmo 23.4) N\u00e3o precisamos mais temer a morte. Seja o que for que reserve o amanh\u00e3, tenha a certeza de que &#8220;todas as coisas contribuem juntamente para o bem daqueles que amam a Deus, daqueles que s\u00e3o chamados segundo o seu prop\u00f3sito&#8221; (Romanos 8.28). Deixe sua dor nas m\u00e3os de Deus e pe\u00e7a que o consolo do Esp\u00edrito Santo encha seu cora\u00e7\u00e3o e d\u00ea a certeza e a paz de que o que quer que aconte\u00e7a amanh\u00e3, Ele estar\u00e1 presente. Da mesma forma como fez com Zaqueu, o amigo de meu pai. Ainda hoje sinto saudade de meus pais. Agora que minha esposa est\u00e1 gr\u00e1vida (depois de sete anos de lutas), como eu gostaria que eles estivessem aqui para participarem da cria\u00e7\u00e3o do beb\u00ea. Sei que estariam muito felizes, como estamos hoje. Por\u00e9m sei que eles est\u00e3o vivendo uma vida muito diferente de qualquer coisa que eu possa imaginar e que o cora\u00e7\u00e3o deles \u00e9 muito mais feliz hoje e que Deus limpou dos olhos deles toda a l\u00e1grima.Que Deus console a voc\u00ea, mas que principalmente encha o seu cora\u00e7\u00e3o de paz, alegria e certeza de que amanh\u00e3 ele estar\u00e1 presente n\u00e3o importa a circunst\u00e2ncia e que a morte n\u00e3o tem for\u00e7a alguma para separar voc\u00ea do amor de Deus. Que ele transforme o medo em amor, confian\u00e7a e f\u00e9, sua saudade em consolo. &#8220;As coisas que o olho n\u00e3o viu, e o ouvido n\u00e3o ouviu, e n\u00e3o subiram ao cora\u00e7\u00e3o do homem, s\u00e3o as que Deus preparou para os que o amam&#8221; (I Cor\u00edntios 2.9). Ora\u00e7\u00e3o: Deus, eu n\u00e3o sei como ser\u00e1 o amanh\u00e3, tamb\u00e9m tenho uma id\u00e9ia limitada do c\u00e9u, mas n\u00e3o quero mais ter medo. Controla toda a minha vida. Enche o meu cora\u00e7\u00e3o da tua paz, da tua alegria, da certeza da tua presen\u00e7a e do teu consolo. Em nome de Jesus, am\u00e9m.<\/p>\n","protected":false},"excerpt":{"rendered":"<p>&#8220;As doze portas eram doze p\u00e9rolas: cada uma das portas era de uma s\u00f3 p\u00e9rola; e a pra\u00e7a da cidade era de ouro puro, transparente como vidro. (Apocalipse 21.21) H\u00e1 algumas semanas vi um programa na televis\u00e3o sobre duas g\u00eameas de cinco anos de idade. Uma delas estava com c\u00e2ncer e internada no hospital por <a class=\"more-link\" href=\"https:\/\/consolar.org\/?p=535\">&hellip; Continue lendo&hellip; &rarr;<\/a><\/p>\n","protected":false},"author":1,"featured_media":0,"comment_status":"closed","ping_status":"closed","sticky":false,"template":"","format":"standard","meta":{"_ayudawp_aiss_exclude":false,"footnotes":"","_wpscppro_dont_share_socialmedia":false,"_wpscppro_custom_social_share_image":0,"_facebook_share_type":"","_twitter_share_type":"","_linkedin_share_type":"","_pinterest_share_type":"","_linkedin_share_type_page":"","_instagram_share_type":"","_medium_share_type":"","_threads_share_type":"","_google_business_share_type":"","_selected_social_profile":[],"_wpsp_enable_custom_social_template":false,"_wpsp_social_scheduling":{"enabled":false,"datetime":null,"platforms":[],"status":"template_only","dateOption":"today","timeOption":"now","customDays":"","customHours":"","customDate":"","customTime":"","schedulingType":"absolute"},"_wpsp_active_default_template":true},"categories":[],"tags":[69,70],"class_list":["post-535","post","type-post","status-publish","format-standard","hentry","tag-luto","tag-morte"],"yoast_head":"<!-- This site is optimized with the Yoast SEO Premium plugin v27.3 (Yoast SEO v27.5) - https:\/\/yoast.com\/product\/yoast-seo-premium-wordpress\/ -->\n<title>Andarei por Ruas de Ouro - Consolar.org<\/title>\n<meta name=\"robots\" content=\"index, follow, max-snippet:-1, max-image-preview:large, max-video-preview:-1\" \/>\n<link rel=\"canonical\" href=\"https:\/\/consolar.org\/?p=535\" \/>\n<meta property=\"og:locale\" content=\"pt_BR\" \/>\n<meta property=\"og:type\" content=\"article\" \/>\n<meta property=\"og:title\" content=\"Andarei por Ruas de Ouro\" \/>\n<meta property=\"og:description\" content=\"&#8220;As doze portas eram doze p\u00e9rolas: cada uma das portas era de uma s\u00f3 p\u00e9rola; e a pra\u00e7a da cidade era de ouro puro, transparente como vidro. (Apocalipse 21.21) H\u00e1 algumas semanas vi um programa na televis\u00e3o sobre duas g\u00eameas de cinco anos de idade. Uma delas estava com c\u00e2ncer e internada no hospital por &hellip; Continue lendo&hellip; &rarr;\" \/>\n<meta property=\"og:url\" content=\"https:\/\/consolar.org\/?p=535\" \/>\n<meta property=\"og:site_name\" content=\"Consolar.org\" \/>\n<meta property=\"article:publisher\" content=\"https:\/\/www.facebook.com\/consolar\" \/>\n<meta property=\"article:published_time\" content=\"2009-03-29T03:00:00+00:00\" \/>\n<meta property=\"article:modified_time\" content=\"2023-09-15T19:12:50+00:00\" \/>\n<meta name=\"author\" content=\"Luiz Eduardo de Freitas\" \/>\n<meta name=\"twitter:card\" content=\"summary_large_image\" \/>\n<meta name=\"twitter:label1\" content=\"Escrito por\" \/>\n\t<meta name=\"twitter:data1\" content=\"Luiz Eduardo de Freitas\" \/>\n\t<meta name=\"twitter:label2\" content=\"Est. tempo de leitura\" \/>\n\t<meta name=\"twitter:data2\" content=\"4 minutos\" \/>\n<script type=\"application\/ld+json\" class=\"yoast-schema-graph\">{\"@context\":\"https:\\\/\\\/schema.org\",\"@graph\":[{\"@type\":\"Article\",\"@id\":\"https:\\\/\\\/consolar.org\\\/?p=535#article\",\"isPartOf\":{\"@id\":\"https:\\\/\\\/consolar.org\\\/?p=535\"},\"author\":{\"name\":\"Luiz Eduardo de Freitas\",\"@id\":\"https:\\\/\\\/consolar.org\\\/#\\\/schema\\\/person\\\/018df0c77d26ffae15541a8db82a8d29\"},\"headline\":\"Andarei por Ruas de Ouro\",\"datePublished\":\"2009-03-29T03:00:00+00:00\",\"dateModified\":\"2023-09-15T19:12:50+00:00\",\"mainEntityOfPage\":{\"@id\":\"https:\\\/\\\/consolar.org\\\/?p=535\"},\"wordCount\":862,\"publisher\":{\"@id\":\"https:\\\/\\\/consolar.org\\\/#organization\"},\"keywords\":[\"Luto\",\"Morte\"],\"inLanguage\":\"pt-BR\"},{\"@type\":\"WebPage\",\"@id\":\"https:\\\/\\\/consolar.org\\\/?p=535\",\"url\":\"https:\\\/\\\/consolar.org\\\/?p=535\",\"name\":\"Andarei por Ruas de Ouro - Consolar.org\",\"isPartOf\":{\"@id\":\"https:\\\/\\\/consolar.org\\\/#website\"},\"datePublished\":\"2009-03-29T03:00:00+00:00\",\"dateModified\":\"2023-09-15T19:12:50+00:00\",\"breadcrumb\":{\"@id\":\"https:\\\/\\\/consolar.org\\\/?p=535#breadcrumb\"},\"inLanguage\":\"pt-BR\",\"potentialAction\":[{\"@type\":\"ReadAction\",\"target\":[\"https:\\\/\\\/consolar.org\\\/?p=535\"]}]},{\"@type\":\"BreadcrumbList\",\"@id\":\"https:\\\/\\\/consolar.org\\\/?p=535#breadcrumb\",\"itemListElement\":[{\"@type\":\"ListItem\",\"position\":1,\"name\":\"In\u00edcio\",\"item\":\"https:\\\/\\\/consolar.org\\\/\"},{\"@type\":\"ListItem\",\"position\":2,\"name\":\"Andarei por Ruas de Ouro\"}]},{\"@type\":\"WebSite\",\"@id\":\"https:\\\/\\\/consolar.org\\\/#website\",\"url\":\"https:\\\/\\\/consolar.org\\\/\",\"name\":\"Consolar.org\",\"description\":\"Mensagens de conforto e esperan\u00e7a para cora\u00e7\u00f5es que precisam de paz.\",\"publisher\":{\"@id\":\"https:\\\/\\\/consolar.org\\\/#organization\"},\"potentialAction\":[{\"@type\":\"SearchAction\",\"target\":{\"@type\":\"EntryPoint\",\"urlTemplate\":\"https:\\\/\\\/consolar.org\\\/?s={search_term_string}\"},\"query-input\":{\"@type\":\"PropertyValueSpecification\",\"valueRequired\":true,\"valueName\":\"search_term_string\"}}],\"inLanguage\":\"pt-BR\"},{\"@type\":\"Organization\",\"@id\":\"https:\\\/\\\/consolar.org\\\/#organization\",\"name\":\"Consolar.org\",\"url\":\"https:\\\/\\\/consolar.org\\\/\",\"logo\":{\"@type\":\"ImageObject\",\"inLanguage\":\"pt-BR\",\"@id\":\"https:\\\/\\\/consolar.org\\\/#\\\/schema\\\/logo\\\/image\\\/\",\"url\":\"https:\\\/\\\/consolar.org\\\/wp-content\\\/uploads\\\/2026\\\/02\\\/cropped-logonovo03-small.png\",\"contentUrl\":\"https:\\\/\\\/consolar.org\\\/wp-content\\\/uploads\\\/2026\\\/02\\\/cropped-logonovo03-small.png\",\"width\":280,\"height\":142,\"caption\":\"Consolar.org\"},\"image\":{\"@id\":\"https:\\\/\\\/consolar.org\\\/#\\\/schema\\\/logo\\\/image\\\/\"},\"sameAs\":[\"https:\\\/\\\/www.facebook.com\\\/consolar\"]},{\"@type\":\"Person\",\"@id\":\"https:\\\/\\\/consolar.org\\\/#\\\/schema\\\/person\\\/018df0c77d26ffae15541a8db82a8d29\",\"name\":\"Luiz Eduardo de Freitas\",\"image\":{\"@type\":\"ImageObject\",\"inLanguage\":\"pt-BR\",\"@id\":\"https:\\\/\\\/secure.gravatar.com\\\/avatar\\\/4f93769b3d958c559cd38414383290f7d6ab7800bf3f9a38e99e29e582b96cda?s=96&d=blank&r=g\",\"url\":\"https:\\\/\\\/secure.gravatar.com\\\/avatar\\\/4f93769b3d958c559cd38414383290f7d6ab7800bf3f9a38e99e29e582b96cda?s=96&d=blank&r=g\",\"contentUrl\":\"https:\\\/\\\/secure.gravatar.com\\\/avatar\\\/4f93769b3d958c559cd38414383290f7d6ab7800bf3f9a38e99e29e582b96cda?s=96&d=blank&r=g\",\"caption\":\"Luiz Eduardo de Freitas\"},\"description\":\"Ipsum Lorem\",\"sameAs\":[\"https:\\\/\\\/consolar.org\"],\"url\":\"https:\\\/\\\/consolar.org\\\/?author=1\"}]}<\/script>\n<!-- \/ Yoast SEO Premium plugin. -->","yoast_head_json":{"title":"Andarei por Ruas de Ouro - Consolar.org","robots":{"index":"index","follow":"follow","max-snippet":"max-snippet:-1","max-image-preview":"max-image-preview:large","max-video-preview":"max-video-preview:-1"},"canonical":"https:\/\/consolar.org\/?p=535","og_locale":"pt_BR","og_type":"article","og_title":"Andarei por Ruas de Ouro","og_description":"&#8220;As doze portas eram doze p\u00e9rolas: cada uma das portas era de uma s\u00f3 p\u00e9rola; e a pra\u00e7a da cidade era de ouro puro, transparente como vidro. (Apocalipse 21.21) H\u00e1 algumas semanas vi um programa na televis\u00e3o sobre duas g\u00eameas de cinco anos de idade. Uma delas estava com c\u00e2ncer e internada no hospital por &hellip; Continue lendo&hellip; &rarr;","og_url":"https:\/\/consolar.org\/?p=535","og_site_name":"Consolar.org","article_publisher":"https:\/\/www.facebook.com\/consolar","article_published_time":"2009-03-29T03:00:00+00:00","article_modified_time":"2023-09-15T19:12:50+00:00","author":"Luiz Eduardo de Freitas","twitter_card":"summary_large_image","twitter_misc":{"Escrito por":"Luiz Eduardo de Freitas","Est. tempo de leitura":"4 minutos"},"schema":{"@context":"https:\/\/schema.org","@graph":[{"@type":"Article","@id":"https:\/\/consolar.org\/?p=535#article","isPartOf":{"@id":"https:\/\/consolar.org\/?p=535"},"author":{"name":"Luiz Eduardo de Freitas","@id":"https:\/\/consolar.org\/#\/schema\/person\/018df0c77d26ffae15541a8db82a8d29"},"headline":"Andarei por Ruas de Ouro","datePublished":"2009-03-29T03:00:00+00:00","dateModified":"2023-09-15T19:12:50+00:00","mainEntityOfPage":{"@id":"https:\/\/consolar.org\/?p=535"},"wordCount":862,"publisher":{"@id":"https:\/\/consolar.org\/#organization"},"keywords":["Luto","Morte"],"inLanguage":"pt-BR"},{"@type":"WebPage","@id":"https:\/\/consolar.org\/?p=535","url":"https:\/\/consolar.org\/?p=535","name":"Andarei por Ruas de Ouro - Consolar.org","isPartOf":{"@id":"https:\/\/consolar.org\/#website"},"datePublished":"2009-03-29T03:00:00+00:00","dateModified":"2023-09-15T19:12:50+00:00","breadcrumb":{"@id":"https:\/\/consolar.org\/?p=535#breadcrumb"},"inLanguage":"pt-BR","potentialAction":[{"@type":"ReadAction","target":["https:\/\/consolar.org\/?p=535"]}]},{"@type":"BreadcrumbList","@id":"https:\/\/consolar.org\/?p=535#breadcrumb","itemListElement":[{"@type":"ListItem","position":1,"name":"In\u00edcio","item":"https:\/\/consolar.org\/"},{"@type":"ListItem","position":2,"name":"Andarei por Ruas de Ouro"}]},{"@type":"WebSite","@id":"https:\/\/consolar.org\/#website","url":"https:\/\/consolar.org\/","name":"Consolar.org","description":"Mensagens de conforto e esperan\u00e7a para cora\u00e7\u00f5es que precisam de paz.","publisher":{"@id":"https:\/\/consolar.org\/#organization"},"potentialAction":[{"@type":"SearchAction","target":{"@type":"EntryPoint","urlTemplate":"https:\/\/consolar.org\/?s={search_term_string}"},"query-input":{"@type":"PropertyValueSpecification","valueRequired":true,"valueName":"search_term_string"}}],"inLanguage":"pt-BR"},{"@type":"Organization","@id":"https:\/\/consolar.org\/#organization","name":"Consolar.org","url":"https:\/\/consolar.org\/","logo":{"@type":"ImageObject","inLanguage":"pt-BR","@id":"https:\/\/consolar.org\/#\/schema\/logo\/image\/","url":"https:\/\/consolar.org\/wp-content\/uploads\/2026\/02\/cropped-logonovo03-small.png","contentUrl":"https:\/\/consolar.org\/wp-content\/uploads\/2026\/02\/cropped-logonovo03-small.png","width":280,"height":142,"caption":"Consolar.org"},"image":{"@id":"https:\/\/consolar.org\/#\/schema\/logo\/image\/"},"sameAs":["https:\/\/www.facebook.com\/consolar"]},{"@type":"Person","@id":"https:\/\/consolar.org\/#\/schema\/person\/018df0c77d26ffae15541a8db82a8d29","name":"Luiz Eduardo de Freitas","image":{"@type":"ImageObject","inLanguage":"pt-BR","@id":"https:\/\/secure.gravatar.com\/avatar\/4f93769b3d958c559cd38414383290f7d6ab7800bf3f9a38e99e29e582b96cda?s=96&d=blank&r=g","url":"https:\/\/secure.gravatar.com\/avatar\/4f93769b3d958c559cd38414383290f7d6ab7800bf3f9a38e99e29e582b96cda?s=96&d=blank&r=g","contentUrl":"https:\/\/secure.gravatar.com\/avatar\/4f93769b3d958c559cd38414383290f7d6ab7800bf3f9a38e99e29e582b96cda?s=96&d=blank&r=g","caption":"Luiz Eduardo de Freitas"},"description":"Ipsum Lorem","sameAs":["https:\/\/consolar.org"],"url":"https:\/\/consolar.org\/?author=1"}]}},"_links":{"self":[{"href":"https:\/\/consolar.org\/index.php?rest_route=\/wp\/v2\/posts\/535","targetHints":{"allow":["GET"]}}],"collection":[{"href":"https:\/\/consolar.org\/index.php?rest_route=\/wp\/v2\/posts"}],"about":[{"href":"https:\/\/consolar.org\/index.php?rest_route=\/wp\/v2\/types\/post"}],"author":[{"embeddable":true,"href":"https:\/\/consolar.org\/index.php?rest_route=\/wp\/v2\/users\/1"}],"replies":[{"embeddable":true,"href":"https:\/\/consolar.org\/index.php?rest_route=%2Fwp%2Fv2%2Fcomments&post=535"}],"version-history":[{"count":0,"href":"https:\/\/consolar.org\/index.php?rest_route=\/wp\/v2\/posts\/535\/revisions"}],"wp:attachment":[{"href":"https:\/\/consolar.org\/index.php?rest_route=%2Fwp%2Fv2%2Fmedia&parent=535"}],"wp:term":[{"taxonomy":"category","embeddable":true,"href":"https:\/\/consolar.org\/index.php?rest_route=%2Fwp%2Fv2%2Fcategories&post=535"},{"taxonomy":"post_tag","embeddable":true,"href":"https:\/\/consolar.org\/index.php?rest_route=%2Fwp%2Fv2%2Ftags&post=535"}],"curies":[{"name":"wp","href":"https:\/\/api.w.org\/{rel}","templated":true}]}}