{"id":534,"date":"2010-10-29T00:00:00","date_gmt":"2010-10-29T03:00:00","guid":{"rendered":"https:\/\/consolar.org\/2010\/10\/29\/andando-na-luz\/"},"modified":"2023-09-15T16:12:50","modified_gmt":"2023-09-15T19:12:50","slug":"andando-na-luz","status":"publish","type":"post","link":"https:\/\/consolar.org\/?p=534","title":{"rendered":"Andando na Luz"},"content":{"rendered":"<p>&#8220;Afasto os p\u00e9s de todo caminho mau para obedecer \u00e0 tua palavra. N\u00e3o me afasto das tuas ordenan\u00e7as, pois tu mesmo me ensinas. Como s\u00e3o doces para o meu paladar as tuas palavras! Mais que o mel para a minha boca! Ganho entendimento por meio dos teus preceitos; por isso odeio todo caminho de falsidade. A tua palavra \u00e9 l\u00e2mpada que ilumina os meus passos e luz que clareia o meu caminho&#8221; (Salmos 119.101-105 &#8211; NVI). Voc\u00ea j\u00e1 se levantou no meio da noite e, caminhando no escuro, trope\u00e7ou em algum m\u00f3vel de casa? Isso j\u00e1 aconteceu comigo muitas vezes! E d\u00f3i muito, n\u00e3o \u00e9? Agora, partindo para a minha e sua vida, quantas vezes j\u00e1 errou por andar no escuro e fez escolhas que machucaram voc\u00ea? Talvez esteja nessa situa\u00e7\u00e3o agora, por ter escolhido confiar ou entregar sua vida, seus sentimentos ou bens a algu\u00e9m ou a algo que s\u00f3 decepcionou ou feriu voc\u00ea. Algumas vezes fomos alertados, mas fieis \u00e0 nossa autosufici\u00eancia, insistimos em andar no escuro. Jeremias nos diz que &#8220;enganoso \u00e9 o cora\u00e7\u00e3o, mais do que todas as coisas, e perverso; quem o conhecer\u00e1?&#8221; (Jeremias 17.9). Muitas vezes tomamos iniciativas levados por nosso cora\u00e7\u00e3o enganoso. Por isso que Deus nos deu a Sua Palavra, a B\u00edblia, exatamente para que fosse revelado o que nosso cora\u00e7\u00e3o intenta fazer. A cegueira vem exatamente para impedir que vejamos o que est\u00e1 escondido em nosso cora\u00e7\u00e3o. A sa\u00edda, conforme apresentada no texto de Salmos 119.105, \u00e9 ter a Palavra de Deus como l\u00e2mpada para cada um de nossos passos e para mostrar o caminho a seguir. Por\u00e9m, como nos versos anteriores, para que isso aconte\u00e7a \u00e9 preciso que deixemos de sermos apenas ouvintes da palavra e passemos a ser obedientes a ela. Quando o fazemos, ela penetra em nossos cora\u00e7\u00f5es e mostra quais as reais inten\u00e7\u00f5es do que fazemos e escolhemos fazer. Jesus mesmo nos livrar\u00e1 do mal e indicar\u00e1 o caminho a seguir. Isso implica em algo muito s\u00e9rio e relegado a segundo n\u00edvel por muitos de n\u00f3s. A B\u00edblia n\u00e3o deve ser amuleto ou um livro apenas de cabeceira, ou mesmo aquele livro aberto somente aos domingos na igreja ou \u00e0s pressas antes do caf\u00e9 da manh\u00e3 somente para nos dar a sensa\u00e7\u00e3o de prote\u00e7\u00e3o para o dia. A Palavra de Deus precisa ser honrada e obedecida. A cegueira nos atinge mais forte quando nos recusamos a confiar em Deus e tomamos iniciativas baseadas em nosso pr\u00f3prio conhecimento ou no desejo ardente de fazer algo sem consultarmos Deus. O livro de Prov\u00e9rbios, no cap\u00edtulo 14, verso 12, diz que &#8220;H\u00e1 caminho que parece certo ao homem, mas no final conduz \u00e0 morte&#8221;. Quando escolhemos assim, cegos e sem obedi\u00eancia \u00e0 Palavra de Deus, certamente vamos bater em algo mais \u00e0 frente. A Anvisa baixou um decreto buscando limitar o acesso a antibi\u00f3ticos. Ela o fez porque as pessoas, ao menor sinal de doen\u00e7a, v\u00e3o \u00e0s farm\u00e1cias buscar um remedinho. Isso est\u00e1 criando uma toler\u00e2ncia das bact\u00e9rias aos antibi\u00f3ticos e levando muitos \u00e0 morte. Essa tamb\u00e9m \u00e9 nossa tend\u00eancia. Quando a vida nos machuca, queremos um remedinho r\u00e1pido, uma ora\u00e7\u00e3o de algu\u00e9m ou que a leitura r\u00e1pida de um livro da B\u00edblia ou mesmo de um cap\u00edtulo nos indique a solu\u00e7\u00e3o e mostre o caminho a seguir. A leitura da B\u00edblia n\u00e3o nos ilumina automaticamente o caminho ou nos esclarecer\u00e1 espiritualmente. Precisamos obedecer e deixar que ela mude nossos cora\u00e7\u00f5es. De nada adiantar\u00e1 lermos a Palavra de Deus e continuarmos em nossa rota destrutiva. Se formos apenas ouvintes, vamos permitir que sejamos enganados por nosso cora\u00e7\u00e3o. Deixe a Palavra de Deus brilhar em voc\u00ea atrav\u00e9s da obedi\u00eancia e observe enquanto Deus conduz voc\u00ea ao um lugar protegido e cheio de b\u00ean\u00e7\u00e3os. N\u00e3o \u00e9 tarde para voltar. N\u00e3o \u00e9 tarde para buscar a luz de Deus. Obede\u00e7a a Deus e deixe que Ele dirija os seus passos e ilumine seu caminho. &#8220;Em verdes pastagens me faz repousar e me conduz a \u00e1guas tranquilas&#8221; (Salmos 23.2).<\/p>\n","protected":false},"excerpt":{"rendered":"<p>&#8220;Afasto os p\u00e9s de todo caminho mau para obedecer \u00e0 tua palavra. N\u00e3o me afasto das tuas ordenan\u00e7as, pois tu mesmo me ensinas. Como s\u00e3o doces para o meu paladar as tuas palavras! Mais que o mel para a minha boca! Ganho entendimento por meio dos teus preceitos; por isso odeio todo caminho de falsidade. <a class=\"more-link\" href=\"https:\/\/consolar.org\/?p=534\">&hellip; Continue lendo&hellip; &rarr;<\/a><\/p>\n","protected":false},"author":1,"featured_media":0,"comment_status":"closed","ping_status":"closed","sticky":false,"template":"","format":"standard","meta":{"_ayudawp_aiss_exclude":false,"_ayudawp_aiss_exclude_summary":false,"_ayudawp_aiss_summary":"","_ayudawp_aiss_summary_provider":"","_ayudawp_aiss_summary_hash":"","footnotes":"","_wpscppro_dont_share_socialmedia":false,"_wpscppro_custom_social_share_image":0,"_facebook_share_type":"","_twitter_share_type":"","_linkedin_share_type":"","_pinterest_share_type":"","_linkedin_share_type_page":"","_instagram_share_type":"","_medium_share_type":"","_threads_share_type":"","_google_business_share_type":"","_bluesky_share_type":"","_mastodon_share_type":"","_selected_social_profile":[],"_wpsp_enable_custom_social_template":false,"_wpsp_social_scheduling":{"enabled":false,"datetime":null,"platforms":[],"status":"template_only","dateOption":"today","timeOption":"now","customDays":"","customHours":"","customDate":"","customTime":"","schedulingType":"absolute"},"_wpsp_active_default_template":true},"categories":[1],"tags":[],"class_list":["post-534","post","type-post","status-publish","format-standard","hentry","category-uncategorized"],"yoast_head":"<!-- This site is optimized with the Yoast SEO Premium plugin v27.3 (Yoast SEO v28.3) - https:\/\/yoast.com\/product\/yoast-seo-premium-wordpress\/ -->\n<title>Andando na Luz - Consolar.org<\/title>\n<meta name=\"robots\" content=\"index, follow, max-snippet:-1, max-image-preview:large, max-video-preview:-1\" \/>\n<link rel=\"canonical\" href=\"https:\/\/consolar.org\/?p=534\" \/>\n<meta property=\"og:locale\" content=\"pt_BR\" \/>\n<meta property=\"og:type\" content=\"article\" \/>\n<meta property=\"og:title\" content=\"Andando na Luz\" \/>\n<meta property=\"og:description\" content=\"&#8220;Afasto os p\u00e9s de todo caminho mau para obedecer \u00e0 tua palavra. N\u00e3o me afasto das tuas ordenan\u00e7as, pois tu mesmo me ensinas. Como s\u00e3o doces para o meu paladar as tuas palavras! Mais que o mel para a minha boca! Ganho entendimento por meio dos teus preceitos; por isso odeio todo caminho de falsidade. &hellip; Continue lendo&hellip; &rarr;\" \/>\n<meta property=\"og:url\" content=\"https:\/\/consolar.org\/?p=534\" \/>\n<meta property=\"og:site_name\" content=\"Consolar.org\" \/>\n<meta property=\"article:publisher\" content=\"https:\/\/www.facebook.com\/consolar\" \/>\n<meta property=\"article:published_time\" content=\"2010-10-29T03:00:00+00:00\" \/>\n<meta property=\"article:modified_time\" content=\"2023-09-15T19:12:50+00:00\" \/>\n<meta name=\"author\" content=\"Luiz Eduardo de Freitas\" \/>\n<meta name=\"twitter:card\" content=\"summary_large_image\" \/>\n<meta name=\"twitter:label1\" content=\"Escrito por\" \/>\n\t<meta name=\"twitter:data1\" content=\"Luiz Eduardo de Freitas\" \/>\n\t<meta name=\"twitter:label2\" content=\"Est. tempo de leitura\" \/>\n\t<meta name=\"twitter:data2\" content=\"4 minutos\" \/>\n<script type=\"application\/ld+json\" class=\"yoast-schema-graph\">{\"@context\":\"https:\\\/\\\/schema.org\",\"@graph\":[{\"@type\":\"Article\",\"@id\":\"https:\\\/\\\/consolar.org\\\/?p=534#article\",\"isPartOf\":{\"@id\":\"https:\\\/\\\/consolar.org\\\/?p=534\"},\"author\":{\"name\":\"Luiz Eduardo de Freitas\",\"@id\":\"https:\\\/\\\/consolar.org\\\/#\\\/schema\\\/person\\\/018df0c77d26ffae15541a8db82a8d29\"},\"headline\":\"Andando na Luz\",\"datePublished\":\"2010-10-29T03:00:00+00:00\",\"dateModified\":\"2023-09-15T19:12:50+00:00\",\"mainEntityOfPage\":{\"@id\":\"https:\\\/\\\/consolar.org\\\/?p=534\"},\"wordCount\":710,\"publisher\":{\"@id\":\"https:\\\/\\\/consolar.org\\\/#organization\"},\"articleSection\":[\"Uncategorized\"],\"inLanguage\":\"pt-BR\"},{\"@type\":\"WebPage\",\"@id\":\"https:\\\/\\\/consolar.org\\\/?p=534\",\"url\":\"https:\\\/\\\/consolar.org\\\/?p=534\",\"name\":\"Andando na Luz - Consolar.org\",\"isPartOf\":{\"@id\":\"https:\\\/\\\/consolar.org\\\/#website\"},\"datePublished\":\"2010-10-29T03:00:00+00:00\",\"dateModified\":\"2023-09-15T19:12:50+00:00\",\"breadcrumb\":{\"@id\":\"https:\\\/\\\/consolar.org\\\/?p=534#breadcrumb\"},\"inLanguage\":\"pt-BR\",\"potentialAction\":[{\"@type\":\"ReadAction\",\"target\":[\"https:\\\/\\\/consolar.org\\\/?p=534\"]}]},{\"@type\":\"BreadcrumbList\",\"@id\":\"https:\\\/\\\/consolar.org\\\/?p=534#breadcrumb\",\"itemListElement\":[{\"@type\":\"ListItem\",\"position\":1,\"name\":\"In\u00edcio\",\"item\":\"https:\\\/\\\/consolar.org\\\/\"},{\"@type\":\"ListItem\",\"position\":2,\"name\":\"Andando na Luz\"}]},{\"@type\":\"WebSite\",\"@id\":\"https:\\\/\\\/consolar.org\\\/#website\",\"url\":\"https:\\\/\\\/consolar.org\\\/\",\"name\":\"Consolar.org\",\"description\":\"Mensagens de conforto e esperan\u00e7a para cora\u00e7\u00f5es que precisam de paz.\",\"publisher\":{\"@id\":\"https:\\\/\\\/consolar.org\\\/#organization\"},\"potentialAction\":[{\"@type\":\"SearchAction\",\"target\":{\"@type\":\"EntryPoint\",\"urlTemplate\":\"https:\\\/\\\/consolar.org\\\/?s={search_term_string}\"},\"query-input\":{\"@type\":\"PropertyValueSpecification\",\"valueRequired\":true,\"valueName\":\"search_term_string\"}}],\"inLanguage\":\"pt-BR\"},{\"@type\":\"Organization\",\"@id\":\"https:\\\/\\\/consolar.org\\\/#organization\",\"name\":\"Consolar.org\",\"url\":\"https:\\\/\\\/consolar.org\\\/\",\"logo\":{\"@type\":\"ImageObject\",\"inLanguage\":\"pt-BR\",\"@id\":\"https:\\\/\\\/consolar.org\\\/#\\\/schema\\\/logo\\\/image\\\/\",\"url\":\"https:\\\/\\\/consolar.org\\\/wp-content\\\/uploads\\\/2026\\\/02\\\/cropped-logonovo03-small.png\",\"contentUrl\":\"https:\\\/\\\/consolar.org\\\/wp-content\\\/uploads\\\/2026\\\/02\\\/cropped-logonovo03-small.png\",\"width\":280,\"height\":142,\"caption\":\"Consolar.org\"},\"image\":{\"@id\":\"https:\\\/\\\/consolar.org\\\/#\\\/schema\\\/logo\\\/image\\\/\"},\"sameAs\":[\"https:\\\/\\\/www.facebook.com\\\/consolar\"]},{\"@type\":\"Person\",\"@id\":\"https:\\\/\\\/consolar.org\\\/#\\\/schema\\\/person\\\/018df0c77d26ffae15541a8db82a8d29\",\"name\":\"Luiz Eduardo de Freitas\",\"image\":{\"@type\":\"ImageObject\",\"inLanguage\":\"pt-BR\",\"@id\":\"https:\\\/\\\/secure.gravatar.com\\\/avatar\\\/4f93769b3d958c559cd38414383290f7d6ab7800bf3f9a38e99e29e582b96cda?s=96&d=blank&r=g\",\"url\":\"https:\\\/\\\/secure.gravatar.com\\\/avatar\\\/4f93769b3d958c559cd38414383290f7d6ab7800bf3f9a38e99e29e582b96cda?s=96&d=blank&r=g\",\"contentUrl\":\"https:\\\/\\\/secure.gravatar.com\\\/avatar\\\/4f93769b3d958c559cd38414383290f7d6ab7800bf3f9a38e99e29e582b96cda?s=96&d=blank&r=g\",\"caption\":\"Luiz Eduardo de Freitas\"},\"description\":\"Ipsum Lorem\",\"sameAs\":[\"https:\\\/\\\/consolar.org\"],\"url\":\"https:\\\/\\\/consolar.org\\\/?author=1\"}]}<\/script>\n<!-- \/ Yoast SEO Premium plugin. -->","yoast_head_json":{"title":"Andando na Luz - Consolar.org","robots":{"index":"index","follow":"follow","max-snippet":"max-snippet:-1","max-image-preview":"max-image-preview:large","max-video-preview":"max-video-preview:-1"},"canonical":"https:\/\/consolar.org\/?p=534","og_locale":"pt_BR","og_type":"article","og_title":"Andando na Luz","og_description":"&#8220;Afasto os p\u00e9s de todo caminho mau para obedecer \u00e0 tua palavra. N\u00e3o me afasto das tuas ordenan\u00e7as, pois tu mesmo me ensinas. Como s\u00e3o doces para o meu paladar as tuas palavras! Mais que o mel para a minha boca! Ganho entendimento por meio dos teus preceitos; por isso odeio todo caminho de falsidade. &hellip; Continue lendo&hellip; &rarr;","og_url":"https:\/\/consolar.org\/?p=534","og_site_name":"Consolar.org","article_publisher":"https:\/\/www.facebook.com\/consolar","article_published_time":"2010-10-29T03:00:00+00:00","article_modified_time":"2023-09-15T19:12:50+00:00","author":"Luiz Eduardo de Freitas","twitter_card":"summary_large_image","twitter_misc":{"Escrito por":"Luiz Eduardo de Freitas","Est. tempo de leitura":"4 minutos"},"schema":{"@context":"https:\/\/schema.org","@graph":[{"@type":"Article","@id":"https:\/\/consolar.org\/?p=534#article","isPartOf":{"@id":"https:\/\/consolar.org\/?p=534"},"author":{"name":"Luiz Eduardo de Freitas","@id":"https:\/\/consolar.org\/#\/schema\/person\/018df0c77d26ffae15541a8db82a8d29"},"headline":"Andando na Luz","datePublished":"2010-10-29T03:00:00+00:00","dateModified":"2023-09-15T19:12:50+00:00","mainEntityOfPage":{"@id":"https:\/\/consolar.org\/?p=534"},"wordCount":710,"publisher":{"@id":"https:\/\/consolar.org\/#organization"},"articleSection":["Uncategorized"],"inLanguage":"pt-BR"},{"@type":"WebPage","@id":"https:\/\/consolar.org\/?p=534","url":"https:\/\/consolar.org\/?p=534","name":"Andando na Luz - Consolar.org","isPartOf":{"@id":"https:\/\/consolar.org\/#website"},"datePublished":"2010-10-29T03:00:00+00:00","dateModified":"2023-09-15T19:12:50+00:00","breadcrumb":{"@id":"https:\/\/consolar.org\/?p=534#breadcrumb"},"inLanguage":"pt-BR","potentialAction":[{"@type":"ReadAction","target":["https:\/\/consolar.org\/?p=534"]}]},{"@type":"BreadcrumbList","@id":"https:\/\/consolar.org\/?p=534#breadcrumb","itemListElement":[{"@type":"ListItem","position":1,"name":"In\u00edcio","item":"https:\/\/consolar.org\/"},{"@type":"ListItem","position":2,"name":"Andando na Luz"}]},{"@type":"WebSite","@id":"https:\/\/consolar.org\/#website","url":"https:\/\/consolar.org\/","name":"Consolar.org","description":"Mensagens de conforto e esperan\u00e7a para cora\u00e7\u00f5es que precisam de paz.","publisher":{"@id":"https:\/\/consolar.org\/#organization"},"potentialAction":[{"@type":"SearchAction","target":{"@type":"EntryPoint","urlTemplate":"https:\/\/consolar.org\/?s={search_term_string}"},"query-input":{"@type":"PropertyValueSpecification","valueRequired":true,"valueName":"search_term_string"}}],"inLanguage":"pt-BR"},{"@type":"Organization","@id":"https:\/\/consolar.org\/#organization","name":"Consolar.org","url":"https:\/\/consolar.org\/","logo":{"@type":"ImageObject","inLanguage":"pt-BR","@id":"https:\/\/consolar.org\/#\/schema\/logo\/image\/","url":"https:\/\/consolar.org\/wp-content\/uploads\/2026\/02\/cropped-logonovo03-small.png","contentUrl":"https:\/\/consolar.org\/wp-content\/uploads\/2026\/02\/cropped-logonovo03-small.png","width":280,"height":142,"caption":"Consolar.org"},"image":{"@id":"https:\/\/consolar.org\/#\/schema\/logo\/image\/"},"sameAs":["https:\/\/www.facebook.com\/consolar"]},{"@type":"Person","@id":"https:\/\/consolar.org\/#\/schema\/person\/018df0c77d26ffae15541a8db82a8d29","name":"Luiz Eduardo de Freitas","image":{"@type":"ImageObject","inLanguage":"pt-BR","@id":"https:\/\/secure.gravatar.com\/avatar\/4f93769b3d958c559cd38414383290f7d6ab7800bf3f9a38e99e29e582b96cda?s=96&d=blank&r=g","url":"https:\/\/secure.gravatar.com\/avatar\/4f93769b3d958c559cd38414383290f7d6ab7800bf3f9a38e99e29e582b96cda?s=96&d=blank&r=g","contentUrl":"https:\/\/secure.gravatar.com\/avatar\/4f93769b3d958c559cd38414383290f7d6ab7800bf3f9a38e99e29e582b96cda?s=96&d=blank&r=g","caption":"Luiz Eduardo de Freitas"},"description":"Ipsum Lorem","sameAs":["https:\/\/consolar.org"],"url":"https:\/\/consolar.org\/?author=1"}]}},"_links":{"self":[{"href":"https:\/\/consolar.org\/index.php?rest_route=\/wp\/v2\/posts\/534","targetHints":{"allow":["GET"]}}],"collection":[{"href":"https:\/\/consolar.org\/index.php?rest_route=\/wp\/v2\/posts"}],"about":[{"href":"https:\/\/consolar.org\/index.php?rest_route=\/wp\/v2\/types\/post"}],"author":[{"embeddable":true,"href":"https:\/\/consolar.org\/index.php?rest_route=\/wp\/v2\/users\/1"}],"replies":[{"embeddable":true,"href":"https:\/\/consolar.org\/index.php?rest_route=%2Fwp%2Fv2%2Fcomments&post=534"}],"version-history":[{"count":0,"href":"https:\/\/consolar.org\/index.php?rest_route=\/wp\/v2\/posts\/534\/revisions"}],"wp:attachment":[{"href":"https:\/\/consolar.org\/index.php?rest_route=%2Fwp%2Fv2%2Fmedia&parent=534"}],"wp:term":[{"taxonomy":"category","embeddable":true,"href":"https:\/\/consolar.org\/index.php?rest_route=%2Fwp%2Fv2%2Fcategories&post=534"},{"taxonomy":"post_tag","embeddable":true,"href":"https:\/\/consolar.org\/index.php?rest_route=%2Fwp%2Fv2%2Ftags&post=534"}],"curies":[{"name":"wp","href":"https:\/\/api.w.org\/{rel}","templated":true}]}}