{"id":532,"date":"2007-12-20T00:00:00","date_gmt":"2007-12-20T03:00:00","guid":{"rendered":"https:\/\/consolar.org\/2007\/12\/20\/agora-entendo-o-beija-flor-varias-faces-do-pai-odoador-da-alegria-perpetua\/"},"modified":"2026-03-01T16:34:25","modified_gmt":"2026-03-01T19:34:25","slug":"agora-entendo-o-beija-flor-varias-faces-do-pai-odoador-da-alegria-perpetua","status":"publish","type":"post","link":"https:\/\/consolar.org\/?p=532","title":{"rendered":"Agora Entendo o Beija-Flor &#8211; V\u00e1rias faces do Pai o Doador da Alegria Perp\u00e9tua"},"content":{"rendered":"\n<figure class=\"wp-block-image size-large\"><img loading=\"lazy\" decoding=\"async\" width=\"1024\" height=\"389\" src=\"https:\/\/consolar.org\/wp-content\/uploads\/2007\/12\/beijaflor02-1024x389.jpg\" alt=\"\" class=\"wp-image-1154\" srcset=\"https:\/\/consolar.org\/wp-content\/uploads\/2007\/12\/beijaflor02-1024x389.jpg 1024w, https:\/\/consolar.org\/wp-content\/uploads\/2007\/12\/beijaflor02-300x114.jpg 300w, https:\/\/consolar.org\/wp-content\/uploads\/2007\/12\/beijaflor02-768x292.jpg 768w, https:\/\/consolar.org\/wp-content\/uploads\/2007\/12\/beijaflor02.jpg 1536w\" sizes=\"auto, (max-width: 1024px) 100vw, 1024px\" \/><\/figure>\n\n\n\n<p>O homem n\u00e3o sabe lidar com perdas. \u00c9 talvez o maior problema da humanidade. Perda de um emprego, de um bem de forma violenta ou de um ente querido \u00e9 dor na alma. S\u00f3 sabe explicar que j\u00e1 passou. Em virtude disto gostaria de te falar um pouco de minha experi\u00eancia sobre este assunto. Na primeira parte deste documento apresento a pessoa especial que tirou-me das trevas da solid\u00e3o e da tristeza. S\u00e3o 41 apresenta\u00e7\u00f5es do que \u00e9 Deus para mim. Eu posso confirmar para cada um que l\u00ea: &#8211; Eu o vi face a face. \u00c9 isto que Deus quer de voc\u00ea. Se aproximar de voc\u00ea. Caminhar com voc\u00ea e conversar com voc\u00ea. Ele deseja que O veja face a face. Em J\u00f3 42:6 encontramos a seguinte passagem: &#8220;Com o ouvir dos meus ouvidos ouvi de Ti, mas agora te vejo face a face.&#8221; Neste momento de perda deixe o Esp\u00edrito Santo entrar em seu cora\u00e7\u00e3o e ver\u00e1s Deus Face a Face. Conte a sua hist\u00f3ria deste encontro com Ele. Fa\u00e7a um invent\u00e1rio das marcas que Ele te deixou nestes anos, nestes dias. Diga-lhe Agora Pai Amado, Doador da alegria perp\u00e9tua te Vejo face a face pois agora tenho procurado n\u00e3o ver o problema, a perda, a dor. Agora desejo saber os seus caminhos e te conhecer por completo. Lembre-se&nbsp; JESUS EST\u00c1 PASSANDO.<\/p>\n\n\n\n<p>A Face do Doce Convidado da Alma<\/p>\n\n\n\n<p><span style=\"font-family: Arial;\"><span style=\"font-size: small;\">Nunca tinha passado por dor t\u00e3o intensa. A morte passou l\u00e1 em casa. Recebi \u00e0s 05:30 horas da manh\u00e3 um telefonema de meu irm\u00e3o em S\u00e3o Paulo. Ele estava na casa de meus pais. Ouvia minha m\u00e3e ao fundo gritar e chorar. &#8220;N\u00e3o v\u00e1 meu Pinco! N\u00e3o v\u00e1 meu Pinco!&#8221;* N\u00e3o acreditei. Chutei, chorei, liguei novamente para meu irm\u00e3o que socorreu meu pai para perguntar se os para-m\u00e9dicos conseguiram ressuscit\u00e1-lo. Que dor tremenda! T\u00e3o intensa que arde a alma. &#8220;N\u00e3o tem jeito mano, ele n\u00e3o est\u00e1 mais aqui conosco&#8221;. A separa\u00e7\u00e3o, \u00e0 dist\u00e2ncia, a dor e depois, a certeza. Passei por algumas experi\u00eancias que trouxeram consolo, conforto, alegria e certeza. Certeza que Deus est\u00e1 no comando de tudo e de todos. Da vida e da alegria perp\u00e9tua, pois Ele \u00e9 o Doador da Alegria Perp\u00e9tua.<\/span><\/span><\/p>\n\n\n\n<p class=\"has-text-align-right\"><span style=\"font-size: xx-small;\">* Pinco \u00e9 a forma carinhosa como meus pais se tratavam.<\/span><\/p>\n\n\n\n<p><span style=\"font-family: Arial;\"><span style=\"font-size: small;\">Ao retornar ao trabalho uma semana ap\u00f3s o falecimento de meu pai, curioso com as medita\u00e7\u00f5es que n\u00e3o conseguir ler no per\u00edodo que estivera fora do trabalho e longe de computadores e da Internet, encontrei a seguinte medita\u00e7\u00e3o no site Nosso P\u00e3o Di\u00e1rio, do dia 30 de Maio de 2004. Apenas um dia antes do falecimento de meu pai. Leio diariamente as medita\u00e7\u00f5es do Our Daily Bread. N\u00e3o conseguia ler aos domingos, pois s\u00f3 conseguia acessar o site no computador de meu trabalho. A mensagem chegou exatamente no dia anterior \u00e0 partida do meu pai:<\/span><\/span><\/p>\n\n\n\n<p class=\"has-text-align-center\">O MELHOR CONSOLADOR<\/p>\n\n\n\n<p class=\"has-text-align-center\">Leitura: Jo\u00e3o 14: 16-21, 24-27<\/p>\n\n\n\n<p class=\"has-text-align-center\"><em>&#8220;Eu rogarei ao Pai, e Ele vos dar\u00e1 outro Consolador. Para que fique convosco para sempre&#8221; &#8211; Jo\u00e3o :16.<\/em><\/p>\n\n\n\n<p><span style=\"font-family: Arial;\"><span style=\"font-size: small;\">Quando dois homens em uniforme vieram at\u00e9 a minha porta numa tarde do Memorial Day, pensei que eles andavam a angariar fundos para uma institui\u00e7\u00e3o de caridade. Ao inv\u00e9s, eles vieram-me transmitir que a minha irm\u00e3 e o seu marido tinham morrido num acidente naquele dia de manh\u00e3.&nbsp; H\u00e1 um pouco mais que um ano depois desse acontecimento arrasador o nosso coro da Igreja cantou &#8220;Vem Esp\u00edrito Santo&#8221; no domingo de Pentecostes. Ele trouxe uma onda de paz \u00e0 minha alma ainda dolorida. Um verso diz: &#8220;Tu o melhor dos consoladores, doce convidado da alma, suave refrig\u00e9rio. Na labuta, Tu tr\u00e1s descanso; no ardor, no temporal na m\u00e1goa nos d\u00e1 o consolo&#8221;.&nbsp; No domingo de Pentecostes, muitas igrejas celebram a vinda em poder do Esp\u00edrito Santo at\u00e9 os disc\u00edpulos (Atos 2:1-21). Mas o Esp\u00edrito veio tamb\u00e9m como o consolador prometido por Jesus: &#8220;E Eu rogarei ao Pai, e Ele vos dar\u00e1 outro Consolador, para que fique convosco para sempre&#8221; ( Jo\u00e3o 14:16). O Esp\u00edrito vive dentro de cada crente, trazendo a&nbsp; paz de Cristo, bem como o encorajamento e o al\u00edvio da afli\u00e7\u00e3o. O dia de Pentecostes e o Memorial Day raramente se seguem um ao outro como acontece em 2004. Mas o &#8220;doce convidado da alma&#8221; est\u00e1 conosco em qualquer dia em que nos lembramos dos nossos familiares que morreram. Na ang\u00fatia, o Esp\u00edrito \u00e9 a nossa consola\u00e7\u00e3o, a luz dos nossos cora\u00e7\u00f5es e o doador de alegria perp\u00e9tua &#8211; David McCasland.<\/span><\/span><\/p>\n\n\n\n<p><span style=\"font-family: Arial;\"><span style=\"font-size: small;\">Que dia maravilhoso foi aquele que li a medita\u00e7\u00e3o acima sobre o consolador! Deus fez me lembrar a quem eu poderia me apegar. Sempre que pensava em momentos de tristezas me perguntava quem teria o maior &#8220;ombro amigo&#8221;. Quem eu poderia abra\u00e7ar e chorar sem vergonha. E Deus me envia o dono do maior &#8220;ombro amigo&#8221; do universo. Ele me faz lembrar do Esp\u00edrito Santo. \u00c3\u0080s vezes t\u00e3o esquecido, mas o \u00c3\u00banico que me levantou realmente naqueles momentos. N\u00e3o estou sendo injusto com ningu\u00e9m. Todos me consolaram e me medicaram com seus abra\u00e7os, beijos, choros e palavras. Entretanto, tenho certeza que Ele estava presente em cada abra\u00e7o, em cada l\u00e1grima, em cada palavra. Ele usava todos aqueles que com um amor maior diziam que Deus nos amava. Por isso, quero te aconselhar a conhec\u00ea-lo. A viver com Ele. A receber do Esp\u00edrito Santo respostas as suas maiores d\u00c3\u00bavidas, consolo para suas grandes dores e alegria nas enormes dificuldades que possam um dia te afligir.Foi tremendo. Parecia que Deus me preparava para uma dor tremenda que veria logo depois. EM TODO DESERTO DA PROVA\u00c3\u0087\u00c3\u0083O O ESP\u00cdRITO SANTO \u00c9 O NOSSO O\u00c1SIS DE CONFORTO.\u00c9 impressionante como Deus quer nos preparar para o melhor. Na nossa ang\u00fatia quem poderia imaginar que Deus est\u00e1 tinha falado conosco de forma t\u00e3o clara e sincera. &#8220;Se preparem para o pior, mas segurem na m\u00e3o do Doador de Alegria Perp\u00e9tua&#8221;.Um dia antes da partida de nosso pai, somente um dia antes. Deus estava falando conosco. Que bom foi saber depois de uma semana, pois s\u00f3 li a medita\u00e7\u00e3o acima ao retornar ao trabalho, que Deus nunca nos deixar\u00e1 sem o Consolador. A sua companhia nos acalma, nos tranquiliza, nos faz andar cheios de alegria, pois Deus levou nosso pai para o seu lado, mas n\u00e3o esqueceu de nos amar.&nbsp; N\u00e3o h\u00e1 coincid\u00eancias em nossas vidas. Existe sim, a Perfeita Vontade de Deus. Hoje ap\u00f3s perdas passadas sinto em meu ser a presen\u00e7a do Doador da Alegria Perp\u00e9tua.<\/span><\/span><\/p>\n\n\n\n<p class=\"has-text-align-center\"><span style=\"font-family: Arial;\"><span style=\"font-size: small;\">** Do livro Agora Entendo o Beija-Flor**** Todos os direitos reservados **<\/span><\/span><\/p>\n","protected":false},"excerpt":{"rendered":"<p>O homem n\u00e3o sabe lidar com perdas. \u00c9 talvez o maior problema da humanidade. Perda de um emprego, de um bem de forma violenta ou de um ente querido \u00e9 dor na alma. S\u00f3 sabe explicar que j\u00e1 passou. Em virtude disto gostaria de te falar um pouco de minha experi\u00eancia sobre este assunto. Na <a class=\"more-link\" href=\"https:\/\/consolar.org\/?p=532\">&hellip; Continue lendo&hellip; &rarr;<\/a><\/p>\n","protected":false},"author":2,"featured_media":1154,"comment_status":"closed","ping_status":"closed","sticky":false,"template":"","format":"standard","meta":{"_ayudawp_aiss_exclude":false,"footnotes":"","_wpscppro_dont_share_socialmedia":false,"_wpscppro_custom_social_share_image":0,"_facebook_share_type":"","_twitter_share_type":"","_linkedin_share_type":"","_pinterest_share_type":"","_linkedin_share_type_page":"","_instagram_share_type":"","_medium_share_type":"","_threads_share_type":"","_google_business_share_type":"","_selected_social_profile":[],"_wpsp_enable_custom_social_template":false,"_wpsp_social_scheduling":{"enabled":false,"datetime":null,"platforms":[],"status":"template_only","dateOption":"today","timeOption":"now","customDays":"","customHours":"","customDate":"","customTime":"","schedulingType":"absolute"},"_wpsp_active_default_template":true},"categories":[1],"tags":[69,70],"class_list":["post-532","post","type-post","status-publish","format-standard","has-post-thumbnail","hentry","category-uncategorized","tag-luto","tag-morte"],"yoast_head":"<!-- This site is optimized with the Yoast SEO Premium plugin v27.3 (Yoast SEO v27.5) - https:\/\/yoast.com\/product\/yoast-seo-premium-wordpress\/ -->\n<title>Agora Entendo o Beija-Flor - V\u00e1rias faces do Pai o Doador da Alegria Perp\u00e9tua - Consolar.org<\/title>\n<meta name=\"robots\" content=\"index, follow, max-snippet:-1, max-image-preview:large, max-video-preview:-1\" \/>\n<link rel=\"canonical\" href=\"https:\/\/consolar.org\/?p=532\" \/>\n<meta property=\"og:locale\" content=\"pt_BR\" \/>\n<meta property=\"og:type\" content=\"article\" \/>\n<meta property=\"og:title\" content=\"Agora Entendo o Beija-Flor - V\u00e1rias faces do Pai o Doador da Alegria Perp\u00e9tua\" \/>\n<meta property=\"og:description\" content=\"O homem n\u00e3o sabe lidar com perdas. \u00c9 talvez o maior problema da humanidade. Perda de um emprego, de um bem de forma violenta ou de um ente querido \u00e9 dor na alma. S\u00f3 sabe explicar que j\u00e1 passou. Em virtude disto gostaria de te falar um pouco de minha experi\u00eancia sobre este assunto. Na &hellip; Continue lendo&hellip; &rarr;\" \/>\n<meta property=\"og:url\" content=\"https:\/\/consolar.org\/?p=532\" \/>\n<meta property=\"og:site_name\" content=\"Consolar.org\" \/>\n<meta property=\"article:publisher\" content=\"https:\/\/www.facebook.com\/consolar\" \/>\n<meta property=\"article:published_time\" content=\"2007-12-20T03:00:00+00:00\" \/>\n<meta property=\"article:modified_time\" content=\"2026-03-01T19:34:25+00:00\" \/>\n<meta property=\"og:image\" content=\"https:\/\/consolar.org\/wp-content\/uploads\/2007\/12\/beijaflor02.jpg\" \/>\n\t<meta property=\"og:image:width\" content=\"1536\" \/>\n\t<meta property=\"og:image:height\" content=\"584\" \/>\n\t<meta property=\"og:image:type\" content=\"image\/jpeg\" \/>\n<meta name=\"author\" content=\"Pr Luiz Rubem de Freitas\" \/>\n<meta name=\"twitter:card\" content=\"summary_large_image\" \/>\n<meta name=\"twitter:label1\" content=\"Escrito por\" \/>\n\t<meta name=\"twitter:data1\" content=\"Pr Luiz Rubem de Freitas\" \/>\n\t<meta name=\"twitter:label2\" content=\"Est. tempo de leitura\" \/>\n\t<meta name=\"twitter:data2\" content=\"6 minutos\" \/>\n<script type=\"application\/ld+json\" class=\"yoast-schema-graph\">{\"@context\":\"https:\\\/\\\/schema.org\",\"@graph\":[{\"@type\":\"Article\",\"@id\":\"https:\\\/\\\/consolar.org\\\/?p=532#article\",\"isPartOf\":{\"@id\":\"https:\\\/\\\/consolar.org\\\/?p=532\"},\"author\":{\"name\":\"Pr Luiz Rubem de Freitas\",\"@id\":\"https:\\\/\\\/consolar.org\\\/#\\\/schema\\\/person\\\/7b36e38187f2475e58065af654682d5d\"},\"headline\":\"Agora Entendo o Beija-Flor &#8211; V\u00e1rias faces do Pai o Doador da Alegria Perp\u00e9tua\",\"datePublished\":\"2007-12-20T03:00:00+00:00\",\"dateModified\":\"2026-03-01T19:34:25+00:00\",\"mainEntityOfPage\":{\"@id\":\"https:\\\/\\\/consolar.org\\\/?p=532\"},\"wordCount\":1170,\"publisher\":{\"@id\":\"https:\\\/\\\/consolar.org\\\/#organization\"},\"image\":{\"@id\":\"https:\\\/\\\/consolar.org\\\/?p=532#primaryimage\"},\"thumbnailUrl\":\"https:\\\/\\\/consolar.org\\\/wp-content\\\/uploads\\\/2007\\\/12\\\/beijaflor02.jpg\",\"keywords\":[\"Luto\",\"Morte\"],\"articleSection\":[\"Uncategorized\"],\"inLanguage\":\"pt-BR\"},{\"@type\":\"WebPage\",\"@id\":\"https:\\\/\\\/consolar.org\\\/?p=532\",\"url\":\"https:\\\/\\\/consolar.org\\\/?p=532\",\"name\":\"Agora Entendo o Beija-Flor - V\u00e1rias faces do Pai o Doador da Alegria Perp\u00e9tua - Consolar.org\",\"isPartOf\":{\"@id\":\"https:\\\/\\\/consolar.org\\\/#website\"},\"primaryImageOfPage\":{\"@id\":\"https:\\\/\\\/consolar.org\\\/?p=532#primaryimage\"},\"image\":{\"@id\":\"https:\\\/\\\/consolar.org\\\/?p=532#primaryimage\"},\"thumbnailUrl\":\"https:\\\/\\\/consolar.org\\\/wp-content\\\/uploads\\\/2007\\\/12\\\/beijaflor02.jpg\",\"datePublished\":\"2007-12-20T03:00:00+00:00\",\"dateModified\":\"2026-03-01T19:34:25+00:00\",\"breadcrumb\":{\"@id\":\"https:\\\/\\\/consolar.org\\\/?p=532#breadcrumb\"},\"inLanguage\":\"pt-BR\",\"potentialAction\":[{\"@type\":\"ReadAction\",\"target\":[\"https:\\\/\\\/consolar.org\\\/?p=532\"]}]},{\"@type\":\"ImageObject\",\"inLanguage\":\"pt-BR\",\"@id\":\"https:\\\/\\\/consolar.org\\\/?p=532#primaryimage\",\"url\":\"https:\\\/\\\/consolar.org\\\/wp-content\\\/uploads\\\/2007\\\/12\\\/beijaflor02.jpg\",\"contentUrl\":\"https:\\\/\\\/consolar.org\\\/wp-content\\\/uploads\\\/2007\\\/12\\\/beijaflor02.jpg\",\"width\":1536,\"height\":584},{\"@type\":\"BreadcrumbList\",\"@id\":\"https:\\\/\\\/consolar.org\\\/?p=532#breadcrumb\",\"itemListElement\":[{\"@type\":\"ListItem\",\"position\":1,\"name\":\"In\u00edcio\",\"item\":\"https:\\\/\\\/consolar.org\\\/\"},{\"@type\":\"ListItem\",\"position\":2,\"name\":\"Agora Entendo o Beija-Flor &#8211; V\u00e1rias faces do Pai o Doador da Alegria Perp\u00e9tua\"}]},{\"@type\":\"WebSite\",\"@id\":\"https:\\\/\\\/consolar.org\\\/#website\",\"url\":\"https:\\\/\\\/consolar.org\\\/\",\"name\":\"Consolar.org\",\"description\":\"Mensagens de conforto e esperan\u00e7a para cora\u00e7\u00f5es que precisam de paz.\",\"publisher\":{\"@id\":\"https:\\\/\\\/consolar.org\\\/#organization\"},\"potentialAction\":[{\"@type\":\"SearchAction\",\"target\":{\"@type\":\"EntryPoint\",\"urlTemplate\":\"https:\\\/\\\/consolar.org\\\/?s={search_term_string}\"},\"query-input\":{\"@type\":\"PropertyValueSpecification\",\"valueRequired\":true,\"valueName\":\"search_term_string\"}}],\"inLanguage\":\"pt-BR\"},{\"@type\":\"Organization\",\"@id\":\"https:\\\/\\\/consolar.org\\\/#organization\",\"name\":\"Consolar.org\",\"url\":\"https:\\\/\\\/consolar.org\\\/\",\"logo\":{\"@type\":\"ImageObject\",\"inLanguage\":\"pt-BR\",\"@id\":\"https:\\\/\\\/consolar.org\\\/#\\\/schema\\\/logo\\\/image\\\/\",\"url\":\"https:\\\/\\\/consolar.org\\\/wp-content\\\/uploads\\\/2026\\\/02\\\/cropped-logonovo03-small.png\",\"contentUrl\":\"https:\\\/\\\/consolar.org\\\/wp-content\\\/uploads\\\/2026\\\/02\\\/cropped-logonovo03-small.png\",\"width\":280,\"height\":142,\"caption\":\"Consolar.org\"},\"image\":{\"@id\":\"https:\\\/\\\/consolar.org\\\/#\\\/schema\\\/logo\\\/image\\\/\"},\"sameAs\":[\"https:\\\/\\\/www.facebook.com\\\/consolar\"]},{\"@type\":\"Person\",\"@id\":\"https:\\\/\\\/consolar.org\\\/#\\\/schema\\\/person\\\/7b36e38187f2475e58065af654682d5d\",\"name\":\"Pr Luiz Rubem de Freitas\",\"image\":{\"@type\":\"ImageObject\",\"inLanguage\":\"pt-BR\",\"@id\":\"https:\\\/\\\/secure.gravatar.com\\\/avatar\\\/fd59dc00fc4178aa1e085bf491d394e3f72afcd9b1944348dfcec2bbecdc5761?s=96&d=blank&r=g\",\"url\":\"https:\\\/\\\/secure.gravatar.com\\\/avatar\\\/fd59dc00fc4178aa1e085bf491d394e3f72afcd9b1944348dfcec2bbecdc5761?s=96&d=blank&r=g\",\"contentUrl\":\"https:\\\/\\\/secure.gravatar.com\\\/avatar\\\/fd59dc00fc4178aa1e085bf491d394e3f72afcd9b1944348dfcec2bbecdc5761?s=96&d=blank&r=g\",\"caption\":\"Pr Luiz Rubem de Freitas\"},\"url\":\"https:\\\/\\\/consolar.org\\\/?author=2\"}]}<\/script>\n<!-- \/ Yoast SEO Premium plugin. -->","yoast_head_json":{"title":"Agora Entendo o Beija-Flor - V\u00e1rias faces do Pai o Doador da Alegria Perp\u00e9tua - Consolar.org","robots":{"index":"index","follow":"follow","max-snippet":"max-snippet:-1","max-image-preview":"max-image-preview:large","max-video-preview":"max-video-preview:-1"},"canonical":"https:\/\/consolar.org\/?p=532","og_locale":"pt_BR","og_type":"article","og_title":"Agora Entendo o Beija-Flor - V\u00e1rias faces do Pai o Doador da Alegria Perp\u00e9tua","og_description":"O homem n\u00e3o sabe lidar com perdas. \u00c9 talvez o maior problema da humanidade. Perda de um emprego, de um bem de forma violenta ou de um ente querido \u00e9 dor na alma. S\u00f3 sabe explicar que j\u00e1 passou. Em virtude disto gostaria de te falar um pouco de minha experi\u00eancia sobre este assunto. Na &hellip; Continue lendo&hellip; &rarr;","og_url":"https:\/\/consolar.org\/?p=532","og_site_name":"Consolar.org","article_publisher":"https:\/\/www.facebook.com\/consolar","article_published_time":"2007-12-20T03:00:00+00:00","article_modified_time":"2026-03-01T19:34:25+00:00","og_image":[{"width":1536,"height":584,"url":"https:\/\/consolar.org\/wp-content\/uploads\/2007\/12\/beijaflor02.jpg","type":"image\/jpeg"}],"author":"Pr Luiz Rubem de Freitas","twitter_card":"summary_large_image","twitter_misc":{"Escrito por":"Pr Luiz Rubem de Freitas","Est. tempo de leitura":"6 minutos"},"schema":{"@context":"https:\/\/schema.org","@graph":[{"@type":"Article","@id":"https:\/\/consolar.org\/?p=532#article","isPartOf":{"@id":"https:\/\/consolar.org\/?p=532"},"author":{"name":"Pr Luiz Rubem de Freitas","@id":"https:\/\/consolar.org\/#\/schema\/person\/7b36e38187f2475e58065af654682d5d"},"headline":"Agora Entendo o Beija-Flor &#8211; V\u00e1rias faces do Pai o Doador da Alegria Perp\u00e9tua","datePublished":"2007-12-20T03:00:00+00:00","dateModified":"2026-03-01T19:34:25+00:00","mainEntityOfPage":{"@id":"https:\/\/consolar.org\/?p=532"},"wordCount":1170,"publisher":{"@id":"https:\/\/consolar.org\/#organization"},"image":{"@id":"https:\/\/consolar.org\/?p=532#primaryimage"},"thumbnailUrl":"https:\/\/consolar.org\/wp-content\/uploads\/2007\/12\/beijaflor02.jpg","keywords":["Luto","Morte"],"articleSection":["Uncategorized"],"inLanguage":"pt-BR"},{"@type":"WebPage","@id":"https:\/\/consolar.org\/?p=532","url":"https:\/\/consolar.org\/?p=532","name":"Agora Entendo o Beija-Flor - V\u00e1rias faces do Pai o Doador da Alegria Perp\u00e9tua - Consolar.org","isPartOf":{"@id":"https:\/\/consolar.org\/#website"},"primaryImageOfPage":{"@id":"https:\/\/consolar.org\/?p=532#primaryimage"},"image":{"@id":"https:\/\/consolar.org\/?p=532#primaryimage"},"thumbnailUrl":"https:\/\/consolar.org\/wp-content\/uploads\/2007\/12\/beijaflor02.jpg","datePublished":"2007-12-20T03:00:00+00:00","dateModified":"2026-03-01T19:34:25+00:00","breadcrumb":{"@id":"https:\/\/consolar.org\/?p=532#breadcrumb"},"inLanguage":"pt-BR","potentialAction":[{"@type":"ReadAction","target":["https:\/\/consolar.org\/?p=532"]}]},{"@type":"ImageObject","inLanguage":"pt-BR","@id":"https:\/\/consolar.org\/?p=532#primaryimage","url":"https:\/\/consolar.org\/wp-content\/uploads\/2007\/12\/beijaflor02.jpg","contentUrl":"https:\/\/consolar.org\/wp-content\/uploads\/2007\/12\/beijaflor02.jpg","width":1536,"height":584},{"@type":"BreadcrumbList","@id":"https:\/\/consolar.org\/?p=532#breadcrumb","itemListElement":[{"@type":"ListItem","position":1,"name":"In\u00edcio","item":"https:\/\/consolar.org\/"},{"@type":"ListItem","position":2,"name":"Agora Entendo o Beija-Flor &#8211; V\u00e1rias faces do Pai o Doador da Alegria Perp\u00e9tua"}]},{"@type":"WebSite","@id":"https:\/\/consolar.org\/#website","url":"https:\/\/consolar.org\/","name":"Consolar.org","description":"Mensagens de conforto e esperan\u00e7a para cora\u00e7\u00f5es que precisam de paz.","publisher":{"@id":"https:\/\/consolar.org\/#organization"},"potentialAction":[{"@type":"SearchAction","target":{"@type":"EntryPoint","urlTemplate":"https:\/\/consolar.org\/?s={search_term_string}"},"query-input":{"@type":"PropertyValueSpecification","valueRequired":true,"valueName":"search_term_string"}}],"inLanguage":"pt-BR"},{"@type":"Organization","@id":"https:\/\/consolar.org\/#organization","name":"Consolar.org","url":"https:\/\/consolar.org\/","logo":{"@type":"ImageObject","inLanguage":"pt-BR","@id":"https:\/\/consolar.org\/#\/schema\/logo\/image\/","url":"https:\/\/consolar.org\/wp-content\/uploads\/2026\/02\/cropped-logonovo03-small.png","contentUrl":"https:\/\/consolar.org\/wp-content\/uploads\/2026\/02\/cropped-logonovo03-small.png","width":280,"height":142,"caption":"Consolar.org"},"image":{"@id":"https:\/\/consolar.org\/#\/schema\/logo\/image\/"},"sameAs":["https:\/\/www.facebook.com\/consolar"]},{"@type":"Person","@id":"https:\/\/consolar.org\/#\/schema\/person\/7b36e38187f2475e58065af654682d5d","name":"Pr Luiz Rubem de Freitas","image":{"@type":"ImageObject","inLanguage":"pt-BR","@id":"https:\/\/secure.gravatar.com\/avatar\/fd59dc00fc4178aa1e085bf491d394e3f72afcd9b1944348dfcec2bbecdc5761?s=96&d=blank&r=g","url":"https:\/\/secure.gravatar.com\/avatar\/fd59dc00fc4178aa1e085bf491d394e3f72afcd9b1944348dfcec2bbecdc5761?s=96&d=blank&r=g","contentUrl":"https:\/\/secure.gravatar.com\/avatar\/fd59dc00fc4178aa1e085bf491d394e3f72afcd9b1944348dfcec2bbecdc5761?s=96&d=blank&r=g","caption":"Pr Luiz Rubem de Freitas"},"url":"https:\/\/consolar.org\/?author=2"}]}},"_links":{"self":[{"href":"https:\/\/consolar.org\/index.php?rest_route=\/wp\/v2\/posts\/532","targetHints":{"allow":["GET"]}}],"collection":[{"href":"https:\/\/consolar.org\/index.php?rest_route=\/wp\/v2\/posts"}],"about":[{"href":"https:\/\/consolar.org\/index.php?rest_route=\/wp\/v2\/types\/post"}],"author":[{"embeddable":true,"href":"https:\/\/consolar.org\/index.php?rest_route=\/wp\/v2\/users\/2"}],"replies":[{"embeddable":true,"href":"https:\/\/consolar.org\/index.php?rest_route=%2Fwp%2Fv2%2Fcomments&post=532"}],"version-history":[{"count":0,"href":"https:\/\/consolar.org\/index.php?rest_route=\/wp\/v2\/posts\/532\/revisions"}],"wp:featuredmedia":[{"embeddable":true,"href":"https:\/\/consolar.org\/index.php?rest_route=\/wp\/v2\/media\/1154"}],"wp:attachment":[{"href":"https:\/\/consolar.org\/index.php?rest_route=%2Fwp%2Fv2%2Fmedia&parent=532"}],"wp:term":[{"taxonomy":"category","embeddable":true,"href":"https:\/\/consolar.org\/index.php?rest_route=%2Fwp%2Fv2%2Fcategories&post=532"},{"taxonomy":"post_tag","embeddable":true,"href":"https:\/\/consolar.org\/index.php?rest_route=%2Fwp%2Fv2%2Ftags&post=532"}],"curies":[{"name":"wp","href":"https:\/\/api.w.org\/{rel}","templated":true}]}}