{"id":528,"date":"2008-01-06T00:00:00","date_gmt":"2008-01-06T03:00:00","guid":{"rendered":"https:\/\/consolar.org\/2008\/01\/06\/agora-entendo-o-beija-flor-a-face-do-pai-de-todos-os-abracos\/"},"modified":"2023-09-15T16:12:49","modified_gmt":"2023-09-15T19:12:49","slug":"agora-entendo-o-beija-flor-a-face-do-pai-de-todos-os-abracos","status":"publish","type":"post","link":"https:\/\/consolar.org\/?p=528","title":{"rendered":"Agora Entendo o Beija-Flor &#8211; A Face do Pai de Todos os Abra\u00e7os"},"content":{"rendered":"<p align=\"center\">Oh, mestre o mar se revolta&#8230;Que leva o Senhor Rei dos C\u00e9us e mar&#8230;Sossegai&#8230;<\/p>\n<p style=\"margin-left: 10px; margin-right: 10px\" align=\"justify\"><span style=\"font-family: Arial; color: #000080\"><font size=\"2\">Era este o Hino Crist\u00e3o que mais amava quando crian\u00e7a. Adorava cantar, pois parecia estar em um mar revolto. Numa Aventura. Nesta \u00e9poca n\u00e3o havia crises. Havia aventura. E o Deus, o Rei dos C\u00e9us e do mar, O Deus que eu adorava, nos salvaria. Ficava no culto pensando, imaginando, como seria este Deus. Alguns textos b\u00edblicos nos dizem que alguns homens de Deus o Viram face a face. Mois\u00e9s foi um deles. Comecei ent\u00e3o, h\u00e1 alguns anos,  tentar v\u00ea-lo. Descobri algo maravilhoso:<\/p>\n<p style=\"margin-left: 30px; margin-right: 30px\" align=\"justify\"><span style=\"font-family: Arial; color: #000080\"><font size=\"2\">    Eu posso ver Jesus em voc\u00ea. Quando eu tiver sede e me deres de beber. Quando tiver fome e me deres de comer, quando estiver doente e me visitares, quando estiver nu e me vestires. Ali\u00e1s, para completar a boa noticia, Deus \u00e9 t\u00e3o misericordioso comigo que voc\u00ea at\u00e9 pode ver Jesus em mim, se eu permitir.<\/span><\/font><\/p>\n<p style=\"margin-left: 10px; margin-right: 10px\" align=\"justify\"><span style=\"font-family: Arial; color: #000080\"><font size=\"2\">Mas minha sede de Jesus \u00e9 muito maior que imaginas. Descobri ent\u00e3o que posso atrav\u00e9s de um processo de santifica\u00e7\u00e3o, que vem do alto, vem de Deus, \u00e9 obra do Esp\u00edrito Santo em minha vida, me relacionar com Ele a ponto de a partir da\u00ed, v\u00ea-lo como Ele \u00e9. Como posso fazer isso?Come\u00e7o a conhec\u00ea-lo a partir do momento que me relaciono com Ele como pai, amigo e salvador. Algu\u00e9m muito pr\u00f3ximo. Agora n\u00e3o mais, e apenas, como Rei e poderoso da terra e do mar, mas como meu salvador, pai e amigo. Fa\u00e7o isto atrav\u00e9s da ora\u00e7\u00e3o e do conhecer de sua Palavra. Entretanto, sei, ainda, que s\u00f3 verei o seu rosto quando estiver com Ele nos c\u00e9u. N\u00e3o sei se tens est\u00e1 sede, essa vontade, essa f\u00e9, essa esperan\u00e7a. Eu tenho muita sede.Quando meu pai faleceu, h\u00e1 04 anos atr\u00e1s. Passamos logo depois, toda a igreja, num final de semana de despertamento espiritual. Foi um final de semana maravilhoso. Numa das contempla\u00e7\u00f5es que passamos naquele local, e para mim a mais marcante, aquela que entravamos em um sal\u00e3o e l\u00e1, para nossa surpresa, encontramos algo parecido com o c\u00e9u. Ali\u00e1s, uma representa\u00e7\u00e3o muito linda. Meu garoto mais novo, Hugo, fazia papel de anjinho. T\u00ednhamos que em fila. E aqui fa\u00e7o uma observa\u00e7\u00e3o: &#8220;que bom ter fila para entrar no c\u00e9u&#8221;, passar por uma ponte, sob o rio, e \u00e9ramos recebidos com um abra\u00e7o maravilhoso. Era uma representa\u00e7\u00e3o teatral de nossa esperan\u00e7a e f\u00e9. Ao ver, ainda na fila, a cena do nosso pastor dando um belo abra\u00e7o nos irm\u00e3os na minha frente quando eles passavam para o outro lado daquela ponte, comecei a imaginar o abra\u00e7o que Deus tinha dado em meu pai. Quase n\u00e3o consegui mais andar na fila. Queria somente ficar olhando.Meu pai vivia em S\u00e3o Paulo. Eu o visitava algumas vezes por ano. Todas \u00e0s vezes, as despedidas eram feitas com um abra\u00e7o bem apertado. Na \u00c3\u00baltima vez, foram dois abra\u00e7os. Dei-lhe um abra\u00e7o e subi ao \u00f4nibus. Como o \u00f4nibus n\u00e3o partia. Desci correndo e o abracei novamente. Foi meu \u00c3\u00baltimo abra\u00e7o com ele. Ali\u00e1s, foram dois, o meu \u00c3\u00baltimo abra\u00e7o, recebido de meu amado pai. Sabe como vejo isso? Vejo principalmente como um presente de Deus. Nunca mais vi meu pai vivo. Mas aqueles abra\u00e7os s\u00e3o inesquec\u00edveis. Deus me deu de presente um momento \u00c3\u00banico. Um momento de dois abra\u00e7os. Em contra-partida deu ao meu pai, nos c\u00e9us um abra\u00e7o eterno. Vi naquela contempla\u00e7\u00e3o o que precisava ver. Que Deus tamb\u00e9m deu um presente para o meu pai, o seu pr\u00f3prio abra\u00e7o. Sei que num lindo dia estarei abra\u00e7ado pelo Pai.Creia, O Senhor de todos os abra\u00e7os, estar\u00e1 te aguardando, na porta dos c\u00e9us, para um dia te dar abra\u00e7o forte, amoroso e eterno. Obrigado por seu abra\u00e7o, Pai.** Do livro Agora Entendo o Beija-Flor**** Todos os direitos reservados **<\/p>\n","protected":false},"excerpt":{"rendered":"<p>Oh, mestre o mar se revolta&#8230;Que leva o Senhor Rei dos C\u00e9us e mar&#8230;Sossegai&#8230; Era este o Hino Crist\u00e3o que mais amava quando crian\u00e7a. Adorava cantar, pois parecia estar em um mar revolto. Numa Aventura. Nesta \u00e9poca n\u00e3o havia crises. Havia aventura. E o Deus, o Rei dos C\u00e9us e do mar, O Deus que <a class=\"more-link\" href=\"https:\/\/consolar.org\/?p=528\">&hellip; Continue lendo&hellip; &rarr;<\/a><\/p>\n","protected":false},"author":2,"featured_media":0,"comment_status":"closed","ping_status":"closed","sticky":false,"template":"","format":"standard","meta":{"_ayudawp_aiss_exclude":false,"footnotes":"","_wpscppro_dont_share_socialmedia":false,"_wpscppro_custom_social_share_image":0,"_facebook_share_type":"","_twitter_share_type":"","_linkedin_share_type":"","_pinterest_share_type":"","_linkedin_share_type_page":"","_instagram_share_type":"","_medium_share_type":"","_threads_share_type":"","_google_business_share_type":"","_selected_social_profile":[],"_wpsp_enable_custom_social_template":false,"_wpsp_social_scheduling":{"enabled":false,"datetime":null,"platforms":[],"status":"template_only","dateOption":"today","timeOption":"now","customDays":"","customHours":"","customDate":"","customTime":"","schedulingType":"absolute"},"_wpsp_active_default_template":true},"categories":[],"tags":[69,70],"class_list":["post-528","post","type-post","status-publish","format-standard","hentry","tag-luto","tag-morte"],"yoast_head":"<!-- This site is optimized with the Yoast SEO Premium plugin v27.3 (Yoast SEO v27.5) - https:\/\/yoast.com\/product\/yoast-seo-premium-wordpress\/ -->\n<title>Agora Entendo o Beija-Flor - A Face do Pai de Todos os Abra\u00e7os - Consolar.org<\/title>\n<meta name=\"robots\" content=\"index, follow, max-snippet:-1, max-image-preview:large, max-video-preview:-1\" \/>\n<link rel=\"canonical\" href=\"https:\/\/consolar.org\/?p=528\" \/>\n<meta property=\"og:locale\" content=\"pt_BR\" \/>\n<meta property=\"og:type\" content=\"article\" \/>\n<meta property=\"og:title\" content=\"Agora Entendo o Beija-Flor - A Face do Pai de Todos os Abra\u00e7os\" \/>\n<meta property=\"og:description\" content=\"Oh, mestre o mar se revolta&#8230;Que leva o Senhor Rei dos C\u00e9us e mar&#8230;Sossegai&#8230; Era este o Hino Crist\u00e3o que mais amava quando crian\u00e7a. Adorava cantar, pois parecia estar em um mar revolto. Numa Aventura. Nesta \u00e9poca n\u00e3o havia crises. Havia aventura. E o Deus, o Rei dos C\u00e9us e do mar, O Deus que &hellip; Continue lendo&hellip; &rarr;\" \/>\n<meta property=\"og:url\" content=\"https:\/\/consolar.org\/?p=528\" \/>\n<meta property=\"og:site_name\" content=\"Consolar.org\" \/>\n<meta property=\"article:publisher\" content=\"https:\/\/www.facebook.com\/consolar\" \/>\n<meta property=\"article:published_time\" content=\"2008-01-06T03:00:00+00:00\" \/>\n<meta property=\"article:modified_time\" content=\"2023-09-15T19:12:49+00:00\" \/>\n<meta name=\"author\" content=\"Pr Luiz Rubem de Freitas\" \/>\n<meta name=\"twitter:card\" content=\"summary_large_image\" \/>\n<meta name=\"twitter:label1\" content=\"Escrito por\" \/>\n\t<meta name=\"twitter:data1\" content=\"Pr Luiz Rubem de Freitas\" \/>\n\t<meta name=\"twitter:label2\" content=\"Est. tempo de leitura\" \/>\n\t<meta name=\"twitter:data2\" content=\"3 minutos\" \/>\n<script type=\"application\/ld+json\" class=\"yoast-schema-graph\">{\"@context\":\"https:\\\/\\\/schema.org\",\"@graph\":[{\"@type\":\"Article\",\"@id\":\"https:\\\/\\\/consolar.org\\\/?p=528#article\",\"isPartOf\":{\"@id\":\"https:\\\/\\\/consolar.org\\\/?p=528\"},\"author\":{\"name\":\"Pr Luiz Rubem de Freitas\",\"@id\":\"https:\\\/\\\/consolar.org\\\/#\\\/schema\\\/person\\\/7b36e38187f2475e58065af654682d5d\"},\"headline\":\"Agora Entendo o Beija-Flor &#8211; A Face do Pai de Todos os Abra\u00e7os\",\"datePublished\":\"2008-01-06T03:00:00+00:00\",\"dateModified\":\"2023-09-15T19:12:49+00:00\",\"mainEntityOfPage\":{\"@id\":\"https:\\\/\\\/consolar.org\\\/?p=528\"},\"wordCount\":712,\"publisher\":{\"@id\":\"https:\\\/\\\/consolar.org\\\/#organization\"},\"keywords\":[\"Luto\",\"Morte\"],\"inLanguage\":\"pt-BR\"},{\"@type\":\"WebPage\",\"@id\":\"https:\\\/\\\/consolar.org\\\/?p=528\",\"url\":\"https:\\\/\\\/consolar.org\\\/?p=528\",\"name\":\"Agora Entendo o Beija-Flor - A Face do Pai de Todos os Abra\u00e7os - Consolar.org\",\"isPartOf\":{\"@id\":\"https:\\\/\\\/consolar.org\\\/#website\"},\"datePublished\":\"2008-01-06T03:00:00+00:00\",\"dateModified\":\"2023-09-15T19:12:49+00:00\",\"breadcrumb\":{\"@id\":\"https:\\\/\\\/consolar.org\\\/?p=528#breadcrumb\"},\"inLanguage\":\"pt-BR\",\"potentialAction\":[{\"@type\":\"ReadAction\",\"target\":[\"https:\\\/\\\/consolar.org\\\/?p=528\"]}]},{\"@type\":\"BreadcrumbList\",\"@id\":\"https:\\\/\\\/consolar.org\\\/?p=528#breadcrumb\",\"itemListElement\":[{\"@type\":\"ListItem\",\"position\":1,\"name\":\"In\u00edcio\",\"item\":\"https:\\\/\\\/consolar.org\\\/\"},{\"@type\":\"ListItem\",\"position\":2,\"name\":\"Agora Entendo o Beija-Flor &#8211; A Face do Pai de Todos os Abra\u00e7os\"}]},{\"@type\":\"WebSite\",\"@id\":\"https:\\\/\\\/consolar.org\\\/#website\",\"url\":\"https:\\\/\\\/consolar.org\\\/\",\"name\":\"Consolar.org\",\"description\":\"Mensagens de conforto e esperan\u00e7a para cora\u00e7\u00f5es que precisam de paz.\",\"publisher\":{\"@id\":\"https:\\\/\\\/consolar.org\\\/#organization\"},\"potentialAction\":[{\"@type\":\"SearchAction\",\"target\":{\"@type\":\"EntryPoint\",\"urlTemplate\":\"https:\\\/\\\/consolar.org\\\/?s={search_term_string}\"},\"query-input\":{\"@type\":\"PropertyValueSpecification\",\"valueRequired\":true,\"valueName\":\"search_term_string\"}}],\"inLanguage\":\"pt-BR\"},{\"@type\":\"Organization\",\"@id\":\"https:\\\/\\\/consolar.org\\\/#organization\",\"name\":\"Consolar.org\",\"url\":\"https:\\\/\\\/consolar.org\\\/\",\"logo\":{\"@type\":\"ImageObject\",\"inLanguage\":\"pt-BR\",\"@id\":\"https:\\\/\\\/consolar.org\\\/#\\\/schema\\\/logo\\\/image\\\/\",\"url\":\"https:\\\/\\\/consolar.org\\\/wp-content\\\/uploads\\\/2026\\\/02\\\/cropped-logonovo03-small.png\",\"contentUrl\":\"https:\\\/\\\/consolar.org\\\/wp-content\\\/uploads\\\/2026\\\/02\\\/cropped-logonovo03-small.png\",\"width\":280,\"height\":142,\"caption\":\"Consolar.org\"},\"image\":{\"@id\":\"https:\\\/\\\/consolar.org\\\/#\\\/schema\\\/logo\\\/image\\\/\"},\"sameAs\":[\"https:\\\/\\\/www.facebook.com\\\/consolar\"]},{\"@type\":\"Person\",\"@id\":\"https:\\\/\\\/consolar.org\\\/#\\\/schema\\\/person\\\/7b36e38187f2475e58065af654682d5d\",\"name\":\"Pr Luiz Rubem de Freitas\",\"image\":{\"@type\":\"ImageObject\",\"inLanguage\":\"pt-BR\",\"@id\":\"https:\\\/\\\/secure.gravatar.com\\\/avatar\\\/fd59dc00fc4178aa1e085bf491d394e3f72afcd9b1944348dfcec2bbecdc5761?s=96&d=blank&r=g\",\"url\":\"https:\\\/\\\/secure.gravatar.com\\\/avatar\\\/fd59dc00fc4178aa1e085bf491d394e3f72afcd9b1944348dfcec2bbecdc5761?s=96&d=blank&r=g\",\"contentUrl\":\"https:\\\/\\\/secure.gravatar.com\\\/avatar\\\/fd59dc00fc4178aa1e085bf491d394e3f72afcd9b1944348dfcec2bbecdc5761?s=96&d=blank&r=g\",\"caption\":\"Pr Luiz Rubem de Freitas\"},\"url\":\"https:\\\/\\\/consolar.org\\\/?author=2\"}]}<\/script>\n<!-- \/ Yoast SEO Premium plugin. -->","yoast_head_json":{"title":"Agora Entendo o Beija-Flor - A Face do Pai de Todos os Abra\u00e7os - Consolar.org","robots":{"index":"index","follow":"follow","max-snippet":"max-snippet:-1","max-image-preview":"max-image-preview:large","max-video-preview":"max-video-preview:-1"},"canonical":"https:\/\/consolar.org\/?p=528","og_locale":"pt_BR","og_type":"article","og_title":"Agora Entendo o Beija-Flor - A Face do Pai de Todos os Abra\u00e7os","og_description":"Oh, mestre o mar se revolta&#8230;Que leva o Senhor Rei dos C\u00e9us e mar&#8230;Sossegai&#8230; Era este o Hino Crist\u00e3o que mais amava quando crian\u00e7a. Adorava cantar, pois parecia estar em um mar revolto. Numa Aventura. Nesta \u00e9poca n\u00e3o havia crises. Havia aventura. E o Deus, o Rei dos C\u00e9us e do mar, O Deus que &hellip; Continue lendo&hellip; &rarr;","og_url":"https:\/\/consolar.org\/?p=528","og_site_name":"Consolar.org","article_publisher":"https:\/\/www.facebook.com\/consolar","article_published_time":"2008-01-06T03:00:00+00:00","article_modified_time":"2023-09-15T19:12:49+00:00","author":"Pr Luiz Rubem de Freitas","twitter_card":"summary_large_image","twitter_misc":{"Escrito por":"Pr Luiz Rubem de Freitas","Est. tempo de leitura":"3 minutos"},"schema":{"@context":"https:\/\/schema.org","@graph":[{"@type":"Article","@id":"https:\/\/consolar.org\/?p=528#article","isPartOf":{"@id":"https:\/\/consolar.org\/?p=528"},"author":{"name":"Pr Luiz Rubem de Freitas","@id":"https:\/\/consolar.org\/#\/schema\/person\/7b36e38187f2475e58065af654682d5d"},"headline":"Agora Entendo o Beija-Flor &#8211; A Face do Pai de Todos os Abra\u00e7os","datePublished":"2008-01-06T03:00:00+00:00","dateModified":"2023-09-15T19:12:49+00:00","mainEntityOfPage":{"@id":"https:\/\/consolar.org\/?p=528"},"wordCount":712,"publisher":{"@id":"https:\/\/consolar.org\/#organization"},"keywords":["Luto","Morte"],"inLanguage":"pt-BR"},{"@type":"WebPage","@id":"https:\/\/consolar.org\/?p=528","url":"https:\/\/consolar.org\/?p=528","name":"Agora Entendo o Beija-Flor - A Face do Pai de Todos os Abra\u00e7os - Consolar.org","isPartOf":{"@id":"https:\/\/consolar.org\/#website"},"datePublished":"2008-01-06T03:00:00+00:00","dateModified":"2023-09-15T19:12:49+00:00","breadcrumb":{"@id":"https:\/\/consolar.org\/?p=528#breadcrumb"},"inLanguage":"pt-BR","potentialAction":[{"@type":"ReadAction","target":["https:\/\/consolar.org\/?p=528"]}]},{"@type":"BreadcrumbList","@id":"https:\/\/consolar.org\/?p=528#breadcrumb","itemListElement":[{"@type":"ListItem","position":1,"name":"In\u00edcio","item":"https:\/\/consolar.org\/"},{"@type":"ListItem","position":2,"name":"Agora Entendo o Beija-Flor &#8211; A Face do Pai de Todos os Abra\u00e7os"}]},{"@type":"WebSite","@id":"https:\/\/consolar.org\/#website","url":"https:\/\/consolar.org\/","name":"Consolar.org","description":"Mensagens de conforto e esperan\u00e7a para cora\u00e7\u00f5es que precisam de paz.","publisher":{"@id":"https:\/\/consolar.org\/#organization"},"potentialAction":[{"@type":"SearchAction","target":{"@type":"EntryPoint","urlTemplate":"https:\/\/consolar.org\/?s={search_term_string}"},"query-input":{"@type":"PropertyValueSpecification","valueRequired":true,"valueName":"search_term_string"}}],"inLanguage":"pt-BR"},{"@type":"Organization","@id":"https:\/\/consolar.org\/#organization","name":"Consolar.org","url":"https:\/\/consolar.org\/","logo":{"@type":"ImageObject","inLanguage":"pt-BR","@id":"https:\/\/consolar.org\/#\/schema\/logo\/image\/","url":"https:\/\/consolar.org\/wp-content\/uploads\/2026\/02\/cropped-logonovo03-small.png","contentUrl":"https:\/\/consolar.org\/wp-content\/uploads\/2026\/02\/cropped-logonovo03-small.png","width":280,"height":142,"caption":"Consolar.org"},"image":{"@id":"https:\/\/consolar.org\/#\/schema\/logo\/image\/"},"sameAs":["https:\/\/www.facebook.com\/consolar"]},{"@type":"Person","@id":"https:\/\/consolar.org\/#\/schema\/person\/7b36e38187f2475e58065af654682d5d","name":"Pr Luiz Rubem de Freitas","image":{"@type":"ImageObject","inLanguage":"pt-BR","@id":"https:\/\/secure.gravatar.com\/avatar\/fd59dc00fc4178aa1e085bf491d394e3f72afcd9b1944348dfcec2bbecdc5761?s=96&d=blank&r=g","url":"https:\/\/secure.gravatar.com\/avatar\/fd59dc00fc4178aa1e085bf491d394e3f72afcd9b1944348dfcec2bbecdc5761?s=96&d=blank&r=g","contentUrl":"https:\/\/secure.gravatar.com\/avatar\/fd59dc00fc4178aa1e085bf491d394e3f72afcd9b1944348dfcec2bbecdc5761?s=96&d=blank&r=g","caption":"Pr Luiz Rubem de Freitas"},"url":"https:\/\/consolar.org\/?author=2"}]}},"_links":{"self":[{"href":"https:\/\/consolar.org\/index.php?rest_route=\/wp\/v2\/posts\/528","targetHints":{"allow":["GET"]}}],"collection":[{"href":"https:\/\/consolar.org\/index.php?rest_route=\/wp\/v2\/posts"}],"about":[{"href":"https:\/\/consolar.org\/index.php?rest_route=\/wp\/v2\/types\/post"}],"author":[{"embeddable":true,"href":"https:\/\/consolar.org\/index.php?rest_route=\/wp\/v2\/users\/2"}],"replies":[{"embeddable":true,"href":"https:\/\/consolar.org\/index.php?rest_route=%2Fwp%2Fv2%2Fcomments&post=528"}],"version-history":[{"count":0,"href":"https:\/\/consolar.org\/index.php?rest_route=\/wp\/v2\/posts\/528\/revisions"}],"wp:attachment":[{"href":"https:\/\/consolar.org\/index.php?rest_route=%2Fwp%2Fv2%2Fmedia&parent=528"}],"wp:term":[{"taxonomy":"category","embeddable":true,"href":"https:\/\/consolar.org\/index.php?rest_route=%2Fwp%2Fv2%2Fcategories&post=528"},{"taxonomy":"post_tag","embeddable":true,"href":"https:\/\/consolar.org\/index.php?rest_route=%2Fwp%2Fv2%2Ftags&post=528"}],"curies":[{"name":"wp","href":"https:\/\/api.w.org\/{rel}","templated":true}]}}