{"id":527,"date":"2009-04-03T00:00:00","date_gmt":"2009-04-03T03:00:00","guid":{"rendered":"https:\/\/consolar.org\/2009\/04\/03\/agora-entendo-o-beija-flor-a-face-do-pai-de-toda-armadura\/"},"modified":"2023-09-15T16:12:49","modified_gmt":"2023-09-15T19:12:49","slug":"agora-entendo-o-beija-flor-a-face-do-pai-de-toda-armadura","status":"publish","type":"post","link":"https:\/\/consolar.org\/?p=527","title":{"rendered":"Agora Entendo o Beija-Flor &#8211; A face do Pai de toda armadura"},"content":{"rendered":"<p>Quando sa\u00ed de casa aos 21 anos para servir o Exercito Brasileiro como Oficial tempor\u00e1rio minha m\u00e3e escreveu uma carta para mim que foi inclusive inserida no Jornal Batista, em 31 de maio de 1987, e na revista Vis\u00e3o Mission\u00e1ria. Sempre tive vontade e o desejo de responder aquela carta. Sempre me senti aqu\u00e9m das promessas e conselhos de minha m\u00e3e. Ela confiava tanto no Senhor e em suas promessas, mas se preocupava com o meu futuro, por isso escreveu-me com todo amor. Acredito que \u00e9 uma carta de todos os pais, para todos os filhos. Veja se tenho raz\u00e3o:       Recife, 28 de Janeiro de 1987      Rubinho:      Deus te aben\u00e7oe.      Foste o segundo filho que eu trouxe ao mundo. Com a mesma alegria, ansiedade e amor do primeiro, te recebi. Como eras lindo! E pensar que fui a m\u00e3e escolhida por Deus para zelar e cuidar de ti! Deus me confiou voc\u00ea querido. Alimentei-te com cuidado. Vesti-te com carinho. Disciplinei-te com amor. Tomei conta de ti com zelo e carinho. Preocupei-me contigo todas as horas, quer fosse dia ou noite, acordado ou dormindo. Eduquei-te para que um dia fosses um homem de Deus. Ensinei-te (n\u00e3o como era meu desejo e dever) o caminho seguro onde deverias andar quando fosses homem. Ensinei-te a amar, louvar e temer a Deus, pois &#8220;o temor do Senhor \u00e9 o principio da sabedoria&#8221; e anelava que fosses s\u00e1bio principalmente no Senhor. Dei-te, portanto com todo o amor o preparo o poss\u00edvel para enfrentares a vida tudo com a ajuda de Deus e de teu pai que muit\u00edssimo contribuiu para todas as coisas na vida. Sei que a responsabilidade n\u00e3o foi cumprida com perfei\u00e7\u00e3o, mas, a\u00ed est\u00e1s meu filho, um oficial do Exercito Brasileiro e partes de teu lar, lar que foi a tua seguran\u00e7a durante 20 anos, 09 meses e 29 dias. Partes para servir a P\u00e1tria. Ir\u00e1s enfrentar a vida. Sozinho, n\u00e3o estar\u00e1s porque Deus estar\u00e1 contigo sempre. Sei que sabes como te comportar, e com isso n\u00e3o me preocupo. Lembra-te apenas que, antes de seres oficial do Ex\u00e9rcito Brasileiro \u00e9s um soldado da P\u00e1tria Celestial, o maior ex\u00e9rcito do mundo, o Ex\u00e9rcito do Grande Rei. Nesse Ex\u00e9rcito precisar\u00e1s estar mais que alerta, conhecedor ex\u00edmio das astutas ciladas do inimigo. Por nada no mundo te descuide, e estejas sempre alerta. &#8220;Tome toda a armadura de Deus, para que possas resistir ao dia mau e, havendo feito tudo, permanecer firme. Estejas, pois, firme, tendo cingido o lombo com a verdade, e vestido a COURA\u00c3\u0087A da justi\u00e7a, e CAL\u00c3\u0087ADOS os p\u00e9s com a prepara\u00e7\u00e3o do evangelho da paz, tomando sobretudo, o ESCUDO da f\u00e9, com o qual poder\u00e1s apagar todos os dardos inflamados do maligno. Tome tamb\u00e9m o CAPACETE da salva\u00e7\u00e3o e a ESPADA do Esp\u00edrito que \u00e9 a Palavra de Deus, com toda a ora\u00e7\u00e3o e s\u00c3\u00baplica orando em todo tempo no Esp\u00edrito e, para o mesmo fim vigiando com toda  a perseveran\u00e7a e s\u00c3\u00baplica&#8230;&#8221; Ef\u00e9sios 6:1-17b. Esta \u00e9 a vestimenta mais poderosa e protetora que deves usar querido filho e assim estar\u00e1s seguro e protegido. Em breve ter\u00e1s tamb\u00e9m o teu lar. N\u00e3o te esque\u00e7as de dar a primazia a quem de direito, pertence a Deus. Que seja Ele, o cabe\u00e7a do teu lar. O hospede bem-vindo em todas as horas. Vigia constante de teu lar. Protetor infal\u00edvel de tua vida. N\u00e3o te esque\u00e7as do d\u00edzimo que \u00e9 sagrado. Lembra-te dos ensinamentos de teu pai. Sei que n\u00e3o esqueces.       Abaixo de Deus podes contar com tua m\u00e3e, teu pai e teus irm\u00e3os que tamb\u00e9m sentir\u00e3o a tua aus\u00eancia.       N\u00e3o deixarei nunca de preocupar-me contigo. Um peda\u00e7o de mim estar\u00e1 contigo. N\u00e3o terei sempre aqueles momentos em que convers\u00e1vamos, troc\u00e1vamos id\u00e9ias e dava-te conselhos. N\u00e3o terei o teu cuidado para comigo procurando ajudar-me sempre que podias. Tudo aquilo que eu fizer em casa, sempre farei lembrando de ti, principalmente as refei\u00e7\u00f5es, pois dizias sempre: &#8220;que comida gostosa&#8221;. Quando sairmos para igreja, ou a um passeio me lembrarei de ti, pois sempre saiamos juntos. Toda a fam\u00edlia. Lembrar-me-ei das tantas vezes que me beijavas e dizias: &#8220;Te amo&#8221;. Recorda\u00e7\u00f5es agrad\u00e1veis que estar\u00e3o sempre comigo meu filho. Eu te amo muito. S\u00f3 me resta o consolo, e saber que est\u00e1s feliz. Continuar\u00e1s enchendo o nosso lar de alegrias e b\u00ean\u00e7\u00e3os. A B\u00edblia diz: &#8220;Os filhos s\u00e3o heran\u00e7a da parte do Senhor&#8221; e eu n\u00e3o poderia receber heran\u00e7a maior que essa que foi voc\u00ea e seus dois irm\u00e3os. Tr\u00eas b\u00ean\u00e7\u00e3os que encheram nossas vidas de alegrias, que deram significado a nossa uni\u00e3o. Nosso lar sempre ser\u00e1 feliz, pois temos voc\u00eas. Mesmo distante estar\u00e1s conosco.       Com grande amor.       Mam\u00e3e &#8211; Isolina Ferreira de Freitas        Sempre tive o desejo de responder a esta carta. Minha m\u00e3e n\u00e3o est\u00e1 mais conosco para ler minha resposta. Mas, creio que ela adoraria saber que ando nos caminhos do Senhor. Essa \u00e9 uma carta que merece resposta. Melhor seria se respondesse com a minha vida. Ao ler a carta de minha m\u00e3e penso o quanto ela me amava. \u00c9 natural que um filho saia de casa. N\u00e3o \u00e9 natural que saia de qualquer jeito e sem amor. Desta carta eu louvo a Deus por 04 coisas. Primeiro: Louvo a Deus por uma m\u00e3e que me amava. Segundo: Louvo a Deus por uma m\u00e3e que me aconselhava. Terceiro: louvo a Deus por minha m\u00e3e ter mostrado como devo me portar. Quarto: louvo a Deus por uma m\u00e3e que me apresentou ao pai de toda a minha armadura.       Pai de minha armadura \u00e9 o nosso Senhor Jesus. Foram meus pais que me apresentaram a Ele. Estive face a face com Ele quando li esta carta. Foi Ele que me deu a armadura para vencer o mundo, e as suas afli\u00e7\u00f5es, seus medos, suas armadilhas, enganos, tristezas, ciladas e as perdas. Meu pai de toda a armadura oferece a todos n\u00f3s a oportunidade de fazermos o certo. Desejas ser um filho justo e justificado? Vista a coura\u00e7a da Justi\u00e7a de Deus. Pretende andar com Deus, em paz com Ele? Calce os p\u00e9s com os cal\u00e7ados da prepara\u00e7\u00e3o do Evangelho da Paz. Tens medo das setas do inimigo? Tens pavor da morte? Proteja-se com o escudo da F\u00e9. Tome tamb\u00e9m o capacete da salva\u00e7\u00e3o e a Espada do Esp\u00edrito.       Sabe o que mais d\u00f3i neste momento? \u00c9 saber que apesar dos conselhos do Pai em minha m\u00e3e, eu andei tantas vezes somente de short e de camiseta pisando na bola, errando o alvo, errando feio. Tudo porque n\u00e3o estava vestido corretamente. Se me atingiram setas, e n\u00e3o foram poucas, foi porque n\u00e3o estava vestido adequadamente. N\u00e3o estava preparado. Se chorei ou se perdi foi porque baixei a guarda. Joguei o meu escudo para o lado. Como um motociclista irrespons\u00e1vel, andei sem o capacete por ruas escuras e cheias de enganos. Perdi tempo andando de p\u00e9s descal\u00e7os, em terreno perigoso e pedregoso, quando tinha um caminho bom e verdadeiro a seguir e as sand\u00e1lias do Senhor para vestir. Errei por n\u00e3o ler a Palavra de Deus. N\u00e3o meditar em suas palavras e n\u00e3o viv\u00ea-la diariamente. Cometi o erro de n\u00e3o alegrar o Esp\u00edrito Santo. Enganei-me ao n\u00e3o me lembrar da carta de minha m\u00e3e. Vacilei por esquecer o Pai de toda a minha armadura. Aquele que me faz forte, sendo eu fraco.  Agora eu sei que nunca mais estarei sem ela, a armadura que Deus nos deu, a armadura que minha m\u00e3e me apresentou, a armadura do Pai de toda minha salva\u00e7\u00e3o. Pois sei que pelas suas pisaduras fomos sarados. Sei que: tudo posso naquele que me fortalece. Sei que nada sou sem Ele. Sei que Ele me ama. Sei que nunca mais viverei sem o seu amor. Como dizem no Exercito: &#8220;estou coberto e abrigado&#8221; pelo amor do Pai. Hoje, n\u00e3o posso dizer a minha m\u00e3e que ela estava certa. Mas, digo ao Pai de toda minha armadura: Tu estavas certo. Seguro e protegido, estarei sempre contigo. O melhor \u00e9 ser um soldado da P\u00e1tria Celestial. Verei minha m\u00e3e no c\u00e9u, o lindo c\u00e9u.       Se passardes por perdas, esteja vestido com a armadura do amor do Pai. Esperan\u00e7a, f\u00e9, paz, conforto, salva\u00e7\u00e3o, renovo e alegria Ele te dar\u00e1. E nada, nada te atingir\u00e1.** Do Livro Agora Entendo o Beija-Flor **** Todos os direitos reservados **<\/p>\n","protected":false},"excerpt":{"rendered":"<p>Quando sa\u00ed de casa aos 21 anos para servir o Exercito Brasileiro como Oficial tempor\u00e1rio minha m\u00e3e escreveu uma carta para mim que foi inclusive inserida no Jornal Batista, em 31 de maio de 1987, e na revista Vis\u00e3o Mission\u00e1ria. Sempre tive vontade e o desejo de responder aquela carta. Sempre me senti aqu\u00e9m das <a class=\"more-link\" href=\"https:\/\/consolar.org\/?p=527\">&hellip; Continue lendo&hellip; &rarr;<\/a><\/p>\n","protected":false},"author":2,"featured_media":0,"comment_status":"closed","ping_status":"closed","sticky":false,"template":"","format":"standard","meta":{"_ayudawp_aiss_exclude":false,"footnotes":"","_wpscppro_dont_share_socialmedia":false,"_wpscppro_custom_social_share_image":0,"_facebook_share_type":"","_twitter_share_type":"","_linkedin_share_type":"","_pinterest_share_type":"","_linkedin_share_type_page":"","_instagram_share_type":"","_medium_share_type":"","_threads_share_type":"","_google_business_share_type":"","_selected_social_profile":[],"_wpsp_enable_custom_social_template":false,"_wpsp_social_scheduling":{"enabled":false,"datetime":null,"platforms":[],"status":"template_only","dateOption":"today","timeOption":"now","customDays":"","customHours":"","customDate":"","customTime":"","schedulingType":"absolute"},"_wpsp_active_default_template":true},"categories":[],"tags":[69,70],"class_list":["post-527","post","type-post","status-publish","format-standard","hentry","tag-luto","tag-morte"],"yoast_head":"<!-- This site is optimized with the Yoast SEO Premium plugin v27.3 (Yoast SEO v27.5) - https:\/\/yoast.com\/product\/yoast-seo-premium-wordpress\/ -->\n<title>Agora Entendo o Beija-Flor - A face do Pai de toda armadura - Consolar.org<\/title>\n<meta name=\"robots\" content=\"index, follow, max-snippet:-1, max-image-preview:large, max-video-preview:-1\" \/>\n<link rel=\"canonical\" href=\"https:\/\/consolar.org\/?p=527\" \/>\n<meta property=\"og:locale\" content=\"pt_BR\" \/>\n<meta property=\"og:type\" content=\"article\" \/>\n<meta property=\"og:title\" content=\"Agora Entendo o Beija-Flor - A face do Pai de toda armadura\" \/>\n<meta property=\"og:description\" content=\"Quando sa\u00ed de casa aos 21 anos para servir o Exercito Brasileiro como Oficial tempor\u00e1rio minha m\u00e3e escreveu uma carta para mim que foi inclusive inserida no Jornal Batista, em 31 de maio de 1987, e na revista Vis\u00e3o Mission\u00e1ria. Sempre tive vontade e o desejo de responder aquela carta. Sempre me senti aqu\u00e9m das &hellip; Continue lendo&hellip; &rarr;\" \/>\n<meta property=\"og:url\" content=\"https:\/\/consolar.org\/?p=527\" \/>\n<meta property=\"og:site_name\" content=\"Consolar.org\" \/>\n<meta property=\"article:publisher\" content=\"https:\/\/www.facebook.com\/consolar\" \/>\n<meta property=\"article:published_time\" content=\"2009-04-03T03:00:00+00:00\" \/>\n<meta property=\"article:modified_time\" content=\"2023-09-15T19:12:49+00:00\" \/>\n<meta name=\"author\" content=\"Pr Luiz Rubem de Freitas\" \/>\n<meta name=\"twitter:card\" content=\"summary_large_image\" \/>\n<meta name=\"twitter:label1\" content=\"Escrito por\" \/>\n\t<meta name=\"twitter:data1\" content=\"Pr Luiz Rubem de Freitas\" \/>\n\t<meta name=\"twitter:label2\" content=\"Est. tempo de leitura\" \/>\n\t<meta name=\"twitter:data2\" content=\"7 minutos\" \/>\n<script type=\"application\/ld+json\" class=\"yoast-schema-graph\">{\"@context\":\"https:\\\/\\\/schema.org\",\"@graph\":[{\"@type\":\"Article\",\"@id\":\"https:\\\/\\\/consolar.org\\\/?p=527#article\",\"isPartOf\":{\"@id\":\"https:\\\/\\\/consolar.org\\\/?p=527\"},\"author\":{\"name\":\"Pr Luiz Rubem de Freitas\",\"@id\":\"https:\\\/\\\/consolar.org\\\/#\\\/schema\\\/person\\\/7b36e38187f2475e58065af654682d5d\"},\"headline\":\"Agora Entendo o Beija-Flor &#8211; A face do Pai de toda armadura\",\"datePublished\":\"2009-04-03T03:00:00+00:00\",\"dateModified\":\"2023-09-15T19:12:49+00:00\",\"mainEntityOfPage\":{\"@id\":\"https:\\\/\\\/consolar.org\\\/?p=527\"},\"wordCount\":1503,\"publisher\":{\"@id\":\"https:\\\/\\\/consolar.org\\\/#organization\"},\"keywords\":[\"Luto\",\"Morte\"],\"inLanguage\":\"pt-BR\"},{\"@type\":\"WebPage\",\"@id\":\"https:\\\/\\\/consolar.org\\\/?p=527\",\"url\":\"https:\\\/\\\/consolar.org\\\/?p=527\",\"name\":\"Agora Entendo o Beija-Flor - A face do Pai de toda armadura - Consolar.org\",\"isPartOf\":{\"@id\":\"https:\\\/\\\/consolar.org\\\/#website\"},\"datePublished\":\"2009-04-03T03:00:00+00:00\",\"dateModified\":\"2023-09-15T19:12:49+00:00\",\"breadcrumb\":{\"@id\":\"https:\\\/\\\/consolar.org\\\/?p=527#breadcrumb\"},\"inLanguage\":\"pt-BR\",\"potentialAction\":[{\"@type\":\"ReadAction\",\"target\":[\"https:\\\/\\\/consolar.org\\\/?p=527\"]}]},{\"@type\":\"BreadcrumbList\",\"@id\":\"https:\\\/\\\/consolar.org\\\/?p=527#breadcrumb\",\"itemListElement\":[{\"@type\":\"ListItem\",\"position\":1,\"name\":\"In\u00edcio\",\"item\":\"https:\\\/\\\/consolar.org\\\/\"},{\"@type\":\"ListItem\",\"position\":2,\"name\":\"Agora Entendo o Beija-Flor &#8211; A face do Pai de toda armadura\"}]},{\"@type\":\"WebSite\",\"@id\":\"https:\\\/\\\/consolar.org\\\/#website\",\"url\":\"https:\\\/\\\/consolar.org\\\/\",\"name\":\"Consolar.org\",\"description\":\"Mensagens de conforto e esperan\u00e7a para cora\u00e7\u00f5es que precisam de paz.\",\"publisher\":{\"@id\":\"https:\\\/\\\/consolar.org\\\/#organization\"},\"potentialAction\":[{\"@type\":\"SearchAction\",\"target\":{\"@type\":\"EntryPoint\",\"urlTemplate\":\"https:\\\/\\\/consolar.org\\\/?s={search_term_string}\"},\"query-input\":{\"@type\":\"PropertyValueSpecification\",\"valueRequired\":true,\"valueName\":\"search_term_string\"}}],\"inLanguage\":\"pt-BR\"},{\"@type\":\"Organization\",\"@id\":\"https:\\\/\\\/consolar.org\\\/#organization\",\"name\":\"Consolar.org\",\"url\":\"https:\\\/\\\/consolar.org\\\/\",\"logo\":{\"@type\":\"ImageObject\",\"inLanguage\":\"pt-BR\",\"@id\":\"https:\\\/\\\/consolar.org\\\/#\\\/schema\\\/logo\\\/image\\\/\",\"url\":\"https:\\\/\\\/consolar.org\\\/wp-content\\\/uploads\\\/2026\\\/02\\\/cropped-logonovo03-small.png\",\"contentUrl\":\"https:\\\/\\\/consolar.org\\\/wp-content\\\/uploads\\\/2026\\\/02\\\/cropped-logonovo03-small.png\",\"width\":280,\"height\":142,\"caption\":\"Consolar.org\"},\"image\":{\"@id\":\"https:\\\/\\\/consolar.org\\\/#\\\/schema\\\/logo\\\/image\\\/\"},\"sameAs\":[\"https:\\\/\\\/www.facebook.com\\\/consolar\"]},{\"@type\":\"Person\",\"@id\":\"https:\\\/\\\/consolar.org\\\/#\\\/schema\\\/person\\\/7b36e38187f2475e58065af654682d5d\",\"name\":\"Pr Luiz Rubem de Freitas\",\"image\":{\"@type\":\"ImageObject\",\"inLanguage\":\"pt-BR\",\"@id\":\"https:\\\/\\\/secure.gravatar.com\\\/avatar\\\/fd59dc00fc4178aa1e085bf491d394e3f72afcd9b1944348dfcec2bbecdc5761?s=96&d=blank&r=g\",\"url\":\"https:\\\/\\\/secure.gravatar.com\\\/avatar\\\/fd59dc00fc4178aa1e085bf491d394e3f72afcd9b1944348dfcec2bbecdc5761?s=96&d=blank&r=g\",\"contentUrl\":\"https:\\\/\\\/secure.gravatar.com\\\/avatar\\\/fd59dc00fc4178aa1e085bf491d394e3f72afcd9b1944348dfcec2bbecdc5761?s=96&d=blank&r=g\",\"caption\":\"Pr Luiz Rubem de Freitas\"},\"url\":\"https:\\\/\\\/consolar.org\\\/?author=2\"}]}<\/script>\n<!-- \/ Yoast SEO Premium plugin. -->","yoast_head_json":{"title":"Agora Entendo o Beija-Flor - A face do Pai de toda armadura - Consolar.org","robots":{"index":"index","follow":"follow","max-snippet":"max-snippet:-1","max-image-preview":"max-image-preview:large","max-video-preview":"max-video-preview:-1"},"canonical":"https:\/\/consolar.org\/?p=527","og_locale":"pt_BR","og_type":"article","og_title":"Agora Entendo o Beija-Flor - A face do Pai de toda armadura","og_description":"Quando sa\u00ed de casa aos 21 anos para servir o Exercito Brasileiro como Oficial tempor\u00e1rio minha m\u00e3e escreveu uma carta para mim que foi inclusive inserida no Jornal Batista, em 31 de maio de 1987, e na revista Vis\u00e3o Mission\u00e1ria. Sempre tive vontade e o desejo de responder aquela carta. Sempre me senti aqu\u00e9m das &hellip; Continue lendo&hellip; &rarr;","og_url":"https:\/\/consolar.org\/?p=527","og_site_name":"Consolar.org","article_publisher":"https:\/\/www.facebook.com\/consolar","article_published_time":"2009-04-03T03:00:00+00:00","article_modified_time":"2023-09-15T19:12:49+00:00","author":"Pr Luiz Rubem de Freitas","twitter_card":"summary_large_image","twitter_misc":{"Escrito por":"Pr Luiz Rubem de Freitas","Est. tempo de leitura":"7 minutos"},"schema":{"@context":"https:\/\/schema.org","@graph":[{"@type":"Article","@id":"https:\/\/consolar.org\/?p=527#article","isPartOf":{"@id":"https:\/\/consolar.org\/?p=527"},"author":{"name":"Pr Luiz Rubem de Freitas","@id":"https:\/\/consolar.org\/#\/schema\/person\/7b36e38187f2475e58065af654682d5d"},"headline":"Agora Entendo o Beija-Flor &#8211; A face do Pai de toda armadura","datePublished":"2009-04-03T03:00:00+00:00","dateModified":"2023-09-15T19:12:49+00:00","mainEntityOfPage":{"@id":"https:\/\/consolar.org\/?p=527"},"wordCount":1503,"publisher":{"@id":"https:\/\/consolar.org\/#organization"},"keywords":["Luto","Morte"],"inLanguage":"pt-BR"},{"@type":"WebPage","@id":"https:\/\/consolar.org\/?p=527","url":"https:\/\/consolar.org\/?p=527","name":"Agora Entendo o Beija-Flor - A face do Pai de toda armadura - Consolar.org","isPartOf":{"@id":"https:\/\/consolar.org\/#website"},"datePublished":"2009-04-03T03:00:00+00:00","dateModified":"2023-09-15T19:12:49+00:00","breadcrumb":{"@id":"https:\/\/consolar.org\/?p=527#breadcrumb"},"inLanguage":"pt-BR","potentialAction":[{"@type":"ReadAction","target":["https:\/\/consolar.org\/?p=527"]}]},{"@type":"BreadcrumbList","@id":"https:\/\/consolar.org\/?p=527#breadcrumb","itemListElement":[{"@type":"ListItem","position":1,"name":"In\u00edcio","item":"https:\/\/consolar.org\/"},{"@type":"ListItem","position":2,"name":"Agora Entendo o Beija-Flor &#8211; A face do Pai de toda armadura"}]},{"@type":"WebSite","@id":"https:\/\/consolar.org\/#website","url":"https:\/\/consolar.org\/","name":"Consolar.org","description":"Mensagens de conforto e esperan\u00e7a para cora\u00e7\u00f5es que precisam de paz.","publisher":{"@id":"https:\/\/consolar.org\/#organization"},"potentialAction":[{"@type":"SearchAction","target":{"@type":"EntryPoint","urlTemplate":"https:\/\/consolar.org\/?s={search_term_string}"},"query-input":{"@type":"PropertyValueSpecification","valueRequired":true,"valueName":"search_term_string"}}],"inLanguage":"pt-BR"},{"@type":"Organization","@id":"https:\/\/consolar.org\/#organization","name":"Consolar.org","url":"https:\/\/consolar.org\/","logo":{"@type":"ImageObject","inLanguage":"pt-BR","@id":"https:\/\/consolar.org\/#\/schema\/logo\/image\/","url":"https:\/\/consolar.org\/wp-content\/uploads\/2026\/02\/cropped-logonovo03-small.png","contentUrl":"https:\/\/consolar.org\/wp-content\/uploads\/2026\/02\/cropped-logonovo03-small.png","width":280,"height":142,"caption":"Consolar.org"},"image":{"@id":"https:\/\/consolar.org\/#\/schema\/logo\/image\/"},"sameAs":["https:\/\/www.facebook.com\/consolar"]},{"@type":"Person","@id":"https:\/\/consolar.org\/#\/schema\/person\/7b36e38187f2475e58065af654682d5d","name":"Pr Luiz Rubem de Freitas","image":{"@type":"ImageObject","inLanguage":"pt-BR","@id":"https:\/\/secure.gravatar.com\/avatar\/fd59dc00fc4178aa1e085bf491d394e3f72afcd9b1944348dfcec2bbecdc5761?s=96&d=blank&r=g","url":"https:\/\/secure.gravatar.com\/avatar\/fd59dc00fc4178aa1e085bf491d394e3f72afcd9b1944348dfcec2bbecdc5761?s=96&d=blank&r=g","contentUrl":"https:\/\/secure.gravatar.com\/avatar\/fd59dc00fc4178aa1e085bf491d394e3f72afcd9b1944348dfcec2bbecdc5761?s=96&d=blank&r=g","caption":"Pr Luiz Rubem de Freitas"},"url":"https:\/\/consolar.org\/?author=2"}]}},"_links":{"self":[{"href":"https:\/\/consolar.org\/index.php?rest_route=\/wp\/v2\/posts\/527","targetHints":{"allow":["GET"]}}],"collection":[{"href":"https:\/\/consolar.org\/index.php?rest_route=\/wp\/v2\/posts"}],"about":[{"href":"https:\/\/consolar.org\/index.php?rest_route=\/wp\/v2\/types\/post"}],"author":[{"embeddable":true,"href":"https:\/\/consolar.org\/index.php?rest_route=\/wp\/v2\/users\/2"}],"replies":[{"embeddable":true,"href":"https:\/\/consolar.org\/index.php?rest_route=%2Fwp%2Fv2%2Fcomments&post=527"}],"version-history":[{"count":0,"href":"https:\/\/consolar.org\/index.php?rest_route=\/wp\/v2\/posts\/527\/revisions"}],"wp:attachment":[{"href":"https:\/\/consolar.org\/index.php?rest_route=%2Fwp%2Fv2%2Fmedia&parent=527"}],"wp:term":[{"taxonomy":"category","embeddable":true,"href":"https:\/\/consolar.org\/index.php?rest_route=%2Fwp%2Fv2%2Fcategories&post=527"},{"taxonomy":"post_tag","embeddable":true,"href":"https:\/\/consolar.org\/index.php?rest_route=%2Fwp%2Fv2%2Ftags&post=527"}],"curies":[{"name":"wp","href":"https:\/\/api.w.org\/{rel}","templated":true}]}}