{"id":522,"date":"2010-11-18T00:00:00","date_gmt":"2010-11-18T03:00:00","guid":{"rendered":"https:\/\/consolar.org\/2010\/11\/18\/aguas-cobrem-o-mar\/"},"modified":"2023-09-15T16:12:49","modified_gmt":"2023-09-15T19:12:49","slug":"aguas-cobrem-o-mar","status":"publish","type":"post","link":"https:\/\/consolar.org\/?p=522","title":{"rendered":"\u00c1guas Cobrem o Mar"},"content":{"rendered":"<p>&#8220;N\u00e3o se far\u00e1 mal nem dano algum em todo o meu santo monte, porque a terra se encher\u00e1 do conhecimento do SENHOR, como as \u00e1guas cobrem o mar&#8221; (Isa\u00edas 11.9).  Estes dias minha esposa aceitou perder. Est\u00e1vamos passando por grande dificuldade financeira. N\u00f3s precis\u00e1vamos para sair dela, largar um negocio de fam\u00edlia que n\u00e3o estava indo muito bem. Apesar de saber das reais condi\u00e7\u00f5es da empresa, que o melhor seria tentar vend\u00ea-la e sair ainda em p\u00e9, ela insistia esfor\u00e7ando-se em manter viva uma pequena esperan\u00e7a de melhor futuro. At\u00e9 que, numa certa noite deitados ela disse: &#8220;Antes eu n\u00e3o aceitava perder, hoje eu aceito&#8221;. Quase pulei da cama de tanta alegria. Ali vi que Deus se alegrava e nos daria livramento. No outro dia pela manh\u00e3, apareceu um senhor querendo comprar a empresa. Vendemos e hoje estamos livres. Lembrei-me ao ler o texto de Isaias o quanto \u00e9 bom estar no santo monte, na presen\u00e7a do Pai. At\u00e9 podemos passar por dificuldades no santo monte, mas temos a certeza que na tribula\u00e7\u00e3o Deus trabalha para nos ensinar, nos ajudar, nos moldar. Sa\u00edmos da dificuldade mais &#8220;duros&#8221;, mas com certeza melhores que entramos. Ao ouvir a decis\u00e3o de minha esposa, pensei no Senhor Jesus na Cruz do Calv\u00e1rio. Imaginem se Ele decidisse n\u00e3o perder. Sim, a aparente perda do Senhor Jesus se transformou em vit\u00f3ria e salva\u00e7\u00e3o. Quando decidimos perder; tudo fica melhor. O problema \u00e9 que nunca queremos perder. Somos competitivos, n\u00e3o largamos o osso de forma alguma. Sinceramente, \u00e9 preciso perder para vencer. Um atleta precisa treinar muito, o que aparenta derrota, para alcan\u00e7ar a vit\u00f3ria; \u00e9 preciso perder horas de sono, para passar em um concurso. Entendo que este \u00e9 o conhecimento do Senhor, que se tornou um Pai perdedor, enviando seu filho amado Jesus para morrer por mim e por ti, para que tenhamos a vit\u00f3ria da salva\u00e7\u00e3o. A aparente derrota do Pai, deu a Deus um filho obediente, um filho amoroso, um filho perfeito; deu-lhe Jesus Cristo o Messias, o Salvador. Lembre-se disto, quando sentirdes derrotado, diga a Deus: &#8220;Transforma meu choro em riso, meu luto em alegria, minha dificuldade em livramento, meu sofrimento em paz, minha doen\u00e7a em testemunho e cobre minha vida do teu conhecimento, serei como o mar coberto por ti&#8221;.  Senhor Jesus, que minhas derrotas sejam transformadas na alegria de conhecer-te mais. Inunda minha vida de ti como as \u00e1guas cobrem o mar. Assim, nenhum dano sofrerei mesmo que tempestades eu viver.<\/p>\n","protected":false},"excerpt":{"rendered":"<p>&#8220;N\u00e3o se far\u00e1 mal nem dano algum em todo o meu santo monte, porque a terra se encher\u00e1 do conhecimento do SENHOR, como as \u00e1guas cobrem o mar&#8221; (Isa\u00edas 11.9). Estes dias minha esposa aceitou perder. Est\u00e1vamos passando por grande dificuldade financeira. N\u00f3s precis\u00e1vamos para sair dela, largar um negocio de fam\u00edlia que n\u00e3o estava <a class=\"more-link\" href=\"https:\/\/consolar.org\/?p=522\">&hellip; Continue lendo&hellip; &rarr;<\/a><\/p>\n","protected":false},"author":2,"featured_media":0,"comment_status":"closed","ping_status":"closed","sticky":false,"template":"","format":"standard","meta":{"_ayudawp_aiss_exclude":false,"_ayudawp_aiss_exclude_summary":false,"_ayudawp_aiss_summary":"","_ayudawp_aiss_summary_provider":"","_ayudawp_aiss_summary_hash":"","footnotes":"","_wpscppro_dont_share_socialmedia":false,"_wpscppro_custom_social_share_image":0,"_facebook_share_type":"","_twitter_share_type":"","_linkedin_share_type":"","_pinterest_share_type":"","_linkedin_share_type_page":"","_instagram_share_type":"","_medium_share_type":"","_threads_share_type":"","_google_business_share_type":"","_bluesky_share_type":"","_mastodon_share_type":"","_selected_social_profile":[],"_wpsp_enable_custom_social_template":false,"_wpsp_social_scheduling":{"enabled":false,"datetime":null,"platforms":[],"status":"template_only","dateOption":"today","timeOption":"now","customDays":"","customHours":"","customDate":"","customTime":"","schedulingType":"absolute"},"_wpsp_active_default_template":true},"categories":[1],"tags":[],"class_list":["post-522","post","type-post","status-publish","format-standard","hentry","category-uncategorized"],"yoast_head":"<!-- This site is optimized with the Yoast SEO Premium plugin v27.3 (Yoast SEO v28.3) - https:\/\/yoast.com\/product\/yoast-seo-premium-wordpress\/ -->\n<title>\u00c1guas Cobrem o Mar - Consolar.org<\/title>\n<meta name=\"robots\" content=\"index, follow, max-snippet:-1, max-image-preview:large, max-video-preview:-1\" \/>\n<link rel=\"canonical\" href=\"https:\/\/consolar.org\/?p=522\" \/>\n<meta property=\"og:locale\" content=\"pt_BR\" \/>\n<meta property=\"og:type\" content=\"article\" \/>\n<meta property=\"og:title\" content=\"\u00c1guas Cobrem o Mar\" \/>\n<meta property=\"og:description\" content=\"&#8220;N\u00e3o se far\u00e1 mal nem dano algum em todo o meu santo monte, porque a terra se encher\u00e1 do conhecimento do SENHOR, como as \u00e1guas cobrem o mar&#8221; (Isa\u00edas 11.9). Estes dias minha esposa aceitou perder. Est\u00e1vamos passando por grande dificuldade financeira. N\u00f3s precis\u00e1vamos para sair dela, largar um negocio de fam\u00edlia que n\u00e3o estava &hellip; Continue lendo&hellip; &rarr;\" \/>\n<meta property=\"og:url\" content=\"https:\/\/consolar.org\/?p=522\" \/>\n<meta property=\"og:site_name\" content=\"Consolar.org\" \/>\n<meta property=\"article:publisher\" content=\"https:\/\/www.facebook.com\/consolar\" \/>\n<meta property=\"article:published_time\" content=\"2010-11-18T03:00:00+00:00\" \/>\n<meta property=\"article:modified_time\" content=\"2023-09-15T19:12:49+00:00\" \/>\n<meta name=\"author\" content=\"Pr Luiz Rubem de Freitas\" \/>\n<meta name=\"twitter:card\" content=\"summary_large_image\" \/>\n<meta name=\"twitter:label1\" content=\"Escrito por\" \/>\n\t<meta name=\"twitter:data1\" content=\"Pr Luiz Rubem de Freitas\" \/>\n\t<meta name=\"twitter:label2\" content=\"Est. tempo de leitura\" \/>\n\t<meta name=\"twitter:data2\" content=\"2 minutos\" \/>\n<script type=\"application\/ld+json\" class=\"yoast-schema-graph\">{\"@context\":\"https:\\\/\\\/schema.org\",\"@graph\":[{\"@type\":\"Article\",\"@id\":\"https:\\\/\\\/consolar.org\\\/?p=522#article\",\"isPartOf\":{\"@id\":\"https:\\\/\\\/consolar.org\\\/?p=522\"},\"author\":{\"name\":\"Pr Luiz Rubem de Freitas\",\"@id\":\"https:\\\/\\\/consolar.org\\\/#\\\/schema\\\/person\\\/7b36e38187f2475e58065af654682d5d\"},\"headline\":\"\u00c1guas Cobrem o Mar\",\"datePublished\":\"2010-11-18T03:00:00+00:00\",\"dateModified\":\"2023-09-15T19:12:49+00:00\",\"mainEntityOfPage\":{\"@id\":\"https:\\\/\\\/consolar.org\\\/?p=522\"},\"wordCount\":435,\"publisher\":{\"@id\":\"https:\\\/\\\/consolar.org\\\/#organization\"},\"articleSection\":[\"Uncategorized\"],\"inLanguage\":\"pt-BR\"},{\"@type\":\"WebPage\",\"@id\":\"https:\\\/\\\/consolar.org\\\/?p=522\",\"url\":\"https:\\\/\\\/consolar.org\\\/?p=522\",\"name\":\"\u00c1guas Cobrem o Mar - Consolar.org\",\"isPartOf\":{\"@id\":\"https:\\\/\\\/consolar.org\\\/#website\"},\"datePublished\":\"2010-11-18T03:00:00+00:00\",\"dateModified\":\"2023-09-15T19:12:49+00:00\",\"breadcrumb\":{\"@id\":\"https:\\\/\\\/consolar.org\\\/?p=522#breadcrumb\"},\"inLanguage\":\"pt-BR\",\"potentialAction\":[{\"@type\":\"ReadAction\",\"target\":[\"https:\\\/\\\/consolar.org\\\/?p=522\"]}]},{\"@type\":\"BreadcrumbList\",\"@id\":\"https:\\\/\\\/consolar.org\\\/?p=522#breadcrumb\",\"itemListElement\":[{\"@type\":\"ListItem\",\"position\":1,\"name\":\"In\u00edcio\",\"item\":\"https:\\\/\\\/consolar.org\\\/\"},{\"@type\":\"ListItem\",\"position\":2,\"name\":\"\u00c1guas Cobrem o Mar\"}]},{\"@type\":\"WebSite\",\"@id\":\"https:\\\/\\\/consolar.org\\\/#website\",\"url\":\"https:\\\/\\\/consolar.org\\\/\",\"name\":\"Consolar.org\",\"description\":\"Mensagens de conforto e esperan\u00e7a para cora\u00e7\u00f5es que precisam de paz.\",\"publisher\":{\"@id\":\"https:\\\/\\\/consolar.org\\\/#organization\"},\"potentialAction\":[{\"@type\":\"SearchAction\",\"target\":{\"@type\":\"EntryPoint\",\"urlTemplate\":\"https:\\\/\\\/consolar.org\\\/?s={search_term_string}\"},\"query-input\":{\"@type\":\"PropertyValueSpecification\",\"valueRequired\":true,\"valueName\":\"search_term_string\"}}],\"inLanguage\":\"pt-BR\"},{\"@type\":\"Organization\",\"@id\":\"https:\\\/\\\/consolar.org\\\/#organization\",\"name\":\"Consolar.org\",\"url\":\"https:\\\/\\\/consolar.org\\\/\",\"logo\":{\"@type\":\"ImageObject\",\"inLanguage\":\"pt-BR\",\"@id\":\"https:\\\/\\\/consolar.org\\\/#\\\/schema\\\/logo\\\/image\\\/\",\"url\":\"https:\\\/\\\/consolar.org\\\/wp-content\\\/uploads\\\/2026\\\/02\\\/cropped-logonovo03-small.png\",\"contentUrl\":\"https:\\\/\\\/consolar.org\\\/wp-content\\\/uploads\\\/2026\\\/02\\\/cropped-logonovo03-small.png\",\"width\":280,\"height\":142,\"caption\":\"Consolar.org\"},\"image\":{\"@id\":\"https:\\\/\\\/consolar.org\\\/#\\\/schema\\\/logo\\\/image\\\/\"},\"sameAs\":[\"https:\\\/\\\/www.facebook.com\\\/consolar\"]},{\"@type\":\"Person\",\"@id\":\"https:\\\/\\\/consolar.org\\\/#\\\/schema\\\/person\\\/7b36e38187f2475e58065af654682d5d\",\"name\":\"Pr Luiz Rubem de Freitas\",\"image\":{\"@type\":\"ImageObject\",\"inLanguage\":\"pt-BR\",\"@id\":\"https:\\\/\\\/secure.gravatar.com\\\/avatar\\\/fd59dc00fc4178aa1e085bf491d394e3f72afcd9b1944348dfcec2bbecdc5761?s=96&d=blank&r=g\",\"url\":\"https:\\\/\\\/secure.gravatar.com\\\/avatar\\\/fd59dc00fc4178aa1e085bf491d394e3f72afcd9b1944348dfcec2bbecdc5761?s=96&d=blank&r=g\",\"contentUrl\":\"https:\\\/\\\/secure.gravatar.com\\\/avatar\\\/fd59dc00fc4178aa1e085bf491d394e3f72afcd9b1944348dfcec2bbecdc5761?s=96&d=blank&r=g\",\"caption\":\"Pr Luiz Rubem de Freitas\"},\"url\":\"https:\\\/\\\/consolar.org\\\/?author=2\"}]}<\/script>\n<!-- \/ Yoast SEO Premium plugin. -->","yoast_head_json":{"title":"\u00c1guas Cobrem o Mar - Consolar.org","robots":{"index":"index","follow":"follow","max-snippet":"max-snippet:-1","max-image-preview":"max-image-preview:large","max-video-preview":"max-video-preview:-1"},"canonical":"https:\/\/consolar.org\/?p=522","og_locale":"pt_BR","og_type":"article","og_title":"\u00c1guas Cobrem o Mar","og_description":"&#8220;N\u00e3o se far\u00e1 mal nem dano algum em todo o meu santo monte, porque a terra se encher\u00e1 do conhecimento do SENHOR, como as \u00e1guas cobrem o mar&#8221; (Isa\u00edas 11.9). Estes dias minha esposa aceitou perder. Est\u00e1vamos passando por grande dificuldade financeira. N\u00f3s precis\u00e1vamos para sair dela, largar um negocio de fam\u00edlia que n\u00e3o estava &hellip; Continue lendo&hellip; &rarr;","og_url":"https:\/\/consolar.org\/?p=522","og_site_name":"Consolar.org","article_publisher":"https:\/\/www.facebook.com\/consolar","article_published_time":"2010-11-18T03:00:00+00:00","article_modified_time":"2023-09-15T19:12:49+00:00","author":"Pr Luiz Rubem de Freitas","twitter_card":"summary_large_image","twitter_misc":{"Escrito por":"Pr Luiz Rubem de Freitas","Est. tempo de leitura":"2 minutos"},"schema":{"@context":"https:\/\/schema.org","@graph":[{"@type":"Article","@id":"https:\/\/consolar.org\/?p=522#article","isPartOf":{"@id":"https:\/\/consolar.org\/?p=522"},"author":{"name":"Pr Luiz Rubem de Freitas","@id":"https:\/\/consolar.org\/#\/schema\/person\/7b36e38187f2475e58065af654682d5d"},"headline":"\u00c1guas Cobrem o Mar","datePublished":"2010-11-18T03:00:00+00:00","dateModified":"2023-09-15T19:12:49+00:00","mainEntityOfPage":{"@id":"https:\/\/consolar.org\/?p=522"},"wordCount":435,"publisher":{"@id":"https:\/\/consolar.org\/#organization"},"articleSection":["Uncategorized"],"inLanguage":"pt-BR"},{"@type":"WebPage","@id":"https:\/\/consolar.org\/?p=522","url":"https:\/\/consolar.org\/?p=522","name":"\u00c1guas Cobrem o Mar - Consolar.org","isPartOf":{"@id":"https:\/\/consolar.org\/#website"},"datePublished":"2010-11-18T03:00:00+00:00","dateModified":"2023-09-15T19:12:49+00:00","breadcrumb":{"@id":"https:\/\/consolar.org\/?p=522#breadcrumb"},"inLanguage":"pt-BR","potentialAction":[{"@type":"ReadAction","target":["https:\/\/consolar.org\/?p=522"]}]},{"@type":"BreadcrumbList","@id":"https:\/\/consolar.org\/?p=522#breadcrumb","itemListElement":[{"@type":"ListItem","position":1,"name":"In\u00edcio","item":"https:\/\/consolar.org\/"},{"@type":"ListItem","position":2,"name":"\u00c1guas Cobrem o Mar"}]},{"@type":"WebSite","@id":"https:\/\/consolar.org\/#website","url":"https:\/\/consolar.org\/","name":"Consolar.org","description":"Mensagens de conforto e esperan\u00e7a para cora\u00e7\u00f5es que precisam de paz.","publisher":{"@id":"https:\/\/consolar.org\/#organization"},"potentialAction":[{"@type":"SearchAction","target":{"@type":"EntryPoint","urlTemplate":"https:\/\/consolar.org\/?s={search_term_string}"},"query-input":{"@type":"PropertyValueSpecification","valueRequired":true,"valueName":"search_term_string"}}],"inLanguage":"pt-BR"},{"@type":"Organization","@id":"https:\/\/consolar.org\/#organization","name":"Consolar.org","url":"https:\/\/consolar.org\/","logo":{"@type":"ImageObject","inLanguage":"pt-BR","@id":"https:\/\/consolar.org\/#\/schema\/logo\/image\/","url":"https:\/\/consolar.org\/wp-content\/uploads\/2026\/02\/cropped-logonovo03-small.png","contentUrl":"https:\/\/consolar.org\/wp-content\/uploads\/2026\/02\/cropped-logonovo03-small.png","width":280,"height":142,"caption":"Consolar.org"},"image":{"@id":"https:\/\/consolar.org\/#\/schema\/logo\/image\/"},"sameAs":["https:\/\/www.facebook.com\/consolar"]},{"@type":"Person","@id":"https:\/\/consolar.org\/#\/schema\/person\/7b36e38187f2475e58065af654682d5d","name":"Pr Luiz Rubem de Freitas","image":{"@type":"ImageObject","inLanguage":"pt-BR","@id":"https:\/\/secure.gravatar.com\/avatar\/fd59dc00fc4178aa1e085bf491d394e3f72afcd9b1944348dfcec2bbecdc5761?s=96&d=blank&r=g","url":"https:\/\/secure.gravatar.com\/avatar\/fd59dc00fc4178aa1e085bf491d394e3f72afcd9b1944348dfcec2bbecdc5761?s=96&d=blank&r=g","contentUrl":"https:\/\/secure.gravatar.com\/avatar\/fd59dc00fc4178aa1e085bf491d394e3f72afcd9b1944348dfcec2bbecdc5761?s=96&d=blank&r=g","caption":"Pr Luiz Rubem de Freitas"},"url":"https:\/\/consolar.org\/?author=2"}]}},"_links":{"self":[{"href":"https:\/\/consolar.org\/index.php?rest_route=\/wp\/v2\/posts\/522","targetHints":{"allow":["GET"]}}],"collection":[{"href":"https:\/\/consolar.org\/index.php?rest_route=\/wp\/v2\/posts"}],"about":[{"href":"https:\/\/consolar.org\/index.php?rest_route=\/wp\/v2\/types\/post"}],"author":[{"embeddable":true,"href":"https:\/\/consolar.org\/index.php?rest_route=\/wp\/v2\/users\/2"}],"replies":[{"embeddable":true,"href":"https:\/\/consolar.org\/index.php?rest_route=%2Fwp%2Fv2%2Fcomments&post=522"}],"version-history":[{"count":0,"href":"https:\/\/consolar.org\/index.php?rest_route=\/wp\/v2\/posts\/522\/revisions"}],"wp:attachment":[{"href":"https:\/\/consolar.org\/index.php?rest_route=%2Fwp%2Fv2%2Fmedia&parent=522"}],"wp:term":[{"taxonomy":"category","embeddable":true,"href":"https:\/\/consolar.org\/index.php?rest_route=%2Fwp%2Fv2%2Fcategories&post=522"},{"taxonomy":"post_tag","embeddable":true,"href":"https:\/\/consolar.org\/index.php?rest_route=%2Fwp%2Fv2%2Ftags&post=522"}],"curies":[{"name":"wp","href":"https:\/\/api.w.org\/{rel}","templated":true}]}}