{"id":519,"date":"2012-01-26T00:00:00","date_gmt":"2012-01-26T03:00:00","guid":{"rendered":"https:\/\/consolar.org\/2012\/01\/26\/a-rota-prevista\/"},"modified":"2026-02-27T18:16:19","modified_gmt":"2026-02-27T21:16:19","slug":"a-rota-prevista","status":"publish","type":"post","link":"https:\/\/consolar.org\/?p=519","title":{"rendered":"A Rota Prevista"},"content":{"rendered":"\n<figure class=\"wp-block-image size-large\"><img loading=\"lazy\" decoding=\"async\" width=\"1024\" height=\"524\" src=\"https:\/\/consolar.org\/wp-content\/uploads\/2012\/01\/arotaprevista-1024x524.jpg\" alt=\"\" class=\"wp-image-1114\" srcset=\"https:\/\/consolar.org\/wp-content\/uploads\/2012\/01\/arotaprevista-1024x524.jpg 1024w, https:\/\/consolar.org\/wp-content\/uploads\/2012\/01\/arotaprevista-300x154.jpg 300w, https:\/\/consolar.org\/wp-content\/uploads\/2012\/01\/arotaprevista-768x393.jpg 768w, https:\/\/consolar.org\/wp-content\/uploads\/2012\/01\/arotaprevista.jpg 1200w\" sizes=\"auto, (max-width: 1024px) 100vw, 1024px\" \/><\/figure>\n\n\n\n<p class=\"has-text-align-center\"><em>&#8220;Eu sou o caminho, a verdade e a vida; <br>ningu\u00e9m vem ao Pai, sen\u00e3o por mim&#8221; (Jo\u00e3o 14.6) <\/em><\/p>\n\n\n\n<p>O capit\u00e3o de um dos mais belos transatl\u00e2nticos do mundo, o Costa Conc\u00f3rdia, teve sua teve a pris\u00e3o domiciliar decretada. Se condenado, ele pode pegar at\u00e9 15 anos de pris\u00e3o por homic\u00eddio culposo (sem inten\u00e7\u00e3o) e abandono do navio. O cruzeiro encalhou no mar da Toscana ap\u00f3s zarpar de um porto pr\u00f3ximo a Roma. Ali estavam cerca de 4 mil pessoas e, segundo a empresa respons\u00e1vel, s\u00f3 se acidentou porque o capit\u00e3o n\u00e3o respeitou a rota prevista. Nesta ter\u00e7a-feira, mergulhadores encontraram mais cinco corpos, elevando o total de mortos no acidente para 11. Entre tripulantes e passageiros, ainda h\u00e1 24 desaparecidos. Alguns erros cometidos, possivelmente, pelo capit\u00e3o do navio s\u00e3o cometidos diariamente por muita gente. <\/p>\n\n\n\n<p>Espero n\u00e3o ser um deles, espero que, tamb\u00e9m n\u00e3o sejas comandante de barco a deriva, naufrago no mar da imprud\u00eancia, da neglig\u00eancia, da tristeza do morrer fora da rota. Primeiro erro: N\u00e3o respeitar a rota prevista. Em nossas vidas h\u00e1 uma rota, um caminho, um trilho. Esta rota nos leva a Jesus. O grande problema \u00e9 que muitas vezes assumimos o risco de sair da rota. Buscamos terra seca, a nossa ilha de Giglio, n\u00e3o querendo deixar o passado pra tr\u00e1s e caminhar para frente. <\/p>\n\n\n\n<p>Martin Luther King pregando a perseveran\u00e7a, a vit\u00f3ria do sonho de sermos iguais disse uma vez: <em>&#8220;Se voc\u00ea n\u00e3o pode voar, ent\u00e3o corra; se n\u00e3o pode correr, ent\u00e3o caminhe; se n\u00e3o pode caminhar, ent\u00e3o rasteje, porque tudo o que voc\u00ea tem que fazer \u00e9 continuar seguindo em frente&#8221;<\/em>. \u00c9 uma frase excelente para os dias de hoje. <\/p>\n\n\n\n<p>Em vez de se iludir com as mentiras que podem te levar ao naufr\u00e1gio de sua fam\u00edlia, de sua casa, de sua vida, siga em frente, em dire\u00e7\u00e3o a Deus. Volte para o caminho de paz, seguran\u00e7a, for\u00e7a, amor, esperan\u00e7a e vida que s\u00f3 encontras em Jesus. Se voc\u00ea j\u00e1 est\u00e1 naufragando em dor e l\u00e1grimas. Volte-se para Ele, pois te dar\u00e1 for\u00e7as para mudar o caminho. Arrependa-se, mude a rota, saia da rota de colis\u00e3o. A morte n\u00e3o poder\u00e1 deter um homem nos caminhos do Senhor. N\u00e3o sairemos mais da Rota Prevista por Deus para um dia nos abra\u00e7ar no porto seguro de seus bra\u00e7os. <\/p>\n\n\n\n<p>Ora\u00e7\u00e3o: Paizinho querido! Quero voltar ao primeiro amor. Desejo voltar aos teus santos e bons caminhos. Assim, contigo no leme, sendo o meu capit\u00e3o, sei que nunca naufragarei e serei feliz, eu e a minha casa. Ajude-me Senhor a conhecer os teus caminhos. N\u00e3o quero sair deles. N\u00e3o vou sair deles, pois Jesus est\u00e1 comigo. Ele \u00e9 meu salvador, meu Senhor, meu capit\u00e3o.<\/p>\n","protected":false},"excerpt":{"rendered":"<p>&#8220;Eu sou o caminho, a verdade e a vida; ningu\u00e9m vem ao Pai, sen\u00e3o por mim&#8221; (Jo\u00e3o 14.6) O capit\u00e3o de um dos mais belos transatl\u00e2nticos do mundo, o Costa Conc\u00f3rdia, teve sua teve a pris\u00e3o domiciliar decretada. Se condenado, ele pode pegar at\u00e9 15 anos de pris\u00e3o por homic\u00eddio culposo (sem inten\u00e7\u00e3o) e abandono <a class=\"more-link\" href=\"https:\/\/consolar.org\/?p=519\">&hellip; Continue lendo&hellip; &rarr;<\/a><\/p>\n","protected":false},"author":2,"featured_media":1114,"comment_status":"closed","ping_status":"closed","sticky":false,"template":"","format":"standard","meta":{"_ayudawp_aiss_exclude":false,"footnotes":"","_wpscppro_dont_share_socialmedia":false,"_wpscppro_custom_social_share_image":0,"_facebook_share_type":"","_twitter_share_type":"","_linkedin_share_type":"","_pinterest_share_type":"","_linkedin_share_type_page":"","_instagram_share_type":"","_medium_share_type":"","_threads_share_type":"","_google_business_share_type":"","_selected_social_profile":[],"_wpsp_enable_custom_social_template":false,"_wpsp_social_scheduling":{"enabled":false,"datetime":null,"platforms":[],"status":"template_only","dateOption":"today","timeOption":"now","customDays":"","customHours":"","customDate":"","customTime":"","schedulingType":"absolute"},"_wpsp_active_default_template":true},"categories":[1],"tags":[],"class_list":["post-519","post","type-post","status-publish","format-standard","has-post-thumbnail","hentry","category-uncategorized"],"yoast_head":"<!-- This site is optimized with the Yoast SEO Premium plugin v27.3 (Yoast SEO v27.5) - https:\/\/yoast.com\/product\/yoast-seo-premium-wordpress\/ -->\n<title>A Rota Prevista - Consolar.org<\/title>\n<meta name=\"robots\" content=\"index, follow, max-snippet:-1, max-image-preview:large, max-video-preview:-1\" \/>\n<link rel=\"canonical\" href=\"https:\/\/consolar.org\/?p=519\" \/>\n<meta property=\"og:locale\" content=\"pt_BR\" \/>\n<meta property=\"og:type\" content=\"article\" \/>\n<meta property=\"og:title\" content=\"A Rota Prevista\" \/>\n<meta property=\"og:description\" content=\"&#8220;Eu sou o caminho, a verdade e a vida; ningu\u00e9m vem ao Pai, sen\u00e3o por mim&#8221; (Jo\u00e3o 14.6) O capit\u00e3o de um dos mais belos transatl\u00e2nticos do mundo, o Costa Conc\u00f3rdia, teve sua teve a pris\u00e3o domiciliar decretada. Se condenado, ele pode pegar at\u00e9 15 anos de pris\u00e3o por homic\u00eddio culposo (sem inten\u00e7\u00e3o) e abandono &hellip; Continue lendo&hellip; &rarr;\" \/>\n<meta property=\"og:url\" content=\"https:\/\/consolar.org\/?p=519\" \/>\n<meta property=\"og:site_name\" content=\"Consolar.org\" \/>\n<meta property=\"article:publisher\" content=\"https:\/\/www.facebook.com\/consolar\" \/>\n<meta property=\"article:published_time\" content=\"2012-01-26T03:00:00+00:00\" \/>\n<meta property=\"article:modified_time\" content=\"2026-02-27T21:16:19+00:00\" \/>\n<meta property=\"og:image\" content=\"https:\/\/consolar.org\/wp-content\/uploads\/2012\/01\/arotaprevista.jpg\" \/>\n\t<meta property=\"og:image:width\" content=\"1200\" \/>\n\t<meta property=\"og:image:height\" content=\"614\" \/>\n\t<meta property=\"og:image:type\" content=\"image\/jpeg\" \/>\n<meta name=\"author\" content=\"Pr Luiz Rubem de Freitas\" \/>\n<meta name=\"twitter:card\" content=\"summary_large_image\" \/>\n<meta name=\"twitter:label1\" content=\"Escrito por\" \/>\n\t<meta name=\"twitter:data1\" content=\"Pr Luiz Rubem de Freitas\" \/>\n\t<meta name=\"twitter:label2\" content=\"Est. tempo de leitura\" \/>\n\t<meta name=\"twitter:data2\" content=\"2 minutos\" \/>\n<script type=\"application\/ld+json\" class=\"yoast-schema-graph\">{\"@context\":\"https:\\\/\\\/schema.org\",\"@graph\":[{\"@type\":\"Article\",\"@id\":\"https:\\\/\\\/consolar.org\\\/?p=519#article\",\"isPartOf\":{\"@id\":\"https:\\\/\\\/consolar.org\\\/?p=519\"},\"author\":{\"name\":\"Pr Luiz Rubem de Freitas\",\"@id\":\"https:\\\/\\\/consolar.org\\\/#\\\/schema\\\/person\\\/7b36e38187f2475e58065af654682d5d\"},\"headline\":\"A Rota Prevista\",\"datePublished\":\"2012-01-26T03:00:00+00:00\",\"dateModified\":\"2026-02-27T21:16:19+00:00\",\"mainEntityOfPage\":{\"@id\":\"https:\\\/\\\/consolar.org\\\/?p=519\"},\"wordCount\":490,\"publisher\":{\"@id\":\"https:\\\/\\\/consolar.org\\\/#organization\"},\"image\":{\"@id\":\"https:\\\/\\\/consolar.org\\\/?p=519#primaryimage\"},\"thumbnailUrl\":\"https:\\\/\\\/consolar.org\\\/wp-content\\\/uploads\\\/2012\\\/01\\\/arotaprevista.jpg\",\"articleSection\":[\"Uncategorized\"],\"inLanguage\":\"pt-BR\"},{\"@type\":\"WebPage\",\"@id\":\"https:\\\/\\\/consolar.org\\\/?p=519\",\"url\":\"https:\\\/\\\/consolar.org\\\/?p=519\",\"name\":\"A Rota Prevista - Consolar.org\",\"isPartOf\":{\"@id\":\"https:\\\/\\\/consolar.org\\\/#website\"},\"primaryImageOfPage\":{\"@id\":\"https:\\\/\\\/consolar.org\\\/?p=519#primaryimage\"},\"image\":{\"@id\":\"https:\\\/\\\/consolar.org\\\/?p=519#primaryimage\"},\"thumbnailUrl\":\"https:\\\/\\\/consolar.org\\\/wp-content\\\/uploads\\\/2012\\\/01\\\/arotaprevista.jpg\",\"datePublished\":\"2012-01-26T03:00:00+00:00\",\"dateModified\":\"2026-02-27T21:16:19+00:00\",\"breadcrumb\":{\"@id\":\"https:\\\/\\\/consolar.org\\\/?p=519#breadcrumb\"},\"inLanguage\":\"pt-BR\",\"potentialAction\":[{\"@type\":\"ReadAction\",\"target\":[\"https:\\\/\\\/consolar.org\\\/?p=519\"]}]},{\"@type\":\"ImageObject\",\"inLanguage\":\"pt-BR\",\"@id\":\"https:\\\/\\\/consolar.org\\\/?p=519#primaryimage\",\"url\":\"https:\\\/\\\/consolar.org\\\/wp-content\\\/uploads\\\/2012\\\/01\\\/arotaprevista.jpg\",\"contentUrl\":\"https:\\\/\\\/consolar.org\\\/wp-content\\\/uploads\\\/2012\\\/01\\\/arotaprevista.jpg\",\"width\":1200,\"height\":614},{\"@type\":\"BreadcrumbList\",\"@id\":\"https:\\\/\\\/consolar.org\\\/?p=519#breadcrumb\",\"itemListElement\":[{\"@type\":\"ListItem\",\"position\":1,\"name\":\"In\u00edcio\",\"item\":\"https:\\\/\\\/consolar.org\\\/\"},{\"@type\":\"ListItem\",\"position\":2,\"name\":\"A Rota Prevista\"}]},{\"@type\":\"WebSite\",\"@id\":\"https:\\\/\\\/consolar.org\\\/#website\",\"url\":\"https:\\\/\\\/consolar.org\\\/\",\"name\":\"Consolar.org\",\"description\":\"Mensagens de conforto e esperan\u00e7a para cora\u00e7\u00f5es que precisam de paz.\",\"publisher\":{\"@id\":\"https:\\\/\\\/consolar.org\\\/#organization\"},\"potentialAction\":[{\"@type\":\"SearchAction\",\"target\":{\"@type\":\"EntryPoint\",\"urlTemplate\":\"https:\\\/\\\/consolar.org\\\/?s={search_term_string}\"},\"query-input\":{\"@type\":\"PropertyValueSpecification\",\"valueRequired\":true,\"valueName\":\"search_term_string\"}}],\"inLanguage\":\"pt-BR\"},{\"@type\":\"Organization\",\"@id\":\"https:\\\/\\\/consolar.org\\\/#organization\",\"name\":\"Consolar.org\",\"url\":\"https:\\\/\\\/consolar.org\\\/\",\"logo\":{\"@type\":\"ImageObject\",\"inLanguage\":\"pt-BR\",\"@id\":\"https:\\\/\\\/consolar.org\\\/#\\\/schema\\\/logo\\\/image\\\/\",\"url\":\"https:\\\/\\\/consolar.org\\\/wp-content\\\/uploads\\\/2026\\\/02\\\/cropped-logonovo03-small.png\",\"contentUrl\":\"https:\\\/\\\/consolar.org\\\/wp-content\\\/uploads\\\/2026\\\/02\\\/cropped-logonovo03-small.png\",\"width\":280,\"height\":142,\"caption\":\"Consolar.org\"},\"image\":{\"@id\":\"https:\\\/\\\/consolar.org\\\/#\\\/schema\\\/logo\\\/image\\\/\"},\"sameAs\":[\"https:\\\/\\\/www.facebook.com\\\/consolar\"]},{\"@type\":\"Person\",\"@id\":\"https:\\\/\\\/consolar.org\\\/#\\\/schema\\\/person\\\/7b36e38187f2475e58065af654682d5d\",\"name\":\"Pr Luiz Rubem de Freitas\",\"image\":{\"@type\":\"ImageObject\",\"inLanguage\":\"pt-BR\",\"@id\":\"https:\\\/\\\/secure.gravatar.com\\\/avatar\\\/fd59dc00fc4178aa1e085bf491d394e3f72afcd9b1944348dfcec2bbecdc5761?s=96&d=blank&r=g\",\"url\":\"https:\\\/\\\/secure.gravatar.com\\\/avatar\\\/fd59dc00fc4178aa1e085bf491d394e3f72afcd9b1944348dfcec2bbecdc5761?s=96&d=blank&r=g\",\"contentUrl\":\"https:\\\/\\\/secure.gravatar.com\\\/avatar\\\/fd59dc00fc4178aa1e085bf491d394e3f72afcd9b1944348dfcec2bbecdc5761?s=96&d=blank&r=g\",\"caption\":\"Pr Luiz Rubem de Freitas\"},\"url\":\"https:\\\/\\\/consolar.org\\\/?author=2\"}]}<\/script>\n<!-- \/ Yoast SEO Premium plugin. -->","yoast_head_json":{"title":"A Rota Prevista - Consolar.org","robots":{"index":"index","follow":"follow","max-snippet":"max-snippet:-1","max-image-preview":"max-image-preview:large","max-video-preview":"max-video-preview:-1"},"canonical":"https:\/\/consolar.org\/?p=519","og_locale":"pt_BR","og_type":"article","og_title":"A Rota Prevista","og_description":"&#8220;Eu sou o caminho, a verdade e a vida; ningu\u00e9m vem ao Pai, sen\u00e3o por mim&#8221; (Jo\u00e3o 14.6) O capit\u00e3o de um dos mais belos transatl\u00e2nticos do mundo, o Costa Conc\u00f3rdia, teve sua teve a pris\u00e3o domiciliar decretada. Se condenado, ele pode pegar at\u00e9 15 anos de pris\u00e3o por homic\u00eddio culposo (sem inten\u00e7\u00e3o) e abandono &hellip; Continue lendo&hellip; &rarr;","og_url":"https:\/\/consolar.org\/?p=519","og_site_name":"Consolar.org","article_publisher":"https:\/\/www.facebook.com\/consolar","article_published_time":"2012-01-26T03:00:00+00:00","article_modified_time":"2026-02-27T21:16:19+00:00","og_image":[{"width":1200,"height":614,"url":"https:\/\/consolar.org\/wp-content\/uploads\/2012\/01\/arotaprevista.jpg","type":"image\/jpeg"}],"author":"Pr Luiz Rubem de Freitas","twitter_card":"summary_large_image","twitter_misc":{"Escrito por":"Pr Luiz Rubem de Freitas","Est. tempo de leitura":"2 minutos"},"schema":{"@context":"https:\/\/schema.org","@graph":[{"@type":"Article","@id":"https:\/\/consolar.org\/?p=519#article","isPartOf":{"@id":"https:\/\/consolar.org\/?p=519"},"author":{"name":"Pr Luiz Rubem de Freitas","@id":"https:\/\/consolar.org\/#\/schema\/person\/7b36e38187f2475e58065af654682d5d"},"headline":"A Rota Prevista","datePublished":"2012-01-26T03:00:00+00:00","dateModified":"2026-02-27T21:16:19+00:00","mainEntityOfPage":{"@id":"https:\/\/consolar.org\/?p=519"},"wordCount":490,"publisher":{"@id":"https:\/\/consolar.org\/#organization"},"image":{"@id":"https:\/\/consolar.org\/?p=519#primaryimage"},"thumbnailUrl":"https:\/\/consolar.org\/wp-content\/uploads\/2012\/01\/arotaprevista.jpg","articleSection":["Uncategorized"],"inLanguage":"pt-BR"},{"@type":"WebPage","@id":"https:\/\/consolar.org\/?p=519","url":"https:\/\/consolar.org\/?p=519","name":"A Rota Prevista - Consolar.org","isPartOf":{"@id":"https:\/\/consolar.org\/#website"},"primaryImageOfPage":{"@id":"https:\/\/consolar.org\/?p=519#primaryimage"},"image":{"@id":"https:\/\/consolar.org\/?p=519#primaryimage"},"thumbnailUrl":"https:\/\/consolar.org\/wp-content\/uploads\/2012\/01\/arotaprevista.jpg","datePublished":"2012-01-26T03:00:00+00:00","dateModified":"2026-02-27T21:16:19+00:00","breadcrumb":{"@id":"https:\/\/consolar.org\/?p=519#breadcrumb"},"inLanguage":"pt-BR","potentialAction":[{"@type":"ReadAction","target":["https:\/\/consolar.org\/?p=519"]}]},{"@type":"ImageObject","inLanguage":"pt-BR","@id":"https:\/\/consolar.org\/?p=519#primaryimage","url":"https:\/\/consolar.org\/wp-content\/uploads\/2012\/01\/arotaprevista.jpg","contentUrl":"https:\/\/consolar.org\/wp-content\/uploads\/2012\/01\/arotaprevista.jpg","width":1200,"height":614},{"@type":"BreadcrumbList","@id":"https:\/\/consolar.org\/?p=519#breadcrumb","itemListElement":[{"@type":"ListItem","position":1,"name":"In\u00edcio","item":"https:\/\/consolar.org\/"},{"@type":"ListItem","position":2,"name":"A Rota Prevista"}]},{"@type":"WebSite","@id":"https:\/\/consolar.org\/#website","url":"https:\/\/consolar.org\/","name":"Consolar.org","description":"Mensagens de conforto e esperan\u00e7a para cora\u00e7\u00f5es que precisam de paz.","publisher":{"@id":"https:\/\/consolar.org\/#organization"},"potentialAction":[{"@type":"SearchAction","target":{"@type":"EntryPoint","urlTemplate":"https:\/\/consolar.org\/?s={search_term_string}"},"query-input":{"@type":"PropertyValueSpecification","valueRequired":true,"valueName":"search_term_string"}}],"inLanguage":"pt-BR"},{"@type":"Organization","@id":"https:\/\/consolar.org\/#organization","name":"Consolar.org","url":"https:\/\/consolar.org\/","logo":{"@type":"ImageObject","inLanguage":"pt-BR","@id":"https:\/\/consolar.org\/#\/schema\/logo\/image\/","url":"https:\/\/consolar.org\/wp-content\/uploads\/2026\/02\/cropped-logonovo03-small.png","contentUrl":"https:\/\/consolar.org\/wp-content\/uploads\/2026\/02\/cropped-logonovo03-small.png","width":280,"height":142,"caption":"Consolar.org"},"image":{"@id":"https:\/\/consolar.org\/#\/schema\/logo\/image\/"},"sameAs":["https:\/\/www.facebook.com\/consolar"]},{"@type":"Person","@id":"https:\/\/consolar.org\/#\/schema\/person\/7b36e38187f2475e58065af654682d5d","name":"Pr Luiz Rubem de Freitas","image":{"@type":"ImageObject","inLanguage":"pt-BR","@id":"https:\/\/secure.gravatar.com\/avatar\/fd59dc00fc4178aa1e085bf491d394e3f72afcd9b1944348dfcec2bbecdc5761?s=96&d=blank&r=g","url":"https:\/\/secure.gravatar.com\/avatar\/fd59dc00fc4178aa1e085bf491d394e3f72afcd9b1944348dfcec2bbecdc5761?s=96&d=blank&r=g","contentUrl":"https:\/\/secure.gravatar.com\/avatar\/fd59dc00fc4178aa1e085bf491d394e3f72afcd9b1944348dfcec2bbecdc5761?s=96&d=blank&r=g","caption":"Pr Luiz Rubem de Freitas"},"url":"https:\/\/consolar.org\/?author=2"}]}},"_links":{"self":[{"href":"https:\/\/consolar.org\/index.php?rest_route=\/wp\/v2\/posts\/519","targetHints":{"allow":["GET"]}}],"collection":[{"href":"https:\/\/consolar.org\/index.php?rest_route=\/wp\/v2\/posts"}],"about":[{"href":"https:\/\/consolar.org\/index.php?rest_route=\/wp\/v2\/types\/post"}],"author":[{"embeddable":true,"href":"https:\/\/consolar.org\/index.php?rest_route=\/wp\/v2\/users\/2"}],"replies":[{"embeddable":true,"href":"https:\/\/consolar.org\/index.php?rest_route=%2Fwp%2Fv2%2Fcomments&post=519"}],"version-history":[{"count":0,"href":"https:\/\/consolar.org\/index.php?rest_route=\/wp\/v2\/posts\/519\/revisions"}],"wp:featuredmedia":[{"embeddable":true,"href":"https:\/\/consolar.org\/index.php?rest_route=\/wp\/v2\/media\/1114"}],"wp:attachment":[{"href":"https:\/\/consolar.org\/index.php?rest_route=%2Fwp%2Fv2%2Fmedia&parent=519"}],"wp:term":[{"taxonomy":"category","embeddable":true,"href":"https:\/\/consolar.org\/index.php?rest_route=%2Fwp%2Fv2%2Fcategories&post=519"},{"taxonomy":"post_tag","embeddable":true,"href":"https:\/\/consolar.org\/index.php?rest_route=%2Fwp%2Fv2%2Ftags&post=519"}],"curies":[{"name":"wp","href":"https:\/\/api.w.org\/{rel}","templated":true}]}}