{"id":517,"date":"2008-11-16T00:00:00","date_gmt":"2008-11-16T03:00:00","guid":{"rendered":"https:\/\/consolar.org\/2008\/11\/16\/a-plenitude-dos-tempos\/"},"modified":"2023-09-15T16:12:49","modified_gmt":"2023-09-15T19:12:49","slug":"a-plenitude-dos-tempos","status":"publish","type":"post","link":"https:\/\/consolar.org\/?p=517","title":{"rendered":"A Plenitude dos Tempos"},"content":{"rendered":"<p>&#8220;Mas, vindo a plenitude dos tempos, Deus enviou seu Filho, nascido de mulher, nascido debaixo de lei&#8221; (G\u00e1latas 4.4).Durante sete anos de casados, minha esposa e eu desejamos ardentemente que Deus nos desse a b\u00ean\u00e7\u00e3o, a heran\u00e7a de termos filhos. J\u00e1 se passaram sete anos de ora\u00e7\u00f5es, de tentativas frustradas, muitas dores, muitas l\u00e1grimas, muito dinheiro, muitas falhas e sonhos despeda\u00e7ados. Durante todo esse tempo, nos perguntamos muitas vezes: &#8220;Por que Deus n\u00e3o nos d\u00e1 filhos?&#8221;. Quantas vezes n\u00f3s pedimos durante anos que Deus responda a uma necessidade nossa, a um desejo? \u00c9 bom quando Deus diz logo &#8220;SIM&#8221; ou &#8220;N\u00c3\u0083O&#8221;, mas \u00e9 terr\u00edvel quando Ele diz &#8220;ESPERE&#8221;. Em nossos dias de coisas instant\u00e2neas, \u00e9 dif\u00edcil esperarmos. Tempo \u00e9 dinheiro. O tempo que passamos no tr\u00e2nsito \u00e9 um desperd\u00edcio. Para que eu n\u00e3o tenha que perder tempo em uma fila, o banco me d\u00e1 o acesso via internet. Meu celular tem acesso aos e-mails para que possa responder imediatamente quando uma mensagem chega. Marilyn Chandler McEntyre, em um artigo sobre a plenitude dos tempos, diz: &#8220;Pouco lembramos at\u00e9 como crist\u00e3os de que o pr\u00f3prio Jesus parou para orar, para comer com amigos, ou negligenciou as multid\u00f5es parando para dar total aten\u00e7\u00e3o a uma pessoa necessitada dentre os tantos que o cercavam&#8221;. Ela diz que a plenitude dos tempos nos lembra que: &#8220;O tempo tem um ponto m\u00e1ximo como uma onda, que existe um momento certo para as coisas acontecerem, que n\u00e3o \u00e9 nossa compet\u00eancia planejar, mas sim reconhecer esse momento e que n\u00f3s n\u00e3o somos os agentes principais do que acontece no mundo&#8221;. Deus nunca est\u00e1 atrasado, veja alguns exemplos:1.\tJos\u00e9, vendido por seus irm\u00e3os para se tornar escravo, foi preso, mas no momento certo, Deus o fez primeiro ministro do Egito e ele salvou sua fam\u00edlia da fome. (<ahref=\"http:\/\/www.biblegateway.com\/passage\/?search=Genesis%2037-47;&#038;version=25;\"target=\"_blank\">G\u00eanesis 37-47<\/a>)2.\tMois\u00e9s que podia ser o neto do Fara\u00f3 foi para a terra de M\u00eddia para ser pastor de ovelhas de seu sogro. No momento certo, Deus o chamou para liderar o povo. No momento em que n\u00e3o tinha sentido ou prop\u00f3sito para a vida Deus se apresentou no momento certo e o chamou. (<ahref=\"http:\/\/www.biblegateway.com\/passage\/?search=Exodo%202-3;&#038;version=25;\"target=\"_blank\">\u00c3\u008axodo 2-3<\/a>)3.\tDiante do Mar Vermelho, prestes a ser atacado e morto pelos eg\u00edpcios, Mois\u00e9s n\u00e3o entrou em p\u00e2nico. Em vez disso confiou em Deus, que no momento certo abriu o Mar para que o povo o atravessasse a seco. (<ahref=\"http:\/\/www.biblegateway.com\/passage\/?search=Exodo14;&#038;version=25;\"target=\"_blank\">\u00c3\u008axodo 14<\/a>)4.\tOs tr\u00eas rapazes hebreus que foram jogados na fornalha ardente. Foram salvos por Deus no momento certo. N\u00e3o antes. (<ahref=\"http:\/\/www.biblegateway.com\/passage\/?search=Daniel%203;&#038;version=25;\"target=\"_blank\">Daniel 3<\/a>)O texto fala que na plenitude dos tempos Ele enviou Jesus. O termo plenitude aqui quer dizer: no momento certo, quando tudo estava pronto, no instante perfeito. Jesus veio no tempo certo da hist\u00f3ria, tudo estava preparado na terra, o Filho tamb\u00e9m estava preparado. Isso se aplica tamb\u00e9m \u00e0s nossas necessidades. Deus mandou o seu Filho no momento certo. Ele atende \u00e0s nossas necessidades no momento certo. N\u00e3o se atrasa nunca. N\u00f3s precisamos estar preparados para recebermos de Deus no tempo certo (acharmos gra\u00e7a no tempo oportuno), prontos em nossa hist\u00f3ria de vida, prontos em rela\u00e7\u00e3o ao modo como vemos a vida, prontos em nosso relacionamento com Deus, prontos em nossa espiritualidade (o que quer dizer tamb\u00e9m deixarmos o pecado). Prontos quando o tempo dEle for o adequado. \u00c9 preciso dizer que nada do que fa\u00e7amos pode nos fazer merecedores de qualquer coisa de Deus. \u00c9 por isso que as coisas s\u00f3 acontecer\u00e3o no tempo em que Ele determinar. Deus nos responde pela gra\u00e7a, algo imerecido, um presente inesperado, uma d\u00e1diva. O mundo n\u00e3o precisou fazer nada para receber Jesus. Foi um presente de Deus. N\u00f3s tamb\u00e9m receberemos de Deus a provis\u00e3o, o presente dEle quando o momento certo chegar.  Voc\u00ea pode estar passando por momentos dif\u00edceis. Os sonhos se frustram, a dor \u00e9 enorme. A resposta ainda n\u00e3o veio. Tenha a certeza de que no momento certo, somente nesse instante, Deus trar\u00e1 a resposta. Enquanto isso, coloque-se inteiramente nas m\u00e3os dEle e pe\u00e7a que Ele transforme seu cora\u00e7\u00e3o e sua vida de acordo com aquilo que Ele quer fazer, que encha voc\u00ea de paz, que Ele acalme a sua dor e d\u00ea o Consolo que s\u00f3 pode vir do seu Esp\u00edrito Santo. Ora\u00e7\u00e3o: Deus, eu reconhe\u00e7o que \u00e0s vezes a espera me faz ficar ansioso. Tenho a certeza de que est\u00e1s no controle de todas as coisas. Que eu possa receber cada momento como a plenitude do que tu queres fazer em mim e como uma d\u00e1diva de tuas m\u00e3os. Am\u00e9m.<\/p>\n","protected":false},"excerpt":{"rendered":"<p>&#8220;Mas, vindo a plenitude dos tempos, Deus enviou seu Filho, nascido de mulher, nascido debaixo de lei&#8221; (G\u00e1latas 4.4).Durante sete anos de casados, minha esposa e eu desejamos ardentemente que Deus nos desse a b\u00ean\u00e7\u00e3o, a heran\u00e7a de termos filhos. J\u00e1 se passaram sete anos de ora\u00e7\u00f5es, de tentativas frustradas, muitas dores, muitas l\u00e1grimas, muito <a class=\"more-link\" href=\"https:\/\/consolar.org\/?p=517\">&hellip; Continue lendo&hellip; &rarr;<\/a><\/p>\n","protected":false},"author":1,"featured_media":0,"comment_status":"closed","ping_status":"closed","sticky":false,"template":"","format":"standard","meta":{"_ayudawp_aiss_exclude":false,"footnotes":"","_wpscppro_dont_share_socialmedia":false,"_wpscppro_custom_social_share_image":0,"_facebook_share_type":"","_twitter_share_type":"","_linkedin_share_type":"","_pinterest_share_type":"","_linkedin_share_type_page":"","_instagram_share_type":"","_medium_share_type":"","_threads_share_type":"","_google_business_share_type":"","_selected_social_profile":[],"_wpsp_enable_custom_social_template":false,"_wpsp_social_scheduling":{"enabled":false,"datetime":null,"platforms":[],"status":"template_only","dateOption":"today","timeOption":"now","customDays":"","customHours":"","customDate":"","customTime":"","schedulingType":"absolute"},"_wpsp_active_default_template":true},"categories":[],"tags":[64],"class_list":["post-517","post","type-post","status-publish","format-standard","hentry","tag-esperanca"],"yoast_head":"<!-- This site is optimized with the Yoast SEO Premium plugin v27.3 (Yoast SEO v27.5) - https:\/\/yoast.com\/product\/yoast-seo-premium-wordpress\/ -->\n<title>A Plenitude dos Tempos - Consolar.org<\/title>\n<meta name=\"robots\" content=\"index, follow, max-snippet:-1, max-image-preview:large, max-video-preview:-1\" \/>\n<link rel=\"canonical\" href=\"https:\/\/consolar.org\/?p=517\" \/>\n<meta property=\"og:locale\" content=\"pt_BR\" \/>\n<meta property=\"og:type\" content=\"article\" \/>\n<meta property=\"og:title\" content=\"A Plenitude dos Tempos\" \/>\n<meta property=\"og:description\" content=\"&#8220;Mas, vindo a plenitude dos tempos, Deus enviou seu Filho, nascido de mulher, nascido debaixo de lei&#8221; (G\u00e1latas 4.4).Durante sete anos de casados, minha esposa e eu desejamos ardentemente que Deus nos desse a b\u00ean\u00e7\u00e3o, a heran\u00e7a de termos filhos. J\u00e1 se passaram sete anos de ora\u00e7\u00f5es, de tentativas frustradas, muitas dores, muitas l\u00e1grimas, muito &hellip; Continue lendo&hellip; &rarr;\" \/>\n<meta property=\"og:url\" content=\"https:\/\/consolar.org\/?p=517\" \/>\n<meta property=\"og:site_name\" content=\"Consolar.org\" \/>\n<meta property=\"article:publisher\" content=\"https:\/\/www.facebook.com\/consolar\" \/>\n<meta property=\"article:published_time\" content=\"2008-11-16T03:00:00+00:00\" \/>\n<meta property=\"article:modified_time\" content=\"2023-09-15T19:12:49+00:00\" \/>\n<meta name=\"author\" content=\"Luiz Eduardo de Freitas\" \/>\n<meta name=\"twitter:card\" content=\"summary_large_image\" \/>\n<meta name=\"twitter:label1\" content=\"Escrito por\" \/>\n\t<meta name=\"twitter:data1\" content=\"Luiz Eduardo de Freitas\" \/>\n\t<meta name=\"twitter:label2\" content=\"Est. tempo de leitura\" \/>\n\t<meta name=\"twitter:data2\" content=\"4 minutos\" \/>\n<script type=\"application\/ld+json\" class=\"yoast-schema-graph\">{\"@context\":\"https:\\\/\\\/schema.org\",\"@graph\":[{\"@type\":\"Article\",\"@id\":\"https:\\\/\\\/consolar.org\\\/?p=517#article\",\"isPartOf\":{\"@id\":\"https:\\\/\\\/consolar.org\\\/?p=517\"},\"author\":{\"name\":\"Luiz Eduardo de Freitas\",\"@id\":\"https:\\\/\\\/consolar.org\\\/#\\\/schema\\\/person\\\/018df0c77d26ffae15541a8db82a8d29\"},\"headline\":\"A Plenitude dos Tempos\",\"datePublished\":\"2008-11-16T03:00:00+00:00\",\"dateModified\":\"2023-09-15T19:12:49+00:00\",\"mainEntityOfPage\":{\"@id\":\"https:\\\/\\\/consolar.org\\\/?p=517\"},\"wordCount\":809,\"publisher\":{\"@id\":\"https:\\\/\\\/consolar.org\\\/#organization\"},\"keywords\":[\"Esperan\u00e7a\"],\"inLanguage\":\"pt-BR\"},{\"@type\":\"WebPage\",\"@id\":\"https:\\\/\\\/consolar.org\\\/?p=517\",\"url\":\"https:\\\/\\\/consolar.org\\\/?p=517\",\"name\":\"A Plenitude dos Tempos - Consolar.org\",\"isPartOf\":{\"@id\":\"https:\\\/\\\/consolar.org\\\/#website\"},\"datePublished\":\"2008-11-16T03:00:00+00:00\",\"dateModified\":\"2023-09-15T19:12:49+00:00\",\"breadcrumb\":{\"@id\":\"https:\\\/\\\/consolar.org\\\/?p=517#breadcrumb\"},\"inLanguage\":\"pt-BR\",\"potentialAction\":[{\"@type\":\"ReadAction\",\"target\":[\"https:\\\/\\\/consolar.org\\\/?p=517\"]}]},{\"@type\":\"BreadcrumbList\",\"@id\":\"https:\\\/\\\/consolar.org\\\/?p=517#breadcrumb\",\"itemListElement\":[{\"@type\":\"ListItem\",\"position\":1,\"name\":\"In\u00edcio\",\"item\":\"https:\\\/\\\/consolar.org\\\/\"},{\"@type\":\"ListItem\",\"position\":2,\"name\":\"A Plenitude dos Tempos\"}]},{\"@type\":\"WebSite\",\"@id\":\"https:\\\/\\\/consolar.org\\\/#website\",\"url\":\"https:\\\/\\\/consolar.org\\\/\",\"name\":\"Consolar.org\",\"description\":\"Mensagens de conforto e esperan\u00e7a para cora\u00e7\u00f5es que precisam de paz.\",\"publisher\":{\"@id\":\"https:\\\/\\\/consolar.org\\\/#organization\"},\"potentialAction\":[{\"@type\":\"SearchAction\",\"target\":{\"@type\":\"EntryPoint\",\"urlTemplate\":\"https:\\\/\\\/consolar.org\\\/?s={search_term_string}\"},\"query-input\":{\"@type\":\"PropertyValueSpecification\",\"valueRequired\":true,\"valueName\":\"search_term_string\"}}],\"inLanguage\":\"pt-BR\"},{\"@type\":\"Organization\",\"@id\":\"https:\\\/\\\/consolar.org\\\/#organization\",\"name\":\"Consolar.org\",\"url\":\"https:\\\/\\\/consolar.org\\\/\",\"logo\":{\"@type\":\"ImageObject\",\"inLanguage\":\"pt-BR\",\"@id\":\"https:\\\/\\\/consolar.org\\\/#\\\/schema\\\/logo\\\/image\\\/\",\"url\":\"https:\\\/\\\/consolar.org\\\/wp-content\\\/uploads\\\/2026\\\/02\\\/cropped-logonovo03-small.png\",\"contentUrl\":\"https:\\\/\\\/consolar.org\\\/wp-content\\\/uploads\\\/2026\\\/02\\\/cropped-logonovo03-small.png\",\"width\":280,\"height\":142,\"caption\":\"Consolar.org\"},\"image\":{\"@id\":\"https:\\\/\\\/consolar.org\\\/#\\\/schema\\\/logo\\\/image\\\/\"},\"sameAs\":[\"https:\\\/\\\/www.facebook.com\\\/consolar\"]},{\"@type\":\"Person\",\"@id\":\"https:\\\/\\\/consolar.org\\\/#\\\/schema\\\/person\\\/018df0c77d26ffae15541a8db82a8d29\",\"name\":\"Luiz Eduardo de Freitas\",\"image\":{\"@type\":\"ImageObject\",\"inLanguage\":\"pt-BR\",\"@id\":\"https:\\\/\\\/secure.gravatar.com\\\/avatar\\\/4f93769b3d958c559cd38414383290f7d6ab7800bf3f9a38e99e29e582b96cda?s=96&d=blank&r=g\",\"url\":\"https:\\\/\\\/secure.gravatar.com\\\/avatar\\\/4f93769b3d958c559cd38414383290f7d6ab7800bf3f9a38e99e29e582b96cda?s=96&d=blank&r=g\",\"contentUrl\":\"https:\\\/\\\/secure.gravatar.com\\\/avatar\\\/4f93769b3d958c559cd38414383290f7d6ab7800bf3f9a38e99e29e582b96cda?s=96&d=blank&r=g\",\"caption\":\"Luiz Eduardo de Freitas\"},\"description\":\"Ipsum Lorem\",\"sameAs\":[\"https:\\\/\\\/consolar.org\"],\"url\":\"https:\\\/\\\/consolar.org\\\/?author=1\"}]}<\/script>\n<!-- \/ Yoast SEO Premium plugin. -->","yoast_head_json":{"title":"A Plenitude dos Tempos - Consolar.org","robots":{"index":"index","follow":"follow","max-snippet":"max-snippet:-1","max-image-preview":"max-image-preview:large","max-video-preview":"max-video-preview:-1"},"canonical":"https:\/\/consolar.org\/?p=517","og_locale":"pt_BR","og_type":"article","og_title":"A Plenitude dos Tempos","og_description":"&#8220;Mas, vindo a plenitude dos tempos, Deus enviou seu Filho, nascido de mulher, nascido debaixo de lei&#8221; (G\u00e1latas 4.4).Durante sete anos de casados, minha esposa e eu desejamos ardentemente que Deus nos desse a b\u00ean\u00e7\u00e3o, a heran\u00e7a de termos filhos. J\u00e1 se passaram sete anos de ora\u00e7\u00f5es, de tentativas frustradas, muitas dores, muitas l\u00e1grimas, muito &hellip; Continue lendo&hellip; &rarr;","og_url":"https:\/\/consolar.org\/?p=517","og_site_name":"Consolar.org","article_publisher":"https:\/\/www.facebook.com\/consolar","article_published_time":"2008-11-16T03:00:00+00:00","article_modified_time":"2023-09-15T19:12:49+00:00","author":"Luiz Eduardo de Freitas","twitter_card":"summary_large_image","twitter_misc":{"Escrito por":"Luiz Eduardo de Freitas","Est. tempo de leitura":"4 minutos"},"schema":{"@context":"https:\/\/schema.org","@graph":[{"@type":"Article","@id":"https:\/\/consolar.org\/?p=517#article","isPartOf":{"@id":"https:\/\/consolar.org\/?p=517"},"author":{"name":"Luiz Eduardo de Freitas","@id":"https:\/\/consolar.org\/#\/schema\/person\/018df0c77d26ffae15541a8db82a8d29"},"headline":"A Plenitude dos Tempos","datePublished":"2008-11-16T03:00:00+00:00","dateModified":"2023-09-15T19:12:49+00:00","mainEntityOfPage":{"@id":"https:\/\/consolar.org\/?p=517"},"wordCount":809,"publisher":{"@id":"https:\/\/consolar.org\/#organization"},"keywords":["Esperan\u00e7a"],"inLanguage":"pt-BR"},{"@type":"WebPage","@id":"https:\/\/consolar.org\/?p=517","url":"https:\/\/consolar.org\/?p=517","name":"A Plenitude dos Tempos - Consolar.org","isPartOf":{"@id":"https:\/\/consolar.org\/#website"},"datePublished":"2008-11-16T03:00:00+00:00","dateModified":"2023-09-15T19:12:49+00:00","breadcrumb":{"@id":"https:\/\/consolar.org\/?p=517#breadcrumb"},"inLanguage":"pt-BR","potentialAction":[{"@type":"ReadAction","target":["https:\/\/consolar.org\/?p=517"]}]},{"@type":"BreadcrumbList","@id":"https:\/\/consolar.org\/?p=517#breadcrumb","itemListElement":[{"@type":"ListItem","position":1,"name":"In\u00edcio","item":"https:\/\/consolar.org\/"},{"@type":"ListItem","position":2,"name":"A Plenitude dos Tempos"}]},{"@type":"WebSite","@id":"https:\/\/consolar.org\/#website","url":"https:\/\/consolar.org\/","name":"Consolar.org","description":"Mensagens de conforto e esperan\u00e7a para cora\u00e7\u00f5es que precisam de paz.","publisher":{"@id":"https:\/\/consolar.org\/#organization"},"potentialAction":[{"@type":"SearchAction","target":{"@type":"EntryPoint","urlTemplate":"https:\/\/consolar.org\/?s={search_term_string}"},"query-input":{"@type":"PropertyValueSpecification","valueRequired":true,"valueName":"search_term_string"}}],"inLanguage":"pt-BR"},{"@type":"Organization","@id":"https:\/\/consolar.org\/#organization","name":"Consolar.org","url":"https:\/\/consolar.org\/","logo":{"@type":"ImageObject","inLanguage":"pt-BR","@id":"https:\/\/consolar.org\/#\/schema\/logo\/image\/","url":"https:\/\/consolar.org\/wp-content\/uploads\/2026\/02\/cropped-logonovo03-small.png","contentUrl":"https:\/\/consolar.org\/wp-content\/uploads\/2026\/02\/cropped-logonovo03-small.png","width":280,"height":142,"caption":"Consolar.org"},"image":{"@id":"https:\/\/consolar.org\/#\/schema\/logo\/image\/"},"sameAs":["https:\/\/www.facebook.com\/consolar"]},{"@type":"Person","@id":"https:\/\/consolar.org\/#\/schema\/person\/018df0c77d26ffae15541a8db82a8d29","name":"Luiz Eduardo de Freitas","image":{"@type":"ImageObject","inLanguage":"pt-BR","@id":"https:\/\/secure.gravatar.com\/avatar\/4f93769b3d958c559cd38414383290f7d6ab7800bf3f9a38e99e29e582b96cda?s=96&d=blank&r=g","url":"https:\/\/secure.gravatar.com\/avatar\/4f93769b3d958c559cd38414383290f7d6ab7800bf3f9a38e99e29e582b96cda?s=96&d=blank&r=g","contentUrl":"https:\/\/secure.gravatar.com\/avatar\/4f93769b3d958c559cd38414383290f7d6ab7800bf3f9a38e99e29e582b96cda?s=96&d=blank&r=g","caption":"Luiz Eduardo de Freitas"},"description":"Ipsum Lorem","sameAs":["https:\/\/consolar.org"],"url":"https:\/\/consolar.org\/?author=1"}]}},"_links":{"self":[{"href":"https:\/\/consolar.org\/index.php?rest_route=\/wp\/v2\/posts\/517","targetHints":{"allow":["GET"]}}],"collection":[{"href":"https:\/\/consolar.org\/index.php?rest_route=\/wp\/v2\/posts"}],"about":[{"href":"https:\/\/consolar.org\/index.php?rest_route=\/wp\/v2\/types\/post"}],"author":[{"embeddable":true,"href":"https:\/\/consolar.org\/index.php?rest_route=\/wp\/v2\/users\/1"}],"replies":[{"embeddable":true,"href":"https:\/\/consolar.org\/index.php?rest_route=%2Fwp%2Fv2%2Fcomments&post=517"}],"version-history":[{"count":0,"href":"https:\/\/consolar.org\/index.php?rest_route=\/wp\/v2\/posts\/517\/revisions"}],"wp:attachment":[{"href":"https:\/\/consolar.org\/index.php?rest_route=%2Fwp%2Fv2%2Fmedia&parent=517"}],"wp:term":[{"taxonomy":"category","embeddable":true,"href":"https:\/\/consolar.org\/index.php?rest_route=%2Fwp%2Fv2%2Fcategories&post=517"},{"taxonomy":"post_tag","embeddable":true,"href":"https:\/\/consolar.org\/index.php?rest_route=%2Fwp%2Fv2%2Ftags&post=517"}],"curies":[{"name":"wp","href":"https:\/\/api.w.org\/{rel}","templated":true}]}}