{"id":514,"date":"2011-07-01T00:00:00","date_gmt":"2011-07-01T03:00:00","guid":{"rendered":"https:\/\/consolar.org\/2011\/07\/01\/a-noite-da-sabedoria-ii\/"},"modified":"2026-03-11T16:41:52","modified_gmt":"2026-03-11T19:41:52","slug":"a-noite-da-sabedoria-ii","status":"publish","type":"post","link":"https:\/\/consolar.org\/?p=514","title":{"rendered":"A Noite da Sabedoria II"},"content":{"rendered":"\n<figure class=\"wp-block-image size-large\"><img loading=\"lazy\" decoding=\"async\" width=\"1024\" height=\"529\" src=\"https:\/\/consolar.org\/wp-content\/uploads\/2011\/07\/noitedesabedoria02-1024x529.jpg\" alt=\"\" class=\"wp-image-1160\" srcset=\"https:\/\/consolar.org\/wp-content\/uploads\/2011\/07\/noitedesabedoria02-1024x529.jpg 1024w, https:\/\/consolar.org\/wp-content\/uploads\/2011\/07\/noitedesabedoria02-300x155.jpg 300w, https:\/\/consolar.org\/wp-content\/uploads\/2011\/07\/noitedesabedoria02-768x397.jpg 768w, https:\/\/consolar.org\/wp-content\/uploads\/2011\/07\/noitedesabedoria02.jpg 1200w\" sizes=\"auto, (max-width: 1024px) 100vw, 1024px\" \/><\/figure>\n\n\n\n<p class=\"has-text-align-center\"><em>&#8220;Naquela mesma noite, apareceu Deus a Salom\u00e3o e lhe disse: Pede-me o que queres que eu te d\u00ea. Respondeu-lhe Salom\u00e3o:&#8230;. D\u00e1-me, pois, agora, sabedoria e conhecimento para que eu saiba conduzir-me a testa deste povo;&#8230;. Disse Deus a Salom\u00e3o: Porquanto foi esse o desejo de teu cora\u00e7\u00e3o, e n\u00e3o pediste riquezas, bens ou honras, nem a morte dos que te aborrecem, nem tampouco pediste longevidade, mas sabedoria e conhecimento, para poderes julgar a meu povo, sobre o qual te constitu\u00ed rei, sabedoria e conhecimento s\u00e3o dados a ti, e te darei riquezas, bens e honras, quais que nenhum rei antes de ti, e depois de ti n\u00e3o haver\u00e1 igual&#8221; (II Cr\u00f4nicas 1.7-12). <\/em><\/p>\n\n\n\n<p>Recebi do pastor Israel Belo a seguinte devocional do site O Prazer da Palavra:<\/p>\n\n\n\n<p class=\"has-text-align-center\"><em>PAREI DE ORAR<\/em><\/p>\n\n\n\n<p><em>Parei de orar para que meu filho seja respons\u00e1vel. Parei de pedir para que minha febre baixe. Parei de rogar para que minha dor de dente diminua. Parei de intercedor por todos os que v\u00e3o prestar concurso. Pelo meu filho\/filha n\u00e3o vou pedir que lhe Deus lhe d\u00ea responsabilidade. Vou pedir para que Deus o\/a livre do mal, como J\u00f3 fazia pelos seus. Eu desejo que ele\/ela tome responsavelmente os destinos de sua vida, atento as compromissos, vivo para as oportunidades, apesar da superprote\u00e7\u00e3o que lhe dedico. Sim, responsabilidade \u00e9 decis\u00e3o. Por causa de minha febre, procurarei um m\u00e9dico, para saber que alerta quer me dar. Deus me fez guardi\u00e3o do meu corpo e vou procurar manter tudo sob controle, cuidando de mim mesmo. Se algo sair do meu controle, depois de ter feito a minha parte, eu me ajoelharei humildemente diante de Deus e pedirei socorro. Quanto \u00e0 minha dor de dente, \u00e9 fruto do meu descaso. N\u00e3o tenho o direito de incomodar Deus com minha irresponsabilidade. Se for orar por algo, \u00e9 para que tenha vergonha na cara. Vou orar pelos que prestam concurso, para um emprego ou para uma universidade, mas s\u00f3 pelos que tiverem estudado, estudado muito. Para estes, vou pedir tranquilidade emocional, ilumina\u00e7\u00e3o intelectual e seguran\u00e7a no trajeto. Ora\u00e7\u00e3o \u00e9 coisa s\u00e9ria demais, para ser transformada numa nau a conduzir insensatos. N\u00e3o devemos ser insensatos.<\/em><\/p>\n\n\n\n<p><em>Na noite que est\u00e1s passando sejas sensato e prudente. Invista em sabedoria. Invista em JESUS. Somente assim, descansar\u00e1s em paz, em ora\u00e7\u00e3o, na presen\u00e7a daquele que nos ensina a sairmos das noites melhores do que entramos. Mais s\u00e1bios!<\/em> <\/p>\n\n\n\n<p>Visite o site <a href=\"https:\/\/prazerdapalavra.com.br\/\">www.prazerdapalavra.com.br<\/a> <\/p>\n\n\n\n<p>Deus vos aben\u00e7oe!<\/p>\n","protected":false},"excerpt":{"rendered":"<p>&#8220;Naquela mesma noite, apareceu Deus a Salom\u00e3o e lhe disse: Pede-me o que queres que eu te d\u00ea. Respondeu-lhe Salom\u00e3o:&#8230;. D\u00e1-me, pois, agora, sabedoria e conhecimento para que eu saiba conduzir-me a testa deste povo;&#8230;. Disse Deus a Salom\u00e3o: Porquanto foi esse o desejo de teu cora\u00e7\u00e3o, e n\u00e3o pediste riquezas, bens ou honras, nem <a class=\"more-link\" href=\"https:\/\/consolar.org\/?p=514\">&hellip; Continue lendo&hellip; &rarr;<\/a><\/p>\n","protected":false},"author":2,"featured_media":1160,"comment_status":"closed","ping_status":"closed","sticky":false,"template":"","format":"standard","meta":{"_ayudawp_aiss_exclude":false,"footnotes":"","_wpscppro_dont_share_socialmedia":false,"_wpscppro_custom_social_share_image":0,"_facebook_share_type":"","_twitter_share_type":"","_linkedin_share_type":"","_pinterest_share_type":"","_linkedin_share_type_page":"","_instagram_share_type":"","_medium_share_type":"","_threads_share_type":"","_google_business_share_type":"","_selected_social_profile":[],"_wpsp_enable_custom_social_template":false,"_wpsp_social_scheduling":{"enabled":false,"datetime":null,"platforms":[],"status":"template_only","dateOption":"today","timeOption":"now","customDays":"","customHours":"","customDate":"","customTime":"","schedulingType":"absolute"},"_wpsp_active_default_template":true},"categories":[1],"tags":[],"class_list":["post-514","post","type-post","status-publish","format-standard","has-post-thumbnail","hentry","category-uncategorized"],"yoast_head":"<!-- This site is optimized with the Yoast SEO Premium plugin v27.3 (Yoast SEO v27.5) - https:\/\/yoast.com\/product\/yoast-seo-premium-wordpress\/ -->\n<title>A Noite da Sabedoria II - Consolar.org<\/title>\n<meta name=\"robots\" content=\"index, follow, max-snippet:-1, max-image-preview:large, max-video-preview:-1\" \/>\n<link rel=\"canonical\" href=\"https:\/\/consolar.org\/?p=514\" \/>\n<meta property=\"og:locale\" content=\"pt_BR\" \/>\n<meta property=\"og:type\" content=\"article\" \/>\n<meta property=\"og:title\" content=\"A Noite da Sabedoria II\" \/>\n<meta property=\"og:description\" content=\"&#8220;Naquela mesma noite, apareceu Deus a Salom\u00e3o e lhe disse: Pede-me o que queres que eu te d\u00ea. Respondeu-lhe Salom\u00e3o:&#8230;. D\u00e1-me, pois, agora, sabedoria e conhecimento para que eu saiba conduzir-me a testa deste povo;&#8230;. Disse Deus a Salom\u00e3o: Porquanto foi esse o desejo de teu cora\u00e7\u00e3o, e n\u00e3o pediste riquezas, bens ou honras, nem &hellip; Continue lendo&hellip; &rarr;\" \/>\n<meta property=\"og:url\" content=\"https:\/\/consolar.org\/?p=514\" \/>\n<meta property=\"og:site_name\" content=\"Consolar.org\" \/>\n<meta property=\"article:publisher\" content=\"https:\/\/www.facebook.com\/consolar\" \/>\n<meta property=\"article:published_time\" content=\"2011-07-01T03:00:00+00:00\" \/>\n<meta property=\"article:modified_time\" content=\"2026-03-11T19:41:52+00:00\" \/>\n<meta property=\"og:image\" content=\"https:\/\/consolar.org\/wp-content\/uploads\/2011\/07\/noitedesabedoria02.jpg\" \/>\n\t<meta property=\"og:image:width\" content=\"1200\" \/>\n\t<meta property=\"og:image:height\" content=\"620\" \/>\n\t<meta property=\"og:image:type\" content=\"image\/jpeg\" \/>\n<meta name=\"author\" content=\"Pr Luiz Rubem de Freitas\" \/>\n<meta name=\"twitter:card\" content=\"summary_large_image\" \/>\n<meta name=\"twitter:label1\" content=\"Escrito por\" \/>\n\t<meta name=\"twitter:data1\" content=\"Pr Luiz Rubem de Freitas\" \/>\n\t<meta name=\"twitter:label2\" content=\"Est. tempo de leitura\" \/>\n\t<meta name=\"twitter:data2\" content=\"2 minutos\" \/>\n<script type=\"application\/ld+json\" class=\"yoast-schema-graph\">{\"@context\":\"https:\\\/\\\/schema.org\",\"@graph\":[{\"@type\":\"Article\",\"@id\":\"https:\\\/\\\/consolar.org\\\/?p=514#article\",\"isPartOf\":{\"@id\":\"https:\\\/\\\/consolar.org\\\/?p=514\"},\"author\":{\"name\":\"Pr Luiz Rubem de Freitas\",\"@id\":\"https:\\\/\\\/consolar.org\\\/#\\\/schema\\\/person\\\/7b36e38187f2475e58065af654682d5d\"},\"headline\":\"A Noite da Sabedoria II\",\"datePublished\":\"2011-07-01T03:00:00+00:00\",\"dateModified\":\"2026-03-11T19:41:52+00:00\",\"mainEntityOfPage\":{\"@id\":\"https:\\\/\\\/consolar.org\\\/?p=514\"},\"wordCount\":438,\"publisher\":{\"@id\":\"https:\\\/\\\/consolar.org\\\/#organization\"},\"image\":{\"@id\":\"https:\\\/\\\/consolar.org\\\/?p=514#primaryimage\"},\"thumbnailUrl\":\"https:\\\/\\\/consolar.org\\\/wp-content\\\/uploads\\\/2011\\\/07\\\/noitedesabedoria02.jpg\",\"articleSection\":[\"Uncategorized\"],\"inLanguage\":\"pt-BR\"},{\"@type\":\"WebPage\",\"@id\":\"https:\\\/\\\/consolar.org\\\/?p=514\",\"url\":\"https:\\\/\\\/consolar.org\\\/?p=514\",\"name\":\"A Noite da Sabedoria II - Consolar.org\",\"isPartOf\":{\"@id\":\"https:\\\/\\\/consolar.org\\\/#website\"},\"primaryImageOfPage\":{\"@id\":\"https:\\\/\\\/consolar.org\\\/?p=514#primaryimage\"},\"image\":{\"@id\":\"https:\\\/\\\/consolar.org\\\/?p=514#primaryimage\"},\"thumbnailUrl\":\"https:\\\/\\\/consolar.org\\\/wp-content\\\/uploads\\\/2011\\\/07\\\/noitedesabedoria02.jpg\",\"datePublished\":\"2011-07-01T03:00:00+00:00\",\"dateModified\":\"2026-03-11T19:41:52+00:00\",\"breadcrumb\":{\"@id\":\"https:\\\/\\\/consolar.org\\\/?p=514#breadcrumb\"},\"inLanguage\":\"pt-BR\",\"potentialAction\":[{\"@type\":\"ReadAction\",\"target\":[\"https:\\\/\\\/consolar.org\\\/?p=514\"]}]},{\"@type\":\"ImageObject\",\"inLanguage\":\"pt-BR\",\"@id\":\"https:\\\/\\\/consolar.org\\\/?p=514#primaryimage\",\"url\":\"https:\\\/\\\/consolar.org\\\/wp-content\\\/uploads\\\/2011\\\/07\\\/noitedesabedoria02.jpg\",\"contentUrl\":\"https:\\\/\\\/consolar.org\\\/wp-content\\\/uploads\\\/2011\\\/07\\\/noitedesabedoria02.jpg\",\"width\":1200,\"height\":620},{\"@type\":\"BreadcrumbList\",\"@id\":\"https:\\\/\\\/consolar.org\\\/?p=514#breadcrumb\",\"itemListElement\":[{\"@type\":\"ListItem\",\"position\":1,\"name\":\"In\u00edcio\",\"item\":\"https:\\\/\\\/consolar.org\\\/\"},{\"@type\":\"ListItem\",\"position\":2,\"name\":\"A Noite da Sabedoria II\"}]},{\"@type\":\"WebSite\",\"@id\":\"https:\\\/\\\/consolar.org\\\/#website\",\"url\":\"https:\\\/\\\/consolar.org\\\/\",\"name\":\"Consolar.org\",\"description\":\"Mensagens de conforto e esperan\u00e7a para cora\u00e7\u00f5es que precisam de paz.\",\"publisher\":{\"@id\":\"https:\\\/\\\/consolar.org\\\/#organization\"},\"potentialAction\":[{\"@type\":\"SearchAction\",\"target\":{\"@type\":\"EntryPoint\",\"urlTemplate\":\"https:\\\/\\\/consolar.org\\\/?s={search_term_string}\"},\"query-input\":{\"@type\":\"PropertyValueSpecification\",\"valueRequired\":true,\"valueName\":\"search_term_string\"}}],\"inLanguage\":\"pt-BR\"},{\"@type\":\"Organization\",\"@id\":\"https:\\\/\\\/consolar.org\\\/#organization\",\"name\":\"Consolar.org\",\"url\":\"https:\\\/\\\/consolar.org\\\/\",\"logo\":{\"@type\":\"ImageObject\",\"inLanguage\":\"pt-BR\",\"@id\":\"https:\\\/\\\/consolar.org\\\/#\\\/schema\\\/logo\\\/image\\\/\",\"url\":\"https:\\\/\\\/consolar.org\\\/wp-content\\\/uploads\\\/2026\\\/02\\\/cropped-logonovo03-small.png\",\"contentUrl\":\"https:\\\/\\\/consolar.org\\\/wp-content\\\/uploads\\\/2026\\\/02\\\/cropped-logonovo03-small.png\",\"width\":280,\"height\":142,\"caption\":\"Consolar.org\"},\"image\":{\"@id\":\"https:\\\/\\\/consolar.org\\\/#\\\/schema\\\/logo\\\/image\\\/\"},\"sameAs\":[\"https:\\\/\\\/www.facebook.com\\\/consolar\"]},{\"@type\":\"Person\",\"@id\":\"https:\\\/\\\/consolar.org\\\/#\\\/schema\\\/person\\\/7b36e38187f2475e58065af654682d5d\",\"name\":\"Pr Luiz Rubem de Freitas\",\"image\":{\"@type\":\"ImageObject\",\"inLanguage\":\"pt-BR\",\"@id\":\"https:\\\/\\\/secure.gravatar.com\\\/avatar\\\/fd59dc00fc4178aa1e085bf491d394e3f72afcd9b1944348dfcec2bbecdc5761?s=96&d=blank&r=g\",\"url\":\"https:\\\/\\\/secure.gravatar.com\\\/avatar\\\/fd59dc00fc4178aa1e085bf491d394e3f72afcd9b1944348dfcec2bbecdc5761?s=96&d=blank&r=g\",\"contentUrl\":\"https:\\\/\\\/secure.gravatar.com\\\/avatar\\\/fd59dc00fc4178aa1e085bf491d394e3f72afcd9b1944348dfcec2bbecdc5761?s=96&d=blank&r=g\",\"caption\":\"Pr Luiz Rubem de Freitas\"},\"url\":\"https:\\\/\\\/consolar.org\\\/?author=2\"}]}<\/script>\n<!-- \/ Yoast SEO Premium plugin. -->","yoast_head_json":{"title":"A Noite da Sabedoria II - Consolar.org","robots":{"index":"index","follow":"follow","max-snippet":"max-snippet:-1","max-image-preview":"max-image-preview:large","max-video-preview":"max-video-preview:-1"},"canonical":"https:\/\/consolar.org\/?p=514","og_locale":"pt_BR","og_type":"article","og_title":"A Noite da Sabedoria II","og_description":"&#8220;Naquela mesma noite, apareceu Deus a Salom\u00e3o e lhe disse: Pede-me o que queres que eu te d\u00ea. Respondeu-lhe Salom\u00e3o:&#8230;. D\u00e1-me, pois, agora, sabedoria e conhecimento para que eu saiba conduzir-me a testa deste povo;&#8230;. Disse Deus a Salom\u00e3o: Porquanto foi esse o desejo de teu cora\u00e7\u00e3o, e n\u00e3o pediste riquezas, bens ou honras, nem &hellip; Continue lendo&hellip; &rarr;","og_url":"https:\/\/consolar.org\/?p=514","og_site_name":"Consolar.org","article_publisher":"https:\/\/www.facebook.com\/consolar","article_published_time":"2011-07-01T03:00:00+00:00","article_modified_time":"2026-03-11T19:41:52+00:00","og_image":[{"width":1200,"height":620,"url":"https:\/\/consolar.org\/wp-content\/uploads\/2011\/07\/noitedesabedoria02.jpg","type":"image\/jpeg"}],"author":"Pr Luiz Rubem de Freitas","twitter_card":"summary_large_image","twitter_misc":{"Escrito por":"Pr Luiz Rubem de Freitas","Est. tempo de leitura":"2 minutos"},"schema":{"@context":"https:\/\/schema.org","@graph":[{"@type":"Article","@id":"https:\/\/consolar.org\/?p=514#article","isPartOf":{"@id":"https:\/\/consolar.org\/?p=514"},"author":{"name":"Pr Luiz Rubem de Freitas","@id":"https:\/\/consolar.org\/#\/schema\/person\/7b36e38187f2475e58065af654682d5d"},"headline":"A Noite da Sabedoria II","datePublished":"2011-07-01T03:00:00+00:00","dateModified":"2026-03-11T19:41:52+00:00","mainEntityOfPage":{"@id":"https:\/\/consolar.org\/?p=514"},"wordCount":438,"publisher":{"@id":"https:\/\/consolar.org\/#organization"},"image":{"@id":"https:\/\/consolar.org\/?p=514#primaryimage"},"thumbnailUrl":"https:\/\/consolar.org\/wp-content\/uploads\/2011\/07\/noitedesabedoria02.jpg","articleSection":["Uncategorized"],"inLanguage":"pt-BR"},{"@type":"WebPage","@id":"https:\/\/consolar.org\/?p=514","url":"https:\/\/consolar.org\/?p=514","name":"A Noite da Sabedoria II - Consolar.org","isPartOf":{"@id":"https:\/\/consolar.org\/#website"},"primaryImageOfPage":{"@id":"https:\/\/consolar.org\/?p=514#primaryimage"},"image":{"@id":"https:\/\/consolar.org\/?p=514#primaryimage"},"thumbnailUrl":"https:\/\/consolar.org\/wp-content\/uploads\/2011\/07\/noitedesabedoria02.jpg","datePublished":"2011-07-01T03:00:00+00:00","dateModified":"2026-03-11T19:41:52+00:00","breadcrumb":{"@id":"https:\/\/consolar.org\/?p=514#breadcrumb"},"inLanguage":"pt-BR","potentialAction":[{"@type":"ReadAction","target":["https:\/\/consolar.org\/?p=514"]}]},{"@type":"ImageObject","inLanguage":"pt-BR","@id":"https:\/\/consolar.org\/?p=514#primaryimage","url":"https:\/\/consolar.org\/wp-content\/uploads\/2011\/07\/noitedesabedoria02.jpg","contentUrl":"https:\/\/consolar.org\/wp-content\/uploads\/2011\/07\/noitedesabedoria02.jpg","width":1200,"height":620},{"@type":"BreadcrumbList","@id":"https:\/\/consolar.org\/?p=514#breadcrumb","itemListElement":[{"@type":"ListItem","position":1,"name":"In\u00edcio","item":"https:\/\/consolar.org\/"},{"@type":"ListItem","position":2,"name":"A Noite da Sabedoria II"}]},{"@type":"WebSite","@id":"https:\/\/consolar.org\/#website","url":"https:\/\/consolar.org\/","name":"Consolar.org","description":"Mensagens de conforto e esperan\u00e7a para cora\u00e7\u00f5es que precisam de paz.","publisher":{"@id":"https:\/\/consolar.org\/#organization"},"potentialAction":[{"@type":"SearchAction","target":{"@type":"EntryPoint","urlTemplate":"https:\/\/consolar.org\/?s={search_term_string}"},"query-input":{"@type":"PropertyValueSpecification","valueRequired":true,"valueName":"search_term_string"}}],"inLanguage":"pt-BR"},{"@type":"Organization","@id":"https:\/\/consolar.org\/#organization","name":"Consolar.org","url":"https:\/\/consolar.org\/","logo":{"@type":"ImageObject","inLanguage":"pt-BR","@id":"https:\/\/consolar.org\/#\/schema\/logo\/image\/","url":"https:\/\/consolar.org\/wp-content\/uploads\/2026\/02\/cropped-logonovo03-small.png","contentUrl":"https:\/\/consolar.org\/wp-content\/uploads\/2026\/02\/cropped-logonovo03-small.png","width":280,"height":142,"caption":"Consolar.org"},"image":{"@id":"https:\/\/consolar.org\/#\/schema\/logo\/image\/"},"sameAs":["https:\/\/www.facebook.com\/consolar"]},{"@type":"Person","@id":"https:\/\/consolar.org\/#\/schema\/person\/7b36e38187f2475e58065af654682d5d","name":"Pr Luiz Rubem de Freitas","image":{"@type":"ImageObject","inLanguage":"pt-BR","@id":"https:\/\/secure.gravatar.com\/avatar\/fd59dc00fc4178aa1e085bf491d394e3f72afcd9b1944348dfcec2bbecdc5761?s=96&d=blank&r=g","url":"https:\/\/secure.gravatar.com\/avatar\/fd59dc00fc4178aa1e085bf491d394e3f72afcd9b1944348dfcec2bbecdc5761?s=96&d=blank&r=g","contentUrl":"https:\/\/secure.gravatar.com\/avatar\/fd59dc00fc4178aa1e085bf491d394e3f72afcd9b1944348dfcec2bbecdc5761?s=96&d=blank&r=g","caption":"Pr Luiz Rubem de Freitas"},"url":"https:\/\/consolar.org\/?author=2"}]}},"_links":{"self":[{"href":"https:\/\/consolar.org\/index.php?rest_route=\/wp\/v2\/posts\/514","targetHints":{"allow":["GET"]}}],"collection":[{"href":"https:\/\/consolar.org\/index.php?rest_route=\/wp\/v2\/posts"}],"about":[{"href":"https:\/\/consolar.org\/index.php?rest_route=\/wp\/v2\/types\/post"}],"author":[{"embeddable":true,"href":"https:\/\/consolar.org\/index.php?rest_route=\/wp\/v2\/users\/2"}],"replies":[{"embeddable":true,"href":"https:\/\/consolar.org\/index.php?rest_route=%2Fwp%2Fv2%2Fcomments&post=514"}],"version-history":[{"count":0,"href":"https:\/\/consolar.org\/index.php?rest_route=\/wp\/v2\/posts\/514\/revisions"}],"wp:featuredmedia":[{"embeddable":true,"href":"https:\/\/consolar.org\/index.php?rest_route=\/wp\/v2\/media\/1160"}],"wp:attachment":[{"href":"https:\/\/consolar.org\/index.php?rest_route=%2Fwp%2Fv2%2Fmedia&parent=514"}],"wp:term":[{"taxonomy":"category","embeddable":true,"href":"https:\/\/consolar.org\/index.php?rest_route=%2Fwp%2Fv2%2Fcategories&post=514"},{"taxonomy":"post_tag","embeddable":true,"href":"https:\/\/consolar.org\/index.php?rest_route=%2Fwp%2Fv2%2Ftags&post=514"}],"curies":[{"name":"wp","href":"https:\/\/api.w.org\/{rel}","templated":true}]}}