{"id":513,"date":"2011-05-01T00:00:00","date_gmt":"2011-05-01T03:00:00","guid":{"rendered":"https:\/\/consolar.org\/2011\/05\/01\/a-noite-da-sabedoria\/"},"modified":"2026-03-11T17:17:44","modified_gmt":"2026-03-11T20:17:44","slug":"a-noite-da-sabedoria","status":"publish","type":"post","link":"https:\/\/consolar.org\/?p=513","title":{"rendered":"A Noite da Sabedoria"},"content":{"rendered":"\n<figure class=\"wp-block-image size-large\"><img loading=\"lazy\" decoding=\"async\" width=\"1024\" height=\"495\" src=\"https:\/\/consolar.org\/wp-content\/uploads\/2011\/05\/noitedasabedoria03-1024x495.jpg\" alt=\"\" class=\"wp-image-1168\" srcset=\"https:\/\/consolar.org\/wp-content\/uploads\/2011\/05\/noitedasabedoria03-1024x495.jpg 1024w, https:\/\/consolar.org\/wp-content\/uploads\/2011\/05\/noitedasabedoria03-300x145.jpg 300w, https:\/\/consolar.org\/wp-content\/uploads\/2011\/05\/noitedasabedoria03-768x371.jpg 768w, https:\/\/consolar.org\/wp-content\/uploads\/2011\/05\/noitedasabedoria03.jpg 1200w\" sizes=\"auto, (max-width: 1024px) 100vw, 1024px\" \/><\/figure>\n\n\n\n<p class=\"has-text-align-center\"><em>&#8220;Naquela mesma noite, apareceu Deus a Salom\u00e3o e lhe disse: Pede-me o que queres que eu te d\u00ea. Respondeu-lhe Salom\u00e3o:&#8230;. D\u00e1-me, pois, agora, sabedoria e conhecimento para que eu saiba conduzir-me a testa deste povo;&#8230;. Disse Deus a Salom\u00e3o: Porquanto foi esse o desejo de teu cora\u00e7\u00e3o, e n\u00e3o pediste riquezas, bens ou honras, nem a morte dos que te aborrecem, nem tampouco pediste longevidade, mas sabedoria e conhecimento, para poderes julgar a meu povo, sobre o qual te constitu\u00ed rei, sabedoria e conhecimento s\u00e3o dados a ti, e te darei riquezas, bens e honras, quais que nenhum rei antes de ti, e depois de ti n\u00e3o haver\u00e1 igual&#8221; (II Cr\u00f4nicas 1.7-12).<\/em><\/p>\n\n\n\n<p>Na noite Deus tem trabalhado e escutado as suas preces. Na noite Deus conversa conosco e nos d\u00e1 a oportunidade de nos relacionarmos com Ele. Gosto muito de uma frase que diz: Dize-me com quem andas que direi quem tu \u00e9s. Quem anda com Deus \u00e9 facilmente reconhecido, mesmo que esteja na noite ou no deserto. Quem anda com Deus faz boas escolhas, toma decis\u00f5es s\u00e1bias, anda no caminho de salva\u00e7\u00e3o, reflete a face de Cristo. Conhecer a Deus significa, inclusive, saber pedir a Ele, o Pai sublime e Todo Poderoso, o que \u00e9 bom, correto e perfeito. <\/p>\n\n\n\n<p>Salom\u00e3o na noite que estava passando, institu\u00eddo rei sobre Israel, pediu a Deus sabedoria para julgar o seu povo. No dia primeiro deste ano, assumiu novo presidente do Brasil, uma presidenta. Qual ter\u00e1 sido o seu pedido a Deus? Salom\u00e3o na noite que estava passando pediu a Deus sabedoria. Deus reconhecendo que no seu pedido j\u00e1 havia sabedoria deu-lhe muito mais do que Salom\u00e3o pediu. Deus concedeu-lhe riquezas, bens e honras que nenhum rei depois dele um dia recebeu. <\/p>\n\n\n\n<p>Pedir certo \u00e9 fruto de conhecer a Deus. Ele est\u00e1 perto demais de ti, Ele chegou perto de ti na noite que est\u00e1s passando, te ouve, cuida de ti com ternura e responder\u00e1 sua ora\u00e7\u00e3o, pois tu O conheces. Deus quer te dar mais do que pedes, mas o que pedes, assim o faz com sabedoria? N\u00e3o vale a pena pedir riquezas, pois elas podem te destruir; N\u00e3o vale a pena pedir bens, pois eles se corrompem; N\u00e3o vale a pena pedir honras, pois elas s\u00e3o esquecidas; N\u00e3o vale a pena pedir a morte dos que te aborrecem, pois Deus os ama tamb\u00e9m; N\u00e3o vale a pena pedir longevidade, se na vida longa andar\u00e1s longe de Deus. <\/p>\n\n\n\n<p>Pe\u00e7a o melhor. Pe\u00e7a que Ele te visite na noite que est\u00e1s passando. Andar com Jesus a noite trar\u00e1 paz, sabedoria, conhecimento, liberta\u00e7\u00e3o e salva\u00e7\u00e3o para sua noite. Nunca mais ser\u00e1s o mesmo. Deus te aben\u00e7oe!<\/p>\n","protected":false},"excerpt":{"rendered":"<p>&#8220;Naquela mesma noite, apareceu Deus a Salom\u00e3o e lhe disse: Pede-me o que queres que eu te d\u00ea. Respondeu-lhe Salom\u00e3o:&#8230;. D\u00e1-me, pois, agora, sabedoria e conhecimento para que eu saiba conduzir-me a testa deste povo;&#8230;. Disse Deus a Salom\u00e3o: Porquanto foi esse o desejo de teu cora\u00e7\u00e3o, e n\u00e3o pediste riquezas, bens ou honras, nem <a class=\"more-link\" href=\"https:\/\/consolar.org\/?p=513\">&hellip; Continue lendo&hellip; &rarr;<\/a><\/p>\n","protected":false},"author":2,"featured_media":1168,"comment_status":"closed","ping_status":"closed","sticky":false,"template":"","format":"standard","meta":{"_ayudawp_aiss_exclude":false,"footnotes":"","_wpscppro_dont_share_socialmedia":false,"_wpscppro_custom_social_share_image":0,"_facebook_share_type":"","_twitter_share_type":"","_linkedin_share_type":"","_pinterest_share_type":"","_linkedin_share_type_page":"","_instagram_share_type":"","_medium_share_type":"","_threads_share_type":"","_google_business_share_type":"","_selected_social_profile":[],"_wpsp_enable_custom_social_template":false,"_wpsp_social_scheduling":{"enabled":false,"datetime":null,"platforms":[],"status":"template_only","dateOption":"today","timeOption":"now","customDays":"","customHours":"","customDate":"","customTime":"","schedulingType":"absolute"},"_wpsp_active_default_template":true},"categories":[1],"tags":[],"class_list":["post-513","post","type-post","status-publish","format-standard","has-post-thumbnail","hentry","category-uncategorized"],"yoast_head":"<!-- This site is optimized with the Yoast SEO Premium plugin v27.3 (Yoast SEO v27.5) - https:\/\/yoast.com\/product\/yoast-seo-premium-wordpress\/ -->\n<title>A Noite da Sabedoria - Consolar.org<\/title>\n<meta name=\"robots\" content=\"index, follow, max-snippet:-1, max-image-preview:large, max-video-preview:-1\" \/>\n<link rel=\"canonical\" href=\"https:\/\/consolar.org\/?p=513\" \/>\n<meta property=\"og:locale\" content=\"pt_BR\" \/>\n<meta property=\"og:type\" content=\"article\" \/>\n<meta property=\"og:title\" content=\"A Noite da Sabedoria\" \/>\n<meta property=\"og:description\" content=\"&#8220;Naquela mesma noite, apareceu Deus a Salom\u00e3o e lhe disse: Pede-me o que queres que eu te d\u00ea. Respondeu-lhe Salom\u00e3o:&#8230;. D\u00e1-me, pois, agora, sabedoria e conhecimento para que eu saiba conduzir-me a testa deste povo;&#8230;. Disse Deus a Salom\u00e3o: Porquanto foi esse o desejo de teu cora\u00e7\u00e3o, e n\u00e3o pediste riquezas, bens ou honras, nem &hellip; Continue lendo&hellip; &rarr;\" \/>\n<meta property=\"og:url\" content=\"https:\/\/consolar.org\/?p=513\" \/>\n<meta property=\"og:site_name\" content=\"Consolar.org\" \/>\n<meta property=\"article:publisher\" content=\"https:\/\/www.facebook.com\/consolar\" \/>\n<meta property=\"article:published_time\" content=\"2011-05-01T03:00:00+00:00\" \/>\n<meta property=\"article:modified_time\" content=\"2026-03-11T20:17:44+00:00\" \/>\n<meta property=\"og:image\" content=\"https:\/\/consolar.org\/wp-content\/uploads\/2011\/05\/noitedasabedoria03.jpg\" \/>\n\t<meta property=\"og:image:width\" content=\"1200\" \/>\n\t<meta property=\"og:image:height\" content=\"580\" \/>\n\t<meta property=\"og:image:type\" content=\"image\/jpeg\" \/>\n<meta name=\"author\" content=\"Pr Luiz Rubem de Freitas\" \/>\n<meta name=\"twitter:card\" content=\"summary_large_image\" \/>\n<meta name=\"twitter:label1\" content=\"Escrito por\" \/>\n\t<meta name=\"twitter:data1\" content=\"Pr Luiz Rubem de Freitas\" \/>\n\t<meta name=\"twitter:label2\" content=\"Est. tempo de leitura\" \/>\n\t<meta name=\"twitter:data2\" content=\"2 minutos\" \/>\n<script type=\"application\/ld+json\" class=\"yoast-schema-graph\">{\"@context\":\"https:\\\/\\\/schema.org\",\"@graph\":[{\"@type\":\"Article\",\"@id\":\"https:\\\/\\\/consolar.org\\\/?p=513#article\",\"isPartOf\":{\"@id\":\"https:\\\/\\\/consolar.org\\\/?p=513\"},\"author\":{\"name\":\"Pr Luiz Rubem de Freitas\",\"@id\":\"https:\\\/\\\/consolar.org\\\/#\\\/schema\\\/person\\\/7b36e38187f2475e58065af654682d5d\"},\"headline\":\"A Noite da Sabedoria\",\"datePublished\":\"2011-05-01T03:00:00+00:00\",\"dateModified\":\"2026-03-11T20:17:44+00:00\",\"mainEntityOfPage\":{\"@id\":\"https:\\\/\\\/consolar.org\\\/?p=513\"},\"wordCount\":476,\"publisher\":{\"@id\":\"https:\\\/\\\/consolar.org\\\/#organization\"},\"image\":{\"@id\":\"https:\\\/\\\/consolar.org\\\/?p=513#primaryimage\"},\"thumbnailUrl\":\"https:\\\/\\\/consolar.org\\\/wp-content\\\/uploads\\\/2011\\\/05\\\/noitedasabedoria03.jpg\",\"articleSection\":[\"Uncategorized\"],\"inLanguage\":\"pt-BR\"},{\"@type\":\"WebPage\",\"@id\":\"https:\\\/\\\/consolar.org\\\/?p=513\",\"url\":\"https:\\\/\\\/consolar.org\\\/?p=513\",\"name\":\"A Noite da Sabedoria - Consolar.org\",\"isPartOf\":{\"@id\":\"https:\\\/\\\/consolar.org\\\/#website\"},\"primaryImageOfPage\":{\"@id\":\"https:\\\/\\\/consolar.org\\\/?p=513#primaryimage\"},\"image\":{\"@id\":\"https:\\\/\\\/consolar.org\\\/?p=513#primaryimage\"},\"thumbnailUrl\":\"https:\\\/\\\/consolar.org\\\/wp-content\\\/uploads\\\/2011\\\/05\\\/noitedasabedoria03.jpg\",\"datePublished\":\"2011-05-01T03:00:00+00:00\",\"dateModified\":\"2026-03-11T20:17:44+00:00\",\"breadcrumb\":{\"@id\":\"https:\\\/\\\/consolar.org\\\/?p=513#breadcrumb\"},\"inLanguage\":\"pt-BR\",\"potentialAction\":[{\"@type\":\"ReadAction\",\"target\":[\"https:\\\/\\\/consolar.org\\\/?p=513\"]}]},{\"@type\":\"ImageObject\",\"inLanguage\":\"pt-BR\",\"@id\":\"https:\\\/\\\/consolar.org\\\/?p=513#primaryimage\",\"url\":\"https:\\\/\\\/consolar.org\\\/wp-content\\\/uploads\\\/2011\\\/05\\\/noitedasabedoria03.jpg\",\"contentUrl\":\"https:\\\/\\\/consolar.org\\\/wp-content\\\/uploads\\\/2011\\\/05\\\/noitedasabedoria03.jpg\",\"width\":1200,\"height\":580},{\"@type\":\"BreadcrumbList\",\"@id\":\"https:\\\/\\\/consolar.org\\\/?p=513#breadcrumb\",\"itemListElement\":[{\"@type\":\"ListItem\",\"position\":1,\"name\":\"In\u00edcio\",\"item\":\"https:\\\/\\\/consolar.org\\\/\"},{\"@type\":\"ListItem\",\"position\":2,\"name\":\"A Noite da Sabedoria\"}]},{\"@type\":\"WebSite\",\"@id\":\"https:\\\/\\\/consolar.org\\\/#website\",\"url\":\"https:\\\/\\\/consolar.org\\\/\",\"name\":\"Consolar.org\",\"description\":\"Mensagens de conforto e esperan\u00e7a para cora\u00e7\u00f5es que precisam de paz.\",\"publisher\":{\"@id\":\"https:\\\/\\\/consolar.org\\\/#organization\"},\"potentialAction\":[{\"@type\":\"SearchAction\",\"target\":{\"@type\":\"EntryPoint\",\"urlTemplate\":\"https:\\\/\\\/consolar.org\\\/?s={search_term_string}\"},\"query-input\":{\"@type\":\"PropertyValueSpecification\",\"valueRequired\":true,\"valueName\":\"search_term_string\"}}],\"inLanguage\":\"pt-BR\"},{\"@type\":\"Organization\",\"@id\":\"https:\\\/\\\/consolar.org\\\/#organization\",\"name\":\"Consolar.org\",\"url\":\"https:\\\/\\\/consolar.org\\\/\",\"logo\":{\"@type\":\"ImageObject\",\"inLanguage\":\"pt-BR\",\"@id\":\"https:\\\/\\\/consolar.org\\\/#\\\/schema\\\/logo\\\/image\\\/\",\"url\":\"https:\\\/\\\/consolar.org\\\/wp-content\\\/uploads\\\/2026\\\/02\\\/cropped-logonovo03-small.png\",\"contentUrl\":\"https:\\\/\\\/consolar.org\\\/wp-content\\\/uploads\\\/2026\\\/02\\\/cropped-logonovo03-small.png\",\"width\":280,\"height\":142,\"caption\":\"Consolar.org\"},\"image\":{\"@id\":\"https:\\\/\\\/consolar.org\\\/#\\\/schema\\\/logo\\\/image\\\/\"},\"sameAs\":[\"https:\\\/\\\/www.facebook.com\\\/consolar\"]},{\"@type\":\"Person\",\"@id\":\"https:\\\/\\\/consolar.org\\\/#\\\/schema\\\/person\\\/7b36e38187f2475e58065af654682d5d\",\"name\":\"Pr Luiz Rubem de Freitas\",\"image\":{\"@type\":\"ImageObject\",\"inLanguage\":\"pt-BR\",\"@id\":\"https:\\\/\\\/secure.gravatar.com\\\/avatar\\\/fd59dc00fc4178aa1e085bf491d394e3f72afcd9b1944348dfcec2bbecdc5761?s=96&d=blank&r=g\",\"url\":\"https:\\\/\\\/secure.gravatar.com\\\/avatar\\\/fd59dc00fc4178aa1e085bf491d394e3f72afcd9b1944348dfcec2bbecdc5761?s=96&d=blank&r=g\",\"contentUrl\":\"https:\\\/\\\/secure.gravatar.com\\\/avatar\\\/fd59dc00fc4178aa1e085bf491d394e3f72afcd9b1944348dfcec2bbecdc5761?s=96&d=blank&r=g\",\"caption\":\"Pr Luiz Rubem de Freitas\"},\"url\":\"https:\\\/\\\/consolar.org\\\/?author=2\"}]}<\/script>\n<!-- \/ Yoast SEO Premium plugin. -->","yoast_head_json":{"title":"A Noite da Sabedoria - Consolar.org","robots":{"index":"index","follow":"follow","max-snippet":"max-snippet:-1","max-image-preview":"max-image-preview:large","max-video-preview":"max-video-preview:-1"},"canonical":"https:\/\/consolar.org\/?p=513","og_locale":"pt_BR","og_type":"article","og_title":"A Noite da Sabedoria","og_description":"&#8220;Naquela mesma noite, apareceu Deus a Salom\u00e3o e lhe disse: Pede-me o que queres que eu te d\u00ea. Respondeu-lhe Salom\u00e3o:&#8230;. D\u00e1-me, pois, agora, sabedoria e conhecimento para que eu saiba conduzir-me a testa deste povo;&#8230;. Disse Deus a Salom\u00e3o: Porquanto foi esse o desejo de teu cora\u00e7\u00e3o, e n\u00e3o pediste riquezas, bens ou honras, nem &hellip; Continue lendo&hellip; &rarr;","og_url":"https:\/\/consolar.org\/?p=513","og_site_name":"Consolar.org","article_publisher":"https:\/\/www.facebook.com\/consolar","article_published_time":"2011-05-01T03:00:00+00:00","article_modified_time":"2026-03-11T20:17:44+00:00","og_image":[{"width":1200,"height":580,"url":"https:\/\/consolar.org\/wp-content\/uploads\/2011\/05\/noitedasabedoria03.jpg","type":"image\/jpeg"}],"author":"Pr Luiz Rubem de Freitas","twitter_card":"summary_large_image","twitter_misc":{"Escrito por":"Pr Luiz Rubem de Freitas","Est. tempo de leitura":"2 minutos"},"schema":{"@context":"https:\/\/schema.org","@graph":[{"@type":"Article","@id":"https:\/\/consolar.org\/?p=513#article","isPartOf":{"@id":"https:\/\/consolar.org\/?p=513"},"author":{"name":"Pr Luiz Rubem de Freitas","@id":"https:\/\/consolar.org\/#\/schema\/person\/7b36e38187f2475e58065af654682d5d"},"headline":"A Noite da Sabedoria","datePublished":"2011-05-01T03:00:00+00:00","dateModified":"2026-03-11T20:17:44+00:00","mainEntityOfPage":{"@id":"https:\/\/consolar.org\/?p=513"},"wordCount":476,"publisher":{"@id":"https:\/\/consolar.org\/#organization"},"image":{"@id":"https:\/\/consolar.org\/?p=513#primaryimage"},"thumbnailUrl":"https:\/\/consolar.org\/wp-content\/uploads\/2011\/05\/noitedasabedoria03.jpg","articleSection":["Uncategorized"],"inLanguage":"pt-BR"},{"@type":"WebPage","@id":"https:\/\/consolar.org\/?p=513","url":"https:\/\/consolar.org\/?p=513","name":"A Noite da Sabedoria - Consolar.org","isPartOf":{"@id":"https:\/\/consolar.org\/#website"},"primaryImageOfPage":{"@id":"https:\/\/consolar.org\/?p=513#primaryimage"},"image":{"@id":"https:\/\/consolar.org\/?p=513#primaryimage"},"thumbnailUrl":"https:\/\/consolar.org\/wp-content\/uploads\/2011\/05\/noitedasabedoria03.jpg","datePublished":"2011-05-01T03:00:00+00:00","dateModified":"2026-03-11T20:17:44+00:00","breadcrumb":{"@id":"https:\/\/consolar.org\/?p=513#breadcrumb"},"inLanguage":"pt-BR","potentialAction":[{"@type":"ReadAction","target":["https:\/\/consolar.org\/?p=513"]}]},{"@type":"ImageObject","inLanguage":"pt-BR","@id":"https:\/\/consolar.org\/?p=513#primaryimage","url":"https:\/\/consolar.org\/wp-content\/uploads\/2011\/05\/noitedasabedoria03.jpg","contentUrl":"https:\/\/consolar.org\/wp-content\/uploads\/2011\/05\/noitedasabedoria03.jpg","width":1200,"height":580},{"@type":"BreadcrumbList","@id":"https:\/\/consolar.org\/?p=513#breadcrumb","itemListElement":[{"@type":"ListItem","position":1,"name":"In\u00edcio","item":"https:\/\/consolar.org\/"},{"@type":"ListItem","position":2,"name":"A Noite da Sabedoria"}]},{"@type":"WebSite","@id":"https:\/\/consolar.org\/#website","url":"https:\/\/consolar.org\/","name":"Consolar.org","description":"Mensagens de conforto e esperan\u00e7a para cora\u00e7\u00f5es que precisam de paz.","publisher":{"@id":"https:\/\/consolar.org\/#organization"},"potentialAction":[{"@type":"SearchAction","target":{"@type":"EntryPoint","urlTemplate":"https:\/\/consolar.org\/?s={search_term_string}"},"query-input":{"@type":"PropertyValueSpecification","valueRequired":true,"valueName":"search_term_string"}}],"inLanguage":"pt-BR"},{"@type":"Organization","@id":"https:\/\/consolar.org\/#organization","name":"Consolar.org","url":"https:\/\/consolar.org\/","logo":{"@type":"ImageObject","inLanguage":"pt-BR","@id":"https:\/\/consolar.org\/#\/schema\/logo\/image\/","url":"https:\/\/consolar.org\/wp-content\/uploads\/2026\/02\/cropped-logonovo03-small.png","contentUrl":"https:\/\/consolar.org\/wp-content\/uploads\/2026\/02\/cropped-logonovo03-small.png","width":280,"height":142,"caption":"Consolar.org"},"image":{"@id":"https:\/\/consolar.org\/#\/schema\/logo\/image\/"},"sameAs":["https:\/\/www.facebook.com\/consolar"]},{"@type":"Person","@id":"https:\/\/consolar.org\/#\/schema\/person\/7b36e38187f2475e58065af654682d5d","name":"Pr Luiz Rubem de Freitas","image":{"@type":"ImageObject","inLanguage":"pt-BR","@id":"https:\/\/secure.gravatar.com\/avatar\/fd59dc00fc4178aa1e085bf491d394e3f72afcd9b1944348dfcec2bbecdc5761?s=96&d=blank&r=g","url":"https:\/\/secure.gravatar.com\/avatar\/fd59dc00fc4178aa1e085bf491d394e3f72afcd9b1944348dfcec2bbecdc5761?s=96&d=blank&r=g","contentUrl":"https:\/\/secure.gravatar.com\/avatar\/fd59dc00fc4178aa1e085bf491d394e3f72afcd9b1944348dfcec2bbecdc5761?s=96&d=blank&r=g","caption":"Pr Luiz Rubem de Freitas"},"url":"https:\/\/consolar.org\/?author=2"}]}},"_links":{"self":[{"href":"https:\/\/consolar.org\/index.php?rest_route=\/wp\/v2\/posts\/513","targetHints":{"allow":["GET"]}}],"collection":[{"href":"https:\/\/consolar.org\/index.php?rest_route=\/wp\/v2\/posts"}],"about":[{"href":"https:\/\/consolar.org\/index.php?rest_route=\/wp\/v2\/types\/post"}],"author":[{"embeddable":true,"href":"https:\/\/consolar.org\/index.php?rest_route=\/wp\/v2\/users\/2"}],"replies":[{"embeddable":true,"href":"https:\/\/consolar.org\/index.php?rest_route=%2Fwp%2Fv2%2Fcomments&post=513"}],"version-history":[{"count":0,"href":"https:\/\/consolar.org\/index.php?rest_route=\/wp\/v2\/posts\/513\/revisions"}],"wp:featuredmedia":[{"embeddable":true,"href":"https:\/\/consolar.org\/index.php?rest_route=\/wp\/v2\/media\/1168"}],"wp:attachment":[{"href":"https:\/\/consolar.org\/index.php?rest_route=%2Fwp%2Fv2%2Fmedia&parent=513"}],"wp:term":[{"taxonomy":"category","embeddable":true,"href":"https:\/\/consolar.org\/index.php?rest_route=%2Fwp%2Fv2%2Fcategories&post=513"},{"taxonomy":"post_tag","embeddable":true,"href":"https:\/\/consolar.org\/index.php?rest_route=%2Fwp%2Fv2%2Ftags&post=513"}],"curies":[{"name":"wp","href":"https:\/\/api.w.org\/{rel}","templated":true}]}}