{"id":507,"date":"2010-01-27T00:00:00","date_gmt":"2010-01-27T03:00:00","guid":{"rendered":"https:\/\/consolar.org\/2010\/01\/27\/a-janela-vazia\/"},"modified":"2026-03-27T12:06:02","modified_gmt":"2026-03-27T15:06:02","slug":"a-janela-vazia","status":"publish","type":"post","link":"https:\/\/consolar.org\/?p=507","title":{"rendered":"A Janela Vazia"},"content":{"rendered":"\n<figure class=\"wp-block-image size-large\"><img loading=\"lazy\" decoding=\"async\" width=\"1024\" height=\"469\" src=\"https:\/\/consolar.org\/wp-content\/uploads\/2010\/01\/janelavaziapubl-1024x469.jpg\" alt=\"\" class=\"wp-image-1274\" srcset=\"https:\/\/consolar.org\/wp-content\/uploads\/2010\/01\/janelavaziapubl-1024x469.jpg 1024w, https:\/\/consolar.org\/wp-content\/uploads\/2010\/01\/janelavaziapubl-300x137.jpg 300w, https:\/\/consolar.org\/wp-content\/uploads\/2010\/01\/janelavaziapubl-768x352.jpg 768w, https:\/\/consolar.org\/wp-content\/uploads\/2010\/01\/janelavaziapubl.jpg 1201w\" sizes=\"auto, (max-width: 1024px) 100vw, 1024px\" \/><\/figure>\n\n\n\n<p class=\"has-text-align-center\">&#8220;Porque Ele tem dito: De maneira alguma te deixarei, nunca jamais te abandonarei&#8221; (Hebreus 13.5b).<\/p>\n\n\n\n<p>Acontecia todos os dias. Sempre que eu sa\u00eda de casa para a escola minha m\u00e3e ficava na janela do apartamento a me acenar. Eu respondia tamb\u00e9m com acenos at\u00e9 n\u00e3o v\u00ea-la mais ou at\u00e9 o \u00f4nibus que eu pegava passar. Hoje sei que ali naquela janela, minha m\u00e3e estava orando por mim, pedindo ao Senhor que estivesse comigo, que me livrasse de acidentes, incidentes e m\u00e1s influ\u00eancias. <\/p>\n\n\n\n<p>O tempo passou, mudamos de apartamento, deixei de ir \u00e0 escola e comecei a trabalhar, casei. Mas sempre que eu sa\u00eda de casa, ela continuava indo para a janela e acen\u00e1vamos at\u00e9 n\u00e3o nos vermos mais. Nos \u00faltimos dias, papai, que n\u00e3o era de demonstrar suas emo\u00e7\u00f5es, come\u00e7ou a vir tamb\u00e9m a acompanhar minha m\u00e3e na janela para se despedir de mim e das netas quando os visit\u00e1vamos. Podia ver no olhar de ambos o amor que sentiam por mim, e seus acenos indicavam estarem gratos por ter ido v\u00ea-los e que esperavam que volt\u00e1ssemos logo. <\/p>\n\n\n\n<p>Hoje quando passo em frente ao pr\u00e9dio em que moravam, sinto uma vontade imensa de v\u00ea-los l\u00e1, mas papai foi encontrar-se com seu amado Salvador. Mam\u00e3e n\u00e3o ficou muito tempo conosco e seguiu-o. Olho a fachada do pr\u00e9dio e nem sei mais quem mora l\u00e1 naquele apartamento, mas sempre que meus olhos encontram aquela janela invariavelmente n\u00e3o h\u00e1 ningu\u00e9m l\u00e1. A janela est\u00e1 vazia. Apesar das imensas saudades que sinto, o vazio daquela janela n\u00e3o preenche a minha alma. Ela me traz doces recorda\u00e7\u00f5es de meus pais, mas enche meu cora\u00e7\u00e3o da certeza do amor de Deus por mim, revelados naqueles dias atrav\u00e9s do cuidado e carinho deles, ali naquela janela e em todos os dias que os tive junto a mim. <\/p>\n\n\n\n<p>Sei que hoje Deus continua a me amar. Tenho certeza disso porque Ele nunca me abandonou. E revela esse amor por mim de outras formas, diferentes, mas t\u00e3o bonitas quanto meus pais naquela janela: no amor incondicional da minha esposa, nos beijos das minha filhas, no cuidado dos meus irm\u00e3os, cunhadas e sobrinhos, no nascimento de uma sobrinha, na presen\u00e7a de amigos que nunca falham. <\/p>\n\n\n\n<p>Sei as dificuldades que passei at\u00e9 poder ver os fatos dessa perspectiva. O site Consolar.org \u00e9 fruto dessa caminhada. Sei que se voc\u00ea perdeu pessoas queridas como n\u00f3s perdemos pode se sentir abandonado por Deus. Mas Ele quer trazer a sua lembran\u00e7a hoje o quanto Ele o ama e que ele n\u00e3o lhe deixar\u00e1 nem lhe abandonar\u00e1. <\/p>\n\n\n\n<p>&#8220;Pai, obrigado pelo amor que o Senhor tem por mim e por este amor ter se revelado a mim atrav\u00e9s da vida dos meus pais. Obrigado por eles terem me ensinado o caminho eterno. Obrigado porque mesmo sem eles o Senhor continua a me amar e demonstrar seu amor atrav\u00e9s de outras pessoas. Obrigado porque o Senhor nunca me deixar\u00e1. Perdoe-me por tantas vezes esquecer disto. Obrigado por preencher todo o vazio. Obrigado porque a janela n\u00e3o est\u00e1 vazia. Am\u00e9m&#8221;<\/p>\n","protected":false},"excerpt":{"rendered":"<p>&#8220;Porque Ele tem dito: De maneira alguma te deixarei, nunca jamais te abandonarei&#8221; (Hebreus 13.5b). Acontecia todos os dias. Sempre que eu sa\u00eda de casa para a escola minha m\u00e3e ficava na janela do apartamento a me acenar. Eu respondia tamb\u00e9m com acenos at\u00e9 n\u00e3o v\u00ea-la mais ou at\u00e9 o \u00f4nibus que eu pegava passar. <a class=\"more-link\" href=\"https:\/\/consolar.org\/?p=507\">&hellip; Continue lendo&hellip; &rarr;<\/a><\/p>\n","protected":false},"author":3,"featured_media":1274,"comment_status":"closed","ping_status":"closed","sticky":false,"template":"","format":"standard","meta":{"_ayudawp_aiss_exclude":false,"footnotes":"","_wpscppro_dont_share_socialmedia":false,"_wpscppro_custom_social_share_image":0,"_facebook_share_type":"default","_twitter_share_type":"default","_linkedin_share_type":"default","_pinterest_share_type":"default","_linkedin_share_type_page":"default","_instagram_share_type":"default","_medium_share_type":"default","_threads_share_type":"default","_google_business_share_type":"default","_selected_social_profile":[],"_wpsp_enable_custom_social_template":false,"_wpsp_social_scheduling":{"enabled":false,"datetime":null,"platforms":[],"status":"template_only","dateOption":"today","timeOption":"now","customDays":"","customHours":"","customDate":"","customTime":"","schedulingType":"absolute"},"_wpsp_active_default_template":true},"categories":[1],"tags":[],"class_list":["post-507","post","type-post","status-publish","format-standard","has-post-thumbnail","hentry","category-uncategorized"],"yoast_head":"<!-- This site is optimized with the Yoast SEO Premium plugin v27.3 (Yoast SEO v27.5) - https:\/\/yoast.com\/product\/yoast-seo-premium-wordpress\/ -->\n<title>A Janela Vazia - Consolar.org<\/title>\n<meta name=\"robots\" content=\"index, follow, max-snippet:-1, max-image-preview:large, max-video-preview:-1\" \/>\n<link rel=\"canonical\" href=\"https:\/\/consolar.org\/?p=507\" \/>\n<meta property=\"og:locale\" content=\"pt_BR\" \/>\n<meta property=\"og:type\" content=\"article\" \/>\n<meta property=\"og:title\" content=\"A Janela Vazia\" \/>\n<meta property=\"og:description\" content=\"&#8220;Porque Ele tem dito: De maneira alguma te deixarei, nunca jamais te abandonarei&#8221; (Hebreus 13.5b). Acontecia todos os dias. Sempre que eu sa\u00eda de casa para a escola minha m\u00e3e ficava na janela do apartamento a me acenar. Eu respondia tamb\u00e9m com acenos at\u00e9 n\u00e3o v\u00ea-la mais ou at\u00e9 o \u00f4nibus que eu pegava passar. &hellip; Continue lendo&hellip; &rarr;\" \/>\n<meta property=\"og:url\" content=\"https:\/\/consolar.org\/?p=507\" \/>\n<meta property=\"og:site_name\" content=\"Consolar.org\" \/>\n<meta property=\"article:publisher\" content=\"https:\/\/www.facebook.com\/consolar\" \/>\n<meta property=\"article:published_time\" content=\"2010-01-27T03:00:00+00:00\" \/>\n<meta property=\"article:modified_time\" content=\"2026-03-27T15:06:02+00:00\" \/>\n<meta property=\"og:image\" content=\"https:\/\/consolar.org\/wp-content\/uploads\/2010\/01\/janelavaziapubl.jpg\" \/>\n\t<meta property=\"og:image:width\" content=\"1201\" \/>\n\t<meta property=\"og:image:height\" content=\"550\" \/>\n\t<meta property=\"og:image:type\" content=\"image\/jpeg\" \/>\n<meta name=\"author\" content=\"Luiz Guilherme de Freitas\" \/>\n<meta name=\"twitter:card\" content=\"summary_large_image\" \/>\n<meta name=\"twitter:label1\" content=\"Escrito por\" \/>\n\t<meta name=\"twitter:data1\" content=\"Luiz Guilherme de Freitas\" \/>\n\t<meta name=\"twitter:label2\" content=\"Est. tempo de leitura\" \/>\n\t<meta name=\"twitter:data2\" content=\"3 minutos\" \/>\n<script type=\"application\/ld+json\" class=\"yoast-schema-graph\">{\"@context\":\"https:\\\/\\\/schema.org\",\"@graph\":[{\"@type\":\"Article\",\"@id\":\"https:\\\/\\\/consolar.org\\\/?p=507#article\",\"isPartOf\":{\"@id\":\"https:\\\/\\\/consolar.org\\\/?p=507\"},\"author\":{\"name\":\"Luiz Guilherme de Freitas\",\"@id\":\"https:\\\/\\\/consolar.org\\\/#\\\/schema\\\/person\\\/635d5bf6efb86fc008d03ec2c072c083\"},\"headline\":\"A Janela Vazia\",\"datePublished\":\"2010-01-27T03:00:00+00:00\",\"dateModified\":\"2026-03-27T15:06:02+00:00\",\"mainEntityOfPage\":{\"@id\":\"https:\\\/\\\/consolar.org\\\/?p=507\"},\"wordCount\":544,\"publisher\":{\"@id\":\"https:\\\/\\\/consolar.org\\\/#organization\"},\"image\":{\"@id\":\"https:\\\/\\\/consolar.org\\\/?p=507#primaryimage\"},\"thumbnailUrl\":\"https:\\\/\\\/consolar.org\\\/wp-content\\\/uploads\\\/2010\\\/01\\\/janelavaziapubl.jpg\",\"articleSection\":[\"Uncategorized\"],\"inLanguage\":\"pt-BR\"},{\"@type\":\"WebPage\",\"@id\":\"https:\\\/\\\/consolar.org\\\/?p=507\",\"url\":\"https:\\\/\\\/consolar.org\\\/?p=507\",\"name\":\"A Janela Vazia - Consolar.org\",\"isPartOf\":{\"@id\":\"https:\\\/\\\/consolar.org\\\/#website\"},\"primaryImageOfPage\":{\"@id\":\"https:\\\/\\\/consolar.org\\\/?p=507#primaryimage\"},\"image\":{\"@id\":\"https:\\\/\\\/consolar.org\\\/?p=507#primaryimage\"},\"thumbnailUrl\":\"https:\\\/\\\/consolar.org\\\/wp-content\\\/uploads\\\/2010\\\/01\\\/janelavaziapubl.jpg\",\"datePublished\":\"2010-01-27T03:00:00+00:00\",\"dateModified\":\"2026-03-27T15:06:02+00:00\",\"breadcrumb\":{\"@id\":\"https:\\\/\\\/consolar.org\\\/?p=507#breadcrumb\"},\"inLanguage\":\"pt-BR\",\"potentialAction\":[{\"@type\":\"ReadAction\",\"target\":[\"https:\\\/\\\/consolar.org\\\/?p=507\"]}]},{\"@type\":\"ImageObject\",\"inLanguage\":\"pt-BR\",\"@id\":\"https:\\\/\\\/consolar.org\\\/?p=507#primaryimage\",\"url\":\"https:\\\/\\\/consolar.org\\\/wp-content\\\/uploads\\\/2010\\\/01\\\/janelavaziapubl.jpg\",\"contentUrl\":\"https:\\\/\\\/consolar.org\\\/wp-content\\\/uploads\\\/2010\\\/01\\\/janelavaziapubl.jpg\",\"width\":1201,\"height\":550},{\"@type\":\"BreadcrumbList\",\"@id\":\"https:\\\/\\\/consolar.org\\\/?p=507#breadcrumb\",\"itemListElement\":[{\"@type\":\"ListItem\",\"position\":1,\"name\":\"In\u00edcio\",\"item\":\"https:\\\/\\\/consolar.org\\\/\"},{\"@type\":\"ListItem\",\"position\":2,\"name\":\"A Janela Vazia\"}]},{\"@type\":\"WebSite\",\"@id\":\"https:\\\/\\\/consolar.org\\\/#website\",\"url\":\"https:\\\/\\\/consolar.org\\\/\",\"name\":\"Consolar.org\",\"description\":\"Mensagens de conforto e esperan\u00e7a para cora\u00e7\u00f5es que precisam de paz.\",\"publisher\":{\"@id\":\"https:\\\/\\\/consolar.org\\\/#organization\"},\"potentialAction\":[{\"@type\":\"SearchAction\",\"target\":{\"@type\":\"EntryPoint\",\"urlTemplate\":\"https:\\\/\\\/consolar.org\\\/?s={search_term_string}\"},\"query-input\":{\"@type\":\"PropertyValueSpecification\",\"valueRequired\":true,\"valueName\":\"search_term_string\"}}],\"inLanguage\":\"pt-BR\"},{\"@type\":\"Organization\",\"@id\":\"https:\\\/\\\/consolar.org\\\/#organization\",\"name\":\"Consolar.org\",\"url\":\"https:\\\/\\\/consolar.org\\\/\",\"logo\":{\"@type\":\"ImageObject\",\"inLanguage\":\"pt-BR\",\"@id\":\"https:\\\/\\\/consolar.org\\\/#\\\/schema\\\/logo\\\/image\\\/\",\"url\":\"https:\\\/\\\/consolar.org\\\/wp-content\\\/uploads\\\/2026\\\/02\\\/cropped-logonovo03-small.png\",\"contentUrl\":\"https:\\\/\\\/consolar.org\\\/wp-content\\\/uploads\\\/2026\\\/02\\\/cropped-logonovo03-small.png\",\"width\":280,\"height\":142,\"caption\":\"Consolar.org\"},\"image\":{\"@id\":\"https:\\\/\\\/consolar.org\\\/#\\\/schema\\\/logo\\\/image\\\/\"},\"sameAs\":[\"https:\\\/\\\/www.facebook.com\\\/consolar\"]},{\"@type\":\"Person\",\"@id\":\"https:\\\/\\\/consolar.org\\\/#\\\/schema\\\/person\\\/635d5bf6efb86fc008d03ec2c072c083\",\"name\":\"Luiz Guilherme de Freitas\",\"image\":{\"@type\":\"ImageObject\",\"inLanguage\":\"pt-BR\",\"@id\":\"https:\\\/\\\/secure.gravatar.com\\\/avatar\\\/fdd778759b54be5a08169f902f9b2202d04b69d9f2277951a3b2cb5995d3380c?s=96&d=blank&r=g\",\"url\":\"https:\\\/\\\/secure.gravatar.com\\\/avatar\\\/fdd778759b54be5a08169f902f9b2202d04b69d9f2277951a3b2cb5995d3380c?s=96&d=blank&r=g\",\"contentUrl\":\"https:\\\/\\\/secure.gravatar.com\\\/avatar\\\/fdd778759b54be5a08169f902f9b2202d04b69d9f2277951a3b2cb5995d3380c?s=96&d=blank&r=g\",\"caption\":\"Luiz Guilherme de Freitas\"},\"description\":\"Ipsum Lorem\",\"url\":\"https:\\\/\\\/consolar.org\\\/?author=3\"}]}<\/script>\n<!-- \/ Yoast SEO Premium plugin. -->","yoast_head_json":{"title":"A Janela Vazia - Consolar.org","robots":{"index":"index","follow":"follow","max-snippet":"max-snippet:-1","max-image-preview":"max-image-preview:large","max-video-preview":"max-video-preview:-1"},"canonical":"https:\/\/consolar.org\/?p=507","og_locale":"pt_BR","og_type":"article","og_title":"A Janela Vazia","og_description":"&#8220;Porque Ele tem dito: De maneira alguma te deixarei, nunca jamais te abandonarei&#8221; (Hebreus 13.5b). Acontecia todos os dias. Sempre que eu sa\u00eda de casa para a escola minha m\u00e3e ficava na janela do apartamento a me acenar. Eu respondia tamb\u00e9m com acenos at\u00e9 n\u00e3o v\u00ea-la mais ou at\u00e9 o \u00f4nibus que eu pegava passar. &hellip; Continue lendo&hellip; &rarr;","og_url":"https:\/\/consolar.org\/?p=507","og_site_name":"Consolar.org","article_publisher":"https:\/\/www.facebook.com\/consolar","article_published_time":"2010-01-27T03:00:00+00:00","article_modified_time":"2026-03-27T15:06:02+00:00","og_image":[{"width":1201,"height":550,"url":"https:\/\/consolar.org\/wp-content\/uploads\/2010\/01\/janelavaziapubl.jpg","type":"image\/jpeg"}],"author":"Luiz Guilherme de Freitas","twitter_card":"summary_large_image","twitter_misc":{"Escrito por":"Luiz Guilherme de Freitas","Est. tempo de leitura":"3 minutos"},"schema":{"@context":"https:\/\/schema.org","@graph":[{"@type":"Article","@id":"https:\/\/consolar.org\/?p=507#article","isPartOf":{"@id":"https:\/\/consolar.org\/?p=507"},"author":{"name":"Luiz Guilherme de Freitas","@id":"https:\/\/consolar.org\/#\/schema\/person\/635d5bf6efb86fc008d03ec2c072c083"},"headline":"A Janela Vazia","datePublished":"2010-01-27T03:00:00+00:00","dateModified":"2026-03-27T15:06:02+00:00","mainEntityOfPage":{"@id":"https:\/\/consolar.org\/?p=507"},"wordCount":544,"publisher":{"@id":"https:\/\/consolar.org\/#organization"},"image":{"@id":"https:\/\/consolar.org\/?p=507#primaryimage"},"thumbnailUrl":"https:\/\/consolar.org\/wp-content\/uploads\/2010\/01\/janelavaziapubl.jpg","articleSection":["Uncategorized"],"inLanguage":"pt-BR"},{"@type":"WebPage","@id":"https:\/\/consolar.org\/?p=507","url":"https:\/\/consolar.org\/?p=507","name":"A Janela Vazia - Consolar.org","isPartOf":{"@id":"https:\/\/consolar.org\/#website"},"primaryImageOfPage":{"@id":"https:\/\/consolar.org\/?p=507#primaryimage"},"image":{"@id":"https:\/\/consolar.org\/?p=507#primaryimage"},"thumbnailUrl":"https:\/\/consolar.org\/wp-content\/uploads\/2010\/01\/janelavaziapubl.jpg","datePublished":"2010-01-27T03:00:00+00:00","dateModified":"2026-03-27T15:06:02+00:00","breadcrumb":{"@id":"https:\/\/consolar.org\/?p=507#breadcrumb"},"inLanguage":"pt-BR","potentialAction":[{"@type":"ReadAction","target":["https:\/\/consolar.org\/?p=507"]}]},{"@type":"ImageObject","inLanguage":"pt-BR","@id":"https:\/\/consolar.org\/?p=507#primaryimage","url":"https:\/\/consolar.org\/wp-content\/uploads\/2010\/01\/janelavaziapubl.jpg","contentUrl":"https:\/\/consolar.org\/wp-content\/uploads\/2010\/01\/janelavaziapubl.jpg","width":1201,"height":550},{"@type":"BreadcrumbList","@id":"https:\/\/consolar.org\/?p=507#breadcrumb","itemListElement":[{"@type":"ListItem","position":1,"name":"In\u00edcio","item":"https:\/\/consolar.org\/"},{"@type":"ListItem","position":2,"name":"A Janela Vazia"}]},{"@type":"WebSite","@id":"https:\/\/consolar.org\/#website","url":"https:\/\/consolar.org\/","name":"Consolar.org","description":"Mensagens de conforto e esperan\u00e7a para cora\u00e7\u00f5es que precisam de paz.","publisher":{"@id":"https:\/\/consolar.org\/#organization"},"potentialAction":[{"@type":"SearchAction","target":{"@type":"EntryPoint","urlTemplate":"https:\/\/consolar.org\/?s={search_term_string}"},"query-input":{"@type":"PropertyValueSpecification","valueRequired":true,"valueName":"search_term_string"}}],"inLanguage":"pt-BR"},{"@type":"Organization","@id":"https:\/\/consolar.org\/#organization","name":"Consolar.org","url":"https:\/\/consolar.org\/","logo":{"@type":"ImageObject","inLanguage":"pt-BR","@id":"https:\/\/consolar.org\/#\/schema\/logo\/image\/","url":"https:\/\/consolar.org\/wp-content\/uploads\/2026\/02\/cropped-logonovo03-small.png","contentUrl":"https:\/\/consolar.org\/wp-content\/uploads\/2026\/02\/cropped-logonovo03-small.png","width":280,"height":142,"caption":"Consolar.org"},"image":{"@id":"https:\/\/consolar.org\/#\/schema\/logo\/image\/"},"sameAs":["https:\/\/www.facebook.com\/consolar"]},{"@type":"Person","@id":"https:\/\/consolar.org\/#\/schema\/person\/635d5bf6efb86fc008d03ec2c072c083","name":"Luiz Guilherme de Freitas","image":{"@type":"ImageObject","inLanguage":"pt-BR","@id":"https:\/\/secure.gravatar.com\/avatar\/fdd778759b54be5a08169f902f9b2202d04b69d9f2277951a3b2cb5995d3380c?s=96&d=blank&r=g","url":"https:\/\/secure.gravatar.com\/avatar\/fdd778759b54be5a08169f902f9b2202d04b69d9f2277951a3b2cb5995d3380c?s=96&d=blank&r=g","contentUrl":"https:\/\/secure.gravatar.com\/avatar\/fdd778759b54be5a08169f902f9b2202d04b69d9f2277951a3b2cb5995d3380c?s=96&d=blank&r=g","caption":"Luiz Guilherme de Freitas"},"description":"Ipsum Lorem","url":"https:\/\/consolar.org\/?author=3"}]}},"_links":{"self":[{"href":"https:\/\/consolar.org\/index.php?rest_route=\/wp\/v2\/posts\/507","targetHints":{"allow":["GET"]}}],"collection":[{"href":"https:\/\/consolar.org\/index.php?rest_route=\/wp\/v2\/posts"}],"about":[{"href":"https:\/\/consolar.org\/index.php?rest_route=\/wp\/v2\/types\/post"}],"author":[{"embeddable":true,"href":"https:\/\/consolar.org\/index.php?rest_route=\/wp\/v2\/users\/3"}],"replies":[{"embeddable":true,"href":"https:\/\/consolar.org\/index.php?rest_route=%2Fwp%2Fv2%2Fcomments&post=507"}],"version-history":[{"count":1,"href":"https:\/\/consolar.org\/index.php?rest_route=\/wp\/v2\/posts\/507\/revisions"}],"predecessor-version":[{"id":1276,"href":"https:\/\/consolar.org\/index.php?rest_route=\/wp\/v2\/posts\/507\/revisions\/1276"}],"wp:featuredmedia":[{"embeddable":true,"href":"https:\/\/consolar.org\/index.php?rest_route=\/wp\/v2\/media\/1274"}],"wp:attachment":[{"href":"https:\/\/consolar.org\/index.php?rest_route=%2Fwp%2Fv2%2Fmedia&parent=507"}],"wp:term":[{"taxonomy":"category","embeddable":true,"href":"https:\/\/consolar.org\/index.php?rest_route=%2Fwp%2Fv2%2Fcategories&post=507"},{"taxonomy":"post_tag","embeddable":true,"href":"https:\/\/consolar.org\/index.php?rest_route=%2Fwp%2Fv2%2Ftags&post=507"}],"curies":[{"name":"wp","href":"https:\/\/api.w.org\/{rel}","templated":true}]}}