{"id":506,"date":"2012-10-31T00:00:00","date_gmt":"2012-10-31T03:00:00","guid":{"rendered":"https:\/\/consolar.org\/2012\/10\/31\/a-jabuticabeira\/"},"modified":"2026-02-26T13:34:25","modified_gmt":"2026-02-26T16:34:25","slug":"a-jabuticabeira","status":"publish","type":"post","link":"https:\/\/consolar.org\/?p=506","title":{"rendered":"A Jabuticabeira"},"content":{"rendered":"\n<figure class=\"wp-block-image size-large\"><img loading=\"lazy\" decoding=\"async\" width=\"1024\" height=\"452\" src=\"https:\/\/consolar.org\/wp-content\/uploads\/2012\/10\/Jabuticabeira-1024x452.jpg\" alt=\"\" class=\"wp-image-1073\" srcset=\"https:\/\/consolar.org\/wp-content\/uploads\/2012\/10\/Jabuticabeira-1024x452.jpg 1024w, https:\/\/consolar.org\/wp-content\/uploads\/2012\/10\/Jabuticabeira-300x133.jpg 300w, https:\/\/consolar.org\/wp-content\/uploads\/2012\/10\/Jabuticabeira-768x339.jpg 768w, https:\/\/consolar.org\/wp-content\/uploads\/2012\/10\/Jabuticabeira.jpg 1200w\" sizes=\"auto, (max-width: 1024px) 100vw, 1024px\" \/><\/figure>\n\n\n\n<p class=\"has-text-align-center\"><em>&#8220;Pelos seus frutos os conhecereis&#8221; (Mat 7:16)<\/em><\/p>\n\n\n\n<p class=\"has-text-align-center\"> <em>&#8220;Ou fazei a \u00e1rvore boa e o seu fruto bom, ou a \u00e1rvore m\u00e1 e o seu fruto mau; <br>porque pelo fruto se conhece a \u00e1rvore&#8221; (Mat. 12:33)<\/em>. <\/p>\n\n\n\n<p>Assumimos uma nova casa para Miss\u00e3o Batista em Piabet\u00e1 da Igreja Batista Zona Norte na semana passada. L\u00e1 encontramos uma linda jabuticabeira, repleta de jabuticabas. N\u00e3o poderia l\u00e1 encontrar outra fruta. Quando crian\u00e7a em Recife n\u00e3o me lembrava de ter visto jabuticabeiras. Somente as conhecia de assistir Pedrinho e Narizinho no Sitio do Pica-pau Amarelo. Eles se deliciavam no p\u00e9 de jabuticaba. Ao chegar ao Rio de Janeiro procurei logo conhecer a Jabuticaba. Meu vizinho, na \u00e9poca, tinha uma. Conheci a jabuticabeira por causa da jabuticaba.<\/p>\n\n\n\n<p>Pelos frutos n\u00f3s seremos conhecidos por Deus. N\u00e3o \u00e9 por aquilo que dizemos. Mas, pelos frutos, o que torna imposs\u00edvel enganar a Deus. Uma Jaca s\u00f3 pode dar jaca; n\u00e3o espere dela mel\u00e3o. No interior de S\u00e3o Paulo vi um bocado de maracuj\u00e1s ca\u00eddos embaixo de uma mangueira. Descobri que um grande p\u00e9 de Maracuj\u00e1 cobria a copa da grande mangueira, quase a sufocando. Parecia que a mangueira dava maracuj\u00e1, mas n\u00e3o era milagre. Era o maracujazeiro dando seu fruto, mesmo no alto da mangueira. <\/p>\n\n\n\n<p>Voc\u00ea e eu temos que decidir quais frutos n\u00f3s daremos. Se voc\u00ea perdeu algo ou algu\u00e9m muito importante seus frutos podem ser tristeza, rancor, \u00f3dio, depress\u00e3o, isolamento, choro e muitos outros. Por\u00e9m, podem ser tamb\u00e9m esperan\u00e7a, f\u00e9, paz, crescimento, edifica\u00e7\u00e3o, amor e muitos outros. Se voc\u00ea perdeu a sa\u00fade, seus frutos podem ser desesperan\u00e7a, derrota, medo, injusti\u00e7a, choro e outros; ou podem ser esperan\u00e7a, gra\u00e7a, amor, confian\u00e7a. Certeza, alegria e outros. Quais na pr\u00e1tica ser\u00e3o seus frutos neste momento de dor? <\/p>\n\n\n\n<p>Lembre-se que as a\u00e7\u00f5es valem mais do que as palavras. Por isso pe\u00e7o e oro por ti para que d\u00eas frutos que agradem e glorifiquem a Deus, mesmo no deserto, mesmo que a figueira n\u00e3o flores\u00e7a. Seu fruto hoje pode ser: Restaura\u00e7\u00e3o. Deus te ajude a te fazer \u00e1rvore frut\u00edfera. Viva na Videira que \u00e9 Jesus Cristo &#8211; &#8220;Eu sou a videira verdadeira e meu Pai \u00e9 o agricultor. Toda vara em mim que n\u00e3o d\u00e1 fruto, a tira; e limpa toda aquela que d\u00e1 fruto, para que d\u00ea mais frutos&#8221; Jo\u00e3o 15.1-2. <\/p>\n\n\n\n<p>Ora\u00e7\u00e3o: Serei em seu jardim uma \u00e1rvore que te agrada Senhor. Darei frutos mesmo na fraqueza, no inverno nebuloso ou no ver\u00e3o escaldante, no vale dos ossos secos ou na mais profunda das pris\u00f5es, ainda que a figueira n\u00e3o flores\u00e7a e que n\u00e3o haja frutos na vide, mesmo que a oliveira minta, e os campos n\u00e3o produzam, todavia eu me alegrarei no Senhor e exultarei o teu nome, pois me levantaste, me restauraste, me salvaste. Obrigado Pai. Eu darei bons frutos.<\/p>\n","protected":false},"excerpt":{"rendered":"<p>&#8220;Pelos seus frutos os conhecereis&#8221; (Mat 7:16) &#8220;Ou fazei a \u00e1rvore boa e o seu fruto bom, ou a \u00e1rvore m\u00e1 e o seu fruto mau; porque pelo fruto se conhece a \u00e1rvore&#8221; (Mat. 12:33). Assumimos uma nova casa para Miss\u00e3o Batista em Piabet\u00e1 da Igreja Batista Zona Norte na semana passada. L\u00e1 encontramos uma <a class=\"more-link\" href=\"https:\/\/consolar.org\/?p=506\">&hellip; Continue lendo&hellip; &rarr;<\/a><\/p>\n","protected":false},"author":2,"featured_media":1073,"comment_status":"closed","ping_status":"closed","sticky":false,"template":"","format":"standard","meta":{"_ayudawp_aiss_exclude":false,"footnotes":"","_wpscppro_dont_share_socialmedia":false,"_wpscppro_custom_social_share_image":0,"_facebook_share_type":"","_twitter_share_type":"","_linkedin_share_type":"","_pinterest_share_type":"","_linkedin_share_type_page":"","_instagram_share_type":"","_medium_share_type":"","_threads_share_type":"","_google_business_share_type":"","_selected_social_profile":[],"_wpsp_enable_custom_social_template":false,"_wpsp_social_scheduling":{"enabled":false,"datetime":null,"platforms":[],"status":"template_only","dateOption":"today","timeOption":"now","customDays":"","customHours":"","customDate":"","customTime":"","schedulingType":"absolute"},"_wpsp_active_default_template":true},"categories":[1],"tags":[],"class_list":["post-506","post","type-post","status-publish","format-standard","has-post-thumbnail","hentry","category-uncategorized"],"yoast_head":"<!-- This site is optimized with the Yoast SEO Premium plugin v27.3 (Yoast SEO v27.5) - https:\/\/yoast.com\/product\/yoast-seo-premium-wordpress\/ -->\n<title>A Jabuticabeira - Consolar.org<\/title>\n<meta name=\"robots\" content=\"index, follow, max-snippet:-1, max-image-preview:large, max-video-preview:-1\" \/>\n<link rel=\"canonical\" href=\"https:\/\/consolar.org\/?p=506\" \/>\n<meta property=\"og:locale\" content=\"pt_BR\" \/>\n<meta property=\"og:type\" content=\"article\" \/>\n<meta property=\"og:title\" content=\"A Jabuticabeira\" \/>\n<meta property=\"og:description\" content=\"&#8220;Pelos seus frutos os conhecereis&#8221; (Mat 7:16) &#8220;Ou fazei a \u00e1rvore boa e o seu fruto bom, ou a \u00e1rvore m\u00e1 e o seu fruto mau; porque pelo fruto se conhece a \u00e1rvore&#8221; (Mat. 12:33). Assumimos uma nova casa para Miss\u00e3o Batista em Piabet\u00e1 da Igreja Batista Zona Norte na semana passada. L\u00e1 encontramos uma &hellip; Continue lendo&hellip; &rarr;\" \/>\n<meta property=\"og:url\" content=\"https:\/\/consolar.org\/?p=506\" \/>\n<meta property=\"og:site_name\" content=\"Consolar.org\" \/>\n<meta property=\"article:publisher\" content=\"https:\/\/www.facebook.com\/consolar\" \/>\n<meta property=\"article:published_time\" content=\"2012-10-31T03:00:00+00:00\" \/>\n<meta property=\"article:modified_time\" content=\"2026-02-26T16:34:25+00:00\" \/>\n<meta property=\"og:image\" content=\"https:\/\/consolar.org\/wp-content\/uploads\/2012\/10\/Jabuticabeira.jpg\" \/>\n\t<meta property=\"og:image:width\" content=\"1200\" \/>\n\t<meta property=\"og:image:height\" content=\"530\" \/>\n\t<meta property=\"og:image:type\" content=\"image\/jpeg\" \/>\n<meta name=\"author\" content=\"Pr Luiz Rubem de Freitas\" \/>\n<meta name=\"twitter:card\" content=\"summary_large_image\" \/>\n<meta name=\"twitter:label1\" content=\"Escrito por\" \/>\n\t<meta name=\"twitter:data1\" content=\"Pr Luiz Rubem de Freitas\" \/>\n\t<meta name=\"twitter:label2\" content=\"Est. tempo de leitura\" \/>\n\t<meta name=\"twitter:data2\" content=\"3 minutos\" \/>\n<script type=\"application\/ld+json\" class=\"yoast-schema-graph\">{\"@context\":\"https:\\\/\\\/schema.org\",\"@graph\":[{\"@type\":\"Article\",\"@id\":\"https:\\\/\\\/consolar.org\\\/?p=506#article\",\"isPartOf\":{\"@id\":\"https:\\\/\\\/consolar.org\\\/?p=506\"},\"author\":{\"name\":\"Pr Luiz Rubem de Freitas\",\"@id\":\"https:\\\/\\\/consolar.org\\\/#\\\/schema\\\/person\\\/7b36e38187f2475e58065af654682d5d\"},\"headline\":\"A Jabuticabeira\",\"datePublished\":\"2012-10-31T03:00:00+00:00\",\"dateModified\":\"2026-02-26T16:34:25+00:00\",\"mainEntityOfPage\":{\"@id\":\"https:\\\/\\\/consolar.org\\\/?p=506\"},\"wordCount\":502,\"publisher\":{\"@id\":\"https:\\\/\\\/consolar.org\\\/#organization\"},\"image\":{\"@id\":\"https:\\\/\\\/consolar.org\\\/?p=506#primaryimage\"},\"thumbnailUrl\":\"https:\\\/\\\/consolar.org\\\/wp-content\\\/uploads\\\/2012\\\/10\\\/Jabuticabeira.jpg\",\"articleSection\":[\"Uncategorized\"],\"inLanguage\":\"pt-BR\"},{\"@type\":\"WebPage\",\"@id\":\"https:\\\/\\\/consolar.org\\\/?p=506\",\"url\":\"https:\\\/\\\/consolar.org\\\/?p=506\",\"name\":\"A Jabuticabeira - Consolar.org\",\"isPartOf\":{\"@id\":\"https:\\\/\\\/consolar.org\\\/#website\"},\"primaryImageOfPage\":{\"@id\":\"https:\\\/\\\/consolar.org\\\/?p=506#primaryimage\"},\"image\":{\"@id\":\"https:\\\/\\\/consolar.org\\\/?p=506#primaryimage\"},\"thumbnailUrl\":\"https:\\\/\\\/consolar.org\\\/wp-content\\\/uploads\\\/2012\\\/10\\\/Jabuticabeira.jpg\",\"datePublished\":\"2012-10-31T03:00:00+00:00\",\"dateModified\":\"2026-02-26T16:34:25+00:00\",\"breadcrumb\":{\"@id\":\"https:\\\/\\\/consolar.org\\\/?p=506#breadcrumb\"},\"inLanguage\":\"pt-BR\",\"potentialAction\":[{\"@type\":\"ReadAction\",\"target\":[\"https:\\\/\\\/consolar.org\\\/?p=506\"]}]},{\"@type\":\"ImageObject\",\"inLanguage\":\"pt-BR\",\"@id\":\"https:\\\/\\\/consolar.org\\\/?p=506#primaryimage\",\"url\":\"https:\\\/\\\/consolar.org\\\/wp-content\\\/uploads\\\/2012\\\/10\\\/Jabuticabeira.jpg\",\"contentUrl\":\"https:\\\/\\\/consolar.org\\\/wp-content\\\/uploads\\\/2012\\\/10\\\/Jabuticabeira.jpg\",\"width\":1200,\"height\":530},{\"@type\":\"BreadcrumbList\",\"@id\":\"https:\\\/\\\/consolar.org\\\/?p=506#breadcrumb\",\"itemListElement\":[{\"@type\":\"ListItem\",\"position\":1,\"name\":\"In\u00edcio\",\"item\":\"https:\\\/\\\/consolar.org\\\/\"},{\"@type\":\"ListItem\",\"position\":2,\"name\":\"A Jabuticabeira\"}]},{\"@type\":\"WebSite\",\"@id\":\"https:\\\/\\\/consolar.org\\\/#website\",\"url\":\"https:\\\/\\\/consolar.org\\\/\",\"name\":\"Consolar.org\",\"description\":\"Mensagens de conforto e esperan\u00e7a para cora\u00e7\u00f5es que precisam de paz.\",\"publisher\":{\"@id\":\"https:\\\/\\\/consolar.org\\\/#organization\"},\"potentialAction\":[{\"@type\":\"SearchAction\",\"target\":{\"@type\":\"EntryPoint\",\"urlTemplate\":\"https:\\\/\\\/consolar.org\\\/?s={search_term_string}\"},\"query-input\":{\"@type\":\"PropertyValueSpecification\",\"valueRequired\":true,\"valueName\":\"search_term_string\"}}],\"inLanguage\":\"pt-BR\"},{\"@type\":\"Organization\",\"@id\":\"https:\\\/\\\/consolar.org\\\/#organization\",\"name\":\"Consolar.org\",\"url\":\"https:\\\/\\\/consolar.org\\\/\",\"logo\":{\"@type\":\"ImageObject\",\"inLanguage\":\"pt-BR\",\"@id\":\"https:\\\/\\\/consolar.org\\\/#\\\/schema\\\/logo\\\/image\\\/\",\"url\":\"https:\\\/\\\/consolar.org\\\/wp-content\\\/uploads\\\/2026\\\/02\\\/cropped-logonovo03-small.png\",\"contentUrl\":\"https:\\\/\\\/consolar.org\\\/wp-content\\\/uploads\\\/2026\\\/02\\\/cropped-logonovo03-small.png\",\"width\":280,\"height\":142,\"caption\":\"Consolar.org\"},\"image\":{\"@id\":\"https:\\\/\\\/consolar.org\\\/#\\\/schema\\\/logo\\\/image\\\/\"},\"sameAs\":[\"https:\\\/\\\/www.facebook.com\\\/consolar\"]},{\"@type\":\"Person\",\"@id\":\"https:\\\/\\\/consolar.org\\\/#\\\/schema\\\/person\\\/7b36e38187f2475e58065af654682d5d\",\"name\":\"Pr Luiz Rubem de Freitas\",\"image\":{\"@type\":\"ImageObject\",\"inLanguage\":\"pt-BR\",\"@id\":\"https:\\\/\\\/secure.gravatar.com\\\/avatar\\\/fd59dc00fc4178aa1e085bf491d394e3f72afcd9b1944348dfcec2bbecdc5761?s=96&d=blank&r=g\",\"url\":\"https:\\\/\\\/secure.gravatar.com\\\/avatar\\\/fd59dc00fc4178aa1e085bf491d394e3f72afcd9b1944348dfcec2bbecdc5761?s=96&d=blank&r=g\",\"contentUrl\":\"https:\\\/\\\/secure.gravatar.com\\\/avatar\\\/fd59dc00fc4178aa1e085bf491d394e3f72afcd9b1944348dfcec2bbecdc5761?s=96&d=blank&r=g\",\"caption\":\"Pr Luiz Rubem de Freitas\"},\"url\":\"https:\\\/\\\/consolar.org\\\/?author=2\"}]}<\/script>\n<!-- \/ Yoast SEO Premium plugin. -->","yoast_head_json":{"title":"A Jabuticabeira - Consolar.org","robots":{"index":"index","follow":"follow","max-snippet":"max-snippet:-1","max-image-preview":"max-image-preview:large","max-video-preview":"max-video-preview:-1"},"canonical":"https:\/\/consolar.org\/?p=506","og_locale":"pt_BR","og_type":"article","og_title":"A Jabuticabeira","og_description":"&#8220;Pelos seus frutos os conhecereis&#8221; (Mat 7:16) &#8220;Ou fazei a \u00e1rvore boa e o seu fruto bom, ou a \u00e1rvore m\u00e1 e o seu fruto mau; porque pelo fruto se conhece a \u00e1rvore&#8221; (Mat. 12:33). Assumimos uma nova casa para Miss\u00e3o Batista em Piabet\u00e1 da Igreja Batista Zona Norte na semana passada. L\u00e1 encontramos uma &hellip; Continue lendo&hellip; &rarr;","og_url":"https:\/\/consolar.org\/?p=506","og_site_name":"Consolar.org","article_publisher":"https:\/\/www.facebook.com\/consolar","article_published_time":"2012-10-31T03:00:00+00:00","article_modified_time":"2026-02-26T16:34:25+00:00","og_image":[{"width":1200,"height":530,"url":"https:\/\/consolar.org\/wp-content\/uploads\/2012\/10\/Jabuticabeira.jpg","type":"image\/jpeg"}],"author":"Pr Luiz Rubem de Freitas","twitter_card":"summary_large_image","twitter_misc":{"Escrito por":"Pr Luiz Rubem de Freitas","Est. tempo de leitura":"3 minutos"},"schema":{"@context":"https:\/\/schema.org","@graph":[{"@type":"Article","@id":"https:\/\/consolar.org\/?p=506#article","isPartOf":{"@id":"https:\/\/consolar.org\/?p=506"},"author":{"name":"Pr Luiz Rubem de Freitas","@id":"https:\/\/consolar.org\/#\/schema\/person\/7b36e38187f2475e58065af654682d5d"},"headline":"A Jabuticabeira","datePublished":"2012-10-31T03:00:00+00:00","dateModified":"2026-02-26T16:34:25+00:00","mainEntityOfPage":{"@id":"https:\/\/consolar.org\/?p=506"},"wordCount":502,"publisher":{"@id":"https:\/\/consolar.org\/#organization"},"image":{"@id":"https:\/\/consolar.org\/?p=506#primaryimage"},"thumbnailUrl":"https:\/\/consolar.org\/wp-content\/uploads\/2012\/10\/Jabuticabeira.jpg","articleSection":["Uncategorized"],"inLanguage":"pt-BR"},{"@type":"WebPage","@id":"https:\/\/consolar.org\/?p=506","url":"https:\/\/consolar.org\/?p=506","name":"A Jabuticabeira - Consolar.org","isPartOf":{"@id":"https:\/\/consolar.org\/#website"},"primaryImageOfPage":{"@id":"https:\/\/consolar.org\/?p=506#primaryimage"},"image":{"@id":"https:\/\/consolar.org\/?p=506#primaryimage"},"thumbnailUrl":"https:\/\/consolar.org\/wp-content\/uploads\/2012\/10\/Jabuticabeira.jpg","datePublished":"2012-10-31T03:00:00+00:00","dateModified":"2026-02-26T16:34:25+00:00","breadcrumb":{"@id":"https:\/\/consolar.org\/?p=506#breadcrumb"},"inLanguage":"pt-BR","potentialAction":[{"@type":"ReadAction","target":["https:\/\/consolar.org\/?p=506"]}]},{"@type":"ImageObject","inLanguage":"pt-BR","@id":"https:\/\/consolar.org\/?p=506#primaryimage","url":"https:\/\/consolar.org\/wp-content\/uploads\/2012\/10\/Jabuticabeira.jpg","contentUrl":"https:\/\/consolar.org\/wp-content\/uploads\/2012\/10\/Jabuticabeira.jpg","width":1200,"height":530},{"@type":"BreadcrumbList","@id":"https:\/\/consolar.org\/?p=506#breadcrumb","itemListElement":[{"@type":"ListItem","position":1,"name":"In\u00edcio","item":"https:\/\/consolar.org\/"},{"@type":"ListItem","position":2,"name":"A Jabuticabeira"}]},{"@type":"WebSite","@id":"https:\/\/consolar.org\/#website","url":"https:\/\/consolar.org\/","name":"Consolar.org","description":"Mensagens de conforto e esperan\u00e7a para cora\u00e7\u00f5es que precisam de paz.","publisher":{"@id":"https:\/\/consolar.org\/#organization"},"potentialAction":[{"@type":"SearchAction","target":{"@type":"EntryPoint","urlTemplate":"https:\/\/consolar.org\/?s={search_term_string}"},"query-input":{"@type":"PropertyValueSpecification","valueRequired":true,"valueName":"search_term_string"}}],"inLanguage":"pt-BR"},{"@type":"Organization","@id":"https:\/\/consolar.org\/#organization","name":"Consolar.org","url":"https:\/\/consolar.org\/","logo":{"@type":"ImageObject","inLanguage":"pt-BR","@id":"https:\/\/consolar.org\/#\/schema\/logo\/image\/","url":"https:\/\/consolar.org\/wp-content\/uploads\/2026\/02\/cropped-logonovo03-small.png","contentUrl":"https:\/\/consolar.org\/wp-content\/uploads\/2026\/02\/cropped-logonovo03-small.png","width":280,"height":142,"caption":"Consolar.org"},"image":{"@id":"https:\/\/consolar.org\/#\/schema\/logo\/image\/"},"sameAs":["https:\/\/www.facebook.com\/consolar"]},{"@type":"Person","@id":"https:\/\/consolar.org\/#\/schema\/person\/7b36e38187f2475e58065af654682d5d","name":"Pr Luiz Rubem de Freitas","image":{"@type":"ImageObject","inLanguage":"pt-BR","@id":"https:\/\/secure.gravatar.com\/avatar\/fd59dc00fc4178aa1e085bf491d394e3f72afcd9b1944348dfcec2bbecdc5761?s=96&d=blank&r=g","url":"https:\/\/secure.gravatar.com\/avatar\/fd59dc00fc4178aa1e085bf491d394e3f72afcd9b1944348dfcec2bbecdc5761?s=96&d=blank&r=g","contentUrl":"https:\/\/secure.gravatar.com\/avatar\/fd59dc00fc4178aa1e085bf491d394e3f72afcd9b1944348dfcec2bbecdc5761?s=96&d=blank&r=g","caption":"Pr Luiz Rubem de Freitas"},"url":"https:\/\/consolar.org\/?author=2"}]}},"_links":{"self":[{"href":"https:\/\/consolar.org\/index.php?rest_route=\/wp\/v2\/posts\/506","targetHints":{"allow":["GET"]}}],"collection":[{"href":"https:\/\/consolar.org\/index.php?rest_route=\/wp\/v2\/posts"}],"about":[{"href":"https:\/\/consolar.org\/index.php?rest_route=\/wp\/v2\/types\/post"}],"author":[{"embeddable":true,"href":"https:\/\/consolar.org\/index.php?rest_route=\/wp\/v2\/users\/2"}],"replies":[{"embeddable":true,"href":"https:\/\/consolar.org\/index.php?rest_route=%2Fwp%2Fv2%2Fcomments&post=506"}],"version-history":[{"count":0,"href":"https:\/\/consolar.org\/index.php?rest_route=\/wp\/v2\/posts\/506\/revisions"}],"wp:featuredmedia":[{"embeddable":true,"href":"https:\/\/consolar.org\/index.php?rest_route=\/wp\/v2\/media\/1073"}],"wp:attachment":[{"href":"https:\/\/consolar.org\/index.php?rest_route=%2Fwp%2Fv2%2Fmedia&parent=506"}],"wp:term":[{"taxonomy":"category","embeddable":true,"href":"https:\/\/consolar.org\/index.php?rest_route=%2Fwp%2Fv2%2Fcategories&post=506"},{"taxonomy":"post_tag","embeddable":true,"href":"https:\/\/consolar.org\/index.php?rest_route=%2Fwp%2Fv2%2Ftags&post=506"}],"curies":[{"name":"wp","href":"https:\/\/api.w.org\/{rel}","templated":true}]}}