{"id":502,"date":"2012-07-07T00:00:00","date_gmt":"2012-07-07T03:00:00","guid":{"rendered":"https:\/\/consolar.org\/2012\/07\/07\/a-face-do-pai-da-biblia-de-minha-mae\/"},"modified":"2026-02-26T22:55:27","modified_gmt":"2026-02-27T01:55:27","slug":"a-face-do-pai-da-biblia-de-minha-mae","status":"publish","type":"post","link":"https:\/\/consolar.org\/?p=502","title":{"rendered":"A Face do Pai da B\u00edblia de Minha M\u00e3e"},"content":{"rendered":"\n<figure class=\"wp-block-image size-large\"><img loading=\"lazy\" decoding=\"async\" width=\"1024\" height=\"504\" src=\"https:\/\/consolar.org\/wp-content\/uploads\/2012\/07\/bibliademamae-1024x504.jpg\" alt=\"\" class=\"wp-image-1099\" srcset=\"https:\/\/consolar.org\/wp-content\/uploads\/2012\/07\/bibliademamae-1024x504.jpg 1024w, https:\/\/consolar.org\/wp-content\/uploads\/2012\/07\/bibliademamae-300x148.jpg 300w, https:\/\/consolar.org\/wp-content\/uploads\/2012\/07\/bibliademamae-768x378.jpg 768w, https:\/\/consolar.org\/wp-content\/uploads\/2012\/07\/bibliademamae.jpg 1200w\" sizes=\"auto, (max-width: 1024px) 100vw, 1024px\" \/><\/figure>\n\n\n\n<p>Minha m\u00e3e estava em Bras\u00edlia. Ela passava alguns dias com meu irm\u00e3o mais velho, meu mano Dado e sua esposa Vanessa. A \u00faltima noite foi bastante alegre. Ela tinha passado dificuldades naqueles dias, estava fraca e teve que at\u00e9 ir ao hospital, entretanto ela curtia muito estar com seus filhos. Sa\u00edram para comprar um sapato para ela. Eles voltaram e ficaram at\u00e9 tarde conversando. Dado, me disse que ela contou v\u00e1rias piadas, eles riram muito, ela estava feliz. Foi dormir. Meu mano acordou, foi v\u00ea-la pela manh\u00e3 no quarto e a encontrou seu corpinho estendido na cama. Que encontro dif\u00edcil, que momento inenarr\u00e1vel que dia sem palavras, palavras sem dia. Nossa m\u00e3e fora aos bra\u00e7os do Pai apenas um ano ap\u00f3s meu pai. Estavam com saudades algu\u00e9m diria. Particularmente, e no sil\u00eancio de meu livro, eu digo a mesma coisa. <\/p>\n\n\n\n<p>Rubem Alves em seu site a Casa de Rubem Alves, tem um artigo chamado O Panela\u00e7o que come\u00e7a assim: Bachelard observou que &#8220;a lembran\u00e7a pura n\u00e3o tem data. Tem uma esta\u00e7\u00e3o. \u00c9 a esta\u00e7\u00e3o que constitui a marca fundamental das lembran\u00e7as. Que sol ou que vento fazia nesse dia memor\u00e1vel?&#8221;. Que esta\u00e7\u00e3o mais dolorosa foi aquela? Ver\u00e3o de nossas vidas, outono de folhas ca\u00eddas, inverno de nossas almas, ou seria outra esta\u00e7\u00e3o? Primavera n\u00e3o parecia ser, n\u00e3o havia flores, apesar do Beija-flor; ver\u00e3o t\u00e3o pouco era, pois o sol escurecera nas lembran\u00e7as, naquela esta\u00e7\u00e3o. Parecia mais o inverno de nossas vidas e outono de nossas quedas. <\/p>\n\n\n\n<p>Minha m\u00e3e n\u00e3o estava mais conosco. Pedi a meus irm\u00e3os que me dessem a B\u00edblia dela. Cheia de anota\u00e7\u00f5es de anos e anos, sua B\u00edblia era um tesouro dos c\u00e9us para mim. Fiquei entusiasmado pela possibilidade de ler a B\u00edblia a partir das anota\u00e7\u00f5es de minha m\u00e3e. E ela maravilhosamente me conduziu a melhor esta\u00e7\u00e3o. Sua f\u00e9 trouxe o consolo necess\u00e1rio e a palavra de f\u00e9 e certeza. N\u00e3o era surpresa para ningu\u00e9m a certeza da salva\u00e7\u00e3o que minha amada m\u00e3e possu\u00eda. Mas, em sua B\u00edblia encontrei a seguinte anota\u00e7\u00e3o, logo na primeira p\u00e1gina: <strong><em>&#8220;Se amanh\u00e3 eu acordar, Deus estar\u00e1 comigo; Se n\u00e3o acordar, eu estarei com Ele&#8221;<\/em><\/strong>. Que presente maravilhoso minha m\u00e3e deixou para mim. Ela n\u00e3o acordou, mas naquela manh\u00e3 ela viu o Pai da B\u00edblia de minha m\u00e3e face a face. <\/p>\n\n\n\n<p>Qual a certeza que tens que acordar\u00e1s amanh\u00e3? Nenhuma. Nestes \u00faltimos dias v\u00e1rios amigos e conhecidos acometidos por problemas card\u00edacos faleceram. Um destes o Elias, vendedor de produtos Parmalat, nos visitou com um chap\u00e9u engra\u00e7ado. Brinquei com ele sobre o chap\u00e9u, ele me respondeu que estava usando-o por causa do frio na cabe\u00e7a careca. Rimos muito. Um dia depois ele partiu para os bra\u00e7os do Pai. Um chap\u00e9u, uma brincadeira, muitos risos, piadas, alegria e morte. <\/p>\n\n\n\n<p>Cada dia mais eu entendo o Beija-flor. Na minha B\u00edblia, em minha f\u00e9, em meu cora\u00e7\u00e3o e em meu corpo estar\u00e3o, al\u00e9m das marcas de Cristo, meu salvador, a frase da B\u00edblia de minha m\u00e3e: &#8220;Se amanh\u00e3 eu acordar, Deus estar\u00e1 comigo; Se n\u00e3o acordar, eu estarei com Ele&#8221;. Meus pais n\u00e3o est\u00e3o mais aqui comigo, eles est\u00e3o com Deus. <em>&#8220;Porque Deus amou o mundo de tal maneira que deu seu unig\u00eanito Filho para que todo aquele que cr\u00ea n\u00e3o pere\u00e7a, mas tenha a vida eterna&#8221;<\/em> (Jo\u00e3o 3.16).<\/p>\n","protected":false},"excerpt":{"rendered":"<p>Minha m\u00e3e estava em Bras\u00edlia. Ela passava alguns dias com meu irm\u00e3o mais velho, meu mano Dado e sua esposa Vanessa. A \u00faltima noite foi bastante alegre. Ela tinha passado dificuldades naqueles dias, estava fraca e teve que at\u00e9 ir ao hospital, entretanto ela curtia muito estar com seus filhos. Sa\u00edram para comprar um sapato <a class=\"more-link\" href=\"https:\/\/consolar.org\/?p=502\">&hellip; Continue lendo&hellip; &rarr;<\/a><\/p>\n","protected":false},"author":2,"featured_media":1099,"comment_status":"closed","ping_status":"closed","sticky":false,"template":"","format":"standard","meta":{"_ayudawp_aiss_exclude":false,"footnotes":"","_wpscppro_dont_share_socialmedia":false,"_wpscppro_custom_social_share_image":0,"_facebook_share_type":"","_twitter_share_type":"","_linkedin_share_type":"","_pinterest_share_type":"","_linkedin_share_type_page":"","_instagram_share_type":"","_medium_share_type":"","_threads_share_type":"","_google_business_share_type":"","_selected_social_profile":[],"_wpsp_enable_custom_social_template":false,"_wpsp_social_scheduling":{"enabled":false,"datetime":null,"platforms":[],"status":"template_only","dateOption":"today","timeOption":"now","customDays":"","customHours":"","customDate":"","customTime":"","schedulingType":"absolute"},"_wpsp_active_default_template":true},"categories":[1],"tags":[],"class_list":["post-502","post","type-post","status-publish","format-standard","has-post-thumbnail","hentry","category-uncategorized"],"yoast_head":"<!-- This site is optimized with the Yoast SEO Premium plugin v27.3 (Yoast SEO v27.5) - https:\/\/yoast.com\/product\/yoast-seo-premium-wordpress\/ -->\n<title>A Face do Pai da B\u00edblia de Minha M\u00e3e - Consolar.org<\/title>\n<meta name=\"robots\" content=\"index, follow, max-snippet:-1, max-image-preview:large, max-video-preview:-1\" \/>\n<link rel=\"canonical\" href=\"https:\/\/consolar.org\/?p=502\" \/>\n<meta property=\"og:locale\" content=\"pt_BR\" \/>\n<meta property=\"og:type\" content=\"article\" \/>\n<meta property=\"og:title\" content=\"A Face do Pai da B\u00edblia de Minha M\u00e3e\" \/>\n<meta property=\"og:description\" content=\"Minha m\u00e3e estava em Bras\u00edlia. Ela passava alguns dias com meu irm\u00e3o mais velho, meu mano Dado e sua esposa Vanessa. A \u00faltima noite foi bastante alegre. Ela tinha passado dificuldades naqueles dias, estava fraca e teve que at\u00e9 ir ao hospital, entretanto ela curtia muito estar com seus filhos. Sa\u00edram para comprar um sapato &hellip; Continue lendo&hellip; &rarr;\" \/>\n<meta property=\"og:url\" content=\"https:\/\/consolar.org\/?p=502\" \/>\n<meta property=\"og:site_name\" content=\"Consolar.org\" \/>\n<meta property=\"article:publisher\" content=\"https:\/\/www.facebook.com\/consolar\" \/>\n<meta property=\"article:published_time\" content=\"2012-07-07T03:00:00+00:00\" \/>\n<meta property=\"article:modified_time\" content=\"2026-02-27T01:55:27+00:00\" \/>\n<meta property=\"og:image\" content=\"https:\/\/consolar.org\/wp-content\/uploads\/2012\/07\/bibliademamae.jpg\" \/>\n\t<meta property=\"og:image:width\" content=\"1200\" \/>\n\t<meta property=\"og:image:height\" content=\"591\" \/>\n\t<meta property=\"og:image:type\" content=\"image\/jpeg\" \/>\n<meta name=\"author\" content=\"Pr Luiz Rubem de Freitas\" \/>\n<meta name=\"twitter:card\" content=\"summary_large_image\" \/>\n<meta name=\"twitter:label1\" content=\"Escrito por\" \/>\n\t<meta name=\"twitter:data1\" content=\"Pr Luiz Rubem de Freitas\" \/>\n\t<meta name=\"twitter:label2\" content=\"Est. tempo de leitura\" \/>\n\t<meta name=\"twitter:data2\" content=\"3 minutos\" \/>\n<script type=\"application\/ld+json\" class=\"yoast-schema-graph\">{\"@context\":\"https:\\\/\\\/schema.org\",\"@graph\":[{\"@type\":\"Article\",\"@id\":\"https:\\\/\\\/consolar.org\\\/?p=502#article\",\"isPartOf\":{\"@id\":\"https:\\\/\\\/consolar.org\\\/?p=502\"},\"author\":{\"name\":\"Pr Luiz Rubem de Freitas\",\"@id\":\"https:\\\/\\\/consolar.org\\\/#\\\/schema\\\/person\\\/7b36e38187f2475e58065af654682d5d\"},\"headline\":\"A Face do Pai da B\u00edblia de Minha M\u00e3e\",\"datePublished\":\"2012-07-07T03:00:00+00:00\",\"dateModified\":\"2026-02-27T01:55:27+00:00\",\"mainEntityOfPage\":{\"@id\":\"https:\\\/\\\/consolar.org\\\/?p=502\"},\"wordCount\":632,\"publisher\":{\"@id\":\"https:\\\/\\\/consolar.org\\\/#organization\"},\"image\":{\"@id\":\"https:\\\/\\\/consolar.org\\\/?p=502#primaryimage\"},\"thumbnailUrl\":\"https:\\\/\\\/consolar.org\\\/wp-content\\\/uploads\\\/2012\\\/07\\\/bibliademamae.jpg\",\"articleSection\":[\"Uncategorized\"],\"inLanguage\":\"pt-BR\"},{\"@type\":\"WebPage\",\"@id\":\"https:\\\/\\\/consolar.org\\\/?p=502\",\"url\":\"https:\\\/\\\/consolar.org\\\/?p=502\",\"name\":\"A Face do Pai da B\u00edblia de Minha M\u00e3e - Consolar.org\",\"isPartOf\":{\"@id\":\"https:\\\/\\\/consolar.org\\\/#website\"},\"primaryImageOfPage\":{\"@id\":\"https:\\\/\\\/consolar.org\\\/?p=502#primaryimage\"},\"image\":{\"@id\":\"https:\\\/\\\/consolar.org\\\/?p=502#primaryimage\"},\"thumbnailUrl\":\"https:\\\/\\\/consolar.org\\\/wp-content\\\/uploads\\\/2012\\\/07\\\/bibliademamae.jpg\",\"datePublished\":\"2012-07-07T03:00:00+00:00\",\"dateModified\":\"2026-02-27T01:55:27+00:00\",\"breadcrumb\":{\"@id\":\"https:\\\/\\\/consolar.org\\\/?p=502#breadcrumb\"},\"inLanguage\":\"pt-BR\",\"potentialAction\":[{\"@type\":\"ReadAction\",\"target\":[\"https:\\\/\\\/consolar.org\\\/?p=502\"]}]},{\"@type\":\"ImageObject\",\"inLanguage\":\"pt-BR\",\"@id\":\"https:\\\/\\\/consolar.org\\\/?p=502#primaryimage\",\"url\":\"https:\\\/\\\/consolar.org\\\/wp-content\\\/uploads\\\/2012\\\/07\\\/bibliademamae.jpg\",\"contentUrl\":\"https:\\\/\\\/consolar.org\\\/wp-content\\\/uploads\\\/2012\\\/07\\\/bibliademamae.jpg\",\"width\":1200,\"height\":591},{\"@type\":\"BreadcrumbList\",\"@id\":\"https:\\\/\\\/consolar.org\\\/?p=502#breadcrumb\",\"itemListElement\":[{\"@type\":\"ListItem\",\"position\":1,\"name\":\"In\u00edcio\",\"item\":\"https:\\\/\\\/consolar.org\\\/\"},{\"@type\":\"ListItem\",\"position\":2,\"name\":\"A Face do Pai da B\u00edblia de Minha M\u00e3e\"}]},{\"@type\":\"WebSite\",\"@id\":\"https:\\\/\\\/consolar.org\\\/#website\",\"url\":\"https:\\\/\\\/consolar.org\\\/\",\"name\":\"Consolar.org\",\"description\":\"Mensagens de conforto e esperan\u00e7a para cora\u00e7\u00f5es que precisam de paz.\",\"publisher\":{\"@id\":\"https:\\\/\\\/consolar.org\\\/#organization\"},\"potentialAction\":[{\"@type\":\"SearchAction\",\"target\":{\"@type\":\"EntryPoint\",\"urlTemplate\":\"https:\\\/\\\/consolar.org\\\/?s={search_term_string}\"},\"query-input\":{\"@type\":\"PropertyValueSpecification\",\"valueRequired\":true,\"valueName\":\"search_term_string\"}}],\"inLanguage\":\"pt-BR\"},{\"@type\":\"Organization\",\"@id\":\"https:\\\/\\\/consolar.org\\\/#organization\",\"name\":\"Consolar.org\",\"url\":\"https:\\\/\\\/consolar.org\\\/\",\"logo\":{\"@type\":\"ImageObject\",\"inLanguage\":\"pt-BR\",\"@id\":\"https:\\\/\\\/consolar.org\\\/#\\\/schema\\\/logo\\\/image\\\/\",\"url\":\"https:\\\/\\\/consolar.org\\\/wp-content\\\/uploads\\\/2026\\\/02\\\/cropped-logonovo03-small.png\",\"contentUrl\":\"https:\\\/\\\/consolar.org\\\/wp-content\\\/uploads\\\/2026\\\/02\\\/cropped-logonovo03-small.png\",\"width\":280,\"height\":142,\"caption\":\"Consolar.org\"},\"image\":{\"@id\":\"https:\\\/\\\/consolar.org\\\/#\\\/schema\\\/logo\\\/image\\\/\"},\"sameAs\":[\"https:\\\/\\\/www.facebook.com\\\/consolar\"]},{\"@type\":\"Person\",\"@id\":\"https:\\\/\\\/consolar.org\\\/#\\\/schema\\\/person\\\/7b36e38187f2475e58065af654682d5d\",\"name\":\"Pr Luiz Rubem de Freitas\",\"image\":{\"@type\":\"ImageObject\",\"inLanguage\":\"pt-BR\",\"@id\":\"https:\\\/\\\/secure.gravatar.com\\\/avatar\\\/fd59dc00fc4178aa1e085bf491d394e3f72afcd9b1944348dfcec2bbecdc5761?s=96&d=blank&r=g\",\"url\":\"https:\\\/\\\/secure.gravatar.com\\\/avatar\\\/fd59dc00fc4178aa1e085bf491d394e3f72afcd9b1944348dfcec2bbecdc5761?s=96&d=blank&r=g\",\"contentUrl\":\"https:\\\/\\\/secure.gravatar.com\\\/avatar\\\/fd59dc00fc4178aa1e085bf491d394e3f72afcd9b1944348dfcec2bbecdc5761?s=96&d=blank&r=g\",\"caption\":\"Pr Luiz Rubem de Freitas\"},\"url\":\"https:\\\/\\\/consolar.org\\\/?author=2\"}]}<\/script>\n<!-- \/ Yoast SEO Premium plugin. -->","yoast_head_json":{"title":"A Face do Pai da B\u00edblia de Minha M\u00e3e - Consolar.org","robots":{"index":"index","follow":"follow","max-snippet":"max-snippet:-1","max-image-preview":"max-image-preview:large","max-video-preview":"max-video-preview:-1"},"canonical":"https:\/\/consolar.org\/?p=502","og_locale":"pt_BR","og_type":"article","og_title":"A Face do Pai da B\u00edblia de Minha M\u00e3e","og_description":"Minha m\u00e3e estava em Bras\u00edlia. Ela passava alguns dias com meu irm\u00e3o mais velho, meu mano Dado e sua esposa Vanessa. A \u00faltima noite foi bastante alegre. Ela tinha passado dificuldades naqueles dias, estava fraca e teve que at\u00e9 ir ao hospital, entretanto ela curtia muito estar com seus filhos. Sa\u00edram para comprar um sapato &hellip; Continue lendo&hellip; &rarr;","og_url":"https:\/\/consolar.org\/?p=502","og_site_name":"Consolar.org","article_publisher":"https:\/\/www.facebook.com\/consolar","article_published_time":"2012-07-07T03:00:00+00:00","article_modified_time":"2026-02-27T01:55:27+00:00","og_image":[{"width":1200,"height":591,"url":"https:\/\/consolar.org\/wp-content\/uploads\/2012\/07\/bibliademamae.jpg","type":"image\/jpeg"}],"author":"Pr Luiz Rubem de Freitas","twitter_card":"summary_large_image","twitter_misc":{"Escrito por":"Pr Luiz Rubem de Freitas","Est. tempo de leitura":"3 minutos"},"schema":{"@context":"https:\/\/schema.org","@graph":[{"@type":"Article","@id":"https:\/\/consolar.org\/?p=502#article","isPartOf":{"@id":"https:\/\/consolar.org\/?p=502"},"author":{"name":"Pr Luiz Rubem de Freitas","@id":"https:\/\/consolar.org\/#\/schema\/person\/7b36e38187f2475e58065af654682d5d"},"headline":"A Face do Pai da B\u00edblia de Minha M\u00e3e","datePublished":"2012-07-07T03:00:00+00:00","dateModified":"2026-02-27T01:55:27+00:00","mainEntityOfPage":{"@id":"https:\/\/consolar.org\/?p=502"},"wordCount":632,"publisher":{"@id":"https:\/\/consolar.org\/#organization"},"image":{"@id":"https:\/\/consolar.org\/?p=502#primaryimage"},"thumbnailUrl":"https:\/\/consolar.org\/wp-content\/uploads\/2012\/07\/bibliademamae.jpg","articleSection":["Uncategorized"],"inLanguage":"pt-BR"},{"@type":"WebPage","@id":"https:\/\/consolar.org\/?p=502","url":"https:\/\/consolar.org\/?p=502","name":"A Face do Pai da B\u00edblia de Minha M\u00e3e - Consolar.org","isPartOf":{"@id":"https:\/\/consolar.org\/#website"},"primaryImageOfPage":{"@id":"https:\/\/consolar.org\/?p=502#primaryimage"},"image":{"@id":"https:\/\/consolar.org\/?p=502#primaryimage"},"thumbnailUrl":"https:\/\/consolar.org\/wp-content\/uploads\/2012\/07\/bibliademamae.jpg","datePublished":"2012-07-07T03:00:00+00:00","dateModified":"2026-02-27T01:55:27+00:00","breadcrumb":{"@id":"https:\/\/consolar.org\/?p=502#breadcrumb"},"inLanguage":"pt-BR","potentialAction":[{"@type":"ReadAction","target":["https:\/\/consolar.org\/?p=502"]}]},{"@type":"ImageObject","inLanguage":"pt-BR","@id":"https:\/\/consolar.org\/?p=502#primaryimage","url":"https:\/\/consolar.org\/wp-content\/uploads\/2012\/07\/bibliademamae.jpg","contentUrl":"https:\/\/consolar.org\/wp-content\/uploads\/2012\/07\/bibliademamae.jpg","width":1200,"height":591},{"@type":"BreadcrumbList","@id":"https:\/\/consolar.org\/?p=502#breadcrumb","itemListElement":[{"@type":"ListItem","position":1,"name":"In\u00edcio","item":"https:\/\/consolar.org\/"},{"@type":"ListItem","position":2,"name":"A Face do Pai da B\u00edblia de Minha M\u00e3e"}]},{"@type":"WebSite","@id":"https:\/\/consolar.org\/#website","url":"https:\/\/consolar.org\/","name":"Consolar.org","description":"Mensagens de conforto e esperan\u00e7a para cora\u00e7\u00f5es que precisam de paz.","publisher":{"@id":"https:\/\/consolar.org\/#organization"},"potentialAction":[{"@type":"SearchAction","target":{"@type":"EntryPoint","urlTemplate":"https:\/\/consolar.org\/?s={search_term_string}"},"query-input":{"@type":"PropertyValueSpecification","valueRequired":true,"valueName":"search_term_string"}}],"inLanguage":"pt-BR"},{"@type":"Organization","@id":"https:\/\/consolar.org\/#organization","name":"Consolar.org","url":"https:\/\/consolar.org\/","logo":{"@type":"ImageObject","inLanguage":"pt-BR","@id":"https:\/\/consolar.org\/#\/schema\/logo\/image\/","url":"https:\/\/consolar.org\/wp-content\/uploads\/2026\/02\/cropped-logonovo03-small.png","contentUrl":"https:\/\/consolar.org\/wp-content\/uploads\/2026\/02\/cropped-logonovo03-small.png","width":280,"height":142,"caption":"Consolar.org"},"image":{"@id":"https:\/\/consolar.org\/#\/schema\/logo\/image\/"},"sameAs":["https:\/\/www.facebook.com\/consolar"]},{"@type":"Person","@id":"https:\/\/consolar.org\/#\/schema\/person\/7b36e38187f2475e58065af654682d5d","name":"Pr Luiz Rubem de Freitas","image":{"@type":"ImageObject","inLanguage":"pt-BR","@id":"https:\/\/secure.gravatar.com\/avatar\/fd59dc00fc4178aa1e085bf491d394e3f72afcd9b1944348dfcec2bbecdc5761?s=96&d=blank&r=g","url":"https:\/\/secure.gravatar.com\/avatar\/fd59dc00fc4178aa1e085bf491d394e3f72afcd9b1944348dfcec2bbecdc5761?s=96&d=blank&r=g","contentUrl":"https:\/\/secure.gravatar.com\/avatar\/fd59dc00fc4178aa1e085bf491d394e3f72afcd9b1944348dfcec2bbecdc5761?s=96&d=blank&r=g","caption":"Pr Luiz Rubem de Freitas"},"url":"https:\/\/consolar.org\/?author=2"}]}},"_links":{"self":[{"href":"https:\/\/consolar.org\/index.php?rest_route=\/wp\/v2\/posts\/502","targetHints":{"allow":["GET"]}}],"collection":[{"href":"https:\/\/consolar.org\/index.php?rest_route=\/wp\/v2\/posts"}],"about":[{"href":"https:\/\/consolar.org\/index.php?rest_route=\/wp\/v2\/types\/post"}],"author":[{"embeddable":true,"href":"https:\/\/consolar.org\/index.php?rest_route=\/wp\/v2\/users\/2"}],"replies":[{"embeddable":true,"href":"https:\/\/consolar.org\/index.php?rest_route=%2Fwp%2Fv2%2Fcomments&post=502"}],"version-history":[{"count":0,"href":"https:\/\/consolar.org\/index.php?rest_route=\/wp\/v2\/posts\/502\/revisions"}],"wp:featuredmedia":[{"embeddable":true,"href":"https:\/\/consolar.org\/index.php?rest_route=\/wp\/v2\/media\/1099"}],"wp:attachment":[{"href":"https:\/\/consolar.org\/index.php?rest_route=%2Fwp%2Fv2%2Fmedia&parent=502"}],"wp:term":[{"taxonomy":"category","embeddable":true,"href":"https:\/\/consolar.org\/index.php?rest_route=%2Fwp%2Fv2%2Fcategories&post=502"},{"taxonomy":"post_tag","embeddable":true,"href":"https:\/\/consolar.org\/index.php?rest_route=%2Fwp%2Fv2%2Ftags&post=502"}],"curies":[{"name":"wp","href":"https:\/\/api.w.org\/{rel}","templated":true}]}}