{"id":500,"date":"2012-10-04T00:00:00","date_gmt":"2012-10-04T03:00:00","guid":{"rendered":"https:\/\/consolar.org\/2012\/10\/04\/a-dor-e-carnivora\/"},"modified":"2026-02-26T14:44:57","modified_gmt":"2026-02-26T17:44:57","slug":"a-dor-e-carnivora","status":"publish","type":"post","link":"https:\/\/consolar.org\/?p=500","title":{"rendered":"A Dor \u00e9 Carn\u00edvora"},"content":{"rendered":"\n<figure class=\"wp-block-image size-large\"><img loading=\"lazy\" decoding=\"async\" width=\"1024\" height=\"556\" src=\"https:\/\/consolar.org\/wp-content\/uploads\/2012\/10\/dorcarnivora011-1024x556.jpg\" alt=\"\" class=\"wp-image-1086\" srcset=\"https:\/\/consolar.org\/wp-content\/uploads\/2012\/10\/dorcarnivora011-1024x556.jpg 1024w, https:\/\/consolar.org\/wp-content\/uploads\/2012\/10\/dorcarnivora011-300x163.jpg 300w, https:\/\/consolar.org\/wp-content\/uploads\/2012\/10\/dorcarnivora011-768x417.jpg 768w, https:\/\/consolar.org\/wp-content\/uploads\/2012\/10\/dorcarnivora011.jpg 1200w\" sizes=\"auto, (max-width: 1024px) 100vw, 1024px\" \/><\/figure>\n\n\n\n<p class=\"has-text-align-center\"><em>&#8220;Portanto est\u00e1 alegre o meu cora\u00e7\u00e3o e se regozija a minha gl\u00f3ria; <\/em><br><em>tamb\u00e9m a minha carne repousar\u00e1 segura. <\/em><br><em>Pois n\u00e3o deixar\u00e1s a minha alma no inferno, <\/em><br><em>nem permitir\u00e1s que o teu Santo veja corrup\u00e7\u00e3o. <\/em><br><em>Far-me-\u00e1s ver a vereda da vida; <\/em><br><em>na tua presen\u00e7a h\u00e1 fartura de alegrias; <\/em><br><em>\u00e0 tua m\u00e3o direita h\u00e1 delicias perpetuamente&#8221; (Salmos 16:9-11). <\/em><\/p>\n\n\n\n<p>Gosto de ler livros de suspense. Um dos autores que mais admiro \u00e9 Dennis Lehane. Seu livro de maior sucesso \u00e9 Mystic River que foi adaptado por Clint Eastwood para o cinema e foi indicado ao Oscar de melhor filme, al\u00e9m de faturar os pr\u00eamios de melhor ator e melhor ator coadjuvante. Ele vem sendo comparado a mestres do policial como Dashiell Hammett e Raymond Chandler. Em seu livro &#8220;Sagrado&#8221;, Diz Trevor Stone, um milion\u00e1rio de Boston: &#8220;A dor \u00e9 carn\u00edvora&#8221;. Trevor tem um c\u00e2ncer violento, mas a dor que o devora talvez se explique mais pela recente morte da mulher e pelo desaparecimento da filha, a bela e deprimida Desiree. <\/p>\n\n\n\n<p>N\u00e3o sei se voc\u00ea est\u00e1 passando por uma grave doen\u00e7a. Mas, sei que a dor \u00e9 carn\u00edvora; N\u00e3o sei se perdeste algu\u00e9m querido. Mas, sei que a dor que isto causa \u00e9 carn\u00edvora; Pode ser que estejas chorando o desaparecimento de um amor. Tenho certeza que a dor \u00e9 carn\u00edvora. Deprimido, podes estar, e essa depress\u00e3o \u00e9 dor carn\u00edvora. Na carne, na alma e nos esp\u00edrito as dores, perdas e sofrimentos que passamos doem de maneira cruel em nosso ser e nos consomem, nos devoram, esmagam nossos ossos, corroem tecidos, espremem nervos e fazem lacrimejar o mais duro dos homens. As dores realmente s\u00e3o carn\u00edvoras. <\/p>\n\n\n\n<p>Mas, h\u00e1 um jeito de vencer a todas elas. Saiba que Deus est\u00e1 contigo. Na dor poder\u00e1s encontrar repouso seguro com Deus. Ele n\u00e3o permitir\u00e1 que essa dor te conduza para o inferno dos sofrimentos e afli\u00e7\u00f5es sozinho e, estando com Ele, n\u00e3o ver\u00e1s a corrup\u00e7\u00e3o de seu ser, do seu corpo, de sua alma e de seu esp\u00edrito. Ele te far\u00e1 ver a vereda da salva\u00e7\u00e3o, o caminho da paz, a senda da restaura\u00e7\u00e3o, o caminho estreito que cura feridas, sara doen\u00e7as, restaura at\u00e9 a carne que parece ter sido arrancada na viol\u00eancia da visitante carn\u00edvora. Ele te conduzir\u00e1 a Jesus. <\/p>\n\n\n\n<p>Sim, voc\u00ea pode sair desta situa\u00e7\u00e3o. Acredite que na presen\u00e7a de Deus h\u00e1 fartura de alegrias e que em suas m\u00e3os encontrar\u00e1s delicias perpetuas. Na presen\u00e7a do Pai, n\u00e3o ser\u00e1s o prato principal da mesa dos corruptos. E, as afli\u00e7\u00f5es carn\u00edvoras deste mundo n\u00e3o te alcan\u00e7ar\u00e3o. Ali\u00e1s, conhecer\u00e1s a Jesus que morreu em dor carn\u00edvora, por amor a voc\u00ea. Alegre-se! Jesus est\u00e1 contigo. Ele \u00e9 porto seguro de sua alma, de sua mente, de seu cora\u00e7\u00e3o, de sua carne e de seu esp\u00edrito. <\/p>\n\n\n\n<p>Ora\u00e7\u00e3o: Pai. A dor que sinto me consome e me destr\u00f3i. Mas, hoje quero estar na tua presen\u00e7a. Sei que contigo serei tratado, serei curado e verei as feridas do meu ser serem saradas pelo sangue de Jesus. Por isso, eu decidi n\u00e3o sair da tua presen\u00e7a. E mesmo que uma dor me visite, eu descansarei e me fartarei de tuas delicias, da tua salva\u00e7\u00e3o e de tuas alegrias. N\u00e3o viverei mais no inferno da tribula\u00e7\u00e3o nem serei tomado pela degenera\u00e7\u00e3o de meu ser. Antes, pelo contr\u00e1rio, estarei contigo e viverei feliz, na presen\u00e7a de meu Deus.<\/p>\n","protected":false},"excerpt":{"rendered":"<p>&#8220;Portanto est\u00e1 alegre o meu cora\u00e7\u00e3o e se regozija a minha gl\u00f3ria; tamb\u00e9m a minha carne repousar\u00e1 segura. Pois n\u00e3o deixar\u00e1s a minha alma no inferno, nem permitir\u00e1s que o teu Santo veja corrup\u00e7\u00e3o. Far-me-\u00e1s ver a vereda da vida; na tua presen\u00e7a h\u00e1 fartura de alegrias; \u00e0 tua m\u00e3o direita h\u00e1 delicias perpetuamente&#8221; (Salmos <a class=\"more-link\" href=\"https:\/\/consolar.org\/?p=500\">&hellip; Continue lendo&hellip; &rarr;<\/a><\/p>\n","protected":false},"author":2,"featured_media":1086,"comment_status":"closed","ping_status":"closed","sticky":false,"template":"","format":"standard","meta":{"_ayudawp_aiss_exclude":false,"footnotes":"","_wpscppro_dont_share_socialmedia":false,"_wpscppro_custom_social_share_image":0,"_facebook_share_type":"","_twitter_share_type":"","_linkedin_share_type":"","_pinterest_share_type":"","_linkedin_share_type_page":"","_instagram_share_type":"","_medium_share_type":"","_threads_share_type":"","_google_business_share_type":"","_selected_social_profile":[],"_wpsp_enable_custom_social_template":false,"_wpsp_social_scheduling":{"enabled":false,"datetime":null,"platforms":[],"status":"template_only","dateOption":"today","timeOption":"now","customDays":"","customHours":"","customDate":"","customTime":"","schedulingType":"absolute"},"_wpsp_active_default_template":true},"categories":[1],"tags":[],"class_list":["post-500","post","type-post","status-publish","format-standard","has-post-thumbnail","hentry","category-uncategorized"],"yoast_head":"<!-- This site is optimized with the Yoast SEO Premium plugin v27.3 (Yoast SEO v27.5) - https:\/\/yoast.com\/product\/yoast-seo-premium-wordpress\/ -->\n<title>A Dor \u00e9 Carn\u00edvora - Consolar.org<\/title>\n<meta name=\"robots\" content=\"index, follow, max-snippet:-1, max-image-preview:large, max-video-preview:-1\" \/>\n<link rel=\"canonical\" href=\"https:\/\/consolar.org\/?p=500\" \/>\n<meta property=\"og:locale\" content=\"pt_BR\" \/>\n<meta property=\"og:type\" content=\"article\" \/>\n<meta property=\"og:title\" content=\"A Dor \u00e9 Carn\u00edvora\" \/>\n<meta property=\"og:description\" content=\"&#8220;Portanto est\u00e1 alegre o meu cora\u00e7\u00e3o e se regozija a minha gl\u00f3ria; tamb\u00e9m a minha carne repousar\u00e1 segura. Pois n\u00e3o deixar\u00e1s a minha alma no inferno, nem permitir\u00e1s que o teu Santo veja corrup\u00e7\u00e3o. Far-me-\u00e1s ver a vereda da vida; na tua presen\u00e7a h\u00e1 fartura de alegrias; \u00e0 tua m\u00e3o direita h\u00e1 delicias perpetuamente&#8221; (Salmos &hellip; Continue lendo&hellip; &rarr;\" \/>\n<meta property=\"og:url\" content=\"https:\/\/consolar.org\/?p=500\" \/>\n<meta property=\"og:site_name\" content=\"Consolar.org\" \/>\n<meta property=\"article:publisher\" content=\"https:\/\/www.facebook.com\/consolar\" \/>\n<meta property=\"article:published_time\" content=\"2012-10-04T03:00:00+00:00\" \/>\n<meta property=\"article:modified_time\" content=\"2026-02-26T17:44:57+00:00\" \/>\n<meta property=\"og:image\" content=\"https:\/\/consolar.org\/wp-content\/uploads\/2012\/10\/dorcarnivora011.jpg\" \/>\n\t<meta property=\"og:image:width\" content=\"1200\" \/>\n\t<meta property=\"og:image:height\" content=\"651\" \/>\n\t<meta property=\"og:image:type\" content=\"image\/jpeg\" \/>\n<meta name=\"author\" content=\"Pr Luiz Rubem de Freitas\" \/>\n<meta name=\"twitter:card\" content=\"summary_large_image\" \/>\n<meta name=\"twitter:label1\" content=\"Escrito por\" \/>\n\t<meta name=\"twitter:data1\" content=\"Pr Luiz Rubem de Freitas\" \/>\n\t<meta name=\"twitter:label2\" content=\"Est. tempo de leitura\" \/>\n\t<meta name=\"twitter:data2\" content=\"3 minutos\" \/>\n<script type=\"application\/ld+json\" class=\"yoast-schema-graph\">{\"@context\":\"https:\\\/\\\/schema.org\",\"@graph\":[{\"@type\":\"Article\",\"@id\":\"https:\\\/\\\/consolar.org\\\/?p=500#article\",\"isPartOf\":{\"@id\":\"https:\\\/\\\/consolar.org\\\/?p=500\"},\"author\":{\"name\":\"Pr Luiz Rubem de Freitas\",\"@id\":\"https:\\\/\\\/consolar.org\\\/#\\\/schema\\\/person\\\/7b36e38187f2475e58065af654682d5d\"},\"headline\":\"A Dor \u00e9 Carn\u00edvora\",\"datePublished\":\"2012-10-04T03:00:00+00:00\",\"dateModified\":\"2026-02-26T17:44:57+00:00\",\"mainEntityOfPage\":{\"@id\":\"https:\\\/\\\/consolar.org\\\/?p=500\"},\"wordCount\":616,\"publisher\":{\"@id\":\"https:\\\/\\\/consolar.org\\\/#organization\"},\"image\":{\"@id\":\"https:\\\/\\\/consolar.org\\\/?p=500#primaryimage\"},\"thumbnailUrl\":\"https:\\\/\\\/consolar.org\\\/wp-content\\\/uploads\\\/2012\\\/10\\\/dorcarnivora011.jpg\",\"articleSection\":[\"Uncategorized\"],\"inLanguage\":\"pt-BR\"},{\"@type\":\"WebPage\",\"@id\":\"https:\\\/\\\/consolar.org\\\/?p=500\",\"url\":\"https:\\\/\\\/consolar.org\\\/?p=500\",\"name\":\"A Dor \u00e9 Carn\u00edvora - Consolar.org\",\"isPartOf\":{\"@id\":\"https:\\\/\\\/consolar.org\\\/#website\"},\"primaryImageOfPage\":{\"@id\":\"https:\\\/\\\/consolar.org\\\/?p=500#primaryimage\"},\"image\":{\"@id\":\"https:\\\/\\\/consolar.org\\\/?p=500#primaryimage\"},\"thumbnailUrl\":\"https:\\\/\\\/consolar.org\\\/wp-content\\\/uploads\\\/2012\\\/10\\\/dorcarnivora011.jpg\",\"datePublished\":\"2012-10-04T03:00:00+00:00\",\"dateModified\":\"2026-02-26T17:44:57+00:00\",\"breadcrumb\":{\"@id\":\"https:\\\/\\\/consolar.org\\\/?p=500#breadcrumb\"},\"inLanguage\":\"pt-BR\",\"potentialAction\":[{\"@type\":\"ReadAction\",\"target\":[\"https:\\\/\\\/consolar.org\\\/?p=500\"]}]},{\"@type\":\"ImageObject\",\"inLanguage\":\"pt-BR\",\"@id\":\"https:\\\/\\\/consolar.org\\\/?p=500#primaryimage\",\"url\":\"https:\\\/\\\/consolar.org\\\/wp-content\\\/uploads\\\/2012\\\/10\\\/dorcarnivora011.jpg\",\"contentUrl\":\"https:\\\/\\\/consolar.org\\\/wp-content\\\/uploads\\\/2012\\\/10\\\/dorcarnivora011.jpg\",\"width\":1200,\"height\":651},{\"@type\":\"BreadcrumbList\",\"@id\":\"https:\\\/\\\/consolar.org\\\/?p=500#breadcrumb\",\"itemListElement\":[{\"@type\":\"ListItem\",\"position\":1,\"name\":\"In\u00edcio\",\"item\":\"https:\\\/\\\/consolar.org\\\/\"},{\"@type\":\"ListItem\",\"position\":2,\"name\":\"A Dor \u00e9 Carn\u00edvora\"}]},{\"@type\":\"WebSite\",\"@id\":\"https:\\\/\\\/consolar.org\\\/#website\",\"url\":\"https:\\\/\\\/consolar.org\\\/\",\"name\":\"Consolar.org\",\"description\":\"Mensagens de conforto e esperan\u00e7a para cora\u00e7\u00f5es que precisam de paz.\",\"publisher\":{\"@id\":\"https:\\\/\\\/consolar.org\\\/#organization\"},\"potentialAction\":[{\"@type\":\"SearchAction\",\"target\":{\"@type\":\"EntryPoint\",\"urlTemplate\":\"https:\\\/\\\/consolar.org\\\/?s={search_term_string}\"},\"query-input\":{\"@type\":\"PropertyValueSpecification\",\"valueRequired\":true,\"valueName\":\"search_term_string\"}}],\"inLanguage\":\"pt-BR\"},{\"@type\":\"Organization\",\"@id\":\"https:\\\/\\\/consolar.org\\\/#organization\",\"name\":\"Consolar.org\",\"url\":\"https:\\\/\\\/consolar.org\\\/\",\"logo\":{\"@type\":\"ImageObject\",\"inLanguage\":\"pt-BR\",\"@id\":\"https:\\\/\\\/consolar.org\\\/#\\\/schema\\\/logo\\\/image\\\/\",\"url\":\"https:\\\/\\\/consolar.org\\\/wp-content\\\/uploads\\\/2026\\\/02\\\/cropped-logonovo03-small.png\",\"contentUrl\":\"https:\\\/\\\/consolar.org\\\/wp-content\\\/uploads\\\/2026\\\/02\\\/cropped-logonovo03-small.png\",\"width\":280,\"height\":142,\"caption\":\"Consolar.org\"},\"image\":{\"@id\":\"https:\\\/\\\/consolar.org\\\/#\\\/schema\\\/logo\\\/image\\\/\"},\"sameAs\":[\"https:\\\/\\\/www.facebook.com\\\/consolar\"]},{\"@type\":\"Person\",\"@id\":\"https:\\\/\\\/consolar.org\\\/#\\\/schema\\\/person\\\/7b36e38187f2475e58065af654682d5d\",\"name\":\"Pr Luiz Rubem de Freitas\",\"image\":{\"@type\":\"ImageObject\",\"inLanguage\":\"pt-BR\",\"@id\":\"https:\\\/\\\/secure.gravatar.com\\\/avatar\\\/fd59dc00fc4178aa1e085bf491d394e3f72afcd9b1944348dfcec2bbecdc5761?s=96&d=blank&r=g\",\"url\":\"https:\\\/\\\/secure.gravatar.com\\\/avatar\\\/fd59dc00fc4178aa1e085bf491d394e3f72afcd9b1944348dfcec2bbecdc5761?s=96&d=blank&r=g\",\"contentUrl\":\"https:\\\/\\\/secure.gravatar.com\\\/avatar\\\/fd59dc00fc4178aa1e085bf491d394e3f72afcd9b1944348dfcec2bbecdc5761?s=96&d=blank&r=g\",\"caption\":\"Pr Luiz Rubem de Freitas\"},\"url\":\"https:\\\/\\\/consolar.org\\\/?author=2\"}]}<\/script>\n<!-- \/ Yoast SEO Premium plugin. -->","yoast_head_json":{"title":"A Dor \u00e9 Carn\u00edvora - Consolar.org","robots":{"index":"index","follow":"follow","max-snippet":"max-snippet:-1","max-image-preview":"max-image-preview:large","max-video-preview":"max-video-preview:-1"},"canonical":"https:\/\/consolar.org\/?p=500","og_locale":"pt_BR","og_type":"article","og_title":"A Dor \u00e9 Carn\u00edvora","og_description":"&#8220;Portanto est\u00e1 alegre o meu cora\u00e7\u00e3o e se regozija a minha gl\u00f3ria; tamb\u00e9m a minha carne repousar\u00e1 segura. Pois n\u00e3o deixar\u00e1s a minha alma no inferno, nem permitir\u00e1s que o teu Santo veja corrup\u00e7\u00e3o. Far-me-\u00e1s ver a vereda da vida; na tua presen\u00e7a h\u00e1 fartura de alegrias; \u00e0 tua m\u00e3o direita h\u00e1 delicias perpetuamente&#8221; (Salmos &hellip; Continue lendo&hellip; &rarr;","og_url":"https:\/\/consolar.org\/?p=500","og_site_name":"Consolar.org","article_publisher":"https:\/\/www.facebook.com\/consolar","article_published_time":"2012-10-04T03:00:00+00:00","article_modified_time":"2026-02-26T17:44:57+00:00","og_image":[{"width":1200,"height":651,"url":"https:\/\/consolar.org\/wp-content\/uploads\/2012\/10\/dorcarnivora011.jpg","type":"image\/jpeg"}],"author":"Pr Luiz Rubem de Freitas","twitter_card":"summary_large_image","twitter_misc":{"Escrito por":"Pr Luiz Rubem de Freitas","Est. tempo de leitura":"3 minutos"},"schema":{"@context":"https:\/\/schema.org","@graph":[{"@type":"Article","@id":"https:\/\/consolar.org\/?p=500#article","isPartOf":{"@id":"https:\/\/consolar.org\/?p=500"},"author":{"name":"Pr Luiz Rubem de Freitas","@id":"https:\/\/consolar.org\/#\/schema\/person\/7b36e38187f2475e58065af654682d5d"},"headline":"A Dor \u00e9 Carn\u00edvora","datePublished":"2012-10-04T03:00:00+00:00","dateModified":"2026-02-26T17:44:57+00:00","mainEntityOfPage":{"@id":"https:\/\/consolar.org\/?p=500"},"wordCount":616,"publisher":{"@id":"https:\/\/consolar.org\/#organization"},"image":{"@id":"https:\/\/consolar.org\/?p=500#primaryimage"},"thumbnailUrl":"https:\/\/consolar.org\/wp-content\/uploads\/2012\/10\/dorcarnivora011.jpg","articleSection":["Uncategorized"],"inLanguage":"pt-BR"},{"@type":"WebPage","@id":"https:\/\/consolar.org\/?p=500","url":"https:\/\/consolar.org\/?p=500","name":"A Dor \u00e9 Carn\u00edvora - Consolar.org","isPartOf":{"@id":"https:\/\/consolar.org\/#website"},"primaryImageOfPage":{"@id":"https:\/\/consolar.org\/?p=500#primaryimage"},"image":{"@id":"https:\/\/consolar.org\/?p=500#primaryimage"},"thumbnailUrl":"https:\/\/consolar.org\/wp-content\/uploads\/2012\/10\/dorcarnivora011.jpg","datePublished":"2012-10-04T03:00:00+00:00","dateModified":"2026-02-26T17:44:57+00:00","breadcrumb":{"@id":"https:\/\/consolar.org\/?p=500#breadcrumb"},"inLanguage":"pt-BR","potentialAction":[{"@type":"ReadAction","target":["https:\/\/consolar.org\/?p=500"]}]},{"@type":"ImageObject","inLanguage":"pt-BR","@id":"https:\/\/consolar.org\/?p=500#primaryimage","url":"https:\/\/consolar.org\/wp-content\/uploads\/2012\/10\/dorcarnivora011.jpg","contentUrl":"https:\/\/consolar.org\/wp-content\/uploads\/2012\/10\/dorcarnivora011.jpg","width":1200,"height":651},{"@type":"BreadcrumbList","@id":"https:\/\/consolar.org\/?p=500#breadcrumb","itemListElement":[{"@type":"ListItem","position":1,"name":"In\u00edcio","item":"https:\/\/consolar.org\/"},{"@type":"ListItem","position":2,"name":"A Dor \u00e9 Carn\u00edvora"}]},{"@type":"WebSite","@id":"https:\/\/consolar.org\/#website","url":"https:\/\/consolar.org\/","name":"Consolar.org","description":"Mensagens de conforto e esperan\u00e7a para cora\u00e7\u00f5es que precisam de paz.","publisher":{"@id":"https:\/\/consolar.org\/#organization"},"potentialAction":[{"@type":"SearchAction","target":{"@type":"EntryPoint","urlTemplate":"https:\/\/consolar.org\/?s={search_term_string}"},"query-input":{"@type":"PropertyValueSpecification","valueRequired":true,"valueName":"search_term_string"}}],"inLanguage":"pt-BR"},{"@type":"Organization","@id":"https:\/\/consolar.org\/#organization","name":"Consolar.org","url":"https:\/\/consolar.org\/","logo":{"@type":"ImageObject","inLanguage":"pt-BR","@id":"https:\/\/consolar.org\/#\/schema\/logo\/image\/","url":"https:\/\/consolar.org\/wp-content\/uploads\/2026\/02\/cropped-logonovo03-small.png","contentUrl":"https:\/\/consolar.org\/wp-content\/uploads\/2026\/02\/cropped-logonovo03-small.png","width":280,"height":142,"caption":"Consolar.org"},"image":{"@id":"https:\/\/consolar.org\/#\/schema\/logo\/image\/"},"sameAs":["https:\/\/www.facebook.com\/consolar"]},{"@type":"Person","@id":"https:\/\/consolar.org\/#\/schema\/person\/7b36e38187f2475e58065af654682d5d","name":"Pr Luiz Rubem de Freitas","image":{"@type":"ImageObject","inLanguage":"pt-BR","@id":"https:\/\/secure.gravatar.com\/avatar\/fd59dc00fc4178aa1e085bf491d394e3f72afcd9b1944348dfcec2bbecdc5761?s=96&d=blank&r=g","url":"https:\/\/secure.gravatar.com\/avatar\/fd59dc00fc4178aa1e085bf491d394e3f72afcd9b1944348dfcec2bbecdc5761?s=96&d=blank&r=g","contentUrl":"https:\/\/secure.gravatar.com\/avatar\/fd59dc00fc4178aa1e085bf491d394e3f72afcd9b1944348dfcec2bbecdc5761?s=96&d=blank&r=g","caption":"Pr Luiz Rubem de Freitas"},"url":"https:\/\/consolar.org\/?author=2"}]}},"_links":{"self":[{"href":"https:\/\/consolar.org\/index.php?rest_route=\/wp\/v2\/posts\/500","targetHints":{"allow":["GET"]}}],"collection":[{"href":"https:\/\/consolar.org\/index.php?rest_route=\/wp\/v2\/posts"}],"about":[{"href":"https:\/\/consolar.org\/index.php?rest_route=\/wp\/v2\/types\/post"}],"author":[{"embeddable":true,"href":"https:\/\/consolar.org\/index.php?rest_route=\/wp\/v2\/users\/2"}],"replies":[{"embeddable":true,"href":"https:\/\/consolar.org\/index.php?rest_route=%2Fwp%2Fv2%2Fcomments&post=500"}],"version-history":[{"count":0,"href":"https:\/\/consolar.org\/index.php?rest_route=\/wp\/v2\/posts\/500\/revisions"}],"wp:featuredmedia":[{"embeddable":true,"href":"https:\/\/consolar.org\/index.php?rest_route=\/wp\/v2\/media\/1086"}],"wp:attachment":[{"href":"https:\/\/consolar.org\/index.php?rest_route=%2Fwp%2Fv2%2Fmedia&parent=500"}],"wp:term":[{"taxonomy":"category","embeddable":true,"href":"https:\/\/consolar.org\/index.php?rest_route=%2Fwp%2Fv2%2Fcategories&post=500"},{"taxonomy":"post_tag","embeddable":true,"href":"https:\/\/consolar.org\/index.php?rest_route=%2Fwp%2Fv2%2Ftags&post=500"}],"curies":[{"name":"wp","href":"https:\/\/api.w.org\/{rel}","templated":true}]}}