{"id":496,"date":"2011-03-02T00:00:00","date_gmt":"2011-03-02T03:00:00","guid":{"rendered":"https:\/\/consolar.org\/2011\/03\/02\/a-alegria-do-senhor-e-a-nossa-forca\/"},"modified":"2026-03-18T00:06:48","modified_gmt":"2026-03-18T03:06:48","slug":"a-alegria-do-senhor-e-a-nossa-forca","status":"publish","type":"post","link":"https:\/\/consolar.org\/?p=496","title":{"rendered":"A Alegria do Senhor \u00e9 a Nossa For\u00e7a"},"content":{"rendered":"\n<figure class=\"wp-block-image size-large\"><img loading=\"lazy\" decoding=\"async\" width=\"1024\" height=\"439\" src=\"https:\/\/consolar.org\/wp-content\/uploads\/2011\/03\/1000270534-1024x439.jpg\" alt=\"\" class=\"wp-image-1243\" srcset=\"https:\/\/consolar.org\/wp-content\/uploads\/2011\/03\/1000270534-1024x439.jpg 1024w, https:\/\/consolar.org\/wp-content\/uploads\/2011\/03\/1000270534-300x129.jpg 300w, https:\/\/consolar.org\/wp-content\/uploads\/2011\/03\/1000270534-768x329.jpg 768w, https:\/\/consolar.org\/wp-content\/uploads\/2011\/03\/1000270534.jpg 1200w\" sizes=\"auto, (max-width: 1024px) 100vw, 1024px\" \/><\/figure>\n\n\n\n<p>Ao ler o livro de Neemias encontramos um dos mais belos e conhecidos textos da B\u00edblia que diz assim:<\/p>\n\n\n\n<p class=\"has-text-align-center\"><em> &#8220;Disse-lhes mais: Ide, comei as gorduras, e bebei as do\u00e7uras, e enviai por\u00e7\u00f5es aos que n\u00e3o t\u00eam nada preparado para si; porque este dia \u00e9 consagrado ao nosso Senhor; portanto n\u00e3o vos entriste\u00e7ais; porque a alegria do SENHOR \u00e9 a vossa for\u00e7a&#8221; (Neemias 8.10). <\/em><\/p>\n\n\n\n<p>Lembro-vos, ao ver os que est\u00e3o chorando e, o homem bom com fome; a doen\u00e7a abatendo fam\u00edlias inteiras; a despedida de um grande amor; a sede de respirar de quem n\u00e3o consegue mais viver; a luta para sair do po\u00e7o da amargura; a batalha para ficar de p\u00e9 e a terr\u00edvel queda dos muros de cidades, casas, casamentos, relacionamentos e quem sabe at\u00e9 de sua fam\u00edlia, que: a alegria do Senhor \u00e9 a nossa for\u00e7a. <\/p>\n\n\n\n<p>Alguns s\u00e9culos atr\u00e1s homens e mulheres que decidiram confiar em Deus testemunham que ter Deus feliz \u00e9 a nossa for\u00e7a. Afirmo que Deus n\u00e3o est\u00e1 sempre feliz. Sim, h\u00e1 momentos que Ele se entristece. Mas, n\u00e3o h\u00e1 alegria maior para o Pai do que ter seus filhinhos bem perto. Como um pai que recebe a visita de um filho com um sorriso contagiante, Deus se alegra quando estamos na presen\u00e7a dEle, o amamos e fazemos a sua vontade. <\/p>\n\n\n\n<p>H\u00e1 uma escolha, uma decis\u00e3o a ser tomada: escolher ser triste ou alegre; decidir ser fraco ou forte. Qual ser\u00e1 a sua escolha? A escolha \u00e9 Jesus. N\u00e3o h\u00e1 nada que traga mais alegria ao Senhor do que aceitar o conforto, o abrigo e as Boas Novas de salva\u00e7\u00e3o do Filho de Deus. Agora que tu sabes o que alegra o cora\u00e7\u00e3o de Deus, tome a decis\u00e3o de alegr\u00e1-lO. N\u00e3o adianta fazer sacrif\u00edcios, n\u00e3o adianta fazer for\u00e7a. Entregue-se a Jesus, renda-se ao seu amor e a sua vontade. O melhor da vida \u00e9, enquanto estamos aqui, alegrarmos o cora\u00e7\u00e3o de Deus. <\/p>\n\n\n\n<p>Agora imagine ver a alegria do Senhor quando: <\/p>\n\n\n\n<p class=\"has-text-align-center\">&#8211; Recebeste uma not\u00edcia que quase te nocauteou. Voc\u00ea est\u00e1 desesperado. Deus estende as m\u00e3os e tu o abra\u00e7as. Ele estar\u00e1 alegre, ent\u00e3o n\u00e3o vos desespereis; a alegria do Senhor \u00e9 a vossa for\u00e7a; <br>&#8211; Uma perda abateu sobre sua vida. Voc\u00ea est\u00e1 cansado. Entretanto, correste para descansar nos bra\u00e7os de Deus. A tua presen\u00e7a alegrou o Pai. Assim n\u00e3o mais vos canseis; a alegria do Senhor \u00e9 a vossa for\u00e7a; <br>&#8211; Uma doen\u00e7a visitou a sua casa. Voc\u00ea est\u00e1 derrotado. Mas, Deus est\u00e1 contigo, cuida de ti e se alegra com a sua decis\u00e3o de confiar nEle. Desta feita, n\u00e3o mais vos derroteis; a alegria do Senhor \u00e9 a vossa for\u00e7a; <br>&#8211; Seu amado ou amada foi embora. Voc\u00ea est\u00e1 triste. Por\u00e9m, escolheste o melhor caminho, o caminho do Senhor. Ele se alegrou contigo. <\/p>\n\n\n\n<p>Ent\u00e3o n\u00e3o vos entriste\u00e7ais; a alegria do Senhor \u00e9 a vossa for\u00e7a. Ide, pois a presen\u00e7a do Pai alegre. Hoje \u00e9 o dia consagrado ao nosso Senhor, para tua salva\u00e7\u00e3o, a tua esperan\u00e7a, o teu renovo, a tua vit\u00f3ria e a tua alegria. <\/p>\n\n\n\n<p>Ora\u00e7\u00e3o: Senhor, tu \u00e9s a nossa alegria e a nossa for\u00e7a.<\/p>\n","protected":false},"excerpt":{"rendered":"<p>Ao ler o livro de Neemias encontramos um dos mais belos e conhecidos textos da B\u00edblia que diz assim: &#8220;Disse-lhes mais: Ide, comei as gorduras, e bebei as do\u00e7uras, e enviai por\u00e7\u00f5es aos que n\u00e3o t\u00eam nada preparado para si; porque este dia \u00e9 consagrado ao nosso Senhor; portanto n\u00e3o vos entriste\u00e7ais; porque a alegria <a class=\"more-link\" href=\"https:\/\/consolar.org\/?p=496\">&hellip; Continue lendo&hellip; &rarr;<\/a><\/p>\n","protected":false},"author":2,"featured_media":1243,"comment_status":"closed","ping_status":"closed","sticky":false,"template":"","format":"standard","meta":{"_ayudawp_aiss_exclude":false,"footnotes":"","_wpscppro_dont_share_socialmedia":false,"_wpscppro_custom_social_share_image":0,"_facebook_share_type":"","_twitter_share_type":"","_linkedin_share_type":"","_pinterest_share_type":"","_linkedin_share_type_page":"","_instagram_share_type":"","_medium_share_type":"","_threads_share_type":"","_google_business_share_type":"","_selected_social_profile":[],"_wpsp_enable_custom_social_template":false,"_wpsp_social_scheduling":{"enabled":false,"datetime":null,"platforms":[],"status":"template_only","dateOption":"today","timeOption":"now","customDays":"","customHours":"","customDate":"","customTime":"","schedulingType":"absolute"},"_wpsp_active_default_template":true},"categories":[1],"tags":[],"class_list":["post-496","post","type-post","status-publish","format-standard","has-post-thumbnail","hentry","category-uncategorized"],"yoast_head":"<!-- This site is optimized with the Yoast SEO Premium plugin v27.3 (Yoast SEO v27.5) - https:\/\/yoast.com\/product\/yoast-seo-premium-wordpress\/ -->\n<title>A Alegria do Senhor \u00e9 a Nossa For\u00e7a - Consolar.org<\/title>\n<meta name=\"robots\" content=\"index, follow, max-snippet:-1, max-image-preview:large, max-video-preview:-1\" \/>\n<link rel=\"canonical\" href=\"https:\/\/consolar.org\/?p=496\" \/>\n<meta property=\"og:locale\" content=\"pt_BR\" \/>\n<meta property=\"og:type\" content=\"article\" \/>\n<meta property=\"og:title\" content=\"A Alegria do Senhor \u00e9 a Nossa For\u00e7a\" \/>\n<meta property=\"og:description\" content=\"Ao ler o livro de Neemias encontramos um dos mais belos e conhecidos textos da B\u00edblia que diz assim: &#8220;Disse-lhes mais: Ide, comei as gorduras, e bebei as do\u00e7uras, e enviai por\u00e7\u00f5es aos que n\u00e3o t\u00eam nada preparado para si; porque este dia \u00e9 consagrado ao nosso Senhor; portanto n\u00e3o vos entriste\u00e7ais; porque a alegria &hellip; Continue lendo&hellip; &rarr;\" \/>\n<meta property=\"og:url\" content=\"https:\/\/consolar.org\/?p=496\" \/>\n<meta property=\"og:site_name\" content=\"Consolar.org\" \/>\n<meta property=\"article:publisher\" content=\"https:\/\/www.facebook.com\/consolar\" \/>\n<meta property=\"article:published_time\" content=\"2011-03-02T03:00:00+00:00\" \/>\n<meta property=\"article:modified_time\" content=\"2026-03-18T03:06:48+00:00\" \/>\n<meta property=\"og:image\" content=\"https:\/\/consolar.org\/wp-content\/uploads\/2011\/03\/1000270534.jpg\" \/>\n\t<meta property=\"og:image:width\" content=\"1200\" \/>\n\t<meta property=\"og:image:height\" content=\"514\" \/>\n\t<meta property=\"og:image:type\" content=\"image\/jpeg\" \/>\n<meta name=\"author\" content=\"Pr Luiz Rubem de Freitas\" \/>\n<meta name=\"twitter:card\" content=\"summary_large_image\" \/>\n<meta name=\"twitter:label1\" content=\"Escrito por\" \/>\n\t<meta name=\"twitter:data1\" content=\"Pr Luiz Rubem de Freitas\" \/>\n\t<meta name=\"twitter:label2\" content=\"Est. tempo de leitura\" \/>\n\t<meta name=\"twitter:data2\" content=\"3 minutos\" \/>\n<script type=\"application\/ld+json\" class=\"yoast-schema-graph\">{\"@context\":\"https:\\\/\\\/schema.org\",\"@graph\":[{\"@type\":\"Article\",\"@id\":\"https:\\\/\\\/consolar.org\\\/?p=496#article\",\"isPartOf\":{\"@id\":\"https:\\\/\\\/consolar.org\\\/?p=496\"},\"author\":{\"name\":\"Pr Luiz Rubem de Freitas\",\"@id\":\"https:\\\/\\\/consolar.org\\\/#\\\/schema\\\/person\\\/7b36e38187f2475e58065af654682d5d\"},\"headline\":\"A Alegria do Senhor \u00e9 a Nossa For\u00e7a\",\"datePublished\":\"2011-03-02T03:00:00+00:00\",\"dateModified\":\"2026-03-18T03:06:48+00:00\",\"mainEntityOfPage\":{\"@id\":\"https:\\\/\\\/consolar.org\\\/?p=496\"},\"wordCount\":568,\"publisher\":{\"@id\":\"https:\\\/\\\/consolar.org\\\/#organization\"},\"image\":{\"@id\":\"https:\\\/\\\/consolar.org\\\/?p=496#primaryimage\"},\"thumbnailUrl\":\"https:\\\/\\\/consolar.org\\\/wp-content\\\/uploads\\\/2011\\\/03\\\/1000270534.jpg\",\"articleSection\":[\"Uncategorized\"],\"inLanguage\":\"pt-BR\"},{\"@type\":\"WebPage\",\"@id\":\"https:\\\/\\\/consolar.org\\\/?p=496\",\"url\":\"https:\\\/\\\/consolar.org\\\/?p=496\",\"name\":\"A Alegria do Senhor \u00e9 a Nossa For\u00e7a - Consolar.org\",\"isPartOf\":{\"@id\":\"https:\\\/\\\/consolar.org\\\/#website\"},\"primaryImageOfPage\":{\"@id\":\"https:\\\/\\\/consolar.org\\\/?p=496#primaryimage\"},\"image\":{\"@id\":\"https:\\\/\\\/consolar.org\\\/?p=496#primaryimage\"},\"thumbnailUrl\":\"https:\\\/\\\/consolar.org\\\/wp-content\\\/uploads\\\/2011\\\/03\\\/1000270534.jpg\",\"datePublished\":\"2011-03-02T03:00:00+00:00\",\"dateModified\":\"2026-03-18T03:06:48+00:00\",\"breadcrumb\":{\"@id\":\"https:\\\/\\\/consolar.org\\\/?p=496#breadcrumb\"},\"inLanguage\":\"pt-BR\",\"potentialAction\":[{\"@type\":\"ReadAction\",\"target\":[\"https:\\\/\\\/consolar.org\\\/?p=496\"]}]},{\"@type\":\"ImageObject\",\"inLanguage\":\"pt-BR\",\"@id\":\"https:\\\/\\\/consolar.org\\\/?p=496#primaryimage\",\"url\":\"https:\\\/\\\/consolar.org\\\/wp-content\\\/uploads\\\/2011\\\/03\\\/1000270534.jpg\",\"contentUrl\":\"https:\\\/\\\/consolar.org\\\/wp-content\\\/uploads\\\/2011\\\/03\\\/1000270534.jpg\",\"width\":1200,\"height\":514},{\"@type\":\"BreadcrumbList\",\"@id\":\"https:\\\/\\\/consolar.org\\\/?p=496#breadcrumb\",\"itemListElement\":[{\"@type\":\"ListItem\",\"position\":1,\"name\":\"In\u00edcio\",\"item\":\"https:\\\/\\\/consolar.org\\\/\"},{\"@type\":\"ListItem\",\"position\":2,\"name\":\"A Alegria do Senhor \u00e9 a Nossa For\u00e7a\"}]},{\"@type\":\"WebSite\",\"@id\":\"https:\\\/\\\/consolar.org\\\/#website\",\"url\":\"https:\\\/\\\/consolar.org\\\/\",\"name\":\"Consolar.org\",\"description\":\"Mensagens de conforto e esperan\u00e7a para cora\u00e7\u00f5es que precisam de paz.\",\"publisher\":{\"@id\":\"https:\\\/\\\/consolar.org\\\/#organization\"},\"potentialAction\":[{\"@type\":\"SearchAction\",\"target\":{\"@type\":\"EntryPoint\",\"urlTemplate\":\"https:\\\/\\\/consolar.org\\\/?s={search_term_string}\"},\"query-input\":{\"@type\":\"PropertyValueSpecification\",\"valueRequired\":true,\"valueName\":\"search_term_string\"}}],\"inLanguage\":\"pt-BR\"},{\"@type\":\"Organization\",\"@id\":\"https:\\\/\\\/consolar.org\\\/#organization\",\"name\":\"Consolar.org\",\"url\":\"https:\\\/\\\/consolar.org\\\/\",\"logo\":{\"@type\":\"ImageObject\",\"inLanguage\":\"pt-BR\",\"@id\":\"https:\\\/\\\/consolar.org\\\/#\\\/schema\\\/logo\\\/image\\\/\",\"url\":\"https:\\\/\\\/consolar.org\\\/wp-content\\\/uploads\\\/2026\\\/02\\\/cropped-logonovo03-small.png\",\"contentUrl\":\"https:\\\/\\\/consolar.org\\\/wp-content\\\/uploads\\\/2026\\\/02\\\/cropped-logonovo03-small.png\",\"width\":280,\"height\":142,\"caption\":\"Consolar.org\"},\"image\":{\"@id\":\"https:\\\/\\\/consolar.org\\\/#\\\/schema\\\/logo\\\/image\\\/\"},\"sameAs\":[\"https:\\\/\\\/www.facebook.com\\\/consolar\"]},{\"@type\":\"Person\",\"@id\":\"https:\\\/\\\/consolar.org\\\/#\\\/schema\\\/person\\\/7b36e38187f2475e58065af654682d5d\",\"name\":\"Pr Luiz Rubem de Freitas\",\"image\":{\"@type\":\"ImageObject\",\"inLanguage\":\"pt-BR\",\"@id\":\"https:\\\/\\\/secure.gravatar.com\\\/avatar\\\/fd59dc00fc4178aa1e085bf491d394e3f72afcd9b1944348dfcec2bbecdc5761?s=96&d=blank&r=g\",\"url\":\"https:\\\/\\\/secure.gravatar.com\\\/avatar\\\/fd59dc00fc4178aa1e085bf491d394e3f72afcd9b1944348dfcec2bbecdc5761?s=96&d=blank&r=g\",\"contentUrl\":\"https:\\\/\\\/secure.gravatar.com\\\/avatar\\\/fd59dc00fc4178aa1e085bf491d394e3f72afcd9b1944348dfcec2bbecdc5761?s=96&d=blank&r=g\",\"caption\":\"Pr Luiz Rubem de Freitas\"},\"url\":\"https:\\\/\\\/consolar.org\\\/?author=2\"}]}<\/script>\n<!-- \/ Yoast SEO Premium plugin. -->","yoast_head_json":{"title":"A Alegria do Senhor \u00e9 a Nossa For\u00e7a - Consolar.org","robots":{"index":"index","follow":"follow","max-snippet":"max-snippet:-1","max-image-preview":"max-image-preview:large","max-video-preview":"max-video-preview:-1"},"canonical":"https:\/\/consolar.org\/?p=496","og_locale":"pt_BR","og_type":"article","og_title":"A Alegria do Senhor \u00e9 a Nossa For\u00e7a","og_description":"Ao ler o livro de Neemias encontramos um dos mais belos e conhecidos textos da B\u00edblia que diz assim: &#8220;Disse-lhes mais: Ide, comei as gorduras, e bebei as do\u00e7uras, e enviai por\u00e7\u00f5es aos que n\u00e3o t\u00eam nada preparado para si; porque este dia \u00e9 consagrado ao nosso Senhor; portanto n\u00e3o vos entriste\u00e7ais; porque a alegria &hellip; Continue lendo&hellip; &rarr;","og_url":"https:\/\/consolar.org\/?p=496","og_site_name":"Consolar.org","article_publisher":"https:\/\/www.facebook.com\/consolar","article_published_time":"2011-03-02T03:00:00+00:00","article_modified_time":"2026-03-18T03:06:48+00:00","og_image":[{"width":1200,"height":514,"url":"https:\/\/consolar.org\/wp-content\/uploads\/2011\/03\/1000270534.jpg","type":"image\/jpeg"}],"author":"Pr Luiz Rubem de Freitas","twitter_card":"summary_large_image","twitter_misc":{"Escrito por":"Pr Luiz Rubem de Freitas","Est. tempo de leitura":"3 minutos"},"schema":{"@context":"https:\/\/schema.org","@graph":[{"@type":"Article","@id":"https:\/\/consolar.org\/?p=496#article","isPartOf":{"@id":"https:\/\/consolar.org\/?p=496"},"author":{"name":"Pr Luiz Rubem de Freitas","@id":"https:\/\/consolar.org\/#\/schema\/person\/7b36e38187f2475e58065af654682d5d"},"headline":"A Alegria do Senhor \u00e9 a Nossa For\u00e7a","datePublished":"2011-03-02T03:00:00+00:00","dateModified":"2026-03-18T03:06:48+00:00","mainEntityOfPage":{"@id":"https:\/\/consolar.org\/?p=496"},"wordCount":568,"publisher":{"@id":"https:\/\/consolar.org\/#organization"},"image":{"@id":"https:\/\/consolar.org\/?p=496#primaryimage"},"thumbnailUrl":"https:\/\/consolar.org\/wp-content\/uploads\/2011\/03\/1000270534.jpg","articleSection":["Uncategorized"],"inLanguage":"pt-BR"},{"@type":"WebPage","@id":"https:\/\/consolar.org\/?p=496","url":"https:\/\/consolar.org\/?p=496","name":"A Alegria do Senhor \u00e9 a Nossa For\u00e7a - Consolar.org","isPartOf":{"@id":"https:\/\/consolar.org\/#website"},"primaryImageOfPage":{"@id":"https:\/\/consolar.org\/?p=496#primaryimage"},"image":{"@id":"https:\/\/consolar.org\/?p=496#primaryimage"},"thumbnailUrl":"https:\/\/consolar.org\/wp-content\/uploads\/2011\/03\/1000270534.jpg","datePublished":"2011-03-02T03:00:00+00:00","dateModified":"2026-03-18T03:06:48+00:00","breadcrumb":{"@id":"https:\/\/consolar.org\/?p=496#breadcrumb"},"inLanguage":"pt-BR","potentialAction":[{"@type":"ReadAction","target":["https:\/\/consolar.org\/?p=496"]}]},{"@type":"ImageObject","inLanguage":"pt-BR","@id":"https:\/\/consolar.org\/?p=496#primaryimage","url":"https:\/\/consolar.org\/wp-content\/uploads\/2011\/03\/1000270534.jpg","contentUrl":"https:\/\/consolar.org\/wp-content\/uploads\/2011\/03\/1000270534.jpg","width":1200,"height":514},{"@type":"BreadcrumbList","@id":"https:\/\/consolar.org\/?p=496#breadcrumb","itemListElement":[{"@type":"ListItem","position":1,"name":"In\u00edcio","item":"https:\/\/consolar.org\/"},{"@type":"ListItem","position":2,"name":"A Alegria do Senhor \u00e9 a Nossa For\u00e7a"}]},{"@type":"WebSite","@id":"https:\/\/consolar.org\/#website","url":"https:\/\/consolar.org\/","name":"Consolar.org","description":"Mensagens de conforto e esperan\u00e7a para cora\u00e7\u00f5es que precisam de paz.","publisher":{"@id":"https:\/\/consolar.org\/#organization"},"potentialAction":[{"@type":"SearchAction","target":{"@type":"EntryPoint","urlTemplate":"https:\/\/consolar.org\/?s={search_term_string}"},"query-input":{"@type":"PropertyValueSpecification","valueRequired":true,"valueName":"search_term_string"}}],"inLanguage":"pt-BR"},{"@type":"Organization","@id":"https:\/\/consolar.org\/#organization","name":"Consolar.org","url":"https:\/\/consolar.org\/","logo":{"@type":"ImageObject","inLanguage":"pt-BR","@id":"https:\/\/consolar.org\/#\/schema\/logo\/image\/","url":"https:\/\/consolar.org\/wp-content\/uploads\/2026\/02\/cropped-logonovo03-small.png","contentUrl":"https:\/\/consolar.org\/wp-content\/uploads\/2026\/02\/cropped-logonovo03-small.png","width":280,"height":142,"caption":"Consolar.org"},"image":{"@id":"https:\/\/consolar.org\/#\/schema\/logo\/image\/"},"sameAs":["https:\/\/www.facebook.com\/consolar"]},{"@type":"Person","@id":"https:\/\/consolar.org\/#\/schema\/person\/7b36e38187f2475e58065af654682d5d","name":"Pr Luiz Rubem de Freitas","image":{"@type":"ImageObject","inLanguage":"pt-BR","@id":"https:\/\/secure.gravatar.com\/avatar\/fd59dc00fc4178aa1e085bf491d394e3f72afcd9b1944348dfcec2bbecdc5761?s=96&d=blank&r=g","url":"https:\/\/secure.gravatar.com\/avatar\/fd59dc00fc4178aa1e085bf491d394e3f72afcd9b1944348dfcec2bbecdc5761?s=96&d=blank&r=g","contentUrl":"https:\/\/secure.gravatar.com\/avatar\/fd59dc00fc4178aa1e085bf491d394e3f72afcd9b1944348dfcec2bbecdc5761?s=96&d=blank&r=g","caption":"Pr Luiz Rubem de Freitas"},"url":"https:\/\/consolar.org\/?author=2"}]}},"_links":{"self":[{"href":"https:\/\/consolar.org\/index.php?rest_route=\/wp\/v2\/posts\/496","targetHints":{"allow":["GET"]}}],"collection":[{"href":"https:\/\/consolar.org\/index.php?rest_route=\/wp\/v2\/posts"}],"about":[{"href":"https:\/\/consolar.org\/index.php?rest_route=\/wp\/v2\/types\/post"}],"author":[{"embeddable":true,"href":"https:\/\/consolar.org\/index.php?rest_route=\/wp\/v2\/users\/2"}],"replies":[{"embeddable":true,"href":"https:\/\/consolar.org\/index.php?rest_route=%2Fwp%2Fv2%2Fcomments&post=496"}],"version-history":[{"count":2,"href":"https:\/\/consolar.org\/index.php?rest_route=\/wp\/v2\/posts\/496\/revisions"}],"predecessor-version":[{"id":1245,"href":"https:\/\/consolar.org\/index.php?rest_route=\/wp\/v2\/posts\/496\/revisions\/1245"}],"wp:featuredmedia":[{"embeddable":true,"href":"https:\/\/consolar.org\/index.php?rest_route=\/wp\/v2\/media\/1243"}],"wp:attachment":[{"href":"https:\/\/consolar.org\/index.php?rest_route=%2Fwp%2Fv2%2Fmedia&parent=496"}],"wp:term":[{"taxonomy":"category","embeddable":true,"href":"https:\/\/consolar.org\/index.php?rest_route=%2Fwp%2Fv2%2Fcategories&post=496"},{"taxonomy":"post_tag","embeddable":true,"href":"https:\/\/consolar.org\/index.php?rest_route=%2Fwp%2Fv2%2Ftags&post=496"}],"curies":[{"name":"wp","href":"https:\/\/api.w.org\/{rel}","templated":true}]}}