{"id":493,"date":"2012-01-31T00:00:00","date_gmt":"2012-01-31T03:00:00","guid":{"rendered":"https:\/\/consolar.org\/2012\/01\/31\/vada-bordo\/"},"modified":"2026-02-27T18:06:29","modified_gmt":"2026-02-27T21:06:29","slug":"vada-bordo","status":"publish","type":"post","link":"https:\/\/consolar.org\/?p=493","title":{"rendered":"&#8220;Vada Bordo!&#8221;"},"content":{"rendered":"\n<figure class=\"wp-block-image size-large\"><img loading=\"lazy\" decoding=\"async\" width=\"1024\" height=\"487\" src=\"https:\/\/consolar.org\/wp-content\/uploads\/2012\/01\/vadabordo-1024x487.jpg\" alt=\"\" class=\"wp-image-1111\" srcset=\"https:\/\/consolar.org\/wp-content\/uploads\/2012\/01\/vadabordo-1024x487.jpg 1024w, https:\/\/consolar.org\/wp-content\/uploads\/2012\/01\/vadabordo-300x143.jpg 300w, https:\/\/consolar.org\/wp-content\/uploads\/2012\/01\/vadabordo-768x365.jpg 768w, https:\/\/consolar.org\/wp-content\/uploads\/2012\/01\/vadabordo.jpg 1200w\" sizes=\"auto, (max-width: 1024px) 100vw, 1024px\" \/><\/figure>\n\n\n\n<p class=\"has-text-align-center\"><em>&#8220;E, Jesus entrando ele no barco, seus disc\u00edpulos o seguiram; E eis que no mar se levantou <\/em><br><em>uma tempestade, t\u00e3o grande que o barco era coberto pelas ondas; ele, por\u00e9m, estava dormindo. <\/em><br><em>E os seus disc\u00edpulos, aproximando-se, o despertaram, dizendo: Senhor, salva-nos! que perecemos. <\/em><br><em>E ele disse-lhes: Por que temeis, homens de pouca f\u00e9? Ent\u00e3o, levantando-se, <\/em><br><em>repreendeu os ventos e o mar, e seguiu-se uma grande bonan\u00e7a. <\/em><br><em>E aqueles homens se maravilharam, dizendo: Que homem \u00e9 este, <\/em><br><em>que at\u00e9 os ventos e o mar lhe obedecem?&#8221; (Mateus 8.23-27) <\/em><\/p>\n\n\n\n<p>O capit\u00e3o declarou aos ju\u00edzes que n\u00e3o abandonou o navio e que salvou milhares de vidas &#8211; disse o advogado do Comandante do Cruzeiro Costa Conc\u00f3rdia que naufragou em \u00e1guas italianas. O capit\u00e3o n\u00e3o participou do resgate dos passageiros de acordo com grava\u00e7\u00e3o de uma conversa entre ele e a Guarda Costeira italiana horas ap\u00f3s o naufr\u00e1gio. Os trechos da conversa entre o capit\u00e3o Schettino e a Guarda Costeira demonstram que ele n\u00e3o estava no comando da opera\u00e7\u00e3o de esvaziamento da embarca\u00e7\u00e3o. Ele saiu, fugiu, abandonou o resgate, temeu, chorou, mentiu e desobedeceu a clara ordem da Capitania dos Portos de ir a bordo: &#8220;Vada bordo!&#8221;. Em outro trecho, o oficial pede que o comandante informe quantas mulheres e crian\u00e7as ainda est\u00e3o no cruzeiro: &#8220;Agora v\u00e1 at\u00e9 a proa, suba pela escada de socorro e coordene a retirada. Voc\u00ea precisa nos dizer quanta gente ainda est\u00e1 l\u00e1, se h\u00e1 crian\u00e7as, mulheres, passageiros, o n\u00famero exato de cada categoria&#8221;. &#8220;Vada bordo!&#8221;. <\/p>\n\n\n\n<p>\u00c9 impressionante o n\u00famero de pessoas que fogem, desistem, correm da raia, pulam do barco como ratos num navio em naufr\u00e1gio. Gente que se esquecendo da fam\u00edlia, do c\u00f4njuge, de amigos, de irm\u00e3os, tentando salvar a si mesmo, busca o porto inseguro do vicio, da mentira, da bebida, da infidelidade, da lux\u00faria, da noite escura, do sorriso pago, da angustia de morrer na praia. &#8211; O barco da fam\u00edlia est\u00e1 afundando e eles saltam primeiro! &#8211; A embarca\u00e7\u00e3o dos relacionamentos est\u00e1 naufragando e eles se jogam no mar do descaso e da mentira! &#8211; O cruzeiro da vida est\u00e1 acabando e mesmo assim, as omiss\u00f5es dominam o mar que deveria estar sossegado! <\/p>\n\n\n\n<p>Vada Bordo! V\u00e1 a bordo! N\u00e3o deixe seus relacionamentos naufragarem. N\u00e3o fuja! N\u00e3o permita sua fam\u00edlia ser destru\u00edda pelo descaso de algu\u00e9m. N\u00e3o desista de seus filhos, de seu esposo, de sua fam\u00edlia, de seu trabalho, dos planos de Deus para sua vida. Persevere. Sua esperan\u00e7a, sua vit\u00f3ria reside em n\u00e3o desistir de sua casa, de sua fam\u00edlia, de sua vida. Deixe Jesus ir a bordo do barco de sua vida. N\u00e3o h\u00e1 seguran\u00e7a maior que ter Jesus como Senhor de nossas vidas. Permita que Ele seja o Senhor da sua vida. Ele nunca te deixar\u00e1. <\/p>\n\n\n\n<p>Jesus nunca pular\u00e1 do barco. Ali\u00e1s, Ele estar\u00e1 sempre contigo para te salvar e livrar de naufr\u00e1gios, tempestades, terremotos &#8211; desastres do cora\u00e7\u00e3o, da alma, do esp\u00edrito. N\u00e3o permita que o barco de sua vida chegue a um momento t\u00e3o doloroso, a ponto de perigar naufragar para conhecer a Jesus. Pe\u00e7a a Ele: Venha a bordo de minha vida. T\u00ea-lo no barco evitar\u00e1 tempestades, e se elas se abaterem sobre ti, n\u00e3o h\u00e1 motivos para tem\u00ea-la, pois o Salvador estar\u00e1 contigo. <\/p>\n\n\n\n<p>Ora\u00e7\u00e3o: Paizinho. Vada bordo de minha vida! Entre e fique. Comande meu cora\u00e7\u00e3o. Sei que contigo no barco tudo vai muito bem!<\/p>\n","protected":false},"excerpt":{"rendered":"<p>&#8220;E, Jesus entrando ele no barco, seus disc\u00edpulos o seguiram; E eis que no mar se levantou uma tempestade, t\u00e3o grande que o barco era coberto pelas ondas; ele, por\u00e9m, estava dormindo. E os seus disc\u00edpulos, aproximando-se, o despertaram, dizendo: Senhor, salva-nos! que perecemos. E ele disse-lhes: Por que temeis, homens de pouca f\u00e9? Ent\u00e3o, <a class=\"more-link\" href=\"https:\/\/consolar.org\/?p=493\">&hellip; Continue lendo&hellip; &rarr;<\/a><\/p>\n","protected":false},"author":2,"featured_media":1111,"comment_status":"closed","ping_status":"closed","sticky":false,"template":"","format":"standard","meta":{"_ayudawp_aiss_exclude":false,"footnotes":"","_wpscppro_dont_share_socialmedia":false,"_wpscppro_custom_social_share_image":0,"_facebook_share_type":"","_twitter_share_type":"","_linkedin_share_type":"","_pinterest_share_type":"","_linkedin_share_type_page":"","_instagram_share_type":"","_medium_share_type":"","_threads_share_type":"","_google_business_share_type":"","_selected_social_profile":[],"_wpsp_enable_custom_social_template":false,"_wpsp_social_scheduling":{"enabled":false,"datetime":null,"platforms":[],"status":"template_only","dateOption":"today","timeOption":"now","customDays":"","customHours":"","customDate":"","customTime":"","schedulingType":"absolute"},"_wpsp_active_default_template":true},"categories":[1],"tags":[],"class_list":["post-493","post","type-post","status-publish","format-standard","has-post-thumbnail","hentry","category-uncategorized"],"yoast_head":"<!-- This site is optimized with the Yoast SEO Premium plugin v27.3 (Yoast SEO v27.5) - https:\/\/yoast.com\/product\/yoast-seo-premium-wordpress\/ -->\n<title>&quot;Vada Bordo!&quot; - Consolar.org<\/title>\n<meta name=\"robots\" content=\"index, follow, max-snippet:-1, max-image-preview:large, max-video-preview:-1\" \/>\n<link rel=\"canonical\" href=\"https:\/\/consolar.org\/?p=493\" \/>\n<meta property=\"og:locale\" content=\"pt_BR\" \/>\n<meta property=\"og:type\" content=\"article\" \/>\n<meta property=\"og:title\" content=\"&quot;Vada Bordo!&quot;\" \/>\n<meta property=\"og:description\" content=\"&#8220;E, Jesus entrando ele no barco, seus disc\u00edpulos o seguiram; E eis que no mar se levantou uma tempestade, t\u00e3o grande que o barco era coberto pelas ondas; ele, por\u00e9m, estava dormindo. E os seus disc\u00edpulos, aproximando-se, o despertaram, dizendo: Senhor, salva-nos! que perecemos. E ele disse-lhes: Por que temeis, homens de pouca f\u00e9? Ent\u00e3o, &hellip; Continue lendo&hellip; &rarr;\" \/>\n<meta property=\"og:url\" content=\"https:\/\/consolar.org\/?p=493\" \/>\n<meta property=\"og:site_name\" content=\"Consolar.org\" \/>\n<meta property=\"article:publisher\" content=\"https:\/\/www.facebook.com\/consolar\" \/>\n<meta property=\"article:published_time\" content=\"2012-01-31T03:00:00+00:00\" \/>\n<meta property=\"article:modified_time\" content=\"2026-02-27T21:06:29+00:00\" \/>\n<meta property=\"og:image\" content=\"https:\/\/consolar.org\/wp-content\/uploads\/2012\/01\/vadabordo.jpg\" \/>\n\t<meta property=\"og:image:width\" content=\"1200\" \/>\n\t<meta property=\"og:image:height\" content=\"571\" \/>\n\t<meta property=\"og:image:type\" content=\"image\/jpeg\" \/>\n<meta name=\"author\" content=\"Pr Luiz Rubem de Freitas\" \/>\n<meta name=\"twitter:card\" content=\"summary_large_image\" \/>\n<meta name=\"twitter:label1\" content=\"Escrito por\" \/>\n\t<meta name=\"twitter:data1\" content=\"Pr Luiz Rubem de Freitas\" \/>\n\t<meta name=\"twitter:label2\" content=\"Est. tempo de leitura\" \/>\n\t<meta name=\"twitter:data2\" content=\"3 minutos\" \/>\n<script type=\"application\/ld+json\" class=\"yoast-schema-graph\">{\"@context\":\"https:\\\/\\\/schema.org\",\"@graph\":[{\"@type\":\"Article\",\"@id\":\"https:\\\/\\\/consolar.org\\\/?p=493#article\",\"isPartOf\":{\"@id\":\"https:\\\/\\\/consolar.org\\\/?p=493\"},\"author\":{\"name\":\"Pr Luiz Rubem de Freitas\",\"@id\":\"https:\\\/\\\/consolar.org\\\/#\\\/schema\\\/person\\\/7b36e38187f2475e58065af654682d5d\"},\"headline\":\"&#8220;Vada Bordo!&#8221;\",\"datePublished\":\"2012-01-31T03:00:00+00:00\",\"dateModified\":\"2026-02-27T21:06:29+00:00\",\"mainEntityOfPage\":{\"@id\":\"https:\\\/\\\/consolar.org\\\/?p=493\"},\"wordCount\":617,\"publisher\":{\"@id\":\"https:\\\/\\\/consolar.org\\\/#organization\"},\"image\":{\"@id\":\"https:\\\/\\\/consolar.org\\\/?p=493#primaryimage\"},\"thumbnailUrl\":\"https:\\\/\\\/consolar.org\\\/wp-content\\\/uploads\\\/2012\\\/01\\\/vadabordo.jpg\",\"articleSection\":[\"Uncategorized\"],\"inLanguage\":\"pt-BR\"},{\"@type\":\"WebPage\",\"@id\":\"https:\\\/\\\/consolar.org\\\/?p=493\",\"url\":\"https:\\\/\\\/consolar.org\\\/?p=493\",\"name\":\"\\\"Vada Bordo!\\\" - Consolar.org\",\"isPartOf\":{\"@id\":\"https:\\\/\\\/consolar.org\\\/#website\"},\"primaryImageOfPage\":{\"@id\":\"https:\\\/\\\/consolar.org\\\/?p=493#primaryimage\"},\"image\":{\"@id\":\"https:\\\/\\\/consolar.org\\\/?p=493#primaryimage\"},\"thumbnailUrl\":\"https:\\\/\\\/consolar.org\\\/wp-content\\\/uploads\\\/2012\\\/01\\\/vadabordo.jpg\",\"datePublished\":\"2012-01-31T03:00:00+00:00\",\"dateModified\":\"2026-02-27T21:06:29+00:00\",\"breadcrumb\":{\"@id\":\"https:\\\/\\\/consolar.org\\\/?p=493#breadcrumb\"},\"inLanguage\":\"pt-BR\",\"potentialAction\":[{\"@type\":\"ReadAction\",\"target\":[\"https:\\\/\\\/consolar.org\\\/?p=493\"]}]},{\"@type\":\"ImageObject\",\"inLanguage\":\"pt-BR\",\"@id\":\"https:\\\/\\\/consolar.org\\\/?p=493#primaryimage\",\"url\":\"https:\\\/\\\/consolar.org\\\/wp-content\\\/uploads\\\/2012\\\/01\\\/vadabordo.jpg\",\"contentUrl\":\"https:\\\/\\\/consolar.org\\\/wp-content\\\/uploads\\\/2012\\\/01\\\/vadabordo.jpg\",\"width\":1200,\"height\":571},{\"@type\":\"BreadcrumbList\",\"@id\":\"https:\\\/\\\/consolar.org\\\/?p=493#breadcrumb\",\"itemListElement\":[{\"@type\":\"ListItem\",\"position\":1,\"name\":\"In\u00edcio\",\"item\":\"https:\\\/\\\/consolar.org\\\/\"},{\"@type\":\"ListItem\",\"position\":2,\"name\":\"&#8220;Vada Bordo!&#8221;\"}]},{\"@type\":\"WebSite\",\"@id\":\"https:\\\/\\\/consolar.org\\\/#website\",\"url\":\"https:\\\/\\\/consolar.org\\\/\",\"name\":\"Consolar.org\",\"description\":\"Mensagens de conforto e esperan\u00e7a para cora\u00e7\u00f5es que precisam de paz.\",\"publisher\":{\"@id\":\"https:\\\/\\\/consolar.org\\\/#organization\"},\"potentialAction\":[{\"@type\":\"SearchAction\",\"target\":{\"@type\":\"EntryPoint\",\"urlTemplate\":\"https:\\\/\\\/consolar.org\\\/?s={search_term_string}\"},\"query-input\":{\"@type\":\"PropertyValueSpecification\",\"valueRequired\":true,\"valueName\":\"search_term_string\"}}],\"inLanguage\":\"pt-BR\"},{\"@type\":\"Organization\",\"@id\":\"https:\\\/\\\/consolar.org\\\/#organization\",\"name\":\"Consolar.org\",\"url\":\"https:\\\/\\\/consolar.org\\\/\",\"logo\":{\"@type\":\"ImageObject\",\"inLanguage\":\"pt-BR\",\"@id\":\"https:\\\/\\\/consolar.org\\\/#\\\/schema\\\/logo\\\/image\\\/\",\"url\":\"https:\\\/\\\/consolar.org\\\/wp-content\\\/uploads\\\/2026\\\/02\\\/cropped-logonovo03-small.png\",\"contentUrl\":\"https:\\\/\\\/consolar.org\\\/wp-content\\\/uploads\\\/2026\\\/02\\\/cropped-logonovo03-small.png\",\"width\":280,\"height\":142,\"caption\":\"Consolar.org\"},\"image\":{\"@id\":\"https:\\\/\\\/consolar.org\\\/#\\\/schema\\\/logo\\\/image\\\/\"},\"sameAs\":[\"https:\\\/\\\/www.facebook.com\\\/consolar\"]},{\"@type\":\"Person\",\"@id\":\"https:\\\/\\\/consolar.org\\\/#\\\/schema\\\/person\\\/7b36e38187f2475e58065af654682d5d\",\"name\":\"Pr Luiz Rubem de Freitas\",\"image\":{\"@type\":\"ImageObject\",\"inLanguage\":\"pt-BR\",\"@id\":\"https:\\\/\\\/secure.gravatar.com\\\/avatar\\\/fd59dc00fc4178aa1e085bf491d394e3f72afcd9b1944348dfcec2bbecdc5761?s=96&d=blank&r=g\",\"url\":\"https:\\\/\\\/secure.gravatar.com\\\/avatar\\\/fd59dc00fc4178aa1e085bf491d394e3f72afcd9b1944348dfcec2bbecdc5761?s=96&d=blank&r=g\",\"contentUrl\":\"https:\\\/\\\/secure.gravatar.com\\\/avatar\\\/fd59dc00fc4178aa1e085bf491d394e3f72afcd9b1944348dfcec2bbecdc5761?s=96&d=blank&r=g\",\"caption\":\"Pr Luiz Rubem de Freitas\"},\"url\":\"https:\\\/\\\/consolar.org\\\/?author=2\"}]}<\/script>\n<!-- \/ Yoast SEO Premium plugin. -->","yoast_head_json":{"title":"\"Vada Bordo!\" - Consolar.org","robots":{"index":"index","follow":"follow","max-snippet":"max-snippet:-1","max-image-preview":"max-image-preview:large","max-video-preview":"max-video-preview:-1"},"canonical":"https:\/\/consolar.org\/?p=493","og_locale":"pt_BR","og_type":"article","og_title":"\"Vada Bordo!\"","og_description":"&#8220;E, Jesus entrando ele no barco, seus disc\u00edpulos o seguiram; E eis que no mar se levantou uma tempestade, t\u00e3o grande que o barco era coberto pelas ondas; ele, por\u00e9m, estava dormindo. E os seus disc\u00edpulos, aproximando-se, o despertaram, dizendo: Senhor, salva-nos! que perecemos. E ele disse-lhes: Por que temeis, homens de pouca f\u00e9? Ent\u00e3o, &hellip; Continue lendo&hellip; &rarr;","og_url":"https:\/\/consolar.org\/?p=493","og_site_name":"Consolar.org","article_publisher":"https:\/\/www.facebook.com\/consolar","article_published_time":"2012-01-31T03:00:00+00:00","article_modified_time":"2026-02-27T21:06:29+00:00","og_image":[{"width":1200,"height":571,"url":"https:\/\/consolar.org\/wp-content\/uploads\/2012\/01\/vadabordo.jpg","type":"image\/jpeg"}],"author":"Pr Luiz Rubem de Freitas","twitter_card":"summary_large_image","twitter_misc":{"Escrito por":"Pr Luiz Rubem de Freitas","Est. tempo de leitura":"3 minutos"},"schema":{"@context":"https:\/\/schema.org","@graph":[{"@type":"Article","@id":"https:\/\/consolar.org\/?p=493#article","isPartOf":{"@id":"https:\/\/consolar.org\/?p=493"},"author":{"name":"Pr Luiz Rubem de Freitas","@id":"https:\/\/consolar.org\/#\/schema\/person\/7b36e38187f2475e58065af654682d5d"},"headline":"&#8220;Vada Bordo!&#8221;","datePublished":"2012-01-31T03:00:00+00:00","dateModified":"2026-02-27T21:06:29+00:00","mainEntityOfPage":{"@id":"https:\/\/consolar.org\/?p=493"},"wordCount":617,"publisher":{"@id":"https:\/\/consolar.org\/#organization"},"image":{"@id":"https:\/\/consolar.org\/?p=493#primaryimage"},"thumbnailUrl":"https:\/\/consolar.org\/wp-content\/uploads\/2012\/01\/vadabordo.jpg","articleSection":["Uncategorized"],"inLanguage":"pt-BR"},{"@type":"WebPage","@id":"https:\/\/consolar.org\/?p=493","url":"https:\/\/consolar.org\/?p=493","name":"\"Vada Bordo!\" - Consolar.org","isPartOf":{"@id":"https:\/\/consolar.org\/#website"},"primaryImageOfPage":{"@id":"https:\/\/consolar.org\/?p=493#primaryimage"},"image":{"@id":"https:\/\/consolar.org\/?p=493#primaryimage"},"thumbnailUrl":"https:\/\/consolar.org\/wp-content\/uploads\/2012\/01\/vadabordo.jpg","datePublished":"2012-01-31T03:00:00+00:00","dateModified":"2026-02-27T21:06:29+00:00","breadcrumb":{"@id":"https:\/\/consolar.org\/?p=493#breadcrumb"},"inLanguage":"pt-BR","potentialAction":[{"@type":"ReadAction","target":["https:\/\/consolar.org\/?p=493"]}]},{"@type":"ImageObject","inLanguage":"pt-BR","@id":"https:\/\/consolar.org\/?p=493#primaryimage","url":"https:\/\/consolar.org\/wp-content\/uploads\/2012\/01\/vadabordo.jpg","contentUrl":"https:\/\/consolar.org\/wp-content\/uploads\/2012\/01\/vadabordo.jpg","width":1200,"height":571},{"@type":"BreadcrumbList","@id":"https:\/\/consolar.org\/?p=493#breadcrumb","itemListElement":[{"@type":"ListItem","position":1,"name":"In\u00edcio","item":"https:\/\/consolar.org\/"},{"@type":"ListItem","position":2,"name":"&#8220;Vada Bordo!&#8221;"}]},{"@type":"WebSite","@id":"https:\/\/consolar.org\/#website","url":"https:\/\/consolar.org\/","name":"Consolar.org","description":"Mensagens de conforto e esperan\u00e7a para cora\u00e7\u00f5es que precisam de paz.","publisher":{"@id":"https:\/\/consolar.org\/#organization"},"potentialAction":[{"@type":"SearchAction","target":{"@type":"EntryPoint","urlTemplate":"https:\/\/consolar.org\/?s={search_term_string}"},"query-input":{"@type":"PropertyValueSpecification","valueRequired":true,"valueName":"search_term_string"}}],"inLanguage":"pt-BR"},{"@type":"Organization","@id":"https:\/\/consolar.org\/#organization","name":"Consolar.org","url":"https:\/\/consolar.org\/","logo":{"@type":"ImageObject","inLanguage":"pt-BR","@id":"https:\/\/consolar.org\/#\/schema\/logo\/image\/","url":"https:\/\/consolar.org\/wp-content\/uploads\/2026\/02\/cropped-logonovo03-small.png","contentUrl":"https:\/\/consolar.org\/wp-content\/uploads\/2026\/02\/cropped-logonovo03-small.png","width":280,"height":142,"caption":"Consolar.org"},"image":{"@id":"https:\/\/consolar.org\/#\/schema\/logo\/image\/"},"sameAs":["https:\/\/www.facebook.com\/consolar"]},{"@type":"Person","@id":"https:\/\/consolar.org\/#\/schema\/person\/7b36e38187f2475e58065af654682d5d","name":"Pr Luiz Rubem de Freitas","image":{"@type":"ImageObject","inLanguage":"pt-BR","@id":"https:\/\/secure.gravatar.com\/avatar\/fd59dc00fc4178aa1e085bf491d394e3f72afcd9b1944348dfcec2bbecdc5761?s=96&d=blank&r=g","url":"https:\/\/secure.gravatar.com\/avatar\/fd59dc00fc4178aa1e085bf491d394e3f72afcd9b1944348dfcec2bbecdc5761?s=96&d=blank&r=g","contentUrl":"https:\/\/secure.gravatar.com\/avatar\/fd59dc00fc4178aa1e085bf491d394e3f72afcd9b1944348dfcec2bbecdc5761?s=96&d=blank&r=g","caption":"Pr Luiz Rubem de Freitas"},"url":"https:\/\/consolar.org\/?author=2"}]}},"_links":{"self":[{"href":"https:\/\/consolar.org\/index.php?rest_route=\/wp\/v2\/posts\/493","targetHints":{"allow":["GET"]}}],"collection":[{"href":"https:\/\/consolar.org\/index.php?rest_route=\/wp\/v2\/posts"}],"about":[{"href":"https:\/\/consolar.org\/index.php?rest_route=\/wp\/v2\/types\/post"}],"author":[{"embeddable":true,"href":"https:\/\/consolar.org\/index.php?rest_route=\/wp\/v2\/users\/2"}],"replies":[{"embeddable":true,"href":"https:\/\/consolar.org\/index.php?rest_route=%2Fwp%2Fv2%2Fcomments&post=493"}],"version-history":[{"count":0,"href":"https:\/\/consolar.org\/index.php?rest_route=\/wp\/v2\/posts\/493\/revisions"}],"wp:featuredmedia":[{"embeddable":true,"href":"https:\/\/consolar.org\/index.php?rest_route=\/wp\/v2\/media\/1111"}],"wp:attachment":[{"href":"https:\/\/consolar.org\/index.php?rest_route=%2Fwp%2Fv2%2Fmedia&parent=493"}],"wp:term":[{"taxonomy":"category","embeddable":true,"href":"https:\/\/consolar.org\/index.php?rest_route=%2Fwp%2Fv2%2Fcategories&post=493"},{"taxonomy":"post_tag","embeddable":true,"href":"https:\/\/consolar.org\/index.php?rest_route=%2Fwp%2Fv2%2Ftags&post=493"}],"curies":[{"name":"wp","href":"https:\/\/api.w.org\/{rel}","templated":true}]}}